{"id":199624,"date":"2025-03-25T07:40:49","date_gmt":"2025-03-25T11:40:49","guid":{"rendered":"https:\/\/news.canadamotorjobs.com\/?p=199624"},"modified":"2025-03-25T07:44:00","modified_gmt":"2025-03-25T11:44:00","slug":"un-sursis-en-vue-pour-les-tarifs-automobiles","status":"publish","type":"post","link":"https:\/\/news.canadamotorjobs.com\/fr\/un-sursis-en-vue-pour-les-tarifs-automobiles\/","title":{"rendered":"Un sursis en vue pour les tarifs automobiles"},"content":{"rendered":"<\/p>\n<p class=\"\" data-start=\"481\" data-end=\"853\">L\u2019industrie automobile nord-am\u00e9ricaine retient son souffle alors que les tarifs sur les importations de v\u00e9hicules ne devraient finalement pas \u00eatre impos\u00e9s le 2 avril, selon plusieurs rapports m\u00e9diatiques. Cette d\u00e9cision, si elle se confirme, offrirait un r\u00e9pit aux constructeurs et fournisseurs qui redoutaient un impact majeur sur la cha\u00eene d\u2019approvisionnement.<\/p>\n<h3 data-start=\"855\" data-end=\"911\">Un recul strat\u00e9gique sur les tarifs automobiles<\/h3>\n<p><\/p>\n<p class=\"\" data-start=\"913\" data-end=\"1289\">D\u2019apr\u00e8s Bloomberg et The Wall Street Journal, l\u2019administration Trump renoncerait, pour le moment, \u00e0 appliquer des taxes sp\u00e9cifiques aux secteurs de l\u2019automobile, de la pharmacie et des semi-conducteurs. Cette d\u00e9cision contraste avec les d\u00e9clarations ant\u00e9rieures du pr\u00e9sident am\u00e9ricain, qui mena\u00e7ait d\u2019imposer de nouvelles taxes sur ces industries d\u00e8s le 2 avril.<\/p>\n<p><\/p>\n<p class=\"\" data-start=\"1291\" data-end=\"1490\">Toutefois, selon Bloomberg, Donald Trump pourrait toujours d\u00e9cider d\u2019appliquer des tarifs automobiles \u00e0 une date ult\u00e9rieure, ce qui maintient un climat d\u2019incertitude pour les acteurs du march\u00e9.<\/p>\n<h3 data-start=\"1492\" data-end=\"1555\">Un soulagement relatif pour les fournisseurs canadiens<\/h3>\n<p><\/p>\n<p class=\"\" data-start=\"1557\" data-end=\"1842\">Flavio Volpe, pr\u00e9sident de l\u2019Association canadienne des fabricants de pi\u00e8ces automobiles, estime que cette annonce apporte \u201cz\u00e9ro r\u00e9confort\u201d aux entreprises du secteur. Il rappelle que la menace de tarifs douaniers, m\u00eame report\u00e9e, continue de peser lourdement sur l\u2019industrie.<\/p>\n<p><\/p>\n<p class=\"\" data-start=\"1844\" data-end=\"2388\">Pourquoi ces taxes inqui\u00e8tent-elles autant ?<br data-start=\"1895\" data-end=\"1898\" \/>&#8211; Impact direct sur les fournisseurs : Une taxe sur les v\u00e9hicules import\u00e9s pourrait r\u00e9duire les exportations canadiennes vers les \u00c9tats-Unis.- Risque pour les grandes marques : Des constructeurs comme General Motors et Ford pourraient voir leurs co\u00fbts de production augmenter, ce qui affecterait leurs fournisseurs canadiens.<\/p>\n<p><\/p>\n<p class=\"\" data-start=\"1844\" data-end=\"2388\">&#8211; Cons\u00e9quences pour les consommateurs : Une hausse des prix pourrait r\u00e9duire la demande, for\u00e7ant les fabricants \u00e0 revoir leurs strat\u00e9gies.<\/p>\n<h3 data-start=\"2390\" data-end=\"2461\">2 avril : toujours une date cl\u00e9 pour le commerce international<\/h3>\n<p><\/p>\n<p class=\"\" data-start=\"2463\" data-end=\"2719\">M\u00eame si les tarifs automobiles sont mis en attente, l\u2019administration Trump pr\u00e9voit toujours d\u2019introduire des tarifs r\u00e9ciproques sur ses partenaires commerciaux d\u00e8s le 2 avril, une date que le pr\u00e9sident a surnomm\u00e9e \u201cJour de la Lib\u00e9ration\u201d.<\/p>\n<p><\/p>\n<p class=\"\" data-start=\"2721\" data-end=\"3204\">Parmi les \u00e9l\u00e9ments encore en discussion :<br data-start=\"2762\" data-end=\"2765\" \/>\ud83d\udd39 La fin des exemptions de tarifs de 25 % sur les importations canadiennes et mexicaines.<br data-start=\"2859\" data-end=\"2862\" \/>\ud83d\udd39 La mise en place de nouveaux tarifs cibl\u00e9s sur certains pays jug\u00e9s comme \u201cabusifs\u201d en mati\u00e8re de commerce, notamment l\u2019UE, le Japon, la Cor\u00e9e du Sud, le Canada, l\u2019Inde et la Chine.<br data-start=\"3057\" data-end=\"3060\" \/>\ud83d\udd39 Une \u00e9ventuelle suppression des tarifs existants sur l\u2019acier et l\u2019aluminium, qui pourrait att\u00e9nuer l\u2019impact pour l\u2019industrie automobile.<\/p>\n<h3 data-start=\"3206\" data-end=\"3250\">Un march\u00e9 encore dans l\u2019incertitude<\/h3>\n<p><\/p>\n<p class=\"\" data-start=\"3252\" data-end=\"3529\">Bien que cette approche plus cibl\u00e9e soit per\u00e7ue comme un signe d\u2019apaisement, l\u2019incertitude demeure. L\u2019industrie automobile continue de se pr\u00e9parer \u00e0 d\u2019\u00e9ventuels changements de politique commerciale qui pourraient impacter les prix, les marges et la comp\u00e9titivit\u00e9.<\/p>\n<p><\/p>\n<p class=\"\" data-start=\"3531\" data-end=\"3733\">En attendant, les march\u00e9s ont r\u00e9agi positivement \u00e0 ces nouvelles : le cours des actions des constructeurs et des fournisseurs automobiles \u00e9tait en hausse lors des \u00e9changes matinaux du 24 mars.<\/p>\n<p><\/p>\n<p class=\"\" data-start=\"3735\" data-end=\"3838\">La menace des tarifs est-elle r\u00e9ellement \u00e9cart\u00e9e ou simplement report\u00e9e ? L\u2019avenir nous le dira.<\/p>\n<p><\/p>\n<p data-start=\"3735\" data-end=\"3838\">Avec des renseignements d&#8217;Automotive News Canada<\/p>\n<p>Le texte <a href=\"https:\/\/annuelauto.ca\/un-sursis-en-vue-pour-les-tarifs-automobiles\/\">Un sursis en vue pour les tarifs automobiles<\/a> provient de <a href=\"https:\/\/annuelauto.ca\">L&#8217;annuel de l&#8217;automobile &#8211; Actualit\u00e9 automobile<\/a><\/p>\n<p><\/p>\n","protected":false},"excerpt":{"rendered":"<p>L\u2019industrie automobile nord-am\u00e9ricaine retient son souffle alors que les tarifs sur les importations de v\u00e9hicules ne devraient finalement pas \u00eatre impos\u00e9s le 2 avril, selon plusieurs rapports m\u00e9diatiques. Cette d\u00e9cision, si elle se confirme, offrirait un r\u00e9pit aux constructeurs et fournisseurs qui redoutaient un impact majeur sur la cha\u00eene d\u2019approvisionnement. Un recul strat\u00e9gique sur les [&hellip;]<\/p>\n","protected":false},"author":8,"featured_media":199626,"comment_status":"close","ping_status":"closed","sticky":false,"template":"","format":"standard","meta":{"_monsterinsights_skip_tracking":false,"_monsterinsights_sitenote_active":false,"_monsterinsights_sitenote_note":"","_monsterinsights_sitenote_category":0,"footnotes":""},"categories":[101],"tags":[],"yoast_head":"<!-- This site is optimized with the Yoast SEO plugin v23.2 - https:\/\/yoast.com\/wordpress\/plugins\/seo\/ -->\n<title>Un sursis en vue pour les tarifs automobiles - CanadaMotorJobs.com<\/title>\n<meta name=\"description\" content=\"Un sursis en vue pour les tarifs automobiles - Benoit Charette - Annuel automobile - CanadaMotorJobs.com.\" \/>\n<meta name=\"robots\" content=\"index, follow, max-snippet:-1, max-image-preview:large, max-video-preview:-1\" \/>\n<meta property=\"og:locale\" content=\"fr_CA\" \/>\n<meta property=\"og:type\" content=\"article\" \/>\n<meta property=\"og:title\" content=\"Un sursis en vue pour les tarifs automobiles - CanadaMotorJobs.com\" \/>\n<meta property=\"og:description\" content=\"Un sursis en vue pour les tarifs automobiles - Benoit Charette - Annuel automobile - CanadaMotorJobs.com.\" \/>\n<meta property=\"og:url\" content=\"https:\/\/news.canadamotorjobs.com\/fr\/un-sursis-en-vue-pour-les-tarifs-automobiles\/\" \/>\n<meta property=\"og:site_name\" content=\"CanadaMotorJobs.com\" \/>\n<meta property=\"article:publisher\" content=\"https:\/\/www.facebook.com\/canadamotorjobs\/\" \/>\n<meta property=\"article:published_time\" content=\"2025-03-25T11:40:49+00:00\" \/>\n<meta property=\"article:modified_time\" content=\"2025-03-25T11:44:00+00:00\" \/>\n<meta property=\"og:image\" content=\"https:\/\/news.canadamotorjobs.com\/wp-content\/uploads\/2025\/03\/https-__cdn.cnn_.com_cnnnext_dam_assets_200430170303-general-motors-flint-assembly-plant-0323-restricted.jpg\" \/>\n\t<meta property=\"og:image:width\" content=\"1200\" \/>\n\t<meta property=\"og:image:height\" content=\"675\" \/>\n\t<meta property=\"og:image:type\" content=\"image\/jpeg\" \/>\n<meta name=\"author\" content=\"Benoit Charette\" \/>\n<meta name=\"twitter:card\" content=\"summary_large_image\" \/>\n<meta name=\"twitter:creator\" content=\"@canadamotorjobs\" \/>\n<meta name=\"twitter:site\" content=\"@canadamotorjobs\" \/>\n<meta name=\"twitter:label1\" content=\"\u00c9crit par\" \/>\n\t<meta name=\"twitter:data1\" content=\"Benoit Charette\" \/>\n\t<meta name=\"twitter:label2\" content=\"Estimation du temps de lecture\" \/>\n\t<meta name=\"twitter:data2\" content=\"3 minutes\" \/>\n<!-- \/ Yoast SEO plugin. -->","yoast_head_json":{"title":"Un sursis en vue pour les tarifs automobiles - CanadaMotorJobs.com","description":"Un sursis en vue pour les tarifs automobiles - Benoit Charette - Annuel automobile - CanadaMotorJobs.com.","robots":{"index":"index","follow":"follow","max-snippet":"max-snippet:-1","max-image-preview":"max-image-preview:large","max-video-preview":"max-video-preview:-1"},"og_locale":"fr_CA","og_type":"article","og_title":"Un sursis en vue pour les tarifs automobiles - CanadaMotorJobs.com","og_description":"Un sursis en vue pour les tarifs automobiles - Benoit Charette - Annuel automobile - CanadaMotorJobs.com.","og_url":"https:\/\/news.canadamotorjobs.com\/fr\/un-sursis-en-vue-pour-les-tarifs-automobiles\/","og_site_name":"CanadaMotorJobs.com","article_publisher":"https:\/\/www.facebook.com\/canadamotorjobs\/","article_published_time":"2025-03-25T11:40:49+00:00","article_modified_time":"2025-03-25T11:44:00+00:00","og_image":[{"width":1200,"height":675,"url":"https:\/\/news.canadamotorjobs.com\/wp-content\/uploads\/2025\/03\/https-__cdn.cnn_.com_cnnnext_dam_assets_200430170303-general-motors-flint-assembly-plant-0323-restricted.jpg","type":"image\/jpeg"}],"author":"Benoit Charette","twitter_card":"summary_large_image","twitter_creator":"@canadamotorjobs","twitter_site":"@canadamotorjobs","twitter_misc":{"\u00c9crit par":"Benoit Charette","Estimation du temps de lecture":"3 minutes"},"schema":{"@context":"https:\/\/schema.org","@graph":[{"@type":"Article","@id":"https:\/\/news.canadamotorjobs.com\/fr\/un-sursis-en-vue-pour-les-tarifs-automobiles\/#article","isPartOf":{"@id":"https:\/\/news.canadamotorjobs.com\/fr\/un-sursis-en-vue-pour-les-tarifs-automobiles\/"},"author":{"name":"Benoit Charette","@id":"https:\/\/news.canadamotorjobs.com\/#\/schema\/person\/51793d1f87d44011d7bcc2ed99269a90"},"headline":"Un sursis en vue pour les tarifs automobiles","datePublished":"2025-03-25T11:40:49+00:00","dateModified":"2025-03-25T11:44:00+00:00","mainEntityOfPage":{"@id":"https:\/\/news.canadamotorjobs.com\/fr\/un-sursis-en-vue-pour-les-tarifs-automobiles\/"},"wordCount":555,"publisher":{"@id":"https:\/\/news.canadamotorjobs.com\/#organization"},"image":{"@id":"https:\/\/news.canadamotorjobs.com\/fr\/un-sursis-en-vue-pour-les-tarifs-automobiles\/#primaryimage"},"thumbnailUrl":"https:\/\/news.canadamotorjobs.com\/wp-content\/uploads\/2025\/03\/https-__cdn.cnn_.com_cnnnext_dam_assets_200430170303-general-motors-flint-assembly-plant-0323-restricted.jpg","articleSection":["Annuel automobile"],"inLanguage":"fr-CA"},{"@type":"WebPage","@id":"https:\/\/news.canadamotorjobs.com\/fr\/un-sursis-en-vue-pour-les-tarifs-automobiles\/","url":"https:\/\/news.canadamotorjobs.com\/fr\/un-sursis-en-vue-pour-les-tarifs-automobiles\/","name":"Un sursis en vue pour les tarifs automobiles - CanadaMotorJobs.com","isPartOf":{"@id":"https:\/\/news.canadamotorjobs.com\/#website"},"primaryImageOfPage":{"@id":"https:\/\/news.canadamotorjobs.com\/fr\/un-sursis-en-vue-pour-les-tarifs-automobiles\/#primaryimage"},"image":{"@id":"https:\/\/news.canadamotorjobs.com\/fr\/un-sursis-en-vue-pour-les-tarifs-automobiles\/#primaryimage"},"thumbnailUrl":"https:\/\/news.canadamotorjobs.com\/wp-content\/uploads\/2025\/03\/https-__cdn.cnn_.com_cnnnext_dam_assets_200430170303-general-motors-flint-assembly-plant-0323-restricted.jpg","datePublished":"2025-03-25T11:40:49+00:00","dateModified":"2025-03-25T11:44:00+00:00","description":"Un sursis en vue pour les tarifs automobiles - Benoit Charette - Annuel automobile - CanadaMotorJobs.com.","breadcrumb":{"@id":"https:\/\/news.canadamotorjobs.com\/fr\/un-sursis-en-vue-pour-les-tarifs-automobiles\/#breadcrumb"},"inLanguage":"fr-CA","potentialAction":[{"@type":"ReadAction","target":["https:\/\/news.canadamotorjobs.com\/fr\/un-sursis-en-vue-pour-les-tarifs-automobiles\/"]}]},{"@type":"ImageObject","inLanguage":"fr-CA","@id":"https:\/\/news.canadamotorjobs.com\/fr\/un-sursis-en-vue-pour-les-tarifs-automobiles\/#primaryimage","url":"https:\/\/news.canadamotorjobs.com\/wp-content\/uploads\/2025\/03\/https-__cdn.cnn_.com_cnnnext_dam_assets_200430170303-general-motors-flint-assembly-plant-0323-restricted.jpg","contentUrl":"https:\/\/news.canadamotorjobs.com\/wp-content\/uploads\/2025\/03\/https-__cdn.cnn_.com_cnnnext_dam_assets_200430170303-general-motors-flint-assembly-plant-0323-restricted.jpg","width":1200,"height":675},{"@type":"BreadcrumbList","@id":"https:\/\/news.canadamotorjobs.com\/fr\/un-sursis-en-vue-pour-les-tarifs-automobiles\/#breadcrumb","itemListElement":[{"@type":"ListItem","position":1,"name":"Home","item":"https:\/\/news.canadamotorjobs.com\/fr\/blog\/"},{"@type":"ListItem","position":2,"name":"Un sursis en vue pour les tarifs automobiles"}]},{"@type":"WebSite","@id":"https:\/\/news.canadamotorjobs.com\/#website","url":"https:\/\/news.canadamotorjobs.com\/","name":"CanadaMotorJobs.com","description":"Automotive Jobs","publisher":{"@id":"https:\/\/news.canadamotorjobs.com\/#organization"},"potentialAction":[{"@type":"SearchAction","target":{"@type":"EntryPoint","urlTemplate":"https:\/\/news.canadamotorjobs.com\/?s={search_term_string}"},"query-input":"required name=search_term_string"}],"inLanguage":"fr-CA"},{"@type":"Organization","@id":"https:\/\/news.canadamotorjobs.com\/#organization","name":"Canada Motor Jobs","url":"https:\/\/news.canadamotorjobs.com\/","logo":{"@type":"ImageObject","inLanguage":"fr-CA","@id":"https:\/\/news.canadamotorjobs.com\/#\/schema\/logo\/image\/","url":"https:\/\/news.canadamotorjobs.com\/wp-content\/uploads\/2022\/10\/logo-canada-motor-jobs-1.png","contentUrl":"https:\/\/news.canadamotorjobs.com\/wp-content\/uploads\/2022\/10\/logo-canada-motor-jobs-1.png","width":800,"height":400,"caption":"Canada Motor Jobs"},"image":{"@id":"https:\/\/news.canadamotorjobs.com\/#\/schema\/logo\/image\/"},"sameAs":["https:\/\/www.facebook.com\/canadamotorjobs\/","https:\/\/x.com\/canadamotorjobs","https:\/\/www.instagram.com\/canadamotorjobs\/","https:\/\/www.linkedin.com\/company\/canadamotorjobs"]},{"@type":"Person","@id":"https:\/\/news.canadamotorjobs.com\/#\/schema\/person\/51793d1f87d44011d7bcc2ed99269a90","name":"Benoit Charette","image":{"@type":"ImageObject","inLanguage":"fr-CA","@id":"https:\/\/news.canadamotorjobs.com\/#\/schema\/person\/image\/","url":"https:\/\/secure.gravatar.com\/avatar\/45f3d2eebcccd909668d7ce7ea7267b6?s=96&d=mm&r=g","contentUrl":"https:\/\/secure.gravatar.com\/avatar\/45f3d2eebcccd909668d7ce7ea7267b6?s=96&d=mm&r=g","caption":"Benoit Charette"},"description":"Benoit Charette \/ Propri\u00e9taire et r\u00e9dacteur en chef Benoit Charette pratique le journalisme automobile depuis bient\u00f4t 30 ans. Il a fait ses classes au c\u00f4t\u00e9 de Daniel H\u00e9raud et au Carnet de route de 1992 \u00e0 2001. Il est fondateur, copropri\u00e9taire et r\u00e9dacteur en chef de L\u2019Annuel de l\u2019automobile, qu\u2019il publie depuis 2001. Il a anim\u00e9 les \u00e9missions RPM et RPM+ sur V et les L\u00e9gendes de la route sur Historia. \u00c0 la radio depuis 1986, il reprend l\u2019antenne cette ann\u00e9e sur les ondes de Cogeco et participe pour la deuxi\u00e8me ann\u00e9e \u00e0 l\u2019\u00e9mission Passion Auto sur RDS en plus de mettre en ligne le site Web officiel de L\u2019Annuel de l\u2019automobile sur annuelauto.ca.","sameAs":["https:\/\/annuelauto.ca\/"],"url":"https:\/\/news.canadamotorjobs.com\/fr\/author\/benoit-charette\/"}]}},"_links":{"self":[{"href":"https:\/\/news.canadamotorjobs.com\/fr\/wp-json\/wp\/v2\/posts\/199624"}],"collection":[{"href":"https:\/\/news.canadamotorjobs.com\/fr\/wp-json\/wp\/v2\/posts"}],"about":[{"href":"https:\/\/news.canadamotorjobs.com\/fr\/wp-json\/wp\/v2\/types\/post"}],"author":[{"embeddable":true,"href":"https:\/\/news.canadamotorjobs.com\/fr\/wp-json\/wp\/v2\/users\/8"}],"replies":[{"embeddable":true,"href":"https:\/\/news.canadamotorjobs.com\/fr\/wp-json\/wp\/v2\/comments?post=199624"}],"version-history":[{"count":2,"href":"https:\/\/news.canadamotorjobs.com\/fr\/wp-json\/wp\/v2\/posts\/199624\/revisions"}],"predecessor-version":[{"id":199628,"href":"https:\/\/news.canadamotorjobs.com\/fr\/wp-json\/wp\/v2\/posts\/199624\/revisions\/199628"}],"wp:featuredmedia":[{"embeddable":true,"href":"https:\/\/news.canadamotorjobs.com\/fr\/wp-json\/wp\/v2\/media\/199626"}],"wp:attachment":[{"href":"https:\/\/news.canadamotorjobs.com\/fr\/wp-json\/wp\/v2\/media?parent=199624"}],"wp:term":[{"taxonomy":"category","embeddable":true,"href":"https:\/\/news.canadamotorjobs.com\/fr\/wp-json\/wp\/v2\/categories?post=199624"},{"taxonomy":"post_tag","embeddable":true,"href":"https:\/\/news.canadamotorjobs.com\/fr\/wp-json\/wp\/v2\/tags?post=199624"}],"curies":[{"name":"wp","href":"https:\/\/api.w.org\/{rel}","templated":true}]}}