{"id":199532,"date":"2025-03-25T07:09:15","date_gmt":"2025-03-25T11:09:15","guid":{"rendered":"https:\/\/news.canadamotorjobs.com\/?p=199532"},"modified":"2025-03-25T07:14:13","modified_gmt":"2025-03-25T11:14:13","slug":"bmw-domine-le-marche-des-voitures-electriques-face-a-audi-et-mercedes","status":"publish","type":"post","link":"https:\/\/news.canadamotorjobs.com\/fr\/bmw-domine-le-marche-des-voitures-electriques-face-a-audi-et-mercedes\/","title":{"rendered":"BMW domine le march\u00e9 des voitures \u00e9lectriques face \u00e0 Audi et Mercedes"},"content":{"rendered":"<\/p>\n<p>L\u2019ann\u00e9e 2024 a \u00e9t\u00e9 un v\u00e9ritable triomphe pour BMW en mati\u00e8re de ventes de v\u00e9hicules \u00e9lectriques. Le constructeur bavarois a \u00e9coul\u00e9 368 523 V\u00c9, une croissance de 12 % par rapport \u00e0 l\u2019ann\u00e9e pr\u00e9c\u00e9dente. Cela repr\u00e9sente 16,7 % des ventes globales de la marque, qui a vendu un total de 2 200 217 v\u00e9hicules en 2024.<\/p>\n<p>Pendant ce temps, Mercedes-Benz et Audi peinent \u00e0 suivre. Mercedes a vendu 185 059 mod\u00e8les \u00e9lectriques EQ, une chute vertigineuse de 23 % par rapport \u00e0 2023. Audi n\u2019a pas fait beaucoup mieux avec 164 480 unit\u00e9s \u00e9coul\u00e9es, soit une baisse de 7,8 % par rapport \u00e0 l\u2019ann\u00e9e pr\u00e9c\u00e9dente.<\/p>\n<p>R\u00e9sultat ? BMW vend \u00e0 lui seul plus de v\u00e9hicules \u00e9lectriques que Mercedes et Audi combin\u00e9s.<\/p>\n<p><strong>Pourquoi est-ce que BMW s\u2019en sort mieux ?<\/strong><\/p>\n<p>Contrairement \u00e0 ses rivaux, BMW ne mise pas uniquement sur des v\u00e9hicules performants, mais aussi sur une exp\u00e9rience client soign\u00e9e. Selon une \u00e9tude men\u00e9e en 2025 par J.D. Power, parmi les propri\u00e9taires de V\u00c9, ceux de BMW iX et BMW i4 sont les plus satisfaits aux \u00c9tats-Unis.<\/p>\n<p>\u00a0<\/p>\n<p><\/p>\n<figure><img decoding=\"async\" src=\"https:\/\/news.canadamotorjobs.com\/wp-content\/uploads\/2025\/03\/2024-bmw-i4-xdrive40-5.jpg\" alt=\"La BMW i4\" \/><figcaption>La BMW i4 | Auto123.com<\/figcaption><\/figure>\n<p>L\u2019une des cl\u00e9s du succ\u00e8s de BMW r\u00e9side dans son approche p\u00e9dagogique. Brent Gruber, directeur de la division de v\u00e9hicules \u00e9lectriques chez J.D. Power, souligne que les nouveaux acheteurs de v\u00e9hicules \u00e9lectriques manquent souvent d\u2019\u00e9ducation sur les sp\u00e9cificit\u00e9s de la recharge et de l\u2019autonomie. L\u00e0 o\u00f9 les autres marques laissent leurs clients dans l\u2019inconnu, BMW prend le temps de renseigner et former ses acheteurs via son programme Genius, inspir\u00e9 du Genius Bar d\u2019Apple.<\/p>\n<p><\/p>\n<figure><img decoding=\"async\" src=\"https:\/\/news.canadamotorjobs.com\/wp-content\/uploads\/2025\/03\/BMW-home-charger-1.jpg\" alt=\"BMW prend le temps de renseigner ses acheteurs au sujet des v\u00e9hicules \u00e9lectriques\" \/><figcaption>BMW prend le temps de renseigner ses acheteurs au sujet des v\u00e9hicules \u00e9lectriques | Auto123.com<\/figcaption><\/figure>\n<p><strong>Un mod\u00e8le gagnant pour BMW<\/strong><\/p>\n<p>En expliquant clairement comment fonctionnent les kW, les kWh, les temps de recharge r\u00e9els et les infrastructures, BMW r\u00e9duit le niveau de frustration des conducteurs et favorise leur satisfaction. R\u00e9sultat : une meilleure adoption et une fid\u00e9lisation accrue de la client\u00e8le.<\/p>\n<p>Alors, est-ce que BMW vend r\u00e9ellement les meilleurs v\u00e9hicules \u00e9lectriques du march\u00e9 ? O\u00f9 est-ce une question de meilleur service \u00e0 la client\u00e8le ? Audi souffre-t-elle d\u2019un positionnement flou avec des produits qui sont per\u00e7us comme des Volkswagen haut de gamme ?<\/p>\n<p>Ces questions m\u00e9ritent d\u2019\u00eatre pos\u00e9es.<\/p>\n<p><\/p>\n<p style=\"padding-top: 15px\">Contenu original de <a href=\"https:\/\/www.auto123.com\/fr\/actualites\/bmw-devant-audi-mercedes-ventes-vehicules-electriques\/72553\/\">auto123<\/a>.<\/p>\n<p>Le texte <a href=\"https:\/\/annuelauto.ca\/bmw-domine-le-marche-des-voitures-electriques-face-a-audi-et-mercedes\/\">BMW domine le march\u00e9 des voitures \u00e9lectriques face \u00e0 Audi et Mercedes<\/a> provient de <a href=\"https:\/\/annuelauto.ca\">L&#8217;annuel de l&#8217;automobile &#8211; Actualit\u00e9 automobile<\/a><\/p>\n<p><\/p>\n","protected":false},"excerpt":{"rendered":"<p>L\u2019ann\u00e9e 2024 a \u00e9t\u00e9 un v\u00e9ritable triomphe pour BMW en mati\u00e8re de ventes de v\u00e9hicules \u00e9lectriques. Le constructeur bavarois a \u00e9coul\u00e9 368 523 V\u00c9, une croissance de 12 % par rapport \u00e0 l\u2019ann\u00e9e pr\u00e9c\u00e9dente. Cela repr\u00e9sente 16,7 % des ventes globales de la marque, qui a vendu un total de 2 200 217 v\u00e9hicules en [&hellip;]<\/p>\n","protected":false},"author":8,"featured_media":199534,"comment_status":"close","ping_status":"closed","sticky":false,"template":"","format":"standard","meta":{"_monsterinsights_skip_tracking":false,"_monsterinsights_sitenote_active":false,"_monsterinsights_sitenote_note":"","_monsterinsights_sitenote_category":0,"footnotes":""},"categories":[101],"tags":[],"yoast_head":"<!-- This site is optimized with the Yoast SEO plugin v23.2 - https:\/\/yoast.com\/wordpress\/plugins\/seo\/ -->\n<title>BMW domine le march\u00e9 des voitures \u00e9lectriques face \u00e0 Audi et Mercedes - CanadaMotorJobs.com<\/title>\n<meta name=\"description\" content=\"BMW domine le march\u00e9 des voitures \u00e9lectriques face \u00e0 Audi et Mercedes - Benoit Charette - Annuel automobile - CanadaMotorJobs.com.\" \/>\n<meta name=\"robots\" content=\"index, follow, max-snippet:-1, max-image-preview:large, max-video-preview:-1\" \/>\n<meta property=\"og:locale\" content=\"fr_CA\" \/>\n<meta property=\"og:type\" content=\"article\" \/>\n<meta property=\"og:title\" content=\"BMW domine le march\u00e9 des voitures \u00e9lectriques face \u00e0 Audi et Mercedes - CanadaMotorJobs.com\" \/>\n<meta property=\"og:description\" content=\"BMW domine le march\u00e9 des voitures \u00e9lectriques face \u00e0 Audi et Mercedes - Benoit Charette - Annuel automobile - CanadaMotorJobs.com.\" \/>\n<meta property=\"og:url\" content=\"https:\/\/news.canadamotorjobs.com\/fr\/bmw-domine-le-marche-des-voitures-electriques-face-a-audi-et-mercedes\/\" \/>\n<meta property=\"og:site_name\" content=\"CanadaMotorJobs.com\" \/>\n<meta property=\"article:publisher\" content=\"https:\/\/www.facebook.com\/canadamotorjobs\/\" \/>\n<meta property=\"article:published_time\" content=\"2025-03-25T11:09:15+00:00\" \/>\n<meta property=\"article:modified_time\" content=\"2025-03-25T11:14:13+00:00\" \/>\n<meta property=\"og:image\" content=\"https:\/\/news.canadamotorjobs.com\/wp-content\/uploads\/2025\/03\/2024-bmw-i4-xdrive40.jpg\" \/>\n\t<meta property=\"og:image:width\" content=\"1200\" \/>\n\t<meta property=\"og:image:height\" content=\"675\" \/>\n\t<meta property=\"og:image:type\" content=\"image\/jpeg\" \/>\n<meta name=\"author\" content=\"Benoit Charette\" \/>\n<meta name=\"twitter:card\" content=\"summary_large_image\" \/>\n<meta name=\"twitter:creator\" content=\"@canadamotorjobs\" \/>\n<meta name=\"twitter:site\" content=\"@canadamotorjobs\" \/>\n<meta name=\"twitter:label1\" content=\"\u00c9crit par\" \/>\n\t<meta name=\"twitter:data1\" content=\"Benoit Charette\" \/>\n\t<meta name=\"twitter:label2\" content=\"Estimation du temps de lecture\" \/>\n\t<meta name=\"twitter:data2\" content=\"2 minutes\" \/>\n<!-- \/ Yoast SEO plugin. -->","yoast_head_json":{"title":"BMW domine le march\u00e9 des voitures \u00e9lectriques face \u00e0 Audi et Mercedes - CanadaMotorJobs.com","description":"BMW domine le march\u00e9 des voitures \u00e9lectriques face \u00e0 Audi et Mercedes - Benoit Charette - Annuel automobile - CanadaMotorJobs.com.","robots":{"index":"index","follow":"follow","max-snippet":"max-snippet:-1","max-image-preview":"max-image-preview:large","max-video-preview":"max-video-preview:-1"},"og_locale":"fr_CA","og_type":"article","og_title":"BMW domine le march\u00e9 des voitures \u00e9lectriques face \u00e0 Audi et Mercedes - CanadaMotorJobs.com","og_description":"BMW domine le march\u00e9 des voitures \u00e9lectriques face \u00e0 Audi et Mercedes - Benoit Charette - Annuel automobile - CanadaMotorJobs.com.","og_url":"https:\/\/news.canadamotorjobs.com\/fr\/bmw-domine-le-marche-des-voitures-electriques-face-a-audi-et-mercedes\/","og_site_name":"CanadaMotorJobs.com","article_publisher":"https:\/\/www.facebook.com\/canadamotorjobs\/","article_published_time":"2025-03-25T11:09:15+00:00","article_modified_time":"2025-03-25T11:14:13+00:00","og_image":[{"width":1200,"height":675,"url":"https:\/\/news.canadamotorjobs.com\/wp-content\/uploads\/2025\/03\/2024-bmw-i4-xdrive40.jpg","type":"image\/jpeg"}],"author":"Benoit Charette","twitter_card":"summary_large_image","twitter_creator":"@canadamotorjobs","twitter_site":"@canadamotorjobs","twitter_misc":{"\u00c9crit par":"Benoit Charette","Estimation du temps de lecture":"2 minutes"},"schema":{"@context":"https:\/\/schema.org","@graph":[{"@type":"Article","@id":"https:\/\/news.canadamotorjobs.com\/fr\/bmw-domine-le-marche-des-voitures-electriques-face-a-audi-et-mercedes\/#article","isPartOf":{"@id":"https:\/\/news.canadamotorjobs.com\/fr\/bmw-domine-le-marche-des-voitures-electriques-face-a-audi-et-mercedes\/"},"author":{"name":"Benoit Charette","@id":"https:\/\/news.canadamotorjobs.com\/#\/schema\/person\/51793d1f87d44011d7bcc2ed99269a90"},"headline":"BMW domine le march\u00e9 des voitures \u00e9lectriques face \u00e0 Audi et Mercedes","datePublished":"2025-03-25T11:09:15+00:00","dateModified":"2025-03-25T11:14:13+00:00","mainEntityOfPage":{"@id":"https:\/\/news.canadamotorjobs.com\/fr\/bmw-domine-le-marche-des-voitures-electriques-face-a-audi-et-mercedes\/"},"wordCount":424,"publisher":{"@id":"https:\/\/news.canadamotorjobs.com\/#organization"},"image":{"@id":"https:\/\/news.canadamotorjobs.com\/fr\/bmw-domine-le-marche-des-voitures-electriques-face-a-audi-et-mercedes\/#primaryimage"},"thumbnailUrl":"https:\/\/news.canadamotorjobs.com\/wp-content\/uploads\/2025\/03\/2024-bmw-i4-xdrive40.jpg","articleSection":["Annuel automobile"],"inLanguage":"fr-CA"},{"@type":"WebPage","@id":"https:\/\/news.canadamotorjobs.com\/fr\/bmw-domine-le-marche-des-voitures-electriques-face-a-audi-et-mercedes\/","url":"https:\/\/news.canadamotorjobs.com\/fr\/bmw-domine-le-marche-des-voitures-electriques-face-a-audi-et-mercedes\/","name":"BMW domine le march\u00e9 des voitures \u00e9lectriques face \u00e0 Audi et Mercedes - CanadaMotorJobs.com","isPartOf":{"@id":"https:\/\/news.canadamotorjobs.com\/#website"},"primaryImageOfPage":{"@id":"https:\/\/news.canadamotorjobs.com\/fr\/bmw-domine-le-marche-des-voitures-electriques-face-a-audi-et-mercedes\/#primaryimage"},"image":{"@id":"https:\/\/news.canadamotorjobs.com\/fr\/bmw-domine-le-marche-des-voitures-electriques-face-a-audi-et-mercedes\/#primaryimage"},"thumbnailUrl":"https:\/\/news.canadamotorjobs.com\/wp-content\/uploads\/2025\/03\/2024-bmw-i4-xdrive40.jpg","datePublished":"2025-03-25T11:09:15+00:00","dateModified":"2025-03-25T11:14:13+00:00","description":"BMW domine le march\u00e9 des voitures \u00e9lectriques face \u00e0 Audi et Mercedes - Benoit Charette - Annuel automobile - CanadaMotorJobs.com.","breadcrumb":{"@id":"https:\/\/news.canadamotorjobs.com\/fr\/bmw-domine-le-marche-des-voitures-electriques-face-a-audi-et-mercedes\/#breadcrumb"},"inLanguage":"fr-CA","potentialAction":[{"@type":"ReadAction","target":["https:\/\/news.canadamotorjobs.com\/fr\/bmw-domine-le-marche-des-voitures-electriques-face-a-audi-et-mercedes\/"]}]},{"@type":"ImageObject","inLanguage":"fr-CA","@id":"https:\/\/news.canadamotorjobs.com\/fr\/bmw-domine-le-marche-des-voitures-electriques-face-a-audi-et-mercedes\/#primaryimage","url":"https:\/\/news.canadamotorjobs.com\/wp-content\/uploads\/2025\/03\/2024-bmw-i4-xdrive40.jpg","contentUrl":"https:\/\/news.canadamotorjobs.com\/wp-content\/uploads\/2025\/03\/2024-bmw-i4-xdrive40.jpg","width":1200,"height":675},{"@type":"BreadcrumbList","@id":"https:\/\/news.canadamotorjobs.com\/fr\/bmw-domine-le-marche-des-voitures-electriques-face-a-audi-et-mercedes\/#breadcrumb","itemListElement":[{"@type":"ListItem","position":1,"name":"Home","item":"https:\/\/news.canadamotorjobs.com\/fr\/blog\/"},{"@type":"ListItem","position":2,"name":"BMW domine le march\u00e9 des voitures \u00e9lectriques face \u00e0 Audi et Mercedes"}]},{"@type":"WebSite","@id":"https:\/\/news.canadamotorjobs.com\/#website","url":"https:\/\/news.canadamotorjobs.com\/","name":"CanadaMotorJobs.com","description":"Automotive Jobs","publisher":{"@id":"https:\/\/news.canadamotorjobs.com\/#organization"},"potentialAction":[{"@type":"SearchAction","target":{"@type":"EntryPoint","urlTemplate":"https:\/\/news.canadamotorjobs.com\/?s={search_term_string}"},"query-input":"required name=search_term_string"}],"inLanguage":"fr-CA"},{"@type":"Organization","@id":"https:\/\/news.canadamotorjobs.com\/#organization","name":"Canada Motor Jobs","url":"https:\/\/news.canadamotorjobs.com\/","logo":{"@type":"ImageObject","inLanguage":"fr-CA","@id":"https:\/\/news.canadamotorjobs.com\/#\/schema\/logo\/image\/","url":"https:\/\/news.canadamotorjobs.com\/wp-content\/uploads\/2022\/10\/logo-canada-motor-jobs-1.png","contentUrl":"https:\/\/news.canadamotorjobs.com\/wp-content\/uploads\/2022\/10\/logo-canada-motor-jobs-1.png","width":800,"height":400,"caption":"Canada Motor Jobs"},"image":{"@id":"https:\/\/news.canadamotorjobs.com\/#\/schema\/logo\/image\/"},"sameAs":["https:\/\/www.facebook.com\/canadamotorjobs\/","https:\/\/x.com\/canadamotorjobs","https:\/\/www.instagram.com\/canadamotorjobs\/","https:\/\/www.linkedin.com\/company\/canadamotorjobs"]},{"@type":"Person","@id":"https:\/\/news.canadamotorjobs.com\/#\/schema\/person\/51793d1f87d44011d7bcc2ed99269a90","name":"Benoit Charette","image":{"@type":"ImageObject","inLanguage":"fr-CA","@id":"https:\/\/news.canadamotorjobs.com\/#\/schema\/person\/image\/","url":"https:\/\/secure.gravatar.com\/avatar\/45f3d2eebcccd909668d7ce7ea7267b6?s=96&d=mm&r=g","contentUrl":"https:\/\/secure.gravatar.com\/avatar\/45f3d2eebcccd909668d7ce7ea7267b6?s=96&d=mm&r=g","caption":"Benoit Charette"},"description":"Benoit Charette \/ Propri\u00e9taire et r\u00e9dacteur en chef Benoit Charette pratique le journalisme automobile depuis bient\u00f4t 30 ans. Il a fait ses classes au c\u00f4t\u00e9 de Daniel H\u00e9raud et au Carnet de route de 1992 \u00e0 2001. Il est fondateur, copropri\u00e9taire et r\u00e9dacteur en chef de L\u2019Annuel de l\u2019automobile, qu\u2019il publie depuis 2001. Il a anim\u00e9 les \u00e9missions RPM et RPM+ sur V et les L\u00e9gendes de la route sur Historia. \u00c0 la radio depuis 1986, il reprend l\u2019antenne cette ann\u00e9e sur les ondes de Cogeco et participe pour la deuxi\u00e8me ann\u00e9e \u00e0 l\u2019\u00e9mission Passion Auto sur RDS en plus de mettre en ligne le site Web officiel de L\u2019Annuel de l\u2019automobile sur annuelauto.ca.","sameAs":["https:\/\/annuelauto.ca\/"],"url":"https:\/\/news.canadamotorjobs.com\/fr\/author\/benoit-charette\/"}]}},"_links":{"self":[{"href":"https:\/\/news.canadamotorjobs.com\/fr\/wp-json\/wp\/v2\/posts\/199532"}],"collection":[{"href":"https:\/\/news.canadamotorjobs.com\/fr\/wp-json\/wp\/v2\/posts"}],"about":[{"href":"https:\/\/news.canadamotorjobs.com\/fr\/wp-json\/wp\/v2\/types\/post"}],"author":[{"embeddable":true,"href":"https:\/\/news.canadamotorjobs.com\/fr\/wp-json\/wp\/v2\/users\/8"}],"replies":[{"embeddable":true,"href":"https:\/\/news.canadamotorjobs.com\/fr\/wp-json\/wp\/v2\/comments?post=199532"}],"version-history":[{"count":3,"href":"https:\/\/news.canadamotorjobs.com\/fr\/wp-json\/wp\/v2\/posts\/199532\/revisions"}],"predecessor-version":[{"id":199563,"href":"https:\/\/news.canadamotorjobs.com\/fr\/wp-json\/wp\/v2\/posts\/199532\/revisions\/199563"}],"wp:featuredmedia":[{"embeddable":true,"href":"https:\/\/news.canadamotorjobs.com\/fr\/wp-json\/wp\/v2\/media\/199534"}],"wp:attachment":[{"href":"https:\/\/news.canadamotorjobs.com\/fr\/wp-json\/wp\/v2\/media?parent=199532"}],"wp:term":[{"taxonomy":"category","embeddable":true,"href":"https:\/\/news.canadamotorjobs.com\/fr\/wp-json\/wp\/v2\/categories?post=199532"},{"taxonomy":"post_tag","embeddable":true,"href":"https:\/\/news.canadamotorjobs.com\/fr\/wp-json\/wp\/v2\/tags?post=199532"}],"curies":[{"name":"wp","href":"https:\/\/api.w.org\/{rel}","templated":true}]}}