{"id":199429,"date":"2025-03-24T08:59:56","date_gmt":"2025-03-24T12:59:56","guid":{"rendered":"https:\/\/news.canadamotorjobs.com\/?p=199429"},"modified":"2025-03-24T09:14:09","modified_gmt":"2025-03-24T13:14:09","slug":"cadillac-optiq-2025","status":"publish","type":"post","link":"https:\/\/news.canadamotorjobs.com\/fr\/cadillac-optiq-2025\/","title":{"rendered":"Cadillac Optiq 2025"},"content":{"rendered":"<\/p>\n<p>San Francisco, Californie- Le Cadillac Optiq 2025 s&#8217;inscrit dans la lign\u00e9e des nouveaux VUS \u00e9lectriques de General Motors, partageant sa plateforme avec le Chevrolet Equinox EV et le Blazer EV. Si l\u2019ADN est commun, Cadillac apporte une touche de raffinement qui le positionne au sein du segment des VUS de luxe \u00e9lectriques. Ce mod\u00e8le s\u2019adresse \u00e0 ceux qui souhaitent un v\u00e9hicule performant et technologique sans aller vers le plus imposant Lyriq.<\/p>\n<h3><strong>Une conduite en demi-teinte<\/strong><\/h3>\n<p>\nNous avons pris le volant de l\u2019Optiq sur les routes sinueuses du nord de la Californie, un terrain de jeu id\u00e9al pour \u00e9valuer son comportement routier. Le paysage se transforme en une alternance de for\u00eats denses et de falaises plongeant dans l\u2019oc\u00e9an Pacifique. Ce cadre idyllique met en valeur la dynamique de conduite du v\u00e9hicule, qui se distingue par une tenue de route \u00e9quilibr\u00e9e et une suspension bien calibr\u00e9e. Mais, tout n\u2019\u00e9tait pas rose dans ce paysage de r\u00eave. Sur des routes d\u00e9tremp\u00e9es, un dr\u00f4le de ph\u00e9nom\u00e8ne s\u2019est produit \u00e0 basse vitesse en amor\u00e7ant les courbes sur la route. Ce qui semble \u00eatre un dysfonctionnement des syst\u00e8mes \u00e9lectroniques de conduite entra\u00eenant une paralysie partielle de la direction, rendant la conduite impr\u00e9visible voire dangereuse. Ce probl\u00e8me se manifestait par des sautillements dans le volant, caus\u00e9s par une interf\u00e9rence ou un dysfonctionnement du logiciel affectant l\u2019assistance \u00e9lectrique. En raison d\u2019une d\u00e9tection erron\u00e9e de la trajectoire ou d\u2019un conflit entre les capteurs de direction et le module de commande, le syst\u00e8me tente de corriger en envoyant des impulsions saccad\u00e9es au moteur de direction assist\u00e9e, provoquant une sensation de tremblement ou de r\u00e9sistance irr\u00e9guli\u00e8re dans le volant. Ce ph\u00e9nom\u00e8ne s\u2019est reproduit \u00e0 plusieurs reprises le matin et apr\u00e8s avoir discut\u00e9 avec d\u2019autres coll\u00e8gues, plusieurs avaient v\u00e9cu la m\u00eame exp\u00e9rience.<\/p>\n<h3>Une conduite exemplaire en apr\u00e8s-midi<\/h3>\n<p>\nLorsque mon tour de prendre le volant arrive en apr\u00e8s-midi, rien. Une conduite solide, rassurante et m\u00eame bienveillante. La conduite \u00e0 une p\u00e9dale fonctionnait tr\u00e8s bien et nous avons \u00e9t\u00e9 en mesure d\u2019exploiter le plein potentiel du v\u00e9hicule. La transmission int\u00e9grale eAWD r\u00e9partit intelligemment la puissance pour une adh\u00e9rence optimale. Son acc\u00e9l\u00e9ration instantan\u00e9e vous catapulte vers l\u2019horizon en silence, pendant que les modes de conduite configurables s\u2019adaptent \u00e0 vos envies, que ce soit une balade zen le long de l\u2019oc\u00e9an pacifique ou une attaque plus dynamique en montagne. C\u00f4t\u00e9 confort, la suspension adaptative avale les imperfections avec assurance, tandis que la direction assist\u00e9e \u00e9lectronique et le ch\u00e2ssis optimis\u00e9 vous offrent une tenue de route impeccable, m\u00eame dans les virages serr\u00e9s. En prime, le Super Cruise vous permet de rouler en mode mains libres sur les portions autorouti\u00e8res. Ajoutez \u00e0 cela un r\u00e9gulateur de vitesse adaptatif, une assistance au stationnement automatique et une alerte de collision avant, et vous obtenez un copilote aussi attentif qu\u2019un majordome britannique. \u00c0 l\u2019int\u00e9rieur, l\u2019ambiance est feutr\u00e9e gr\u00e2ce \u00e0 une insonorisation avanc\u00e9e, et si vous voulez transformer l\u2019habitacle en salle de concert, le syst\u00e8me audio AKG Dolby Atmos est l\u00e0 pour \u00e7a. Le tout couronn\u00e9 par un affichage t\u00eate haute (HUD) qui projette les infos essentielles sur le pare-brise, \u00e9vitant ainsi de jouer au funambule avec votre attention. Bref, l\u2019apr\u00e8s-midi au volant s\u2019est pass\u00e9 sans anicroche. Souhaitons seulement que l\u2019incident du matin soit isol\u00e9. Il faudra le prendre en main une semaine plus tard cet \u00e9t\u00e9 pour en avoir le c\u0153ur net.<\/p>\n<h3>Beaucoup d\u2019\u00e9lectrons sous le v\u00e9hicule<\/h3>\n<p>\nGr\u00e2ce \u00e0 sa motorisation \u00e0 deux moteurs (un sur chaque essieu), l\u2019Optiq propose une puissance combin\u00e9e de 300 chevaux et 354 lb-pi de couple. L\u2019acc\u00e9l\u00e9ration est franche, bien qu\u2019elle ne soit pas explosive comme sur certains mod\u00e8les concurrents. L\u2019Optiq offre n\u00e9anmoins une conduite fluide et rassurante, avec un bon compromis entre dynamisme et confort provenant du rouage 4 roues motrices. Les ing\u00e9nieurs qui ont peaufin\u00e9 son ch\u00e2ssis ont une exp\u00e9rience issue de la Corvette et des versions Blackwing des CT4 et CT5, ce qui se ressent dans le comportement du v\u00e9hicule. Le mode de freinage r\u00e9g\u00e9n\u00e9ratif \u00ab Regen On Demand \u00bb est efficace et permet une conduite \u00e0 une p\u00e9dale (One-Pedal Driving), am\u00e9liorant l&#8217;autonomie tout en rendant l\u2019exp\u00e9rience plus intuitive en ville.<\/p>\n<h3><strong>Luxueux et moderne<\/strong><\/h3>\n<p>\nCadillac a port\u00e9 une attention particuli\u00e8re \u00e0 l\u2019habitacle de l\u2019Optiq, qui m\u00e9lange des mat\u00e9riaux haut de gamme et des technologies avanc\u00e9es. L\u2019\u00e9l\u00e9ment le plus marquant est l\u2019\u00e9cran incurv\u00e9 de 33 pouces, offrant une r\u00e9solution impressionnante et int\u00e9grant l\u2019instrumentation et le syst\u00e8me d\u2019infodivertissement Google Built-in. Heureusement, Cadillac a conserv\u00e9 des commandes physiques pour les r\u00e9glages essentiels, \u00e9vitant l\u2019\u00e9cueil des \u00e9crans tactiles omnipr\u00e9sents. Toutefois, il faudra se faire \u00e0 l\u2019absence d\u2019Apple Carplay et Android auto, ce qui n\u2019est pas pour plaire \u00e0 tous. Les si\u00e8ges, rev\u00eatus d\u2019un tissu \u00e0 base de mat\u00e9riaux recycl\u00e9s, offrent un confort sup\u00e9rieur avec des options de ventilation et de chauffage \u00e0 l\u2019avant comme \u00e0 l\u2019arri\u00e8re sur la version sup\u00e9rieure. L\u2019espace arri\u00e8re est g\u00e9n\u00e9reux malgr\u00e9 le format plus compact de l\u2019Optiq par rapport au Lyriq, et le toit panoramique ajoute une sensation d\u2019ouverture appr\u00e9ciable. Le syst\u00e8me audio AKG \u00e0 19 haut-parleurs avec Dolby Atmos enveloppe l\u2019habitacle d\u2019un son cristallin, tandis que la suite d\u2019aides \u00e0 la conduite Super Cruise (incluse pour trois ans) renforce l\u2019attrait technologique du mod\u00e8le.<\/p>\n<h3><strong>Autonomie<\/strong><\/h3>\n<p>\nL\u2019Optiq est \u00e9quip\u00e9 d\u2019une batterie de 85 kWh offrant une autonomie estim\u00e9e \u00e0 486 km sur les roues de 20 pouces. Les jantes de 21 pouces en option vont l\u00e9g\u00e8rement r\u00e9duire l\u2019autonomie. Le v\u00e9hicule est compatible avec la recharge rapide en courant continu (DC Fast Charging), permettant de r\u00e9cup\u00e9rer environ 127 km en 10 minutes gr\u00e2ce \u00e0 sa capacit\u00e9 de recharge de 150 kW. La gestion intelligente de l\u2019\u00e9nergie et le faible coefficient de tra\u00een\u00e9e devraient n\u00e9anmoins permettre une consommation \u00e9nerg\u00e9tique optimis\u00e9e. Cadillac annonce une consommation de 18,8 kWh\/100 km sur la route et 22,3 kWh\/100 km en ville pour une moyenne combin\u00e9e de 20,4 kWh\/100 km. Notre journ\u00e9e d\u2019essai s\u2019estb termin\u00e9e autour de 22 kWh\/100 km.<\/p>\n<h3><strong>Concurrence<\/strong><\/h3>\n<p>\nL\u2019Optiq se positionne face \u00e0 plusieurs rivaux sur le march\u00e9 des VUS \u00e9lectriques de luxe, notamment :<\/p>\n<ul><\/p>\n<li><strong>Tesla Model Y Long Range<\/strong> : autonomie similaire, performances plus vives, mais une finition int\u00e9rieure plus sobre.<\/li>\n<p><\/p>\n<li><strong>Audi Q4 e-tron<\/strong> : un habitacle bien fini, mais une autonomie inf\u00e9rieure.<\/li>\n<p><\/p>\n<li><strong>Mercedes EQB<\/strong> : un peu plus spacieux mais moins dynamique.<\/li>\n<p><\/p>\n<li><strong>Genesis GV60<\/strong> : offre des mat\u00e9riaux de qualit\u00e9 et un design distinctif, avec une puissance plus \u00e9lev\u00e9e.<\/li>\n<p>\n<\/ul>\n<p>\nL\u2019Optiq mise sur un \u00e9quilibre entre technologie, confort et autonomie pour se d\u00e9marquer.<\/p>\n<h3><strong>Prix <\/strong><\/h3>\n<p><\/p>\n<ul><\/p>\n<li><strong>Optiq 1 (Luxury &amp; Sport)<\/strong> : 62 499 $ (incluant les frais de transport)<\/li>\n<p><\/p>\n<li><strong>Optiq 2 (Luxury &amp; Sport avec \u00e9quipements suppl\u00e9mentaires)<\/strong> : 66 499 $<\/li>\n<p>\n<\/ul>\n<p><\/p>\n<h3>Forces :<\/h3>\n<p><\/p>\n<ul><\/p>\n<li>Design moderne et sportif<\/li>\n<p><\/p>\n<li>Habitacle raffin\u00e9 avec mat\u00e9riaux innovants<\/li>\n<p><\/p>\n<li>Motorisation bimoteur performante<\/li>\n<p><\/p>\n<li>Technologies avanc\u00e9es et Super Cruise de s\u00e9rie<\/li>\n<p>\n<\/ul>\n<p><\/p>\n<h3>Faiblesses :<\/h3>\n<p><\/p>\n<ul><\/p>\n<li>Probl\u00e8me \u00e9lectronique dans la conduite en matin\u00e9e<\/li>\n<p><\/p>\n<li>Pas d\u2019espace cargo \u00e0 l\u2019avant<\/li>\n<p><\/p>\n<li>\u00c9cran central un peu distrayant<\/li>\n<p>\n<\/ul>\n<p><\/p>\n<h3>Conclusion<\/h3>\n<p>\nLe Cadillac Optiq 2025 s\u2019impose comme une belle alternative dans l\u2019univers des VUS \u00e9lectriques de luxe. Moins imposant que le Lyriq, il s\u00e9duit par son confort, son raffinement et son autonomie comp\u00e9titive. Il ne vise pas les amateurs de sensations fortes, mais plut\u00f4t ceux qui recherchent une exp\u00e9rience premium et connect\u00e9e, sans pour autant exploser leur budget. Un choix judicieux pour ceux qui veulent conjuguer prestige et \u00e9lectrification.<\/p>\n<p data-pm-slice=\"1 1 []\">\n<p>Le texte <a href=\"https:\/\/annuelauto.ca\/cadillac-optiq-2025\/\">Cadillac Optiq 2025<\/a> provient de <a href=\"https:\/\/annuelauto.ca\">L&#8217;annuel de l&#8217;automobile &#8211; Actualit\u00e9 automobile<\/a><\/p>\n<p><\/p>\n","protected":false},"excerpt":{"rendered":"<p>San Francisco, Californie- Le Cadillac Optiq 2025 s&#8217;inscrit dans la lign\u00e9e des nouveaux VUS \u00e9lectriques de General Motors, partageant sa plateforme avec le Chevrolet Equinox EV et le Blazer EV. Si l\u2019ADN est commun, Cadillac apporte une touche de raffinement qui le positionne au sein du segment des VUS de luxe \u00e9lectriques. Ce mod\u00e8le s\u2019adresse [&hellip;]<\/p>\n","protected":false},"author":8,"featured_media":199431,"comment_status":"close","ping_status":"closed","sticky":false,"template":"","format":"standard","meta":{"_monsterinsights_skip_tracking":false,"_monsterinsights_sitenote_active":false,"_monsterinsights_sitenote_note":"","_monsterinsights_sitenote_category":0,"footnotes":""},"categories":[101],"tags":[],"yoast_head":"<!-- This site is optimized with the Yoast SEO plugin v23.2 - https:\/\/yoast.com\/wordpress\/plugins\/seo\/ -->\n<title>Cadillac Optiq 2025 - CanadaMotorJobs.com<\/title>\n<meta name=\"description\" content=\"Cadillac Optiq 2025 - Benoit Charette - Annuel automobile - CanadaMotorJobs.com.\" \/>\n<meta name=\"robots\" content=\"index, follow, max-snippet:-1, max-image-preview:large, max-video-preview:-1\" \/>\n<meta property=\"og:locale\" content=\"fr_CA\" \/>\n<meta property=\"og:type\" content=\"article\" \/>\n<meta property=\"og:title\" content=\"Cadillac Optiq 2025 - CanadaMotorJobs.com\" \/>\n<meta property=\"og:description\" content=\"Cadillac Optiq 2025 - Benoit Charette - Annuel automobile - CanadaMotorJobs.com.\" \/>\n<meta property=\"og:url\" content=\"https:\/\/news.canadamotorjobs.com\/fr\/cadillac-optiq-2025\/\" \/>\n<meta property=\"og:site_name\" content=\"CanadaMotorJobs.com\" \/>\n<meta property=\"article:publisher\" content=\"https:\/\/www.facebook.com\/canadamotorjobs\/\" \/>\n<meta property=\"article:published_time\" content=\"2025-03-24T12:59:56+00:00\" \/>\n<meta property=\"article:modified_time\" content=\"2025-03-24T13:14:09+00:00\" \/>\n<meta property=\"og:image\" content=\"https:\/\/news.canadamotorjobs.com\/wp-content\/uploads\/2025\/03\/IMG_6129.jpg\" \/>\n\t<meta property=\"og:image:width\" content=\"1200\" \/>\n\t<meta property=\"og:image:height\" content=\"800\" \/>\n\t<meta property=\"og:image:type\" content=\"image\/jpeg\" \/>\n<meta name=\"author\" content=\"Benoit Charette\" \/>\n<meta name=\"twitter:card\" content=\"summary_large_image\" \/>\n<meta name=\"twitter:creator\" content=\"@canadamotorjobs\" \/>\n<meta name=\"twitter:site\" content=\"@canadamotorjobs\" \/>\n<meta name=\"twitter:label1\" content=\"\u00c9crit par\" \/>\n\t<meta name=\"twitter:data1\" content=\"Benoit Charette\" \/>\n\t<meta name=\"twitter:label2\" content=\"Estimation du temps de lecture\" \/>\n\t<meta name=\"twitter:data2\" content=\"7 minutes\" \/>\n<!-- \/ Yoast SEO plugin. -->","yoast_head_json":{"title":"Cadillac Optiq 2025 - CanadaMotorJobs.com","description":"Cadillac Optiq 2025 - Benoit Charette - Annuel automobile - CanadaMotorJobs.com.","robots":{"index":"index","follow":"follow","max-snippet":"max-snippet:-1","max-image-preview":"max-image-preview:large","max-video-preview":"max-video-preview:-1"},"og_locale":"fr_CA","og_type":"article","og_title":"Cadillac Optiq 2025 - CanadaMotorJobs.com","og_description":"Cadillac Optiq 2025 - Benoit Charette - Annuel automobile - CanadaMotorJobs.com.","og_url":"https:\/\/news.canadamotorjobs.com\/fr\/cadillac-optiq-2025\/","og_site_name":"CanadaMotorJobs.com","article_publisher":"https:\/\/www.facebook.com\/canadamotorjobs\/","article_published_time":"2025-03-24T12:59:56+00:00","article_modified_time":"2025-03-24T13:14:09+00:00","og_image":[{"width":1200,"height":800,"url":"https:\/\/news.canadamotorjobs.com\/wp-content\/uploads\/2025\/03\/IMG_6129.jpg","type":"image\/jpeg"}],"author":"Benoit Charette","twitter_card":"summary_large_image","twitter_creator":"@canadamotorjobs","twitter_site":"@canadamotorjobs","twitter_misc":{"\u00c9crit par":"Benoit Charette","Estimation du temps de lecture":"7 minutes"},"schema":{"@context":"https:\/\/schema.org","@graph":[{"@type":"Article","@id":"https:\/\/news.canadamotorjobs.com\/fr\/cadillac-optiq-2025\/#article","isPartOf":{"@id":"https:\/\/news.canadamotorjobs.com\/fr\/cadillac-optiq-2025\/"},"author":{"name":"Benoit Charette","@id":"https:\/\/news.canadamotorjobs.com\/#\/schema\/person\/51793d1f87d44011d7bcc2ed99269a90"},"headline":"Cadillac Optiq 2025","datePublished":"2025-03-24T12:59:56+00:00","dateModified":"2025-03-24T13:14:09+00:00","mainEntityOfPage":{"@id":"https:\/\/news.canadamotorjobs.com\/fr\/cadillac-optiq-2025\/"},"wordCount":1347,"publisher":{"@id":"https:\/\/news.canadamotorjobs.com\/#organization"},"image":{"@id":"https:\/\/news.canadamotorjobs.com\/fr\/cadillac-optiq-2025\/#primaryimage"},"thumbnailUrl":"https:\/\/news.canadamotorjobs.com\/wp-content\/uploads\/2025\/03\/IMG_6129.jpg","articleSection":["Annuel automobile"],"inLanguage":"fr-CA"},{"@type":"WebPage","@id":"https:\/\/news.canadamotorjobs.com\/fr\/cadillac-optiq-2025\/","url":"https:\/\/news.canadamotorjobs.com\/fr\/cadillac-optiq-2025\/","name":"Cadillac Optiq 2025 - CanadaMotorJobs.com","isPartOf":{"@id":"https:\/\/news.canadamotorjobs.com\/#website"},"primaryImageOfPage":{"@id":"https:\/\/news.canadamotorjobs.com\/fr\/cadillac-optiq-2025\/#primaryimage"},"image":{"@id":"https:\/\/news.canadamotorjobs.com\/fr\/cadillac-optiq-2025\/#primaryimage"},"thumbnailUrl":"https:\/\/news.canadamotorjobs.com\/wp-content\/uploads\/2025\/03\/IMG_6129.jpg","datePublished":"2025-03-24T12:59:56+00:00","dateModified":"2025-03-24T13:14:09+00:00","description":"Cadillac Optiq 2025 - Benoit Charette - Annuel automobile - CanadaMotorJobs.com.","breadcrumb":{"@id":"https:\/\/news.canadamotorjobs.com\/fr\/cadillac-optiq-2025\/#breadcrumb"},"inLanguage":"fr-CA","potentialAction":[{"@type":"ReadAction","target":["https:\/\/news.canadamotorjobs.com\/fr\/cadillac-optiq-2025\/"]}]},{"@type":"ImageObject","inLanguage":"fr-CA","@id":"https:\/\/news.canadamotorjobs.com\/fr\/cadillac-optiq-2025\/#primaryimage","url":"https:\/\/news.canadamotorjobs.com\/wp-content\/uploads\/2025\/03\/IMG_6129.jpg","contentUrl":"https:\/\/news.canadamotorjobs.com\/wp-content\/uploads\/2025\/03\/IMG_6129.jpg","width":1200,"height":800},{"@type":"BreadcrumbList","@id":"https:\/\/news.canadamotorjobs.com\/fr\/cadillac-optiq-2025\/#breadcrumb","itemListElement":[{"@type":"ListItem","position":1,"name":"Home","item":"https:\/\/news.canadamotorjobs.com\/fr\/blog\/"},{"@type":"ListItem","position":2,"name":"Cadillac Optiq 2025"}]},{"@type":"WebSite","@id":"https:\/\/news.canadamotorjobs.com\/#website","url":"https:\/\/news.canadamotorjobs.com\/","name":"CanadaMotorJobs.com","description":"Automotive Jobs","publisher":{"@id":"https:\/\/news.canadamotorjobs.com\/#organization"},"potentialAction":[{"@type":"SearchAction","target":{"@type":"EntryPoint","urlTemplate":"https:\/\/news.canadamotorjobs.com\/?s={search_term_string}"},"query-input":"required name=search_term_string"}],"inLanguage":"fr-CA"},{"@type":"Organization","@id":"https:\/\/news.canadamotorjobs.com\/#organization","name":"Canada Motor Jobs","url":"https:\/\/news.canadamotorjobs.com\/","logo":{"@type":"ImageObject","inLanguage":"fr-CA","@id":"https:\/\/news.canadamotorjobs.com\/#\/schema\/logo\/image\/","url":"https:\/\/news.canadamotorjobs.com\/wp-content\/uploads\/2022\/10\/logo-canada-motor-jobs-1.png","contentUrl":"https:\/\/news.canadamotorjobs.com\/wp-content\/uploads\/2022\/10\/logo-canada-motor-jobs-1.png","width":800,"height":400,"caption":"Canada Motor Jobs"},"image":{"@id":"https:\/\/news.canadamotorjobs.com\/#\/schema\/logo\/image\/"},"sameAs":["https:\/\/www.facebook.com\/canadamotorjobs\/","https:\/\/x.com\/canadamotorjobs","https:\/\/www.instagram.com\/canadamotorjobs\/","https:\/\/www.linkedin.com\/company\/canadamotorjobs"]},{"@type":"Person","@id":"https:\/\/news.canadamotorjobs.com\/#\/schema\/person\/51793d1f87d44011d7bcc2ed99269a90","name":"Benoit Charette","image":{"@type":"ImageObject","inLanguage":"fr-CA","@id":"https:\/\/news.canadamotorjobs.com\/#\/schema\/person\/image\/","url":"https:\/\/secure.gravatar.com\/avatar\/45f3d2eebcccd909668d7ce7ea7267b6?s=96&d=mm&r=g","contentUrl":"https:\/\/secure.gravatar.com\/avatar\/45f3d2eebcccd909668d7ce7ea7267b6?s=96&d=mm&r=g","caption":"Benoit Charette"},"description":"Benoit Charette \/ Propri\u00e9taire et r\u00e9dacteur en chef Benoit Charette pratique le journalisme automobile depuis bient\u00f4t 30 ans. Il a fait ses classes au c\u00f4t\u00e9 de Daniel H\u00e9raud et au Carnet de route de 1992 \u00e0 2001. Il est fondateur, copropri\u00e9taire et r\u00e9dacteur en chef de L\u2019Annuel de l\u2019automobile, qu\u2019il publie depuis 2001. Il a anim\u00e9 les \u00e9missions RPM et RPM+ sur V et les L\u00e9gendes de la route sur Historia. \u00c0 la radio depuis 1986, il reprend l\u2019antenne cette ann\u00e9e sur les ondes de Cogeco et participe pour la deuxi\u00e8me ann\u00e9e \u00e0 l\u2019\u00e9mission Passion Auto sur RDS en plus de mettre en ligne le site Web officiel de L\u2019Annuel de l\u2019automobile sur annuelauto.ca.","sameAs":["https:\/\/annuelauto.ca\/"],"url":"https:\/\/news.canadamotorjobs.com\/fr\/author\/benoit-charette\/"}]}},"_links":{"self":[{"href":"https:\/\/news.canadamotorjobs.com\/fr\/wp-json\/wp\/v2\/posts\/199429"}],"collection":[{"href":"https:\/\/news.canadamotorjobs.com\/fr\/wp-json\/wp\/v2\/posts"}],"about":[{"href":"https:\/\/news.canadamotorjobs.com\/fr\/wp-json\/wp\/v2\/types\/post"}],"author":[{"embeddable":true,"href":"https:\/\/news.canadamotorjobs.com\/fr\/wp-json\/wp\/v2\/users\/8"}],"replies":[{"embeddable":true,"href":"https:\/\/news.canadamotorjobs.com\/fr\/wp-json\/wp\/v2\/comments?post=199429"}],"version-history":[{"count":2,"href":"https:\/\/news.canadamotorjobs.com\/fr\/wp-json\/wp\/v2\/posts\/199429\/revisions"}],"predecessor-version":[{"id":199433,"href":"https:\/\/news.canadamotorjobs.com\/fr\/wp-json\/wp\/v2\/posts\/199429\/revisions\/199433"}],"wp:featuredmedia":[{"embeddable":true,"href":"https:\/\/news.canadamotorjobs.com\/fr\/wp-json\/wp\/v2\/media\/199431"}],"wp:attachment":[{"href":"https:\/\/news.canadamotorjobs.com\/fr\/wp-json\/wp\/v2\/media?parent=199429"}],"wp:term":[{"taxonomy":"category","embeddable":true,"href":"https:\/\/news.canadamotorjobs.com\/fr\/wp-json\/wp\/v2\/categories?post=199429"},{"taxonomy":"post_tag","embeddable":true,"href":"https:\/\/news.canadamotorjobs.com\/fr\/wp-json\/wp\/v2\/tags?post=199429"}],"curies":[{"name":"wp","href":"https:\/\/api.w.org\/{rel}","templated":true}]}}