{"id":199410,"date":"2025-03-24T07:08:12","date_gmt":"2025-03-24T11:08:12","guid":{"rendered":"https:\/\/news.canadamotorjobs.com\/?p=199410"},"modified":"2025-03-24T07:14:20","modified_gmt":"2025-03-24T11:14:20","slug":"enquete-federale-americaine-sur-13-million-de-ford-f-150-pour-un-probleme-de-transmission","status":"publish","type":"post","link":"https:\/\/news.canadamotorjobs.com\/fr\/enquete-federale-americaine-sur-13-million-de-ford-f-150-pour-un-probleme-de-transmission\/","title":{"rendered":"Enqu\u00eate f\u00e9d\u00e9rale am\u00e9ricaine sur 1,3 million de Ford F-150 pour un probl\u00e8me de transmission"},"content":{"rendered":"<\/p>\n<div class=\"flex max-w-full flex-col flex-grow\"><\/p>\n<div class=\"min-h-8 text-message relative flex w-full flex-col items-end gap-2 whitespace-normal break-words text-start [.text-message+&amp;]:mt-5\" dir=\"auto\" data-message-author-role=\"assistant\" data-message-id=\"57f1a1f2-ded4-4934-b26f-b8ff4cb2483e\" data-message-model-slug=\"gpt-4o\"><\/p>\n<div class=\"flex w-full flex-col gap-1 empty:hidden first:pt-[3px]\"><\/p>\n<div class=\"markdown prose w-full break-words dark:prose-invert light\"><\/p>\n<p class=\"\" data-start=\"158\" data-end=\"386\">Les \u00c9tats-Unis ont ouvert une enqu\u00eate sur pr\u00e8s de 1,3 million de Ford F-150 (mod\u00e8les 2015 \u00e0 2017) apr\u00e8s plusieurs signalements de retrogradations soudaines pouvant entra\u00eener un blocage temporaire des roues arri\u00e8re.<\/p>\n<h3 data-start=\"388\" data-end=\"441\">138 plaintes d\u00e9pos\u00e9es aupr\u00e8s des autorit\u00e9s<\/h3>\n<p><\/p>\n<p class=\"\" data-start=\"442\" data-end=\"809\">La National Highway Traffic Safety Administration (NHTSA) a re\u00e7u 138 plaintes faisant \u00e9tat d\u2019un passage inopin\u00e9 \u00e0 une vitesse inf\u00e9rieure \u00e0 haute vitesse, sans avertissement ni intervention du conducteur. Certains conducteurs ont signal\u00e9 une perte de contr\u00f4le du v\u00e9hicule, bien que aucun accident ni incendie n\u2019ait \u00e9t\u00e9 recens\u00e9 pour l\u2019instant.<\/p>\n<h3 data-start=\"811\" data-end=\"851\">Un risque accru d\u2019accidents ?<\/h3>\n<p><\/p>\n<p class=\"\" data-start=\"852\" data-end=\"1161\">L&#8217;Office of Defects Investigation de la NHTSA analysera l\u2019ampleur et les cons\u00e9quences s\u00e9curitaires de ce d\u00e9faut potentiel. Le probl\u00e8me pourrait augmenter le risque de collisions, notamment sur autoroute, en raison du blocage temporaire des roues arri\u00e8re lors du changement de vitesse brutal.<\/p>\n<h3 data-start=\"1163\" data-end=\"1196\">Ford sous surveillance<\/h3>\n<p><\/p>\n<p class=\"\" data-start=\"1197\" data-end=\"1389\">Cette \u00e9valuation pr\u00e9liminaire, ouverte le 24 mars, pourrait aboutir \u00e0 un rappel massif si des risques av\u00e9r\u00e9s sont confirm\u00e9s. Ford n\u2019a pas encore r\u00e9agi officiellement \u00e0 cette enqu\u00eate.<\/p>\n<p><\/p>\n<p class=\"\" data-start=\"1685\" data-end=\"1801\">Avec des renseignements d&#8217;Automotive News<\/p>\n<\/div>\n<p>\n<\/div>\n<p>\n<\/div>\n<p>\n<\/div>\n<p><\/p>\n<div class=\"mb-2 flex gap-3 -ml-2\"><\/p>\n<div class=\"flex items-center justify-start rounded-xl p-1\"><\/p>\n<div><\/p>\n<div class=\"flex items-center\"><\/div>\n<p>\n<\/div>\n<p>\n<\/div>\n<p>\n<\/div>\n<p>Le texte <a href=\"https:\/\/annuelauto.ca\/enquete-ford-f150-transmission-defaut\/\">Enqu\u00eate f\u00e9d\u00e9rale am\u00e9ricaine sur 1,3 million de Ford F-150 pour un probl\u00e8me de transmission<\/a> provient de <a href=\"https:\/\/annuelauto.ca\">L&#8217;annuel de l&#8217;automobile &#8211; Actualit\u00e9 automobile<\/a><\/p>\n<p><\/p>\n","protected":false},"excerpt":{"rendered":"<p>Les \u00c9tats-Unis ont ouvert une enqu\u00eate sur pr\u00e8s de 1,3 million de Ford F-150 (mod\u00e8les 2015 \u00e0 2017) apr\u00e8s plusieurs signalements de retrogradations soudaines pouvant entra\u00eener un blocage temporaire des roues arri\u00e8re. 138 plaintes d\u00e9pos\u00e9es aupr\u00e8s des autorit\u00e9s La National Highway Traffic Safety Administration (NHTSA) a re\u00e7u 138 plaintes faisant \u00e9tat d\u2019un passage inopin\u00e9 \u00e0 [&hellip;]<\/p>\n","protected":false},"author":8,"featured_media":199412,"comment_status":"close","ping_status":"closed","sticky":false,"template":"","format":"standard","meta":{"_monsterinsights_skip_tracking":false,"_monsterinsights_sitenote_active":false,"_monsterinsights_sitenote_note":"","_monsterinsights_sitenote_category":0,"footnotes":""},"categories":[101],"tags":[],"yoast_head":"<!-- This site is optimized with the Yoast SEO plugin v23.2 - https:\/\/yoast.com\/wordpress\/plugins\/seo\/ -->\n<title>Enqu\u00eate f\u00e9d\u00e9rale am\u00e9ricaine sur 1,3 million de Ford F-150 pour un probl\u00e8me de transmission - CanadaMotorJobs.com<\/title>\n<meta name=\"description\" content=\"Enqu\u00eate f\u00e9d\u00e9rale am\u00e9ricaine sur 1,3 million de Ford F-150 pour un probl\u00e8me de transmission - Benoit Charette - Annuel automobile - CanadaMotorJobs.com.\" \/>\n<meta name=\"robots\" content=\"index, follow, max-snippet:-1, max-image-preview:large, max-video-preview:-1\" \/>\n<meta property=\"og:locale\" content=\"fr_CA\" \/>\n<meta property=\"og:type\" content=\"article\" \/>\n<meta property=\"og:title\" content=\"Enqu\u00eate f\u00e9d\u00e9rale am\u00e9ricaine sur 1,3 million de Ford F-150 pour un probl\u00e8me de transmission - CanadaMotorJobs.com\" \/>\n<meta property=\"og:description\" content=\"Enqu\u00eate f\u00e9d\u00e9rale am\u00e9ricaine sur 1,3 million de Ford F-150 pour un probl\u00e8me de transmission - Benoit Charette - Annuel automobile - CanadaMotorJobs.com.\" \/>\n<meta property=\"og:url\" content=\"https:\/\/news.canadamotorjobs.com\/fr\/enquete-federale-americaine-sur-13-million-de-ford-f-150-pour-un-probleme-de-transmission\/\" \/>\n<meta property=\"og:site_name\" content=\"CanadaMotorJobs.com\" \/>\n<meta property=\"article:publisher\" content=\"https:\/\/www.facebook.com\/canadamotorjobs\/\" \/>\n<meta property=\"article:published_time\" content=\"2025-03-24T11:08:12+00:00\" \/>\n<meta property=\"article:modified_time\" content=\"2025-03-24T11:14:20+00:00\" \/>\n<meta property=\"og:image\" content=\"https:\/\/news.canadamotorjobs.com\/wp-content\/uploads\/2025\/03\/1505236784612.jpg\" \/>\n\t<meta property=\"og:image:width\" content=\"951\" \/>\n\t<meta property=\"og:image:height\" content=\"535\" \/>\n\t<meta property=\"og:image:type\" content=\"image\/jpeg\" \/>\n<meta name=\"author\" content=\"Benoit Charette\" \/>\n<meta name=\"twitter:card\" content=\"summary_large_image\" \/>\n<meta name=\"twitter:creator\" content=\"@canadamotorjobs\" \/>\n<meta name=\"twitter:site\" content=\"@canadamotorjobs\" \/>\n<meta name=\"twitter:label1\" content=\"\u00c9crit par\" \/>\n\t<meta name=\"twitter:data1\" content=\"Benoit Charette\" \/>\n\t<meta name=\"twitter:label2\" content=\"Estimation du temps de lecture\" \/>\n\t<meta name=\"twitter:data2\" content=\"1 minute\" \/>\n<!-- \/ Yoast SEO plugin. -->","yoast_head_json":{"title":"Enqu\u00eate f\u00e9d\u00e9rale am\u00e9ricaine sur 1,3 million de Ford F-150 pour un probl\u00e8me de transmission - CanadaMotorJobs.com","description":"Enqu\u00eate f\u00e9d\u00e9rale am\u00e9ricaine sur 1,3 million de Ford F-150 pour un probl\u00e8me de transmission - Benoit Charette - Annuel automobile - CanadaMotorJobs.com.","robots":{"index":"index","follow":"follow","max-snippet":"max-snippet:-1","max-image-preview":"max-image-preview:large","max-video-preview":"max-video-preview:-1"},"og_locale":"fr_CA","og_type":"article","og_title":"Enqu\u00eate f\u00e9d\u00e9rale am\u00e9ricaine sur 1,3 million de Ford F-150 pour un probl\u00e8me de transmission - CanadaMotorJobs.com","og_description":"Enqu\u00eate f\u00e9d\u00e9rale am\u00e9ricaine sur 1,3 million de Ford F-150 pour un probl\u00e8me de transmission - Benoit Charette - Annuel automobile - CanadaMotorJobs.com.","og_url":"https:\/\/news.canadamotorjobs.com\/fr\/enquete-federale-americaine-sur-13-million-de-ford-f-150-pour-un-probleme-de-transmission\/","og_site_name":"CanadaMotorJobs.com","article_publisher":"https:\/\/www.facebook.com\/canadamotorjobs\/","article_published_time":"2025-03-24T11:08:12+00:00","article_modified_time":"2025-03-24T11:14:20+00:00","og_image":[{"width":951,"height":535,"url":"https:\/\/news.canadamotorjobs.com\/wp-content\/uploads\/2025\/03\/1505236784612.jpg","type":"image\/jpeg"}],"author":"Benoit Charette","twitter_card":"summary_large_image","twitter_creator":"@canadamotorjobs","twitter_site":"@canadamotorjobs","twitter_misc":{"\u00c9crit par":"Benoit Charette","Estimation du temps de lecture":"1 minute"},"schema":{"@context":"https:\/\/schema.org","@graph":[{"@type":"Article","@id":"https:\/\/news.canadamotorjobs.com\/fr\/enquete-federale-americaine-sur-13-million-de-ford-f-150-pour-un-probleme-de-transmission\/#article","isPartOf":{"@id":"https:\/\/news.canadamotorjobs.com\/fr\/enquete-federale-americaine-sur-13-million-de-ford-f-150-pour-un-probleme-de-transmission\/"},"author":{"name":"Benoit Charette","@id":"https:\/\/news.canadamotorjobs.com\/#\/schema\/person\/51793d1f87d44011d7bcc2ed99269a90"},"headline":"Enqu\u00eate f\u00e9d\u00e9rale am\u00e9ricaine sur 1,3 million de Ford F-150 pour un probl\u00e8me de transmission","datePublished":"2025-03-24T11:08:12+00:00","dateModified":"2025-03-24T11:14:20+00:00","mainEntityOfPage":{"@id":"https:\/\/news.canadamotorjobs.com\/fr\/enquete-federale-americaine-sur-13-million-de-ford-f-150-pour-un-probleme-de-transmission\/"},"wordCount":240,"publisher":{"@id":"https:\/\/news.canadamotorjobs.com\/#organization"},"image":{"@id":"https:\/\/news.canadamotorjobs.com\/fr\/enquete-federale-americaine-sur-13-million-de-ford-f-150-pour-un-probleme-de-transmission\/#primaryimage"},"thumbnailUrl":"https:\/\/news.canadamotorjobs.com\/wp-content\/uploads\/2025\/03\/1505236784612.jpg","articleSection":["Annuel automobile"],"inLanguage":"fr-CA"},{"@type":"WebPage","@id":"https:\/\/news.canadamotorjobs.com\/fr\/enquete-federale-americaine-sur-13-million-de-ford-f-150-pour-un-probleme-de-transmission\/","url":"https:\/\/news.canadamotorjobs.com\/fr\/enquete-federale-americaine-sur-13-million-de-ford-f-150-pour-un-probleme-de-transmission\/","name":"Enqu\u00eate f\u00e9d\u00e9rale am\u00e9ricaine sur 1,3 million de Ford F-150 pour un probl\u00e8me de transmission - CanadaMotorJobs.com","isPartOf":{"@id":"https:\/\/news.canadamotorjobs.com\/#website"},"primaryImageOfPage":{"@id":"https:\/\/news.canadamotorjobs.com\/fr\/enquete-federale-americaine-sur-13-million-de-ford-f-150-pour-un-probleme-de-transmission\/#primaryimage"},"image":{"@id":"https:\/\/news.canadamotorjobs.com\/fr\/enquete-federale-americaine-sur-13-million-de-ford-f-150-pour-un-probleme-de-transmission\/#primaryimage"},"thumbnailUrl":"https:\/\/news.canadamotorjobs.com\/wp-content\/uploads\/2025\/03\/1505236784612.jpg","datePublished":"2025-03-24T11:08:12+00:00","dateModified":"2025-03-24T11:14:20+00:00","description":"Enqu\u00eate f\u00e9d\u00e9rale am\u00e9ricaine sur 1,3 million de Ford F-150 pour un probl\u00e8me de transmission - Benoit Charette - Annuel automobile - CanadaMotorJobs.com.","breadcrumb":{"@id":"https:\/\/news.canadamotorjobs.com\/fr\/enquete-federale-americaine-sur-13-million-de-ford-f-150-pour-un-probleme-de-transmission\/#breadcrumb"},"inLanguage":"fr-CA","potentialAction":[{"@type":"ReadAction","target":["https:\/\/news.canadamotorjobs.com\/fr\/enquete-federale-americaine-sur-13-million-de-ford-f-150-pour-un-probleme-de-transmission\/"]}]},{"@type":"ImageObject","inLanguage":"fr-CA","@id":"https:\/\/news.canadamotorjobs.com\/fr\/enquete-federale-americaine-sur-13-million-de-ford-f-150-pour-un-probleme-de-transmission\/#primaryimage","url":"https:\/\/news.canadamotorjobs.com\/wp-content\/uploads\/2025\/03\/1505236784612.jpg","contentUrl":"https:\/\/news.canadamotorjobs.com\/wp-content\/uploads\/2025\/03\/1505236784612.jpg","width":951,"height":535},{"@type":"BreadcrumbList","@id":"https:\/\/news.canadamotorjobs.com\/fr\/enquete-federale-americaine-sur-13-million-de-ford-f-150-pour-un-probleme-de-transmission\/#breadcrumb","itemListElement":[{"@type":"ListItem","position":1,"name":"Home","item":"https:\/\/news.canadamotorjobs.com\/fr\/blog\/"},{"@type":"ListItem","position":2,"name":"Enqu\u00eate f\u00e9d\u00e9rale am\u00e9ricaine sur 1,3 million de Ford F-150 pour un probl\u00e8me de transmission"}]},{"@type":"WebSite","@id":"https:\/\/news.canadamotorjobs.com\/#website","url":"https:\/\/news.canadamotorjobs.com\/","name":"CanadaMotorJobs.com","description":"Automotive Jobs","publisher":{"@id":"https:\/\/news.canadamotorjobs.com\/#organization"},"potentialAction":[{"@type":"SearchAction","target":{"@type":"EntryPoint","urlTemplate":"https:\/\/news.canadamotorjobs.com\/?s={search_term_string}"},"query-input":"required name=search_term_string"}],"inLanguage":"fr-CA"},{"@type":"Organization","@id":"https:\/\/news.canadamotorjobs.com\/#organization","name":"Canada Motor Jobs","url":"https:\/\/news.canadamotorjobs.com\/","logo":{"@type":"ImageObject","inLanguage":"fr-CA","@id":"https:\/\/news.canadamotorjobs.com\/#\/schema\/logo\/image\/","url":"https:\/\/news.canadamotorjobs.com\/wp-content\/uploads\/2022\/10\/logo-canada-motor-jobs-1.png","contentUrl":"https:\/\/news.canadamotorjobs.com\/wp-content\/uploads\/2022\/10\/logo-canada-motor-jobs-1.png","width":800,"height":400,"caption":"Canada Motor Jobs"},"image":{"@id":"https:\/\/news.canadamotorjobs.com\/#\/schema\/logo\/image\/"},"sameAs":["https:\/\/www.facebook.com\/canadamotorjobs\/","https:\/\/x.com\/canadamotorjobs","https:\/\/www.instagram.com\/canadamotorjobs\/","https:\/\/www.linkedin.com\/company\/canadamotorjobs"]},{"@type":"Person","@id":"https:\/\/news.canadamotorjobs.com\/#\/schema\/person\/51793d1f87d44011d7bcc2ed99269a90","name":"Benoit Charette","image":{"@type":"ImageObject","inLanguage":"fr-CA","@id":"https:\/\/news.canadamotorjobs.com\/#\/schema\/person\/image\/","url":"https:\/\/secure.gravatar.com\/avatar\/45f3d2eebcccd909668d7ce7ea7267b6?s=96&d=mm&r=g","contentUrl":"https:\/\/secure.gravatar.com\/avatar\/45f3d2eebcccd909668d7ce7ea7267b6?s=96&d=mm&r=g","caption":"Benoit Charette"},"description":"Benoit Charette \/ Propri\u00e9taire et r\u00e9dacteur en chef Benoit Charette pratique le journalisme automobile depuis bient\u00f4t 30 ans. Il a fait ses classes au c\u00f4t\u00e9 de Daniel H\u00e9raud et au Carnet de route de 1992 \u00e0 2001. Il est fondateur, copropri\u00e9taire et r\u00e9dacteur en chef de L\u2019Annuel de l\u2019automobile, qu\u2019il publie depuis 2001. Il a anim\u00e9 les \u00e9missions RPM et RPM+ sur V et les L\u00e9gendes de la route sur Historia. \u00c0 la radio depuis 1986, il reprend l\u2019antenne cette ann\u00e9e sur les ondes de Cogeco et participe pour la deuxi\u00e8me ann\u00e9e \u00e0 l\u2019\u00e9mission Passion Auto sur RDS en plus de mettre en ligne le site Web officiel de L\u2019Annuel de l\u2019automobile sur annuelauto.ca.","sameAs":["https:\/\/annuelauto.ca\/"],"url":"https:\/\/news.canadamotorjobs.com\/fr\/author\/benoit-charette\/"}]}},"_links":{"self":[{"href":"https:\/\/news.canadamotorjobs.com\/fr\/wp-json\/wp\/v2\/posts\/199410"}],"collection":[{"href":"https:\/\/news.canadamotorjobs.com\/fr\/wp-json\/wp\/v2\/posts"}],"about":[{"href":"https:\/\/news.canadamotorjobs.com\/fr\/wp-json\/wp\/v2\/types\/post"}],"author":[{"embeddable":true,"href":"https:\/\/news.canadamotorjobs.com\/fr\/wp-json\/wp\/v2\/users\/8"}],"replies":[{"embeddable":true,"href":"https:\/\/news.canadamotorjobs.com\/fr\/wp-json\/wp\/v2\/comments?post=199410"}],"version-history":[{"count":2,"href":"https:\/\/news.canadamotorjobs.com\/fr\/wp-json\/wp\/v2\/posts\/199410\/revisions"}],"predecessor-version":[{"id":199414,"href":"https:\/\/news.canadamotorjobs.com\/fr\/wp-json\/wp\/v2\/posts\/199410\/revisions\/199414"}],"wp:featuredmedia":[{"embeddable":true,"href":"https:\/\/news.canadamotorjobs.com\/fr\/wp-json\/wp\/v2\/media\/199412"}],"wp:attachment":[{"href":"https:\/\/news.canadamotorjobs.com\/fr\/wp-json\/wp\/v2\/media?parent=199410"}],"wp:term":[{"taxonomy":"category","embeddable":true,"href":"https:\/\/news.canadamotorjobs.com\/fr\/wp-json\/wp\/v2\/categories?post=199410"},{"taxonomy":"post_tag","embeddable":true,"href":"https:\/\/news.canadamotorjobs.com\/fr\/wp-json\/wp\/v2\/tags?post=199410"}],"curies":[{"name":"wp","href":"https:\/\/api.w.org\/{rel}","templated":true}]}}