{"id":199363,"date":"2025-03-22T14:41:52","date_gmt":"2025-03-22T18:41:52","guid":{"rendered":"https:\/\/news.canadamotorjobs.com\/?p=199363"},"modified":"2025-03-22T14:44:43","modified_gmt":"2025-03-22T18:44:43","slug":"karma-devoile-son-premier-coupe-hybride-branchable-lamaris","status":"publish","type":"post","link":"https:\/\/news.canadamotorjobs.com\/fr\/karma-devoile-son-premier-coupe-hybride-branchable-lamaris\/","title":{"rendered":"Karma d\u00e9voile son premier coup\u00e9 hybride branchable\u00a0: l\u2019Amaris"},"content":{"rendered":"<\/p>\n<p>Il y a du neuf chez <a href=\"https:\/\/annuelauto.ca\/karma-passe-en-mode-renaissance\/\" target=\"_blank\" rel=\"noopener\">Karma Automotive<\/a>. La gamme de ce petit constructeur californien s\u2019enrichit de son premier coup\u00e9\u00a0: l\u2019Amaris, un pr\u00e9nom f\u00e9minin aux racines indo-europ\u00e9ennes signifiant \u00ab\u00a0Promise \u00e0 Dieu\u00a0\u00bb, selon divers sites internet sp\u00e9cialis\u00e9s en \u00e9tymologie. D\u00e9voil\u00e9 le 20 mars dernier, ce coup\u00e9 est le deuxi\u00e8me mod\u00e8le de s\u00e9rie lanc\u00e9 par cette marque depuis 2016 et l\u2019av\u00e8nement de la berline Revero (aussi appel\u00e9e GS-6 bri\u00e8vement).<\/p>\n<p>Son d\u00e9voilement a eu lieu dans le cadre de \u00ab\u00a0Create <a href=\"https:\/\/annuelauto.ca\/le-karma-ivara-sera-le-premier-utilitaire-de-cette-marque-californienne\/\" target=\"_blank\" rel=\"noopener\">Karma<\/a> 2025\u00a0\u00bb, un forum organis\u00e9 au si\u00e8ge social du constructeur, \u00e0 Irvine, en collaboration avec la Chambre de commerce locale. Cet \u00e9v\u00e9nement, qui en \u00e9tait \u00e0 sa troisi\u00e8me \u00e9dition annuelle, r\u00e9unissait des innovateurs de l&#8217;industrie, des \u00e9ducateurs, de m\u00eame que des dirigeants d\u2019entreprises et de villes du sud de la Californie pour leur permettre d\u2019\u00e9changer sur l&#8217;avenir des technologies automobiles et leur impact sur cette r\u00e9gion des \u00c9tats-Unis.<\/p>\n<p>Ce coup\u00e9 biplace a naturellement \u00e9t\u00e9 le clou de l\u2019\u00e9v\u00e9nement. Il entrera en production au cours du dernier trimestre de 2026, affirme le constructeur, ce qui permettra de combler un vide engendr\u00e9 par un nouveau changement de sa strat\u00e9gie.<\/p>\n<h3><strong>Changement de cap pour Karma<\/strong><\/h3>\n<p>\nLors de cet \u00e9v\u00e9nement, le constructeur a annonc\u00e9 le r\u00e9alignement de la strat\u00e9gie entourant le d\u00e9veloppement de ses motorisations. Alors qu\u2019il devait \u00e9lectrifier sa gamme de voitures avec l\u2019arriv\u00e9e anticip\u00e9e de deux nouveaut\u00e9s, on parle d\u00e9sormais de plut\u00f4t miser sur des motorisations hybrides branchables, une technologie que ma\u00eetrise Karma.<\/p>\n<p>Ce changement de cap serait une \u00ab\u00a0r\u00e9ponse aux changements \u00e0 court terme dans la demande des consommateurs pour les v\u00e9hicules \u00e9lectriques; changements qui ont provoqu\u00e9 des r\u00e9\u00e9valuations similaires chez plusieurs constructeurs de mod\u00e8les haut de gamme et ultra-luxueux\u00a0\u00bb, explique le constructeur.<\/p>\n<p>Bref, la future <a href=\"https:\/\/annuelauto.ca\/karma-presente-la-gyesera-sa-premiere-auto-electrique-de-serie\/\" target=\"_blank\" rel=\"noopener\">berline \u00e0 quatre portes Gyesera<\/a>, qui devait arriver sur le march\u00e9 \u00e0 la fin de 2024, pour remplacer la Revero, fera ses d\u00e9buts plus tard cette ann\u00e9e, mais avec une motorisation hybride branchable plut\u00f4t que d\u2019une motorisation \u00e9lectrique, comme pr\u00e9vue initialement. Quant au coup\u00e9 de haute performance \u00e9lectrique Kaveya, qui devait faire ses d\u00e9buts d\u2019ici la fin de 2025, sa commercialisation a \u00e9t\u00e9 repouss\u00e9e \u00e0 2027.<\/p>\n<h3><strong>Nouveau 4-cylindres turbo<\/strong><\/h3>\n<p>\nL\u2019Amaris servira donc \u00e0 combler cet int\u00e9rim tout en faisant usage d\u2019une nouvelle motorisation hybride branchable. Pour cette nouveaut\u00e9, Karma utilisera un 4-cylindres \u00e0 turbocompresseur, dont l\u2019origine reste inconnue. Ce moteur aura une cylindr\u00e9e plus importante que le 3-cylindres BMW TwinPower de 1,5\u00a0L de la Revero. De plus, ses moteurs \u00e9lectriques lui permettront d\u2019acc\u00e9l\u00e9rer de 0 \u00e0 100\u00a0km\/h en moins de 3,5\u00a0secondes environ, en plus d\u2019atteindre une vitesse de pointe estim\u00e9e \u00e0 265\u00a0km\/h.<\/p>\n<p>Rappelons que la motorisation hybride branchable de Karma reprend le principe de celles qu\u2019avaient la Chevrolet\u00a0Volt et la BMW\u00a0i3. Celle de la plus r\u00e9cente Revero, par exemple, a deux moteurs \u00e9lectriques de 400\u00a0kW qui entra\u00eenent la voiture et qui sont aliment\u00e9s par une batterie de 28\u00a0kWh. Cette derni\u00e8re peut \u00eatre recharg\u00e9e \u00e0 l\u2019aide d\u2019une prise de courant ordinaire ou d\u2019une borne de recharge, ou encore en roulant par le moteur BMW TwinPower, qui joue en quelque sorte le r\u00f4le d\u2019une g\u00e9n\u00e9ratrice.<\/p>\n<p>Pour cette Revero, avec des conditions optimales, ce genre de motorisation procure une autonomie \u00e9lectrique d\u2019environ 130\u00a0kilom\u00e8tres \u00e0 laquelle l\u2019action du moteur thermique peut ajouter jusqu\u2019\u00e0 450\u00a0kilom\u00e8tres. Le conducteur se retrouve ainsi avec une autonomie totale pouvant atteindre 580\u00a0kilom\u00e8tres.<\/p>\n<p>Par ailleurs, Karma a \u00e9galement annonc\u00e9 que l\u2019Amaris aura une carrosserie en fibre de carbone et en aluminium dont la silhouette s\u2019inspire du design \u00ab\u00a0Comet Line\u00a0\u00bb imagin\u00e9 pour la Kaveya. Elle aura des roues Constellation de 22\u00a0po en alliage, une voie arri\u00e8re plus large et ses porti\u00e8res en \u00ab\u00a0ailes de cygne\u00a0\u00bb s\u2019ouvriront comme celles d\u2019une Aston Martin Vantage, en se d\u00e9ployant lat\u00e9ralement tout en se soulevant l\u00e9g\u00e8rement. Les prix de ses diff\u00e9rentes versions seront annonc\u00e9s ult\u00e9rieurement.<\/p>\n<h3><strong>De Fisker \u00e0 Karma, une histoire mouvement\u00e9e<\/strong><\/h3>\n<p>\nLes fanatiques d\u2019histoire se souviendront que la Revero est le mod\u00e8le qui a succ\u00e9d\u00e9 \u00e0 la Fisker Karma. Produite \u00e0 tout juste 2\u00a0000 exemplaires, cette berline \u00e0 motorisation hybride branchable avait \u00e9t\u00e9 mise au point par Fisker Automotive, l\u2019entreprise fond\u00e9e par le designer danois Henrik Fisker en 2007. \u00c0 la suite de probl\u00e8mes financiers engendr\u00e9s notamment par la faillite de A123, son fournisseur de batteries, l\u2019entreprise a \u00e9t\u00e9 revendue au Groupe Wanxiang, un \u00e9quipementier chinois \u00e9tabli \u00e0 Hangzhou, en 2014. Puis, en septembre 2015, l\u2019entreprise a \u00e9t\u00e9 rebaptis\u00e9e Karma Automotive.<\/p>\n<p>Rappelons, par ailleurs, que c\u2019est le m\u00eame Henrik Fisker qui a fond\u00e9 <a href=\"https:\/\/annuelauto.ca\/fisker-apres-locean-lalaska\/\" target=\"_blank\" rel=\"noopener\">Fisker\u00a0Inc.<\/a> en 2016, une nouvelle entreprise qu\u2019il destinait \u00e0 commercialiser une imposante gamme de v\u00e9hicules \u00e9lectriques. Malheureusement, elle a \u00e9t\u00e9 emport\u00e9e par une faillite fracassante en 2024, apr\u00e8s qu\u2019environ 10\u00a0000 exemplaires de l\u2019utilitaire Ocean, son premier mod\u00e8le de s\u00e9rie, aient \u00e9t\u00e9 assembl\u00e9s.<\/p>\n<p><em>Photos : Karma<\/em><\/p>\n<p>Le texte <a href=\"https:\/\/annuelauto.ca\/karma-devoile-son-premier-coupe-hybride-branchable-lamaris\/\">Karma d\u00e9voile son premier coup\u00e9 hybride branchable\u00a0: l\u2019Amaris<\/a> provient de <a href=\"https:\/\/annuelauto.ca\">L&#8217;annuel de l&#8217;automobile &#8211; Actualit\u00e9 automobile<\/a><\/p>\n<p><\/p>\n","protected":false},"excerpt":{"rendered":"<p>Il y a du neuf chez Karma Automotive. La gamme de ce petit constructeur californien s\u2019enrichit de son premier coup\u00e9\u00a0: l\u2019Amaris, un pr\u00e9nom f\u00e9minin aux racines indo-europ\u00e9ennes signifiant \u00ab\u00a0Promise \u00e0 Dieu\u00a0\u00bb, selon divers sites internet sp\u00e9cialis\u00e9s en \u00e9tymologie. D\u00e9voil\u00e9 le 20 mars dernier, ce coup\u00e9 est le deuxi\u00e8me mod\u00e8le de s\u00e9rie lanc\u00e9 par cette marque [&hellip;]<\/p>\n","protected":false},"author":8,"featured_media":199365,"comment_status":"close","ping_status":"closed","sticky":false,"template":"","format":"standard","meta":{"_monsterinsights_skip_tracking":false,"_monsterinsights_sitenote_active":false,"_monsterinsights_sitenote_note":"","_monsterinsights_sitenote_category":0,"footnotes":""},"categories":[101],"tags":[],"yoast_head":"<!-- This site is optimized with the Yoast SEO plugin v23.2 - https:\/\/yoast.com\/wordpress\/plugins\/seo\/ -->\n<title>Karma d\u00e9voile son premier coup\u00e9 hybride branchable\u00a0: l\u2019Amaris - CanadaMotorJobs.com<\/title>\n<meta name=\"description\" content=\"Karma d\u00e9voile son premier coup\u00e9 hybride branchable\u00a0: l\u2019Amaris - Benoit Charette - Annuel automobile - CanadaMotorJobs.com.\" \/>\n<meta name=\"robots\" content=\"index, follow, max-snippet:-1, max-image-preview:large, max-video-preview:-1\" \/>\n<meta property=\"og:locale\" content=\"fr_CA\" \/>\n<meta property=\"og:type\" content=\"article\" \/>\n<meta property=\"og:title\" content=\"Karma d\u00e9voile son premier coup\u00e9 hybride branchable\u00a0: l\u2019Amaris - CanadaMotorJobs.com\" \/>\n<meta property=\"og:description\" content=\"Karma d\u00e9voile son premier coup\u00e9 hybride branchable\u00a0: l\u2019Amaris - Benoit Charette - Annuel automobile - CanadaMotorJobs.com.\" \/>\n<meta property=\"og:url\" content=\"https:\/\/news.canadamotorjobs.com\/fr\/karma-devoile-son-premier-coupe-hybride-branchable-lamaris\/\" \/>\n<meta property=\"og:site_name\" content=\"CanadaMotorJobs.com\" \/>\n<meta property=\"article:publisher\" content=\"https:\/\/www.facebook.com\/canadamotorjobs\/\" \/>\n<meta property=\"article:published_time\" content=\"2025-03-22T18:41:52+00:00\" \/>\n<meta property=\"article:modified_time\" content=\"2025-03-22T18:44:43+00:00\" \/>\n<meta property=\"og:image\" content=\"https:\/\/news.canadamotorjobs.com\/wp-content\/uploads\/2025\/03\/Karma-Amaris-2026-2.jpg\" \/>\n\t<meta property=\"og:image:width\" content=\"1024\" \/>\n\t<meta property=\"og:image:height\" content=\"683\" \/>\n\t<meta property=\"og:image:type\" content=\"image\/jpeg\" \/>\n<meta name=\"author\" content=\"Benoit Charette\" \/>\n<meta name=\"twitter:card\" content=\"summary_large_image\" \/>\n<meta name=\"twitter:creator\" content=\"@canadamotorjobs\" \/>\n<meta name=\"twitter:site\" content=\"@canadamotorjobs\" \/>\n<meta name=\"twitter:label1\" content=\"\u00c9crit par\" \/>\n\t<meta name=\"twitter:data1\" content=\"Benoit Charette\" \/>\n\t<meta name=\"twitter:label2\" content=\"Estimation du temps de lecture\" \/>\n\t<meta name=\"twitter:data2\" content=\"4 minutes\" \/>\n<!-- \/ Yoast SEO plugin. -->","yoast_head_json":{"title":"Karma d\u00e9voile son premier coup\u00e9 hybride branchable\u00a0: l\u2019Amaris - CanadaMotorJobs.com","description":"Karma d\u00e9voile son premier coup\u00e9 hybride branchable\u00a0: l\u2019Amaris - Benoit Charette - Annuel automobile - CanadaMotorJobs.com.","robots":{"index":"index","follow":"follow","max-snippet":"max-snippet:-1","max-image-preview":"max-image-preview:large","max-video-preview":"max-video-preview:-1"},"og_locale":"fr_CA","og_type":"article","og_title":"Karma d\u00e9voile son premier coup\u00e9 hybride branchable\u00a0: l\u2019Amaris - CanadaMotorJobs.com","og_description":"Karma d\u00e9voile son premier coup\u00e9 hybride branchable\u00a0: l\u2019Amaris - Benoit Charette - Annuel automobile - CanadaMotorJobs.com.","og_url":"https:\/\/news.canadamotorjobs.com\/fr\/karma-devoile-son-premier-coupe-hybride-branchable-lamaris\/","og_site_name":"CanadaMotorJobs.com","article_publisher":"https:\/\/www.facebook.com\/canadamotorjobs\/","article_published_time":"2025-03-22T18:41:52+00:00","article_modified_time":"2025-03-22T18:44:43+00:00","og_image":[{"width":1024,"height":683,"url":"https:\/\/news.canadamotorjobs.com\/wp-content\/uploads\/2025\/03\/Karma-Amaris-2026-2.jpg","type":"image\/jpeg"}],"author":"Benoit Charette","twitter_card":"summary_large_image","twitter_creator":"@canadamotorjobs","twitter_site":"@canadamotorjobs","twitter_misc":{"\u00c9crit par":"Benoit Charette","Estimation du temps de lecture":"4 minutes"},"schema":{"@context":"https:\/\/schema.org","@graph":[{"@type":"Article","@id":"https:\/\/news.canadamotorjobs.com\/fr\/karma-devoile-son-premier-coupe-hybride-branchable-lamaris\/#article","isPartOf":{"@id":"https:\/\/news.canadamotorjobs.com\/fr\/karma-devoile-son-premier-coupe-hybride-branchable-lamaris\/"},"author":{"name":"Benoit Charette","@id":"https:\/\/news.canadamotorjobs.com\/#\/schema\/person\/51793d1f87d44011d7bcc2ed99269a90"},"headline":"Karma d\u00e9voile son premier coup\u00e9 hybride branchable\u00a0: l\u2019Amaris","datePublished":"2025-03-22T18:41:52+00:00","dateModified":"2025-03-22T18:44:43+00:00","mainEntityOfPage":{"@id":"https:\/\/news.canadamotorjobs.com\/fr\/karma-devoile-son-premier-coupe-hybride-branchable-lamaris\/"},"wordCount":891,"publisher":{"@id":"https:\/\/news.canadamotorjobs.com\/#organization"},"image":{"@id":"https:\/\/news.canadamotorjobs.com\/fr\/karma-devoile-son-premier-coupe-hybride-branchable-lamaris\/#primaryimage"},"thumbnailUrl":"https:\/\/news.canadamotorjobs.com\/wp-content\/uploads\/2025\/03\/Karma-Amaris-2026-2.jpg","articleSection":["Annuel automobile"],"inLanguage":"fr-CA"},{"@type":"WebPage","@id":"https:\/\/news.canadamotorjobs.com\/fr\/karma-devoile-son-premier-coupe-hybride-branchable-lamaris\/","url":"https:\/\/news.canadamotorjobs.com\/fr\/karma-devoile-son-premier-coupe-hybride-branchable-lamaris\/","name":"Karma d\u00e9voile son premier coup\u00e9 hybride branchable\u00a0: l\u2019Amaris - CanadaMotorJobs.com","isPartOf":{"@id":"https:\/\/news.canadamotorjobs.com\/#website"},"primaryImageOfPage":{"@id":"https:\/\/news.canadamotorjobs.com\/fr\/karma-devoile-son-premier-coupe-hybride-branchable-lamaris\/#primaryimage"},"image":{"@id":"https:\/\/news.canadamotorjobs.com\/fr\/karma-devoile-son-premier-coupe-hybride-branchable-lamaris\/#primaryimage"},"thumbnailUrl":"https:\/\/news.canadamotorjobs.com\/wp-content\/uploads\/2025\/03\/Karma-Amaris-2026-2.jpg","datePublished":"2025-03-22T18:41:52+00:00","dateModified":"2025-03-22T18:44:43+00:00","description":"Karma d\u00e9voile son premier coup\u00e9 hybride branchable\u00a0: l\u2019Amaris - Benoit Charette - Annuel automobile - CanadaMotorJobs.com.","breadcrumb":{"@id":"https:\/\/news.canadamotorjobs.com\/fr\/karma-devoile-son-premier-coupe-hybride-branchable-lamaris\/#breadcrumb"},"inLanguage":"fr-CA","potentialAction":[{"@type":"ReadAction","target":["https:\/\/news.canadamotorjobs.com\/fr\/karma-devoile-son-premier-coupe-hybride-branchable-lamaris\/"]}]},{"@type":"ImageObject","inLanguage":"fr-CA","@id":"https:\/\/news.canadamotorjobs.com\/fr\/karma-devoile-son-premier-coupe-hybride-branchable-lamaris\/#primaryimage","url":"https:\/\/news.canadamotorjobs.com\/wp-content\/uploads\/2025\/03\/Karma-Amaris-2026-2.jpg","contentUrl":"https:\/\/news.canadamotorjobs.com\/wp-content\/uploads\/2025\/03\/Karma-Amaris-2026-2.jpg","width":1024,"height":683},{"@type":"BreadcrumbList","@id":"https:\/\/news.canadamotorjobs.com\/fr\/karma-devoile-son-premier-coupe-hybride-branchable-lamaris\/#breadcrumb","itemListElement":[{"@type":"ListItem","position":1,"name":"Home","item":"https:\/\/news.canadamotorjobs.com\/fr\/blog\/"},{"@type":"ListItem","position":2,"name":"Karma d\u00e9voile son premier coup\u00e9 hybride branchable\u00a0: l\u2019Amaris"}]},{"@type":"WebSite","@id":"https:\/\/news.canadamotorjobs.com\/#website","url":"https:\/\/news.canadamotorjobs.com\/","name":"CanadaMotorJobs.com","description":"Automotive Jobs","publisher":{"@id":"https:\/\/news.canadamotorjobs.com\/#organization"},"potentialAction":[{"@type":"SearchAction","target":{"@type":"EntryPoint","urlTemplate":"https:\/\/news.canadamotorjobs.com\/?s={search_term_string}"},"query-input":"required name=search_term_string"}],"inLanguage":"fr-CA"},{"@type":"Organization","@id":"https:\/\/news.canadamotorjobs.com\/#organization","name":"Canada Motor Jobs","url":"https:\/\/news.canadamotorjobs.com\/","logo":{"@type":"ImageObject","inLanguage":"fr-CA","@id":"https:\/\/news.canadamotorjobs.com\/#\/schema\/logo\/image\/","url":"https:\/\/news.canadamotorjobs.com\/wp-content\/uploads\/2022\/10\/logo-canada-motor-jobs-1.png","contentUrl":"https:\/\/news.canadamotorjobs.com\/wp-content\/uploads\/2022\/10\/logo-canada-motor-jobs-1.png","width":800,"height":400,"caption":"Canada Motor Jobs"},"image":{"@id":"https:\/\/news.canadamotorjobs.com\/#\/schema\/logo\/image\/"},"sameAs":["https:\/\/www.facebook.com\/canadamotorjobs\/","https:\/\/x.com\/canadamotorjobs","https:\/\/www.instagram.com\/canadamotorjobs\/","https:\/\/www.linkedin.com\/company\/canadamotorjobs"]},{"@type":"Person","@id":"https:\/\/news.canadamotorjobs.com\/#\/schema\/person\/51793d1f87d44011d7bcc2ed99269a90","name":"Benoit Charette","image":{"@type":"ImageObject","inLanguage":"fr-CA","@id":"https:\/\/news.canadamotorjobs.com\/#\/schema\/person\/image\/","url":"https:\/\/secure.gravatar.com\/avatar\/45f3d2eebcccd909668d7ce7ea7267b6?s=96&d=mm&r=g","contentUrl":"https:\/\/secure.gravatar.com\/avatar\/45f3d2eebcccd909668d7ce7ea7267b6?s=96&d=mm&r=g","caption":"Benoit Charette"},"description":"Benoit Charette \/ Propri\u00e9taire et r\u00e9dacteur en chef Benoit Charette pratique le journalisme automobile depuis bient\u00f4t 30 ans. Il a fait ses classes au c\u00f4t\u00e9 de Daniel H\u00e9raud et au Carnet de route de 1992 \u00e0 2001. Il est fondateur, copropri\u00e9taire et r\u00e9dacteur en chef de L\u2019Annuel de l\u2019automobile, qu\u2019il publie depuis 2001. Il a anim\u00e9 les \u00e9missions RPM et RPM+ sur V et les L\u00e9gendes de la route sur Historia. \u00c0 la radio depuis 1986, il reprend l\u2019antenne cette ann\u00e9e sur les ondes de Cogeco et participe pour la deuxi\u00e8me ann\u00e9e \u00e0 l\u2019\u00e9mission Passion Auto sur RDS en plus de mettre en ligne le site Web officiel de L\u2019Annuel de l\u2019automobile sur annuelauto.ca.","sameAs":["https:\/\/annuelauto.ca\/"],"url":"https:\/\/news.canadamotorjobs.com\/fr\/author\/benoit-charette\/"}]}},"_links":{"self":[{"href":"https:\/\/news.canadamotorjobs.com\/fr\/wp-json\/wp\/v2\/posts\/199363"}],"collection":[{"href":"https:\/\/news.canadamotorjobs.com\/fr\/wp-json\/wp\/v2\/posts"}],"about":[{"href":"https:\/\/news.canadamotorjobs.com\/fr\/wp-json\/wp\/v2\/types\/post"}],"author":[{"embeddable":true,"href":"https:\/\/news.canadamotorjobs.com\/fr\/wp-json\/wp\/v2\/users\/8"}],"replies":[{"embeddable":true,"href":"https:\/\/news.canadamotorjobs.com\/fr\/wp-json\/wp\/v2\/comments?post=199363"}],"version-history":[{"count":2,"href":"https:\/\/news.canadamotorjobs.com\/fr\/wp-json\/wp\/v2\/posts\/199363\/revisions"}],"predecessor-version":[{"id":199367,"href":"https:\/\/news.canadamotorjobs.com\/fr\/wp-json\/wp\/v2\/posts\/199363\/revisions\/199367"}],"wp:featuredmedia":[{"embeddable":true,"href":"https:\/\/news.canadamotorjobs.com\/fr\/wp-json\/wp\/v2\/media\/199365"}],"wp:attachment":[{"href":"https:\/\/news.canadamotorjobs.com\/fr\/wp-json\/wp\/v2\/media?parent=199363"}],"wp:term":[{"taxonomy":"category","embeddable":true,"href":"https:\/\/news.canadamotorjobs.com\/fr\/wp-json\/wp\/v2\/categories?post=199363"},{"taxonomy":"post_tag","embeddable":true,"href":"https:\/\/news.canadamotorjobs.com\/fr\/wp-json\/wp\/v2\/tags?post=199363"}],"curies":[{"name":"wp","href":"https:\/\/api.w.org\/{rel}","templated":true}]}}