{"id":199340,"date":"2025-03-22T09:35:13","date_gmt":"2025-03-22T13:35:13","guid":{"rendered":"https:\/\/news.canadamotorjobs.com\/?p=199340"},"modified":"2025-03-22T09:43:58","modified_gmt":"2025-03-22T13:43:58","slug":"mercedes-benz-propose-jusqua-778-000-pour-inciter-ses-employes-a-partir","status":"publish","type":"post","link":"https:\/\/news.canadamotorjobs.com\/fr\/mercedes-benz-propose-jusqua-778-000-pour-inciter-ses-employes-a-partir\/","title":{"rendered":"Mercedes-Benz propose jusqu\u2019\u00e0 778 000 $ pour inciter ses employ\u00e9s \u00e0 partir"},"content":{"rendered":"<\/p>\n<p class=\"\" data-start=\"138\" data-end=\"457\">Mercedes-Benz met en place un programme de <strong data-start=\"181\" data-end=\"229\">d\u00e9parts volontaires g\u00e9n\u00e9reusement indemnis\u00e9s<\/strong> dans le cadre d\u2019un plan visant \u00e0 \u00e9conomiser <strong data-start=\"274\" data-end=\"313\">7,8 milliards de dollars d\u2019ici 2027<\/strong>. L\u2019entreprise cherche \u00e0 r\u00e9duire ses effectifs administratifs et \u00e0 supprimer des <strong data-start=\"394\" data-end=\"417\">postes de direction<\/strong>, tout en conservant ses talents cl\u00e9s.<\/p>\n<h3 data-start=\"459\" data-end=\"518\"><strong data-start=\"464\" data-end=\"516\">Des indemnit\u00e9s \u00e0 six chiffres selon l\u2019anciennet\u00e9<\/strong><\/h3>\n<p><\/p>\n<p class=\"\" data-start=\"519\" data-end=\"821\">Selon des rapports des m\u00e9dias allemands, <strong data-start=\"560\" data-end=\"634\">les indemnit\u00e9s varient en fonction du salaire et des ann\u00e9es de service<\/strong>. Par exemple, un chef d\u2019\u00e9quipe de <strong data-start=\"669\" data-end=\"679\">55 ans<\/strong>, avec un salaire mensuel d\u2019environ <strong data-start=\"715\" data-end=\"726\">14 000 $<\/strong> et <strong data-start=\"730\" data-end=\"753\">30 ans d\u2019anciennet\u00e9<\/strong>, pourrait percevoir <strong data-start=\"774\" data-end=\"795\">jusqu\u2019\u00e0 778 000 $<\/strong> pour quitter son poste.<\/p>\n<p><\/p>\n<p class=\"\" data-start=\"823\" data-end=\"1081\">Un employ\u00e9 de <strong data-start=\"837\" data-end=\"847\">45 ans<\/strong>, travaillant depuis <strong data-start=\"868\" data-end=\"878\">20 ans<\/strong> et gagnant <strong data-start=\"890\" data-end=\"910\">11 700 $ par mois<\/strong>, pourrait recevoir une offre de <strong data-start=\"943\" data-end=\"956\">324 000 $<\/strong>. M\u00eame un salari\u00e9 dans la trentaine, avec un salaire mensuel de <strong data-start=\"1020\" data-end=\"1031\">9 375 $<\/strong>, pourrait repartir avec <strong data-start=\"1056\" data-end=\"1069\">156 000 $<\/strong> en poche.<\/p>\n<h3 data-start=\"1083\" data-end=\"1138\"><strong data-start=\"1088\" data-end=\"1136\">Qui est concern\u00e9 par ces offres de d\u00e9parts ?<\/strong><\/h3>\n<p><\/p>\n<p class=\"\" data-start=\"1139\" data-end=\"1491\">Le programme concerne environ <strong data-start=\"1169\" data-end=\"1188\">30 000 employ\u00e9s<\/strong>, principalement ceux <strong data-start=\"1210\" data-end=\"1229\">hors production<\/strong>, qui recevront une offre individuelle d\u2019ici <strong data-start=\"1274\" data-end=\"1287\">fin avril<\/strong>. Les salari\u00e9s auront jusqu\u2019au <strong data-start=\"1318\" data-end=\"1332\">31 juillet<\/strong> pour r\u00e9pondre, sans obligation d\u2019accepter. Toutefois, <strong data-start=\"1387\" data-end=\"1447\">Mercedes se r\u00e9serve le droit de refuser certains d\u00e9parts<\/strong> si l\u2019employ\u00e9 occupe un poste strat\u00e9gique.<\/p>\n<h3 data-start=\"1493\" data-end=\"1554\"><strong data-start=\"1498\" data-end=\"1552\">Pourquoi Mercedes-Benz offre-t-il ces indemnit\u00e9s ?<\/strong><\/h3>\n<p><\/p>\n<p class=\"\" data-start=\"1555\" data-end=\"1853\">Ce programme s\u2019inscrit dans un cadre l\u00e9gal : <strong data-start=\"1600\" data-end=\"1684\">les employ\u00e9s administratifs sont prot\u00e9g\u00e9s contre les licenciements jusqu\u2019en 2034<\/strong> gr\u00e2ce \u00e0 des accords pass\u00e9s. Mercedes cherche donc \u00e0 r\u00e9duire ses effectifs de mani\u00e8re volontaire et pr\u00e9voit \u00e9galement de <strong data-start=\"1805\" data-end=\"1850\">diminuer le nombre de postes de direction<\/strong>.<\/p>\n<p><\/p>\n<p class=\"\" data-start=\"2123\" data-end=\"2265\">Avec des renseignements de Carscoops<\/p>\n<p>Le texte <a href=\"https:\/\/annuelauto.ca\/mercedes-departs-volontaires-indemnites\/\">Mercedes-Benz propose jusqu\u2019\u00e0 778 000 $ pour inciter ses employ\u00e9s \u00e0 partir<\/a> provient de <a href=\"https:\/\/annuelauto.ca\">L&#8217;annuel de l&#8217;automobile &#8211; Actualit\u00e9 automobile<\/a><\/p>\n<p><\/p>\n","protected":false},"excerpt":{"rendered":"<p>Mercedes-Benz met en place un programme de d\u00e9parts volontaires g\u00e9n\u00e9reusement indemnis\u00e9s dans le cadre d\u2019un plan visant \u00e0 \u00e9conomiser 7,8 milliards de dollars d\u2019ici 2027. L\u2019entreprise cherche \u00e0 r\u00e9duire ses effectifs administratifs et \u00e0 supprimer des postes de direction, tout en conservant ses talents cl\u00e9s. Des indemnit\u00e9s \u00e0 six chiffres selon l\u2019anciennet\u00e9 Selon des rapports [&hellip;]<\/p>\n","protected":false},"author":8,"featured_media":199342,"comment_status":"close","ping_status":"closed","sticky":false,"template":"","format":"standard","meta":{"_monsterinsights_skip_tracking":false,"_monsterinsights_sitenote_active":false,"_monsterinsights_sitenote_note":"","_monsterinsights_sitenote_category":0,"footnotes":""},"categories":[101],"tags":[],"yoast_head":"<!-- This site is optimized with the Yoast SEO plugin v23.2 - https:\/\/yoast.com\/wordpress\/plugins\/seo\/ -->\n<title>Mercedes-Benz propose jusqu\u2019\u00e0 778 000 $ pour inciter ses employ\u00e9s \u00e0 partir - CanadaMotorJobs.com<\/title>\n<meta name=\"description\" content=\"Mercedes-Benz propose jusqu\u2019\u00e0 778 000 $ pour inciter ses employ\u00e9s \u00e0 partir - Benoit Charette - Annuel automobile - CanadaMotorJobs.com.\" \/>\n<meta name=\"robots\" content=\"index, follow, max-snippet:-1, max-image-preview:large, max-video-preview:-1\" \/>\n<meta property=\"og:locale\" content=\"fr_CA\" \/>\n<meta property=\"og:type\" content=\"article\" \/>\n<meta property=\"og:title\" content=\"Mercedes-Benz propose jusqu\u2019\u00e0 778 000 $ pour inciter ses employ\u00e9s \u00e0 partir - CanadaMotorJobs.com\" \/>\n<meta property=\"og:description\" content=\"Mercedes-Benz propose jusqu\u2019\u00e0 778 000 $ pour inciter ses employ\u00e9s \u00e0 partir - Benoit Charette - Annuel automobile - CanadaMotorJobs.com.\" \/>\n<meta property=\"og:url\" content=\"https:\/\/news.canadamotorjobs.com\/fr\/mercedes-benz-propose-jusqua-778-000-pour-inciter-ses-employes-a-partir\/\" \/>\n<meta property=\"og:site_name\" content=\"CanadaMotorJobs.com\" \/>\n<meta property=\"article:publisher\" content=\"https:\/\/www.facebook.com\/canadamotorjobs\/\" \/>\n<meta property=\"article:published_time\" content=\"2025-03-22T13:35:13+00:00\" \/>\n<meta property=\"article:modified_time\" content=\"2025-03-22T13:43:58+00:00\" \/>\n<meta property=\"og:image\" content=\"https:\/\/news.canadamotorjobs.com\/wp-content\/uploads\/2025\/03\/24C0283_020.jpg\" \/>\n\t<meta property=\"og:image:width\" content=\"1200\" \/>\n\t<meta property=\"og:image:height\" content=\"800\" \/>\n\t<meta property=\"og:image:type\" content=\"image\/jpeg\" \/>\n<meta name=\"author\" content=\"Benoit Charette\" \/>\n<meta name=\"twitter:card\" content=\"summary_large_image\" \/>\n<meta name=\"twitter:creator\" content=\"@canadamotorjobs\" \/>\n<meta name=\"twitter:site\" content=\"@canadamotorjobs\" \/>\n<meta name=\"twitter:label1\" content=\"\u00c9crit par\" \/>\n\t<meta name=\"twitter:data1\" content=\"Benoit Charette\" \/>\n\t<meta name=\"twitter:label2\" content=\"Estimation du temps de lecture\" \/>\n\t<meta name=\"twitter:data2\" content=\"1 minute\" \/>\n<!-- \/ Yoast SEO plugin. -->","yoast_head_json":{"title":"Mercedes-Benz propose jusqu\u2019\u00e0 778 000 $ pour inciter ses employ\u00e9s \u00e0 partir - CanadaMotorJobs.com","description":"Mercedes-Benz propose jusqu\u2019\u00e0 778 000 $ pour inciter ses employ\u00e9s \u00e0 partir - Benoit Charette - Annuel automobile - CanadaMotorJobs.com.","robots":{"index":"index","follow":"follow","max-snippet":"max-snippet:-1","max-image-preview":"max-image-preview:large","max-video-preview":"max-video-preview:-1"},"og_locale":"fr_CA","og_type":"article","og_title":"Mercedes-Benz propose jusqu\u2019\u00e0 778 000 $ pour inciter ses employ\u00e9s \u00e0 partir - CanadaMotorJobs.com","og_description":"Mercedes-Benz propose jusqu\u2019\u00e0 778 000 $ pour inciter ses employ\u00e9s \u00e0 partir - Benoit Charette - Annuel automobile - CanadaMotorJobs.com.","og_url":"https:\/\/news.canadamotorjobs.com\/fr\/mercedes-benz-propose-jusqua-778-000-pour-inciter-ses-employes-a-partir\/","og_site_name":"CanadaMotorJobs.com","article_publisher":"https:\/\/www.facebook.com\/canadamotorjobs\/","article_published_time":"2025-03-22T13:35:13+00:00","article_modified_time":"2025-03-22T13:43:58+00:00","og_image":[{"width":1200,"height":800,"url":"https:\/\/news.canadamotorjobs.com\/wp-content\/uploads\/2025\/03\/24C0283_020.jpg","type":"image\/jpeg"}],"author":"Benoit Charette","twitter_card":"summary_large_image","twitter_creator":"@canadamotorjobs","twitter_site":"@canadamotorjobs","twitter_misc":{"\u00c9crit par":"Benoit Charette","Estimation du temps de lecture":"1 minute"},"schema":{"@context":"https:\/\/schema.org","@graph":[{"@type":"Article","@id":"https:\/\/news.canadamotorjobs.com\/fr\/mercedes-benz-propose-jusqua-778-000-pour-inciter-ses-employes-a-partir\/#article","isPartOf":{"@id":"https:\/\/news.canadamotorjobs.com\/fr\/mercedes-benz-propose-jusqua-778-000-pour-inciter-ses-employes-a-partir\/"},"author":{"name":"Benoit Charette","@id":"https:\/\/news.canadamotorjobs.com\/#\/schema\/person\/51793d1f87d44011d7bcc2ed99269a90"},"headline":"Mercedes-Benz propose jusqu\u2019\u00e0 778 000 $ pour inciter ses employ\u00e9s \u00e0 partir","datePublished":"2025-03-22T13:35:13+00:00","dateModified":"2025-03-22T13:43:58+00:00","mainEntityOfPage":{"@id":"https:\/\/news.canadamotorjobs.com\/fr\/mercedes-benz-propose-jusqua-778-000-pour-inciter-ses-employes-a-partir\/"},"wordCount":290,"publisher":{"@id":"https:\/\/news.canadamotorjobs.com\/#organization"},"image":{"@id":"https:\/\/news.canadamotorjobs.com\/fr\/mercedes-benz-propose-jusqua-778-000-pour-inciter-ses-employes-a-partir\/#primaryimage"},"thumbnailUrl":"https:\/\/news.canadamotorjobs.com\/wp-content\/uploads\/2025\/03\/24C0283_020.jpg","articleSection":["Annuel automobile"],"inLanguage":"fr-CA"},{"@type":"WebPage","@id":"https:\/\/news.canadamotorjobs.com\/fr\/mercedes-benz-propose-jusqua-778-000-pour-inciter-ses-employes-a-partir\/","url":"https:\/\/news.canadamotorjobs.com\/fr\/mercedes-benz-propose-jusqua-778-000-pour-inciter-ses-employes-a-partir\/","name":"Mercedes-Benz propose jusqu\u2019\u00e0 778 000 $ pour inciter ses employ\u00e9s \u00e0 partir - CanadaMotorJobs.com","isPartOf":{"@id":"https:\/\/news.canadamotorjobs.com\/#website"},"primaryImageOfPage":{"@id":"https:\/\/news.canadamotorjobs.com\/fr\/mercedes-benz-propose-jusqua-778-000-pour-inciter-ses-employes-a-partir\/#primaryimage"},"image":{"@id":"https:\/\/news.canadamotorjobs.com\/fr\/mercedes-benz-propose-jusqua-778-000-pour-inciter-ses-employes-a-partir\/#primaryimage"},"thumbnailUrl":"https:\/\/news.canadamotorjobs.com\/wp-content\/uploads\/2025\/03\/24C0283_020.jpg","datePublished":"2025-03-22T13:35:13+00:00","dateModified":"2025-03-22T13:43:58+00:00","description":"Mercedes-Benz propose jusqu\u2019\u00e0 778 000 $ pour inciter ses employ\u00e9s \u00e0 partir - Benoit Charette - Annuel automobile - CanadaMotorJobs.com.","breadcrumb":{"@id":"https:\/\/news.canadamotorjobs.com\/fr\/mercedes-benz-propose-jusqua-778-000-pour-inciter-ses-employes-a-partir\/#breadcrumb"},"inLanguage":"fr-CA","potentialAction":[{"@type":"ReadAction","target":["https:\/\/news.canadamotorjobs.com\/fr\/mercedes-benz-propose-jusqua-778-000-pour-inciter-ses-employes-a-partir\/"]}]},{"@type":"ImageObject","inLanguage":"fr-CA","@id":"https:\/\/news.canadamotorjobs.com\/fr\/mercedes-benz-propose-jusqua-778-000-pour-inciter-ses-employes-a-partir\/#primaryimage","url":"https:\/\/news.canadamotorjobs.com\/wp-content\/uploads\/2025\/03\/24C0283_020.jpg","contentUrl":"https:\/\/news.canadamotorjobs.com\/wp-content\/uploads\/2025\/03\/24C0283_020.jpg","width":1200,"height":800},{"@type":"BreadcrumbList","@id":"https:\/\/news.canadamotorjobs.com\/fr\/mercedes-benz-propose-jusqua-778-000-pour-inciter-ses-employes-a-partir\/#breadcrumb","itemListElement":[{"@type":"ListItem","position":1,"name":"Home","item":"https:\/\/news.canadamotorjobs.com\/fr\/blog\/"},{"@type":"ListItem","position":2,"name":"Mercedes-Benz propose jusqu\u2019\u00e0 778 000 $ pour inciter ses employ\u00e9s \u00e0 partir"}]},{"@type":"WebSite","@id":"https:\/\/news.canadamotorjobs.com\/#website","url":"https:\/\/news.canadamotorjobs.com\/","name":"CanadaMotorJobs.com","description":"Automotive Jobs","publisher":{"@id":"https:\/\/news.canadamotorjobs.com\/#organization"},"potentialAction":[{"@type":"SearchAction","target":{"@type":"EntryPoint","urlTemplate":"https:\/\/news.canadamotorjobs.com\/?s={search_term_string}"},"query-input":"required name=search_term_string"}],"inLanguage":"fr-CA"},{"@type":"Organization","@id":"https:\/\/news.canadamotorjobs.com\/#organization","name":"Canada Motor Jobs","url":"https:\/\/news.canadamotorjobs.com\/","logo":{"@type":"ImageObject","inLanguage":"fr-CA","@id":"https:\/\/news.canadamotorjobs.com\/#\/schema\/logo\/image\/","url":"https:\/\/news.canadamotorjobs.com\/wp-content\/uploads\/2022\/10\/logo-canada-motor-jobs-1.png","contentUrl":"https:\/\/news.canadamotorjobs.com\/wp-content\/uploads\/2022\/10\/logo-canada-motor-jobs-1.png","width":800,"height":400,"caption":"Canada Motor Jobs"},"image":{"@id":"https:\/\/news.canadamotorjobs.com\/#\/schema\/logo\/image\/"},"sameAs":["https:\/\/www.facebook.com\/canadamotorjobs\/","https:\/\/x.com\/canadamotorjobs","https:\/\/www.instagram.com\/canadamotorjobs\/","https:\/\/www.linkedin.com\/company\/canadamotorjobs"]},{"@type":"Person","@id":"https:\/\/news.canadamotorjobs.com\/#\/schema\/person\/51793d1f87d44011d7bcc2ed99269a90","name":"Benoit Charette","image":{"@type":"ImageObject","inLanguage":"fr-CA","@id":"https:\/\/news.canadamotorjobs.com\/#\/schema\/person\/image\/","url":"https:\/\/secure.gravatar.com\/avatar\/45f3d2eebcccd909668d7ce7ea7267b6?s=96&d=mm&r=g","contentUrl":"https:\/\/secure.gravatar.com\/avatar\/45f3d2eebcccd909668d7ce7ea7267b6?s=96&d=mm&r=g","caption":"Benoit Charette"},"description":"Benoit Charette \/ Propri\u00e9taire et r\u00e9dacteur en chef Benoit Charette pratique le journalisme automobile depuis bient\u00f4t 30 ans. Il a fait ses classes au c\u00f4t\u00e9 de Daniel H\u00e9raud et au Carnet de route de 1992 \u00e0 2001. Il est fondateur, copropri\u00e9taire et r\u00e9dacteur en chef de L\u2019Annuel de l\u2019automobile, qu\u2019il publie depuis 2001. Il a anim\u00e9 les \u00e9missions RPM et RPM+ sur V et les L\u00e9gendes de la route sur Historia. \u00c0 la radio depuis 1986, il reprend l\u2019antenne cette ann\u00e9e sur les ondes de Cogeco et participe pour la deuxi\u00e8me ann\u00e9e \u00e0 l\u2019\u00e9mission Passion Auto sur RDS en plus de mettre en ligne le site Web officiel de L\u2019Annuel de l\u2019automobile sur annuelauto.ca.","sameAs":["https:\/\/annuelauto.ca\/"],"url":"https:\/\/news.canadamotorjobs.com\/fr\/author\/benoit-charette\/"}]}},"_links":{"self":[{"href":"https:\/\/news.canadamotorjobs.com\/fr\/wp-json\/wp\/v2\/posts\/199340"}],"collection":[{"href":"https:\/\/news.canadamotorjobs.com\/fr\/wp-json\/wp\/v2\/posts"}],"about":[{"href":"https:\/\/news.canadamotorjobs.com\/fr\/wp-json\/wp\/v2\/types\/post"}],"author":[{"embeddable":true,"href":"https:\/\/news.canadamotorjobs.com\/fr\/wp-json\/wp\/v2\/users\/8"}],"replies":[{"embeddable":true,"href":"https:\/\/news.canadamotorjobs.com\/fr\/wp-json\/wp\/v2\/comments?post=199340"}],"version-history":[{"count":2,"href":"https:\/\/news.canadamotorjobs.com\/fr\/wp-json\/wp\/v2\/posts\/199340\/revisions"}],"predecessor-version":[{"id":199344,"href":"https:\/\/news.canadamotorjobs.com\/fr\/wp-json\/wp\/v2\/posts\/199340\/revisions\/199344"}],"wp:featuredmedia":[{"embeddable":true,"href":"https:\/\/news.canadamotorjobs.com\/fr\/wp-json\/wp\/v2\/media\/199342"}],"wp:attachment":[{"href":"https:\/\/news.canadamotorjobs.com\/fr\/wp-json\/wp\/v2\/media?parent=199340"}],"wp:term":[{"taxonomy":"category","embeddable":true,"href":"https:\/\/news.canadamotorjobs.com\/fr\/wp-json\/wp\/v2\/categories?post=199340"},{"taxonomy":"post_tag","embeddable":true,"href":"https:\/\/news.canadamotorjobs.com\/fr\/wp-json\/wp\/v2\/tags?post=199340"}],"curies":[{"name":"wp","href":"https:\/\/api.w.org\/{rel}","templated":true}]}}