{"id":199265,"date":"2025-03-22T08:54:26","date_gmt":"2025-03-22T12:54:26","guid":{"rendered":"https:\/\/news.canadamotorjobs.com\/?p=199265"},"modified":"2025-03-22T08:59:34","modified_gmt":"2025-03-22T12:59:34","slug":"un-partenariat-bientot-entre-gm-et-hyundai-pour-des-fourgons-et-des-camionnettes-en-amerique-du-nord","status":"publish","type":"post","link":"https:\/\/news.canadamotorjobs.com\/fr\/un-partenariat-bientot-entre-gm-et-hyundai-pour-des-fourgons-et-des-camionnettes-en-amerique-du-nord\/","title":{"rendered":"Un partenariat bient\u00f4t entre GM et Hyundai pour des fourgons et des camionnettes en Am\u00e9rique du Nord"},"content":{"rendered":"<\/p>\n<p>Il a d\u00e9j\u00e0 \u00e9t\u00e9 question dans le pass\u00e9 d\u2019un partenariat entre General Motors (GM) et Hyundai. On comprend maintenant que les deux entreprises seraient sur le point de finaliser une entente, selon ce que rapporte le site Reuters qui cite une source bien au fait des pourparlers.<\/p>\n<p>L\u2019accord verrait Hyundai partager deux de ses fourgons commerciaux \u00e9lectriques avec GM, alors que le g\u00e9ant am\u00e9ricain pourrait fournir \u00e0 Hyundai des camionnettes qu\u2019elle pourrait vendre sur notre continent avec un logo Hyundai.<\/p>\n<p>Ce partenariat pourrait mener \u00e0 d\u2019autres \u00e9changes entre les deux g\u00e9ants, toujours selon ce qu\u2019a d\u00e9clar\u00e9 la source. On parle de d\u00e9veloppement conjoint, d\u2019achats de puces informatiques, de d\u00e9veloppement de batteries, etc.<\/p>\n<p>Ce genre de partage n\u2019est pas nouveau \u00e0 travers l\u2019industrie. En raison du contexte actuel, o\u00f9 la concurrence chinoise prend de l\u2019importance, et o\u00f9 une incertitude r\u00e8gne en Am\u00e9rique du Nord avec les menaces de tarifs de l\u2019administration Trump, les fabricants tentent par tous les moyens de r\u00e9duire leurs d\u00e9penses afin d\u2019\u00eatre plus concurrentiels. \u00a0<\/p>\n<p>\u00a0<\/p>\n<p><\/p>\n<figure><img decoding=\"async\" src=\"https:\/\/news.canadamotorjobs.com\/wp-content\/uploads\/2025\/03\/2024-chevrolet-colorado-zr2-bison-001-5.jpg\" alt=\"Le Chevrolet Colorado\" \/><figcaption>Le Chevrolet Colorado | Auto123.com<\/figcaption><\/figure>\n<p><strong>Les mod\u00e8les<\/strong><\/p>\n<p>Pour les mod\u00e8les qui seraient partag\u00e9s, Hyundai produirait des fourgons qui seraient vendus sous sa banni\u00e8re et sous celle de GM. Les mod\u00e8les seraient import\u00e9s de Cor\u00e9e du Sud. Concernant les camionnettes de General Motors, Hyundai envisagerait de les assembler en Am\u00e9rique du Nord d\u2019ici \u00e0 2028. Le tout pourrait se faire \u00e0 l\u2019int\u00e9rieur d\u2019une nouvelle usine nord-am\u00e9ricaine ou d\u2019une installation d\u00e9j\u00e0 existante. Il faut comprendre qu\u2019on est encore loin de la premi\u00e8re version de production. \u00a0<\/p>\n<p>Pour les camionnettes, les discussions ont port\u00e9 sur les mod\u00e8les interm\u00e9diaires de GM, soit les Chevrolet Colorado et GMC Canyon. Apparemment, Hyundai aimerait aussi vendre un mod\u00e8le pleine grandeur, mais GM n\u2019aurait pas offert cette solution au fabricant cor\u00e9en.<\/p>\n<p>D\u2019autres v\u00e9hicules<\/p>\n<p>Les constructeurs discutent \u00e9galement de la possibilit\u00e9 pour Hyundai de fournir \u00e0 GM des VUS compacts qu\u2019elle pourrait ajouter \u00e0 sa gamme de produits au Br\u00e9sil, toujours selon ce qu\u2019a d\u00e9clar\u00e9 la source.<\/p>\n<p>GM n\u2019a pas voulu trop s\u2019avancer sur ce dossier qui est encore embryonnaire, mais la compagnie a quand m\u00eame d\u00e9clar\u00e9 que \u00ab les deux entreprises continuent d\u2019explorer des domaines de collaboration potentiels. \u00bb Hyundai y est all\u00e9 d\u2019une d\u00e9claration similaire.<\/p>\n<p><strong>Des avantages \u00e9vidents pour les deux entreprises<\/strong><\/p>\n<p>On le devine, si un tel partenariat voit le jour, c\u2019est qu\u2019il sera profitable aux deux fabricants. Avec deux nouveaux fourgons \u00e9lectriques, GM pourra mieux concurrencer Ford et Ram qui proposent d\u00e9j\u00e0 des solutions du genre, le tout sans avoir \u00e0 investir massivement.<\/p>\n<p>Les deux mod\u00e8les attendus sont de formats diff\u00e9rents, sans surprise. Le plus petit serait assembl\u00e9 par Hyundai \u00e0 son usine d\u2019Ulsan \u00e0 partir de l\u2019\u00e9t\u00e9 de 2027. En 2028, un fourgon plus imposant serait ajout\u00e9 \u00e0 la famille. GM, incroyablement, propose toujours les Chevrolet Express et GMC Savana, mais leurs jours seraient compt\u00e9s.<\/p>\n<p>Pour Hyundai, l\u2019avantage saute aux yeux. Un mod\u00e8le interm\u00e9diaire lui permettrait d\u2019offrir une solution de rechange aux acheteurs du Nissan Frontier, du Toyota Tacoma et des produits am\u00e9ricains, entre autres.<\/p>\n<p>D\u2019autres partages feraient partie des discussions entre les deux fabricants.<\/p>\n<p><\/p>\n<p style=\"padding-top: 15px\">Contenu original de <a href=\"https:\/\/www.auto123.com\/fr\/actualites\/general-motors-hyundai-partenariat-camionnettes-fourgons\/72547\/\">auto123<\/a>.<\/p>\n<p>Le texte <a href=\"https:\/\/annuelauto.ca\/un-partenariat-bientot-entre-gm-et-hyundai-pour-des-fourgons-et-des-camionnettes-en-amerique-du-nord\/\">Un partenariat bient\u00f4t entre GM et Hyundai pour des fourgons et des camionnettes en Am\u00e9rique du Nord<\/a> provient de <a href=\"https:\/\/annuelauto.ca\">L&#8217;annuel de l&#8217;automobile &#8211; Actualit\u00e9 automobile<\/a><\/p>\n<p><\/p>\n","protected":false},"excerpt":{"rendered":"<p>Il a d\u00e9j\u00e0 \u00e9t\u00e9 question dans le pass\u00e9 d\u2019un partenariat entre General Motors (GM) et Hyundai. On comprend maintenant que les deux entreprises seraient sur le point de finaliser une entente, selon ce que rapporte le site Reuters qui cite une source bien au fait des pourparlers. L\u2019accord verrait Hyundai partager deux de ses fourgons [&hellip;]<\/p>\n","protected":false},"author":8,"featured_media":199267,"comment_status":"close","ping_status":"closed","sticky":false,"template":"","format":"standard","meta":{"_monsterinsights_skip_tracking":false,"_monsterinsights_sitenote_active":false,"_monsterinsights_sitenote_note":"","_monsterinsights_sitenote_category":0,"footnotes":""},"categories":[101],"tags":[],"yoast_head":"<!-- This site is optimized with the Yoast SEO plugin v23.2 - https:\/\/yoast.com\/wordpress\/plugins\/seo\/ -->\n<title>Un partenariat bient\u00f4t entre GM et Hyundai pour des fourgons et des camionnettes en Am\u00e9rique du Nord - CanadaMotorJobs.com<\/title>\n<meta name=\"description\" content=\"Un partenariat bient\u00f4t entre GM et Hyundai pour des fourgons et des camionnettes en Am\u00e9rique du Nord - Benoit Charette - Annuel automobile - CanadaMotorJobs.com.\" \/>\n<meta name=\"robots\" content=\"index, follow, max-snippet:-1, max-image-preview:large, max-video-preview:-1\" \/>\n<meta property=\"og:locale\" content=\"fr_CA\" \/>\n<meta property=\"og:type\" content=\"article\" \/>\n<meta property=\"og:title\" content=\"Un partenariat bient\u00f4t entre GM et Hyundai pour des fourgons et des camionnettes en Am\u00e9rique du Nord - CanadaMotorJobs.com\" \/>\n<meta property=\"og:description\" content=\"Un partenariat bient\u00f4t entre GM et Hyundai pour des fourgons et des camionnettes en Am\u00e9rique du Nord - Benoit Charette - Annuel automobile - CanadaMotorJobs.com.\" \/>\n<meta property=\"og:url\" content=\"https:\/\/news.canadamotorjobs.com\/fr\/un-partenariat-bientot-entre-gm-et-hyundai-pour-des-fourgons-et-des-camionnettes-en-amerique-du-nord\/\" \/>\n<meta property=\"og:site_name\" content=\"CanadaMotorJobs.com\" \/>\n<meta property=\"article:publisher\" content=\"https:\/\/www.facebook.com\/canadamotorjobs\/\" \/>\n<meta property=\"article:published_time\" content=\"2025-03-22T12:54:26+00:00\" \/>\n<meta property=\"article:modified_time\" content=\"2025-03-22T12:59:34+00:00\" \/>\n<meta property=\"og:image\" content=\"https:\/\/news.canadamotorjobs.com\/wp-content\/uploads\/2025\/03\/2024-chevrolet-colorado-zr2-bison-001.jpg\" \/>\n\t<meta property=\"og:image:width\" content=\"1200\" \/>\n\t<meta property=\"og:image:height\" content=\"801\" \/>\n\t<meta property=\"og:image:type\" content=\"image\/jpeg\" \/>\n<meta name=\"author\" content=\"Benoit Charette\" \/>\n<meta name=\"twitter:card\" content=\"summary_large_image\" \/>\n<meta name=\"twitter:creator\" content=\"@canadamotorjobs\" \/>\n<meta name=\"twitter:site\" content=\"@canadamotorjobs\" \/>\n<meta name=\"twitter:label1\" content=\"\u00c9crit par\" \/>\n\t<meta name=\"twitter:data1\" content=\"Benoit Charette\" \/>\n\t<meta name=\"twitter:label2\" content=\"Estimation du temps de lecture\" \/>\n\t<meta name=\"twitter:data2\" content=\"3 minutes\" \/>\n<!-- \/ Yoast SEO plugin. -->","yoast_head_json":{"title":"Un partenariat bient\u00f4t entre GM et Hyundai pour des fourgons et des camionnettes en Am\u00e9rique du Nord - CanadaMotorJobs.com","description":"Un partenariat bient\u00f4t entre GM et Hyundai pour des fourgons et des camionnettes en Am\u00e9rique du Nord - Benoit Charette - Annuel automobile - CanadaMotorJobs.com.","robots":{"index":"index","follow":"follow","max-snippet":"max-snippet:-1","max-image-preview":"max-image-preview:large","max-video-preview":"max-video-preview:-1"},"og_locale":"fr_CA","og_type":"article","og_title":"Un partenariat bient\u00f4t entre GM et Hyundai pour des fourgons et des camionnettes en Am\u00e9rique du Nord - CanadaMotorJobs.com","og_description":"Un partenariat bient\u00f4t entre GM et Hyundai pour des fourgons et des camionnettes en Am\u00e9rique du Nord - Benoit Charette - Annuel automobile - CanadaMotorJobs.com.","og_url":"https:\/\/news.canadamotorjobs.com\/fr\/un-partenariat-bientot-entre-gm-et-hyundai-pour-des-fourgons-et-des-camionnettes-en-amerique-du-nord\/","og_site_name":"CanadaMotorJobs.com","article_publisher":"https:\/\/www.facebook.com\/canadamotorjobs\/","article_published_time":"2025-03-22T12:54:26+00:00","article_modified_time":"2025-03-22T12:59:34+00:00","og_image":[{"width":1200,"height":801,"url":"https:\/\/news.canadamotorjobs.com\/wp-content\/uploads\/2025\/03\/2024-chevrolet-colorado-zr2-bison-001.jpg","type":"image\/jpeg"}],"author":"Benoit Charette","twitter_card":"summary_large_image","twitter_creator":"@canadamotorjobs","twitter_site":"@canadamotorjobs","twitter_misc":{"\u00c9crit par":"Benoit Charette","Estimation du temps de lecture":"3 minutes"},"schema":{"@context":"https:\/\/schema.org","@graph":[{"@type":"Article","@id":"https:\/\/news.canadamotorjobs.com\/fr\/un-partenariat-bientot-entre-gm-et-hyundai-pour-des-fourgons-et-des-camionnettes-en-amerique-du-nord\/#article","isPartOf":{"@id":"https:\/\/news.canadamotorjobs.com\/fr\/un-partenariat-bientot-entre-gm-et-hyundai-pour-des-fourgons-et-des-camionnettes-en-amerique-du-nord\/"},"author":{"name":"Benoit Charette","@id":"https:\/\/news.canadamotorjobs.com\/#\/schema\/person\/51793d1f87d44011d7bcc2ed99269a90"},"headline":"Un partenariat bient\u00f4t entre GM et Hyundai pour des fourgons et des camionnettes en Am\u00e9rique du Nord","datePublished":"2025-03-22T12:54:26+00:00","dateModified":"2025-03-22T12:59:34+00:00","mainEntityOfPage":{"@id":"https:\/\/news.canadamotorjobs.com\/fr\/un-partenariat-bientot-entre-gm-et-hyundai-pour-des-fourgons-et-des-camionnettes-en-amerique-du-nord\/"},"wordCount":615,"publisher":{"@id":"https:\/\/news.canadamotorjobs.com\/#organization"},"image":{"@id":"https:\/\/news.canadamotorjobs.com\/fr\/un-partenariat-bientot-entre-gm-et-hyundai-pour-des-fourgons-et-des-camionnettes-en-amerique-du-nord\/#primaryimage"},"thumbnailUrl":"https:\/\/news.canadamotorjobs.com\/wp-content\/uploads\/2025\/03\/2024-chevrolet-colorado-zr2-bison-001.jpg","articleSection":["Annuel automobile"],"inLanguage":"fr-CA"},{"@type":"WebPage","@id":"https:\/\/news.canadamotorjobs.com\/fr\/un-partenariat-bientot-entre-gm-et-hyundai-pour-des-fourgons-et-des-camionnettes-en-amerique-du-nord\/","url":"https:\/\/news.canadamotorjobs.com\/fr\/un-partenariat-bientot-entre-gm-et-hyundai-pour-des-fourgons-et-des-camionnettes-en-amerique-du-nord\/","name":"Un partenariat bient\u00f4t entre GM et Hyundai pour des fourgons et des camionnettes en Am\u00e9rique du Nord - CanadaMotorJobs.com","isPartOf":{"@id":"https:\/\/news.canadamotorjobs.com\/#website"},"primaryImageOfPage":{"@id":"https:\/\/news.canadamotorjobs.com\/fr\/un-partenariat-bientot-entre-gm-et-hyundai-pour-des-fourgons-et-des-camionnettes-en-amerique-du-nord\/#primaryimage"},"image":{"@id":"https:\/\/news.canadamotorjobs.com\/fr\/un-partenariat-bientot-entre-gm-et-hyundai-pour-des-fourgons-et-des-camionnettes-en-amerique-du-nord\/#primaryimage"},"thumbnailUrl":"https:\/\/news.canadamotorjobs.com\/wp-content\/uploads\/2025\/03\/2024-chevrolet-colorado-zr2-bison-001.jpg","datePublished":"2025-03-22T12:54:26+00:00","dateModified":"2025-03-22T12:59:34+00:00","description":"Un partenariat bient\u00f4t entre GM et Hyundai pour des fourgons et des camionnettes en Am\u00e9rique du Nord - Benoit Charette - Annuel automobile - CanadaMotorJobs.com.","breadcrumb":{"@id":"https:\/\/news.canadamotorjobs.com\/fr\/un-partenariat-bientot-entre-gm-et-hyundai-pour-des-fourgons-et-des-camionnettes-en-amerique-du-nord\/#breadcrumb"},"inLanguage":"fr-CA","potentialAction":[{"@type":"ReadAction","target":["https:\/\/news.canadamotorjobs.com\/fr\/un-partenariat-bientot-entre-gm-et-hyundai-pour-des-fourgons-et-des-camionnettes-en-amerique-du-nord\/"]}]},{"@type":"ImageObject","inLanguage":"fr-CA","@id":"https:\/\/news.canadamotorjobs.com\/fr\/un-partenariat-bientot-entre-gm-et-hyundai-pour-des-fourgons-et-des-camionnettes-en-amerique-du-nord\/#primaryimage","url":"https:\/\/news.canadamotorjobs.com\/wp-content\/uploads\/2025\/03\/2024-chevrolet-colorado-zr2-bison-001.jpg","contentUrl":"https:\/\/news.canadamotorjobs.com\/wp-content\/uploads\/2025\/03\/2024-chevrolet-colorado-zr2-bison-001.jpg","width":1200,"height":801},{"@type":"BreadcrumbList","@id":"https:\/\/news.canadamotorjobs.com\/fr\/un-partenariat-bientot-entre-gm-et-hyundai-pour-des-fourgons-et-des-camionnettes-en-amerique-du-nord\/#breadcrumb","itemListElement":[{"@type":"ListItem","position":1,"name":"Home","item":"https:\/\/news.canadamotorjobs.com\/fr\/blog\/"},{"@type":"ListItem","position":2,"name":"Un partenariat bient\u00f4t entre GM et Hyundai pour des fourgons et des camionnettes en Am\u00e9rique du Nord"}]},{"@type":"WebSite","@id":"https:\/\/news.canadamotorjobs.com\/#website","url":"https:\/\/news.canadamotorjobs.com\/","name":"CanadaMotorJobs.com","description":"Automotive Jobs","publisher":{"@id":"https:\/\/news.canadamotorjobs.com\/#organization"},"potentialAction":[{"@type":"SearchAction","target":{"@type":"EntryPoint","urlTemplate":"https:\/\/news.canadamotorjobs.com\/?s={search_term_string}"},"query-input":"required name=search_term_string"}],"inLanguage":"fr-CA"},{"@type":"Organization","@id":"https:\/\/news.canadamotorjobs.com\/#organization","name":"Canada Motor Jobs","url":"https:\/\/news.canadamotorjobs.com\/","logo":{"@type":"ImageObject","inLanguage":"fr-CA","@id":"https:\/\/news.canadamotorjobs.com\/#\/schema\/logo\/image\/","url":"https:\/\/news.canadamotorjobs.com\/wp-content\/uploads\/2022\/10\/logo-canada-motor-jobs-1.png","contentUrl":"https:\/\/news.canadamotorjobs.com\/wp-content\/uploads\/2022\/10\/logo-canada-motor-jobs-1.png","width":800,"height":400,"caption":"Canada Motor Jobs"},"image":{"@id":"https:\/\/news.canadamotorjobs.com\/#\/schema\/logo\/image\/"},"sameAs":["https:\/\/www.facebook.com\/canadamotorjobs\/","https:\/\/x.com\/canadamotorjobs","https:\/\/www.instagram.com\/canadamotorjobs\/","https:\/\/www.linkedin.com\/company\/canadamotorjobs"]},{"@type":"Person","@id":"https:\/\/news.canadamotorjobs.com\/#\/schema\/person\/51793d1f87d44011d7bcc2ed99269a90","name":"Benoit Charette","image":{"@type":"ImageObject","inLanguage":"fr-CA","@id":"https:\/\/news.canadamotorjobs.com\/#\/schema\/person\/image\/","url":"https:\/\/secure.gravatar.com\/avatar\/45f3d2eebcccd909668d7ce7ea7267b6?s=96&d=mm&r=g","contentUrl":"https:\/\/secure.gravatar.com\/avatar\/45f3d2eebcccd909668d7ce7ea7267b6?s=96&d=mm&r=g","caption":"Benoit Charette"},"description":"Benoit Charette \/ Propri\u00e9taire et r\u00e9dacteur en chef Benoit Charette pratique le journalisme automobile depuis bient\u00f4t 30 ans. Il a fait ses classes au c\u00f4t\u00e9 de Daniel H\u00e9raud et au Carnet de route de 1992 \u00e0 2001. Il est fondateur, copropri\u00e9taire et r\u00e9dacteur en chef de L\u2019Annuel de l\u2019automobile, qu\u2019il publie depuis 2001. Il a anim\u00e9 les \u00e9missions RPM et RPM+ sur V et les L\u00e9gendes de la route sur Historia. \u00c0 la radio depuis 1986, il reprend l\u2019antenne cette ann\u00e9e sur les ondes de Cogeco et participe pour la deuxi\u00e8me ann\u00e9e \u00e0 l\u2019\u00e9mission Passion Auto sur RDS en plus de mettre en ligne le site Web officiel de L\u2019Annuel de l\u2019automobile sur annuelauto.ca.","sameAs":["https:\/\/annuelauto.ca\/"],"url":"https:\/\/news.canadamotorjobs.com\/fr\/author\/benoit-charette\/"}]}},"_links":{"self":[{"href":"https:\/\/news.canadamotorjobs.com\/fr\/wp-json\/wp\/v2\/posts\/199265"}],"collection":[{"href":"https:\/\/news.canadamotorjobs.com\/fr\/wp-json\/wp\/v2\/posts"}],"about":[{"href":"https:\/\/news.canadamotorjobs.com\/fr\/wp-json\/wp\/v2\/types\/post"}],"author":[{"embeddable":true,"href":"https:\/\/news.canadamotorjobs.com\/fr\/wp-json\/wp\/v2\/users\/8"}],"replies":[{"embeddable":true,"href":"https:\/\/news.canadamotorjobs.com\/fr\/wp-json\/wp\/v2\/comments?post=199265"}],"version-history":[{"count":3,"href":"https:\/\/news.canadamotorjobs.com\/fr\/wp-json\/wp\/v2\/posts\/199265\/revisions"}],"predecessor-version":[{"id":199292,"href":"https:\/\/news.canadamotorjobs.com\/fr\/wp-json\/wp\/v2\/posts\/199265\/revisions\/199292"}],"wp:featuredmedia":[{"embeddable":true,"href":"https:\/\/news.canadamotorjobs.com\/fr\/wp-json\/wp\/v2\/media\/199267"}],"wp:attachment":[{"href":"https:\/\/news.canadamotorjobs.com\/fr\/wp-json\/wp\/v2\/media?parent=199265"}],"wp:term":[{"taxonomy":"category","embeddable":true,"href":"https:\/\/news.canadamotorjobs.com\/fr\/wp-json\/wp\/v2\/categories?post=199265"},{"taxonomy":"post_tag","embeddable":true,"href":"https:\/\/news.canadamotorjobs.com\/fr\/wp-json\/wp\/v2\/tags?post=199265"}],"curies":[{"name":"wp","href":"https:\/\/api.w.org\/{rel}","templated":true}]}}