{"id":199233,"date":"2025-03-22T08:54:26","date_gmt":"2025-03-22T12:54:26","guid":{"rendered":"https:\/\/news.canadamotorjobs.com\/?p=199233"},"modified":"2025-03-22T08:59:21","modified_gmt":"2025-03-22T12:59:21","slug":"eddie-jordan-deces-dun-personnage-qui-a-marque-la-f1","status":"publish","type":"post","link":"https:\/\/news.canadamotorjobs.com\/fr\/eddie-jordan-deces-dun-personnage-qui-a-marque-la-f1\/","title":{"rendered":"Eddie Jordan : d\u00e9c\u00e8s d\u2019un personnage qui a marqu\u00e9 la F1"},"content":{"rendered":"<\/p>\n<p>Eddie Jordan, l\u2019ancien propri\u00e9taire d\u2019\u00e9curie de Formule 1 et analyste charismatique, est d\u00e9c\u00e9d\u00e9 \u00e0 l\u2019\u00e2ge de 76 ans.<\/p>\n<p>N\u00e9 en 1948 \u00e0 Dublin, Jordan n\u2019\u00e9tait pas destin\u00e9 au sport automobile : il a d\u2019abord travaill\u00e9 dans le domaine bancaire avant de d\u00e9couvrir sa passion pour la course. Il fait ses d\u00e9buts en karting dans les ann\u00e9es 1970, avant de progresser vers la Formule Ford et la Formule 3.<\/p>\n<p><\/p>\n<figure><img decoding=\"async\" src=\"https:\/\/news.canadamotorjobs.com\/wp-content\/uploads\/2025\/03\/eddie-jordan-canadian-f1-1996-wikimedia-commons-01-5.jpg\" alt=\"Eddie Jordan, au Grand Prix Formule 1 du Canada en 1996\" \/><figcaption>Eddie Jordan, au Grand Prix Formule 1 du Canada en 1996 | Auto123.com<\/figcaption><\/figure>\n<p><strong>Jordan Grand Prix : une \u00e9curie audacieuse<\/strong><\/p>\n<p>En 1991, il fonde Jordan Grand Prix, une \u00e9curie qui marquera la Formule 1 jusqu\u2019\u00e0 son rachat en 2005. Son \u00e9quipe est c\u00e9l\u00e8bre pour avoir lanc\u00e9 la carri\u00e8re de Michael Schumacher, qui a disput\u00e9 son premier Grand Prix avec Jordan en 1991 en Belgique, avant de rejoindre Benetton et de devenir un septuple champion du monde.<\/p>\n<p>Sous sa direction, son \u00e9curie a remport\u00e9 quatre victoires en Grand Prix et s\u2019est impos\u00e9e comme une \u00e9quipe dynamique et haute en couleur, autant par ses performances que par son style flamboyant dans les paddocks.<\/p>\n<p><strong>Une reconversion r\u00e9ussie dans les m\u00e9dias<\/strong><\/p>\n<p>Apr\u00e8s avoir vendu son \u00e9curie, Eddie Jordan embrasse une carri\u00e8re de consultant et commentateur F1, d\u2019abord pour la BBC d\u00e8s 2009, puis sur d\u2019autres plateformes. Il a \u00e9galement coanim\u00e9, bri\u00e8vement, l\u2019\u00e9mission Top Gear aux c\u00f4t\u00e9s de Matt LeBlanc, Chris Evans, Chris Harris, Rory Reid et Sabine Schmitz.<\/p>\n<p>Eddie Jordan s\u2019est \u00e9teint paisiblement \u00e0 Cape Town, en Afrique du Sud, entour\u00e9 de sa famille. Il laisse derri\u00e8re lui son \u00e9pouse Marie et leurs quatre enfants.<\/p>\n<p><\/p>\n<figure><img decoding=\"async\" src=\"https:\/\/news.canadamotorjobs.com\/wp-content\/uploads\/2025\/03\/eddie-jordan-kruger-cowne-01-1.jpg\" alt=\"Eddie Jordan est d\u00e9c\u00e9d\u00e9 \u00e0 l&#039;\u00e2ge de 76 ans\" \/><figcaption>Eddie Jordan est d\u00e9c\u00e9d\u00e9 \u00e0 l&#8217;\u00e2ge de 76 ans | Auto123.com<\/figcaption><\/figure>\n<p style=\"padding-top: 15px\">Contenu original de <a href=\"https:\/\/www.auto123.com\/fr\/actualites\/eddie-jordan-hommage-carriere-f1\/72545\/\">auto123<\/a>.<\/p>\n<p>Le texte <a href=\"https:\/\/annuelauto.ca\/eddie-jordan-deces-dun-personnage-qui-a-marque-la-f1\/\">Eddie Jordan : d\u00e9c\u00e8s d\u2019un personnage qui a marqu\u00e9 la F1<\/a> provient de <a href=\"https:\/\/annuelauto.ca\">L&#8217;annuel de l&#8217;automobile &#8211; Actualit\u00e9 automobile<\/a><\/p>\n<p><\/p>\n","protected":false},"excerpt":{"rendered":"<p>Eddie Jordan, l\u2019ancien propri\u00e9taire d\u2019\u00e9curie de Formule 1 et analyste charismatique, est d\u00e9c\u00e9d\u00e9 \u00e0 l\u2019\u00e2ge de 76 ans. N\u00e9 en 1948 \u00e0 Dublin, Jordan n\u2019\u00e9tait pas destin\u00e9 au sport automobile : il a d\u2019abord travaill\u00e9 dans le domaine bancaire avant de d\u00e9couvrir sa passion pour la course. Il fait ses d\u00e9buts en karting dans les [&hellip;]<\/p>\n","protected":false},"author":8,"featured_media":199235,"comment_status":"close","ping_status":"closed","sticky":false,"template":"","format":"standard","meta":{"_monsterinsights_skip_tracking":false,"_monsterinsights_sitenote_active":false,"_monsterinsights_sitenote_note":"","_monsterinsights_sitenote_category":0,"footnotes":""},"categories":[101],"tags":[],"yoast_head":"<!-- This site is optimized with the Yoast SEO plugin v23.2 - https:\/\/yoast.com\/wordpress\/plugins\/seo\/ -->\n<title>Eddie Jordan : d\u00e9c\u00e8s d\u2019un personnage qui a marqu\u00e9 la F1 - CanadaMotorJobs.com<\/title>\n<meta name=\"description\" content=\"Eddie Jordan : d\u00e9c\u00e8s d\u2019un personnage qui a marqu\u00e9 la F1 - Benoit Charette - Annuel automobile - CanadaMotorJobs.com.\" \/>\n<meta name=\"robots\" content=\"index, follow, max-snippet:-1, max-image-preview:large, max-video-preview:-1\" \/>\n<meta property=\"og:locale\" content=\"fr_CA\" \/>\n<meta property=\"og:type\" content=\"article\" \/>\n<meta property=\"og:title\" content=\"Eddie Jordan : d\u00e9c\u00e8s d\u2019un personnage qui a marqu\u00e9 la F1 - CanadaMotorJobs.com\" \/>\n<meta property=\"og:description\" content=\"Eddie Jordan : d\u00e9c\u00e8s d\u2019un personnage qui a marqu\u00e9 la F1 - Benoit Charette - Annuel automobile - CanadaMotorJobs.com.\" \/>\n<meta property=\"og:url\" content=\"https:\/\/news.canadamotorjobs.com\/fr\/eddie-jordan-deces-dun-personnage-qui-a-marque-la-f1\/\" \/>\n<meta property=\"og:site_name\" content=\"CanadaMotorJobs.com\" \/>\n<meta property=\"article:publisher\" content=\"https:\/\/www.facebook.com\/canadamotorjobs\/\" \/>\n<meta property=\"article:published_time\" content=\"2025-03-22T12:54:26+00:00\" \/>\n<meta property=\"article:modified_time\" content=\"2025-03-22T12:59:21+00:00\" \/>\n<meta property=\"og:image\" content=\"https:\/\/news.canadamotorjobs.com\/wp-content\/uploads\/2025\/03\/eddie-jordan-canadian-f1-1996-wikimedia-commons-01.jpg\" \/>\n\t<meta property=\"og:image:width\" content=\"1200\" \/>\n\t<meta property=\"og:image:height\" content=\"784\" \/>\n\t<meta property=\"og:image:type\" content=\"image\/jpeg\" \/>\n<meta name=\"author\" content=\"Benoit Charette\" \/>\n<meta name=\"twitter:card\" content=\"summary_large_image\" \/>\n<meta name=\"twitter:creator\" content=\"@canadamotorjobs\" \/>\n<meta name=\"twitter:site\" content=\"@canadamotorjobs\" \/>\n<meta name=\"twitter:label1\" content=\"\u00c9crit par\" \/>\n\t<meta name=\"twitter:data1\" content=\"Benoit Charette\" \/>\n\t<meta name=\"twitter:label2\" content=\"Estimation du temps de lecture\" \/>\n\t<meta name=\"twitter:data2\" content=\"2 minutes\" \/>\n<!-- \/ Yoast SEO plugin. -->","yoast_head_json":{"title":"Eddie Jordan : d\u00e9c\u00e8s d\u2019un personnage qui a marqu\u00e9 la F1 - CanadaMotorJobs.com","description":"Eddie Jordan : d\u00e9c\u00e8s d\u2019un personnage qui a marqu\u00e9 la F1 - Benoit Charette - Annuel automobile - CanadaMotorJobs.com.","robots":{"index":"index","follow":"follow","max-snippet":"max-snippet:-1","max-image-preview":"max-image-preview:large","max-video-preview":"max-video-preview:-1"},"og_locale":"fr_CA","og_type":"article","og_title":"Eddie Jordan : d\u00e9c\u00e8s d\u2019un personnage qui a marqu\u00e9 la F1 - CanadaMotorJobs.com","og_description":"Eddie Jordan : d\u00e9c\u00e8s d\u2019un personnage qui a marqu\u00e9 la F1 - Benoit Charette - Annuel automobile - CanadaMotorJobs.com.","og_url":"https:\/\/news.canadamotorjobs.com\/fr\/eddie-jordan-deces-dun-personnage-qui-a-marque-la-f1\/","og_site_name":"CanadaMotorJobs.com","article_publisher":"https:\/\/www.facebook.com\/canadamotorjobs\/","article_published_time":"2025-03-22T12:54:26+00:00","article_modified_time":"2025-03-22T12:59:21+00:00","og_image":[{"width":1200,"height":784,"url":"https:\/\/news.canadamotorjobs.com\/wp-content\/uploads\/2025\/03\/eddie-jordan-canadian-f1-1996-wikimedia-commons-01.jpg","type":"image\/jpeg"}],"author":"Benoit Charette","twitter_card":"summary_large_image","twitter_creator":"@canadamotorjobs","twitter_site":"@canadamotorjobs","twitter_misc":{"\u00c9crit par":"Benoit Charette","Estimation du temps de lecture":"2 minutes"},"schema":{"@context":"https:\/\/schema.org","@graph":[{"@type":"Article","@id":"https:\/\/news.canadamotorjobs.com\/fr\/eddie-jordan-deces-dun-personnage-qui-a-marque-la-f1\/#article","isPartOf":{"@id":"https:\/\/news.canadamotorjobs.com\/fr\/eddie-jordan-deces-dun-personnage-qui-a-marque-la-f1\/"},"author":{"name":"Benoit Charette","@id":"https:\/\/news.canadamotorjobs.com\/#\/schema\/person\/51793d1f87d44011d7bcc2ed99269a90"},"headline":"Eddie Jordan : d\u00e9c\u00e8s d\u2019un personnage qui a marqu\u00e9 la F1","datePublished":"2025-03-22T12:54:26+00:00","dateModified":"2025-03-22T12:59:21+00:00","mainEntityOfPage":{"@id":"https:\/\/news.canadamotorjobs.com\/fr\/eddie-jordan-deces-dun-personnage-qui-a-marque-la-f1\/"},"wordCount":325,"publisher":{"@id":"https:\/\/news.canadamotorjobs.com\/#organization"},"image":{"@id":"https:\/\/news.canadamotorjobs.com\/fr\/eddie-jordan-deces-dun-personnage-qui-a-marque-la-f1\/#primaryimage"},"thumbnailUrl":"https:\/\/news.canadamotorjobs.com\/wp-content\/uploads\/2025\/03\/eddie-jordan-canadian-f1-1996-wikimedia-commons-01.jpg","articleSection":["Annuel automobile"],"inLanguage":"fr-CA"},{"@type":"WebPage","@id":"https:\/\/news.canadamotorjobs.com\/fr\/eddie-jordan-deces-dun-personnage-qui-a-marque-la-f1\/","url":"https:\/\/news.canadamotorjobs.com\/fr\/eddie-jordan-deces-dun-personnage-qui-a-marque-la-f1\/","name":"Eddie Jordan : d\u00e9c\u00e8s d\u2019un personnage qui a marqu\u00e9 la F1 - CanadaMotorJobs.com","isPartOf":{"@id":"https:\/\/news.canadamotorjobs.com\/#website"},"primaryImageOfPage":{"@id":"https:\/\/news.canadamotorjobs.com\/fr\/eddie-jordan-deces-dun-personnage-qui-a-marque-la-f1\/#primaryimage"},"image":{"@id":"https:\/\/news.canadamotorjobs.com\/fr\/eddie-jordan-deces-dun-personnage-qui-a-marque-la-f1\/#primaryimage"},"thumbnailUrl":"https:\/\/news.canadamotorjobs.com\/wp-content\/uploads\/2025\/03\/eddie-jordan-canadian-f1-1996-wikimedia-commons-01.jpg","datePublished":"2025-03-22T12:54:26+00:00","dateModified":"2025-03-22T12:59:21+00:00","description":"Eddie Jordan : d\u00e9c\u00e8s d\u2019un personnage qui a marqu\u00e9 la F1 - Benoit Charette - Annuel automobile - CanadaMotorJobs.com.","breadcrumb":{"@id":"https:\/\/news.canadamotorjobs.com\/fr\/eddie-jordan-deces-dun-personnage-qui-a-marque-la-f1\/#breadcrumb"},"inLanguage":"fr-CA","potentialAction":[{"@type":"ReadAction","target":["https:\/\/news.canadamotorjobs.com\/fr\/eddie-jordan-deces-dun-personnage-qui-a-marque-la-f1\/"]}]},{"@type":"ImageObject","inLanguage":"fr-CA","@id":"https:\/\/news.canadamotorjobs.com\/fr\/eddie-jordan-deces-dun-personnage-qui-a-marque-la-f1\/#primaryimage","url":"https:\/\/news.canadamotorjobs.com\/wp-content\/uploads\/2025\/03\/eddie-jordan-canadian-f1-1996-wikimedia-commons-01.jpg","contentUrl":"https:\/\/news.canadamotorjobs.com\/wp-content\/uploads\/2025\/03\/eddie-jordan-canadian-f1-1996-wikimedia-commons-01.jpg","width":1200,"height":784},{"@type":"BreadcrumbList","@id":"https:\/\/news.canadamotorjobs.com\/fr\/eddie-jordan-deces-dun-personnage-qui-a-marque-la-f1\/#breadcrumb","itemListElement":[{"@type":"ListItem","position":1,"name":"Home","item":"https:\/\/news.canadamotorjobs.com\/fr\/blog\/"},{"@type":"ListItem","position":2,"name":"Eddie Jordan : d\u00e9c\u00e8s d\u2019un personnage qui a marqu\u00e9 la F1"}]},{"@type":"WebSite","@id":"https:\/\/news.canadamotorjobs.com\/#website","url":"https:\/\/news.canadamotorjobs.com\/","name":"CanadaMotorJobs.com","description":"Automotive Jobs","publisher":{"@id":"https:\/\/news.canadamotorjobs.com\/#organization"},"potentialAction":[{"@type":"SearchAction","target":{"@type":"EntryPoint","urlTemplate":"https:\/\/news.canadamotorjobs.com\/?s={search_term_string}"},"query-input":"required name=search_term_string"}],"inLanguage":"fr-CA"},{"@type":"Organization","@id":"https:\/\/news.canadamotorjobs.com\/#organization","name":"Canada Motor Jobs","url":"https:\/\/news.canadamotorjobs.com\/","logo":{"@type":"ImageObject","inLanguage":"fr-CA","@id":"https:\/\/news.canadamotorjobs.com\/#\/schema\/logo\/image\/","url":"https:\/\/news.canadamotorjobs.com\/wp-content\/uploads\/2022\/10\/logo-canada-motor-jobs-1.png","contentUrl":"https:\/\/news.canadamotorjobs.com\/wp-content\/uploads\/2022\/10\/logo-canada-motor-jobs-1.png","width":800,"height":400,"caption":"Canada Motor Jobs"},"image":{"@id":"https:\/\/news.canadamotorjobs.com\/#\/schema\/logo\/image\/"},"sameAs":["https:\/\/www.facebook.com\/canadamotorjobs\/","https:\/\/x.com\/canadamotorjobs","https:\/\/www.instagram.com\/canadamotorjobs\/","https:\/\/www.linkedin.com\/company\/canadamotorjobs"]},{"@type":"Person","@id":"https:\/\/news.canadamotorjobs.com\/#\/schema\/person\/51793d1f87d44011d7bcc2ed99269a90","name":"Benoit Charette","image":{"@type":"ImageObject","inLanguage":"fr-CA","@id":"https:\/\/news.canadamotorjobs.com\/#\/schema\/person\/image\/","url":"https:\/\/secure.gravatar.com\/avatar\/45f3d2eebcccd909668d7ce7ea7267b6?s=96&d=mm&r=g","contentUrl":"https:\/\/secure.gravatar.com\/avatar\/45f3d2eebcccd909668d7ce7ea7267b6?s=96&d=mm&r=g","caption":"Benoit Charette"},"description":"Benoit Charette \/ Propri\u00e9taire et r\u00e9dacteur en chef Benoit Charette pratique le journalisme automobile depuis bient\u00f4t 30 ans. Il a fait ses classes au c\u00f4t\u00e9 de Daniel H\u00e9raud et au Carnet de route de 1992 \u00e0 2001. Il est fondateur, copropri\u00e9taire et r\u00e9dacteur en chef de L\u2019Annuel de l\u2019automobile, qu\u2019il publie depuis 2001. Il a anim\u00e9 les \u00e9missions RPM et RPM+ sur V et les L\u00e9gendes de la route sur Historia. \u00c0 la radio depuis 1986, il reprend l\u2019antenne cette ann\u00e9e sur les ondes de Cogeco et participe pour la deuxi\u00e8me ann\u00e9e \u00e0 l\u2019\u00e9mission Passion Auto sur RDS en plus de mettre en ligne le site Web officiel de L\u2019Annuel de l\u2019automobile sur annuelauto.ca.","sameAs":["https:\/\/annuelauto.ca\/"],"url":"https:\/\/news.canadamotorjobs.com\/fr\/author\/benoit-charette\/"}]}},"_links":{"self":[{"href":"https:\/\/news.canadamotorjobs.com\/fr\/wp-json\/wp\/v2\/posts\/199233"}],"collection":[{"href":"https:\/\/news.canadamotorjobs.com\/fr\/wp-json\/wp\/v2\/posts"}],"about":[{"href":"https:\/\/news.canadamotorjobs.com\/fr\/wp-json\/wp\/v2\/types\/post"}],"author":[{"embeddable":true,"href":"https:\/\/news.canadamotorjobs.com\/fr\/wp-json\/wp\/v2\/users\/8"}],"replies":[{"embeddable":true,"href":"https:\/\/news.canadamotorjobs.com\/fr\/wp-json\/wp\/v2\/comments?post=199233"}],"version-history":[{"count":3,"href":"https:\/\/news.canadamotorjobs.com\/fr\/wp-json\/wp\/v2\/posts\/199233\/revisions"}],"predecessor-version":[{"id":199264,"href":"https:\/\/news.canadamotorjobs.com\/fr\/wp-json\/wp\/v2\/posts\/199233\/revisions\/199264"}],"wp:featuredmedia":[{"embeddable":true,"href":"https:\/\/news.canadamotorjobs.com\/fr\/wp-json\/wp\/v2\/media\/199235"}],"wp:attachment":[{"href":"https:\/\/news.canadamotorjobs.com\/fr\/wp-json\/wp\/v2\/media?parent=199233"}],"wp:term":[{"taxonomy":"category","embeddable":true,"href":"https:\/\/news.canadamotorjobs.com\/fr\/wp-json\/wp\/v2\/categories?post=199233"},{"taxonomy":"post_tag","embeddable":true,"href":"https:\/\/news.canadamotorjobs.com\/fr\/wp-json\/wp\/v2\/tags?post=199233"}],"curies":[{"name":"wp","href":"https:\/\/api.w.org\/{rel}","templated":true}]}}