{"id":199205,"date":"2025-03-22T08:54:27","date_gmt":"2025-03-22T12:54:27","guid":{"rendered":"https:\/\/news.canadamotorjobs.com\/?p=199205"},"modified":"2025-03-22T08:59:07","modified_gmt":"2025-03-22T12:59:07","slug":"le-mazda-cx-5-2027-sera-offert-avec-un-moteur-hybride","status":"publish","type":"post","link":"https:\/\/news.canadamotorjobs.com\/fr\/le-mazda-cx-5-2027-sera-offert-avec-un-moteur-hybride\/","title":{"rendered":"Le Mazda CX-5 2027 sera offert avec un moteur hybride"},"content":{"rendered":"<\/p>\n<p>Mazda a lanc\u00e9 l\u2019ann\u00e9e derni\u00e8re une version hybride de son VUS CX-50. On se doutait bien que le cousin CX-5 \u00e9tait pour suivre et c\u2019est ce qu\u2019a confirm\u00e9 la compagnie cette semaine.<\/p>\n<p>Il faudra cependant attendre \u00e0 la prochaine g\u00e9n\u00e9ration du mod\u00e8le pour en profiter, et ce sera pour l\u2019ann\u00e9e 2027. Assur\u00e9ment, \u00e7a va accro\u00eetre l\u2019engouement pour le v\u00e9hicule utilitaire, qui est d\u00e9j\u00e0 tr\u00e8s populaire aupr\u00e8s des consommateurs.<\/p>\n<p><strong>Un nouveau syst\u00e8me, d\u00e9velopp\u00e9 par Mazda<\/strong><\/p>\n<p>Plut\u00f4t que d\u2019utiliser le syst\u00e8me hybride du Toyota RAV4, comme le fait le CX-50, le CX-5 hybride 2027 va profiter d\u2019une technologie d\u00e9velopp\u00e9e en interne.<\/p>\n<p>Pour le moment, on n\u2019en connait pas trop du syst\u00e8me attendu, mais il est permis de croire qu\u2019il va mettre \u00e0 profit un 4-cylindres Skyactiv-Z d\u00e9velopp\u00e9 par la compagnie, et que deux moteurs \u00e9lectriques lui seront associ\u00e9s, du moins en ce qui a trait aux versions \u00e0 quatre roues motrices.<\/p>\n<p><\/p>\n<figure><img decoding=\"async\" src=\"https:\/\/news.canadamotorjobs.com\/wp-content\/uploads\/2025\/03\/PXL_20241209_162418940-5.jpg\" alt=\"Le Mazda CX-5 2025\" \/><figcaption>Le Mazda CX-5 2025 | Auto123.com<\/figcaption><\/figure>\n<p>Concernant le moteur Skyactiv-Z, il va venir remplacer les groupes motopropulseurs Skyactiv-G dans la gamme. Ce que cette nouvelle g\u00e9n\u00e9ration propose, c\u2019est un m\u00e9lange air\/essence qui est parfaitement \u00e9quilibr\u00e9 sur toute la plage de r\u00e9gime moteur, ce qui va avoir pour effet de r\u00e9duire les \u00e9missions \u00e0 l\u2019\u00e9chappement lorsque la puissance est exploit\u00e9e.<\/p>\n<p>Cette m\u00e9canique va donc \u00eatre en mesure de respecter les r\u00e8gles environnementales plus longtemps.<\/p>\n<p>Nous allons bien s\u00fbr suivre ce dossier de pr\u00e8s. Le CX-5 est un rouage majeur dans la gamme de Mazda et l\u2019arriv\u00e9e d\u2019une nouvelle cuv\u00e9e, combin\u00e9e \u00e0 une offre hybride, pourrait bien faire bondir les ventes de fa\u00e7on int\u00e9ressante pour la compagnie.<\/p>\n<p><\/p>\n<p style=\"padding-top: 15px\">Contenu original de <a href=\"https:\/\/www.auto123.com\/fr\/actualites\/mazda-cx-5-moteur-hybride-2027\/72546\/\">auto123<\/a>.<\/p>\n<p>Le texte <a href=\"https:\/\/annuelauto.ca\/le-mazda-cx-5-2027-sera-offert-avec-un-moteur-hybride\/\">Le Mazda CX-5 2027 sera offert avec un moteur hybride<\/a> provient de <a href=\"https:\/\/annuelauto.ca\">L&#8217;annuel de l&#8217;automobile &#8211; Actualit\u00e9 automobile<\/a><\/p>\n<p><\/p>\n","protected":false},"excerpt":{"rendered":"<p>Mazda a lanc\u00e9 l\u2019ann\u00e9e derni\u00e8re une version hybride de son VUS CX-50. On se doutait bien que le cousin CX-5 \u00e9tait pour suivre et c\u2019est ce qu\u2019a confirm\u00e9 la compagnie cette semaine. Il faudra cependant attendre \u00e0 la prochaine g\u00e9n\u00e9ration du mod\u00e8le pour en profiter, et ce sera pour l\u2019ann\u00e9e 2027. Assur\u00e9ment, \u00e7a va accro\u00eetre [&hellip;]<\/p>\n","protected":false},"author":8,"featured_media":199207,"comment_status":"close","ping_status":"closed","sticky":false,"template":"","format":"standard","meta":{"_monsterinsights_skip_tracking":false,"_monsterinsights_sitenote_active":false,"_monsterinsights_sitenote_note":"","_monsterinsights_sitenote_category":0,"footnotes":""},"categories":[101],"tags":[],"yoast_head":"<!-- This site is optimized with the Yoast SEO plugin v23.2 - https:\/\/yoast.com\/wordpress\/plugins\/seo\/ -->\n<title>Le Mazda CX-5 2027 sera offert avec un moteur hybride - CanadaMotorJobs.com<\/title>\n<meta name=\"description\" content=\"Le Mazda CX-5 2027 sera offert avec un moteur hybride - Benoit Charette - Annuel automobile - CanadaMotorJobs.com.\" \/>\n<meta name=\"robots\" content=\"index, follow, max-snippet:-1, max-image-preview:large, max-video-preview:-1\" \/>\n<meta property=\"og:locale\" content=\"fr_CA\" \/>\n<meta property=\"og:type\" content=\"article\" \/>\n<meta property=\"og:title\" content=\"Le Mazda CX-5 2027 sera offert avec un moteur hybride - CanadaMotorJobs.com\" \/>\n<meta property=\"og:description\" content=\"Le Mazda CX-5 2027 sera offert avec un moteur hybride - Benoit Charette - Annuel automobile - CanadaMotorJobs.com.\" \/>\n<meta property=\"og:url\" content=\"https:\/\/news.canadamotorjobs.com\/fr\/le-mazda-cx-5-2027-sera-offert-avec-un-moteur-hybride\/\" \/>\n<meta property=\"og:site_name\" content=\"CanadaMotorJobs.com\" \/>\n<meta property=\"article:publisher\" content=\"https:\/\/www.facebook.com\/canadamotorjobs\/\" \/>\n<meta property=\"article:published_time\" content=\"2025-03-22T12:54:27+00:00\" \/>\n<meta property=\"article:modified_time\" content=\"2025-03-22T12:59:07+00:00\" \/>\n<meta property=\"og:image\" content=\"https:\/\/news.canadamotorjobs.com\/wp-content\/uploads\/2025\/03\/PXL_20241209_162418940.jpg\" \/>\n\t<meta property=\"og:image:width\" content=\"1200\" \/>\n\t<meta property=\"og:image:height\" content=\"800\" \/>\n\t<meta property=\"og:image:type\" content=\"image\/jpeg\" \/>\n<meta name=\"author\" content=\"Benoit Charette\" \/>\n<meta name=\"twitter:card\" content=\"summary_large_image\" \/>\n<meta name=\"twitter:creator\" content=\"@canadamotorjobs\" \/>\n<meta name=\"twitter:site\" content=\"@canadamotorjobs\" \/>\n<meta name=\"twitter:label1\" content=\"\u00c9crit par\" \/>\n\t<meta name=\"twitter:data1\" content=\"Benoit Charette\" \/>\n\t<meta name=\"twitter:label2\" content=\"Estimation du temps de lecture\" \/>\n\t<meta name=\"twitter:data2\" content=\"2 minutes\" \/>\n<!-- \/ Yoast SEO plugin. -->","yoast_head_json":{"title":"Le Mazda CX-5 2027 sera offert avec un moteur hybride - CanadaMotorJobs.com","description":"Le Mazda CX-5 2027 sera offert avec un moteur hybride - Benoit Charette - Annuel automobile - CanadaMotorJobs.com.","robots":{"index":"index","follow":"follow","max-snippet":"max-snippet:-1","max-image-preview":"max-image-preview:large","max-video-preview":"max-video-preview:-1"},"og_locale":"fr_CA","og_type":"article","og_title":"Le Mazda CX-5 2027 sera offert avec un moteur hybride - CanadaMotorJobs.com","og_description":"Le Mazda CX-5 2027 sera offert avec un moteur hybride - Benoit Charette - Annuel automobile - CanadaMotorJobs.com.","og_url":"https:\/\/news.canadamotorjobs.com\/fr\/le-mazda-cx-5-2027-sera-offert-avec-un-moteur-hybride\/","og_site_name":"CanadaMotorJobs.com","article_publisher":"https:\/\/www.facebook.com\/canadamotorjobs\/","article_published_time":"2025-03-22T12:54:27+00:00","article_modified_time":"2025-03-22T12:59:07+00:00","og_image":[{"width":1200,"height":800,"url":"https:\/\/news.canadamotorjobs.com\/wp-content\/uploads\/2025\/03\/PXL_20241209_162418940.jpg","type":"image\/jpeg"}],"author":"Benoit Charette","twitter_card":"summary_large_image","twitter_creator":"@canadamotorjobs","twitter_site":"@canadamotorjobs","twitter_misc":{"\u00c9crit par":"Benoit Charette","Estimation du temps de lecture":"2 minutes"},"schema":{"@context":"https:\/\/schema.org","@graph":[{"@type":"Article","@id":"https:\/\/news.canadamotorjobs.com\/fr\/le-mazda-cx-5-2027-sera-offert-avec-un-moteur-hybride\/#article","isPartOf":{"@id":"https:\/\/news.canadamotorjobs.com\/fr\/le-mazda-cx-5-2027-sera-offert-avec-un-moteur-hybride\/"},"author":{"name":"Benoit Charette","@id":"https:\/\/news.canadamotorjobs.com\/#\/schema\/person\/51793d1f87d44011d7bcc2ed99269a90"},"headline":"Le Mazda CX-5 2027 sera offert avec un moteur hybride","datePublished":"2025-03-22T12:54:27+00:00","dateModified":"2025-03-22T12:59:07+00:00","mainEntityOfPage":{"@id":"https:\/\/news.canadamotorjobs.com\/fr\/le-mazda-cx-5-2027-sera-offert-avec-un-moteur-hybride\/"},"wordCount":340,"publisher":{"@id":"https:\/\/news.canadamotorjobs.com\/#organization"},"image":{"@id":"https:\/\/news.canadamotorjobs.com\/fr\/le-mazda-cx-5-2027-sera-offert-avec-un-moteur-hybride\/#primaryimage"},"thumbnailUrl":"https:\/\/news.canadamotorjobs.com\/wp-content\/uploads\/2025\/03\/PXL_20241209_162418940.jpg","articleSection":["Annuel automobile"],"inLanguage":"fr-CA"},{"@type":"WebPage","@id":"https:\/\/news.canadamotorjobs.com\/fr\/le-mazda-cx-5-2027-sera-offert-avec-un-moteur-hybride\/","url":"https:\/\/news.canadamotorjobs.com\/fr\/le-mazda-cx-5-2027-sera-offert-avec-un-moteur-hybride\/","name":"Le Mazda CX-5 2027 sera offert avec un moteur hybride - CanadaMotorJobs.com","isPartOf":{"@id":"https:\/\/news.canadamotorjobs.com\/#website"},"primaryImageOfPage":{"@id":"https:\/\/news.canadamotorjobs.com\/fr\/le-mazda-cx-5-2027-sera-offert-avec-un-moteur-hybride\/#primaryimage"},"image":{"@id":"https:\/\/news.canadamotorjobs.com\/fr\/le-mazda-cx-5-2027-sera-offert-avec-un-moteur-hybride\/#primaryimage"},"thumbnailUrl":"https:\/\/news.canadamotorjobs.com\/wp-content\/uploads\/2025\/03\/PXL_20241209_162418940.jpg","datePublished":"2025-03-22T12:54:27+00:00","dateModified":"2025-03-22T12:59:07+00:00","description":"Le Mazda CX-5 2027 sera offert avec un moteur hybride - Benoit Charette - Annuel automobile - CanadaMotorJobs.com.","breadcrumb":{"@id":"https:\/\/news.canadamotorjobs.com\/fr\/le-mazda-cx-5-2027-sera-offert-avec-un-moteur-hybride\/#breadcrumb"},"inLanguage":"fr-CA","potentialAction":[{"@type":"ReadAction","target":["https:\/\/news.canadamotorjobs.com\/fr\/le-mazda-cx-5-2027-sera-offert-avec-un-moteur-hybride\/"]}]},{"@type":"ImageObject","inLanguage":"fr-CA","@id":"https:\/\/news.canadamotorjobs.com\/fr\/le-mazda-cx-5-2027-sera-offert-avec-un-moteur-hybride\/#primaryimage","url":"https:\/\/news.canadamotorjobs.com\/wp-content\/uploads\/2025\/03\/PXL_20241209_162418940.jpg","contentUrl":"https:\/\/news.canadamotorjobs.com\/wp-content\/uploads\/2025\/03\/PXL_20241209_162418940.jpg","width":1200,"height":800},{"@type":"BreadcrumbList","@id":"https:\/\/news.canadamotorjobs.com\/fr\/le-mazda-cx-5-2027-sera-offert-avec-un-moteur-hybride\/#breadcrumb","itemListElement":[{"@type":"ListItem","position":1,"name":"Home","item":"https:\/\/news.canadamotorjobs.com\/fr\/blog\/"},{"@type":"ListItem","position":2,"name":"Le Mazda CX-5 2027 sera offert avec un moteur hybride"}]},{"@type":"WebSite","@id":"https:\/\/news.canadamotorjobs.com\/#website","url":"https:\/\/news.canadamotorjobs.com\/","name":"CanadaMotorJobs.com","description":"Automotive Jobs","publisher":{"@id":"https:\/\/news.canadamotorjobs.com\/#organization"},"potentialAction":[{"@type":"SearchAction","target":{"@type":"EntryPoint","urlTemplate":"https:\/\/news.canadamotorjobs.com\/?s={search_term_string}"},"query-input":"required name=search_term_string"}],"inLanguage":"fr-CA"},{"@type":"Organization","@id":"https:\/\/news.canadamotorjobs.com\/#organization","name":"Canada Motor Jobs","url":"https:\/\/news.canadamotorjobs.com\/","logo":{"@type":"ImageObject","inLanguage":"fr-CA","@id":"https:\/\/news.canadamotorjobs.com\/#\/schema\/logo\/image\/","url":"https:\/\/news.canadamotorjobs.com\/wp-content\/uploads\/2022\/10\/logo-canada-motor-jobs-1.png","contentUrl":"https:\/\/news.canadamotorjobs.com\/wp-content\/uploads\/2022\/10\/logo-canada-motor-jobs-1.png","width":800,"height":400,"caption":"Canada Motor Jobs"},"image":{"@id":"https:\/\/news.canadamotorjobs.com\/#\/schema\/logo\/image\/"},"sameAs":["https:\/\/www.facebook.com\/canadamotorjobs\/","https:\/\/x.com\/canadamotorjobs","https:\/\/www.instagram.com\/canadamotorjobs\/","https:\/\/www.linkedin.com\/company\/canadamotorjobs"]},{"@type":"Person","@id":"https:\/\/news.canadamotorjobs.com\/#\/schema\/person\/51793d1f87d44011d7bcc2ed99269a90","name":"Benoit Charette","image":{"@type":"ImageObject","inLanguage":"fr-CA","@id":"https:\/\/news.canadamotorjobs.com\/#\/schema\/person\/image\/","url":"https:\/\/secure.gravatar.com\/avatar\/45f3d2eebcccd909668d7ce7ea7267b6?s=96&d=mm&r=g","contentUrl":"https:\/\/secure.gravatar.com\/avatar\/45f3d2eebcccd909668d7ce7ea7267b6?s=96&d=mm&r=g","caption":"Benoit Charette"},"description":"Benoit Charette \/ Propri\u00e9taire et r\u00e9dacteur en chef Benoit Charette pratique le journalisme automobile depuis bient\u00f4t 30 ans. Il a fait ses classes au c\u00f4t\u00e9 de Daniel H\u00e9raud et au Carnet de route de 1992 \u00e0 2001. Il est fondateur, copropri\u00e9taire et r\u00e9dacteur en chef de L\u2019Annuel de l\u2019automobile, qu\u2019il publie depuis 2001. Il a anim\u00e9 les \u00e9missions RPM et RPM+ sur V et les L\u00e9gendes de la route sur Historia. \u00c0 la radio depuis 1986, il reprend l\u2019antenne cette ann\u00e9e sur les ondes de Cogeco et participe pour la deuxi\u00e8me ann\u00e9e \u00e0 l\u2019\u00e9mission Passion Auto sur RDS en plus de mettre en ligne le site Web officiel de L\u2019Annuel de l\u2019automobile sur annuelauto.ca.","sameAs":["https:\/\/annuelauto.ca\/"],"url":"https:\/\/news.canadamotorjobs.com\/fr\/author\/benoit-charette\/"}]}},"_links":{"self":[{"href":"https:\/\/news.canadamotorjobs.com\/fr\/wp-json\/wp\/v2\/posts\/199205"}],"collection":[{"href":"https:\/\/news.canadamotorjobs.com\/fr\/wp-json\/wp\/v2\/posts"}],"about":[{"href":"https:\/\/news.canadamotorjobs.com\/fr\/wp-json\/wp\/v2\/types\/post"}],"author":[{"embeddable":true,"href":"https:\/\/news.canadamotorjobs.com\/fr\/wp-json\/wp\/v2\/users\/8"}],"replies":[{"embeddable":true,"href":"https:\/\/news.canadamotorjobs.com\/fr\/wp-json\/wp\/v2\/comments?post=199205"}],"version-history":[{"count":3,"href":"https:\/\/news.canadamotorjobs.com\/fr\/wp-json\/wp\/v2\/posts\/199205\/revisions"}],"predecessor-version":[{"id":199232,"href":"https:\/\/news.canadamotorjobs.com\/fr\/wp-json\/wp\/v2\/posts\/199205\/revisions\/199232"}],"wp:featuredmedia":[{"embeddable":true,"href":"https:\/\/news.canadamotorjobs.com\/fr\/wp-json\/wp\/v2\/media\/199207"}],"wp:attachment":[{"href":"https:\/\/news.canadamotorjobs.com\/fr\/wp-json\/wp\/v2\/media?parent=199205"}],"wp:term":[{"taxonomy":"category","embeddable":true,"href":"https:\/\/news.canadamotorjobs.com\/fr\/wp-json\/wp\/v2\/categories?post=199205"},{"taxonomy":"post_tag","embeddable":true,"href":"https:\/\/news.canadamotorjobs.com\/fr\/wp-json\/wp\/v2\/tags?post=199205"}],"curies":[{"name":"wp","href":"https:\/\/api.w.org\/{rel}","templated":true}]}}