{"id":199056,"date":"2025-03-21T07:22:40","date_gmt":"2025-03-21T11:22:40","guid":{"rendered":"https:\/\/news.canadamotorjobs.com\/?p=199056"},"modified":"2025-03-21T07:29:53","modified_gmt":"2025-03-21T11:29:53","slug":"mercedes-veut-des-robots-humanoides-sur-ses-chaines-de-montage-dici-2030","status":"publish","type":"post","link":"https:\/\/news.canadamotorjobs.com\/fr\/mercedes-veut-des-robots-humanoides-sur-ses-chaines-de-montage-dici-2030\/","title":{"rendered":"Mercedes veut des robots humano\u00efdes sur ses cha\u00eenes de montage d\u2019ici 2030"},"content":{"rendered":"<\/p>\n<p>Mercedes-Benz acc\u00e9l\u00e8re son processus vers l\u2019automatisation. Le constructeur allemand a lanc\u00e9 un projet pilote int\u00e9grant des robots humano\u00efdes sur ses cha\u00eenes de montage. Si tout se passe comme pr\u00e9vu, ces machines pourraient travailler aux c\u00f4t\u00e9s des ouvriers d\u00e8s 2029 ou 2030.<\/p>\n<p><strong>Apollo<\/strong><\/p>\n<p>Lors d\u2019une pr\u00e9sentation \u00e0 son usine de Berlin, Mercedes a d\u00e9voil\u00e9 Apollo, un robot humano\u00efde blanc aux airs de b\u00e2ton anim\u00e9. Devant les journalistes, Apollo a salu\u00e9, effectu\u00e9 des gestes pr\u00e9cis et assembl\u00e9 une pi\u00e8ce simple avant de lever un pouce en signe de r\u00e9ussite.<\/p>\n<p>\u00ab D\u2019ici 2030, nous verrons au moins quelques robots humano\u00efdes sur la production, \u00bb a d\u00e9clar\u00e9 J\u00f6rg Burzer, responsable de la production chez Mercedes.<\/p>\n<p><\/p>\n<figure><img decoding=\"async\" src=\"https:\/\/news.canadamotorjobs.com\/wp-content\/uploads\/2025\/03\/apptronik-apollo-merecedes-robot-06-5.jpg\" alt=\"Le robot humano\u00efde mis \u00e0 l&#039;essai dans une usine de Mercedes-Benz\" \/><figcaption>Le robot humano\u00efde mis \u00e0 l&#8217;essai dans une usine de Mercedes-Benz | Auto123.com<\/figcaption><\/figure>\n<p><strong>Pourquoi miser sur les robots ?<\/strong><\/p>\n<p>L\u2019arriv\u00e9e de ces machines s\u2019inscrit dans une tendance plus large : l\u2019IA (intelligence artificielle) et l\u2019automatisation envahissent l\u2019industrie automobile. Contrairement aux robots fixes qui effectuent d\u00e9j\u00e0 des t\u00e2ches comme le soudage, les robots humano\u00efdes offrent plus de flexibilit\u00e9. Ils peuvent s\u2019adapter \u00e0 diff\u00e9rents environnements, ils apprennent des t\u00e2ches que r\u00e9alisent les humains et ils les r\u00e9p\u00e8tent de fa\u00e7on autonome. Ils peuvent \u00e9galement \u00eatre d\u00e9plac\u00e9s en fonction des besoins de production.<\/p>\n<p>D\u2019autres constructeurs comme Honda, Hyundai et BMW exp\u00e9rimentent aussi les robots humano\u00efdes pour les t\u00e2ches r\u00e9p\u00e9titives et p\u00e9nibles, mais aucun ne les a encore int\u00e9gr\u00e9s \u00e0 grande \u00e9chelle. M\u00eame Tesla, qui promettait son robot \u00ab Optimus \u00bb en usine d\u00e8s 2023, n\u2019a pas donn\u00e9 de nouvelles depuis.<\/p>\n<p><strong>Des robots pour r\u00e9duire les erreurs et am\u00e9liorer l\u2019efficacit\u00e9<\/strong><\/p>\n<p>Mercedes voit dans ces robots une solution pour automatiser certaines t\u00e2ches de logistique et r\u00e9duire les erreurs humaines. L\u2019un des premiers domaines o\u00f9 ils pourraient \u00eatre utilis\u00e9s est la \u00ab zone de triage \u00bb, o\u00f9 sont stock\u00e9es les pi\u00e8ces avant d\u2019\u00eatre envoy\u00e9es sur la cha\u00eene de montage. C\u2019est \u00e0 cet endroit que l\u2019on retrouve le plus d\u2019erreurs humaines.<\/p>\n<p><strong>Un partenariat avec Apptronik et Google DeepMind<\/strong><\/p>\n<p>Pour d\u00e9velopper cette technologie, Mercedes a investi plusieurs dizaines de millions d\u2019euros dans Apptronik, une entreprise sp\u00e9cialis\u00e9e en robotique humano\u00efde, n\u00e9e au sein du Human Centered Robotics Lab de l\u2019Universit\u00e9 du Texas.<\/p>\n<p>En d\u00e9cembre dernier, Apptronik a sign\u00e9 un partenariat avec Google DeepMind, qui d\u00e9veloppe des IA avanc\u00e9es pour am\u00e9liorer les capacit\u00e9s de ces robots.<\/p>\n<p><\/p>\n<figure><img decoding=\"async\" src=\"https:\/\/news.canadamotorjobs.com\/wp-content\/uploads\/2025\/03\/apptronik-apollo-merecedes-robot-04-1.jpg\" alt=\"Le robot, d\u00e9nomm\u00e9 Apollo\" \/><figcaption>Le robot, d\u00e9nomm\u00e9 Apollo | Auto123.com<\/figcaption><\/figure>\n<p><strong>Des robots pour aider les ouvriers, mais pas les remplacer ?<\/strong><\/p>\n<p>L\u2019objectif n\u2019est pas uniquement de remplacer des travailleurs humains, mais aussi de r\u00e9duire les t\u00e2ches p\u00e9nibles et r\u00e9p\u00e9titives.<\/p>\n<p>Lors d\u2019une d\u00e9monstration, un employ\u00e9 de Mercedes a utilis\u00e9 un casque de r\u00e9alit\u00e9 virtuelle pour apprendre \u00e0 Apollo \u00e0 visser une pi\u00e8ce avec un outil \u00e9lectrique. Gr\u00e2ce \u00e0 cette m\u00e9thode, l\u2019IA observe, apprend et reproduit la t\u00e2che de fa\u00e7on autonome par la suite.<\/p>\n<p>Selon Mercedes-Benz, ce type d\u2019assistance pourrait pr\u00e9senter des avantages sociaux, notamment :<\/p>\n<ul><\/p>\n<li>\u2013 R\u00e9duire les blessures li\u00e9es aux t\u00e2ches r\u00e9p\u00e9titives<\/li>\n<p><\/p>\n<li>\u2013 Permettre aux employ\u00e9s \u00e2g\u00e9s de travailler plus longtemps sans fatigue excessive<\/li>\n<p><\/p>\n<li>\u2013 Lib\u00e9rer les ouvriers qualifi\u00e9s pour des t\u00e2ches \u00e0 plus forte valeur ajout\u00e9e<\/li>\n<p>\n<\/ul>\n<p>Katrin Lehmann, directrice des syst\u00e8mes d\u2019information de Mercedes, explique que \u00ab L\u2019IA prend en charge les t\u00e2ches les moins appr\u00e9ci\u00e9es, nous laissant plus de temps pour l\u2019innovation et la cr\u00e9ativit\u00e9. \u00bb<\/p>\n<p><strong>Les robots, un avenir in\u00e9vitable en usine ?<\/strong><\/p>\n<p>Avec l\u2019automatisation croissante, les robots humano\u00efdes s\u2019imposent progressivement comme une solution pour am\u00e9liorer la productivit\u00e9 et la flexibilit\u00e9 des usines.<\/p>\n<p><\/p>\n<figure><img decoding=\"async\" src=\"https:\/\/news.canadamotorjobs.com\/wp-content\/uploads\/2025\/03\/apptronik-apollo-merecedes-robot-03a-1.jpg\" \/><figcaption>Mercedes veut des robots humano\u00efdes sur ses cha\u00eenes de montage d\u2019ici 2030 | Auto123.com<\/figcaption><\/figure>\n<figure><img decoding=\"async\" src=\"https:\/\/news.canadamotorjobs.com\/wp-content\/uploads\/2025\/03\/apptronik-apollo-merecedes-robot-01-1.jpg\" \/><figcaption>Mercedes veut des robots humano\u00efdes sur ses cha\u00eenes de montage d\u2019ici 2030 | Auto123.com<\/figcaption><\/figure>\n<p style=\"padding-top: 15px\">Contenu original de <a href=\"https:\/\/www.auto123.com\/fr\/actualites\/robots-humanoides-mercedes-chaines-montage\/72536\/\">auto123<\/a>.<\/p>\n<p>Le texte <a href=\"https:\/\/annuelauto.ca\/mercedes-veut-des-robots-humanoides-sur-ses-chaines-de-montage-dici-2030\/\">Mercedes veut des robots humano\u00efdes sur ses cha\u00eenes de montage d\u2019ici 2030<\/a> provient de <a href=\"https:\/\/annuelauto.ca\">L&#8217;annuel de l&#8217;automobile &#8211; Actualit\u00e9 automobile<\/a><\/p>\n<p><\/p>\n","protected":false},"excerpt":{"rendered":"<p>Mercedes-Benz acc\u00e9l\u00e8re son processus vers l\u2019automatisation. Le constructeur allemand a lanc\u00e9 un projet pilote int\u00e9grant des robots humano\u00efdes sur ses cha\u00eenes de montage. Si tout se passe comme pr\u00e9vu, ces machines pourraient travailler aux c\u00f4t\u00e9s des ouvriers d\u00e8s 2029 ou 2030. Apollo Lors d\u2019une pr\u00e9sentation \u00e0 son usine de Berlin, Mercedes a d\u00e9voil\u00e9 Apollo, un [&hellip;]<\/p>\n","protected":false},"author":8,"featured_media":199058,"comment_status":"close","ping_status":"closed","sticky":false,"template":"","format":"standard","meta":{"_monsterinsights_skip_tracking":false,"_monsterinsights_sitenote_active":false,"_monsterinsights_sitenote_note":"","_monsterinsights_sitenote_category":0,"footnotes":""},"categories":[101],"tags":[],"yoast_head":"<!-- This site is optimized with the Yoast SEO plugin v23.2 - https:\/\/yoast.com\/wordpress\/plugins\/seo\/ -->\n<title>Mercedes veut des robots humano\u00efdes sur ses cha\u00eenes de montage d\u2019ici 2030 - CanadaMotorJobs.com<\/title>\n<meta name=\"description\" content=\"Mercedes veut des robots humano\u00efdes sur ses cha\u00eenes de montage d\u2019ici 2030 - Benoit Charette - Annuel automobile - CanadaMotorJobs.com.\" \/>\n<meta name=\"robots\" content=\"index, follow, max-snippet:-1, max-image-preview:large, max-video-preview:-1\" \/>\n<meta property=\"og:locale\" content=\"fr_CA\" \/>\n<meta property=\"og:type\" content=\"article\" \/>\n<meta property=\"og:title\" content=\"Mercedes veut des robots humano\u00efdes sur ses cha\u00eenes de montage d\u2019ici 2030 - CanadaMotorJobs.com\" \/>\n<meta property=\"og:description\" content=\"Mercedes veut des robots humano\u00efdes sur ses cha\u00eenes de montage d\u2019ici 2030 - Benoit Charette - Annuel automobile - CanadaMotorJobs.com.\" \/>\n<meta property=\"og:url\" content=\"https:\/\/news.canadamotorjobs.com\/fr\/mercedes-veut-des-robots-humanoides-sur-ses-chaines-de-montage-dici-2030\/\" \/>\n<meta property=\"og:site_name\" content=\"CanadaMotorJobs.com\" \/>\n<meta property=\"article:publisher\" content=\"https:\/\/www.facebook.com\/canadamotorjobs\/\" \/>\n<meta property=\"article:published_time\" content=\"2025-03-21T11:22:40+00:00\" \/>\n<meta property=\"article:modified_time\" content=\"2025-03-21T11:29:53+00:00\" \/>\n<meta property=\"og:image\" content=\"https:\/\/news.canadamotorjobs.com\/wp-content\/uploads\/2025\/03\/apptronik-apollo-merecedes-robot-06.jpg\" \/>\n\t<meta property=\"og:image:width\" content=\"1200\" \/>\n\t<meta property=\"og:image:height\" content=\"673\" \/>\n\t<meta property=\"og:image:type\" content=\"image\/jpeg\" \/>\n<meta name=\"author\" content=\"Benoit Charette\" \/>\n<meta name=\"twitter:card\" content=\"summary_large_image\" \/>\n<meta name=\"twitter:creator\" content=\"@canadamotorjobs\" \/>\n<meta name=\"twitter:site\" content=\"@canadamotorjobs\" \/>\n<meta name=\"twitter:label1\" content=\"\u00c9crit par\" \/>\n\t<meta name=\"twitter:data1\" content=\"Benoit Charette\" \/>\n\t<meta name=\"twitter:label2\" content=\"Estimation du temps de lecture\" \/>\n\t<meta name=\"twitter:data2\" content=\"4 minutes\" \/>\n<!-- \/ Yoast SEO plugin. -->","yoast_head_json":{"title":"Mercedes veut des robots humano\u00efdes sur ses cha\u00eenes de montage d\u2019ici 2030 - CanadaMotorJobs.com","description":"Mercedes veut des robots humano\u00efdes sur ses cha\u00eenes de montage d\u2019ici 2030 - Benoit Charette - Annuel automobile - CanadaMotorJobs.com.","robots":{"index":"index","follow":"follow","max-snippet":"max-snippet:-1","max-image-preview":"max-image-preview:large","max-video-preview":"max-video-preview:-1"},"og_locale":"fr_CA","og_type":"article","og_title":"Mercedes veut des robots humano\u00efdes sur ses cha\u00eenes de montage d\u2019ici 2030 - CanadaMotorJobs.com","og_description":"Mercedes veut des robots humano\u00efdes sur ses cha\u00eenes de montage d\u2019ici 2030 - Benoit Charette - Annuel automobile - CanadaMotorJobs.com.","og_url":"https:\/\/news.canadamotorjobs.com\/fr\/mercedes-veut-des-robots-humanoides-sur-ses-chaines-de-montage-dici-2030\/","og_site_name":"CanadaMotorJobs.com","article_publisher":"https:\/\/www.facebook.com\/canadamotorjobs\/","article_published_time":"2025-03-21T11:22:40+00:00","article_modified_time":"2025-03-21T11:29:53+00:00","og_image":[{"width":1200,"height":673,"url":"https:\/\/news.canadamotorjobs.com\/wp-content\/uploads\/2025\/03\/apptronik-apollo-merecedes-robot-06.jpg","type":"image\/jpeg"}],"author":"Benoit Charette","twitter_card":"summary_large_image","twitter_creator":"@canadamotorjobs","twitter_site":"@canadamotorjobs","twitter_misc":{"\u00c9crit par":"Benoit Charette","Estimation du temps de lecture":"4 minutes"},"schema":{"@context":"https:\/\/schema.org","@graph":[{"@type":"Article","@id":"https:\/\/news.canadamotorjobs.com\/fr\/mercedes-veut-des-robots-humanoides-sur-ses-chaines-de-montage-dici-2030\/#article","isPartOf":{"@id":"https:\/\/news.canadamotorjobs.com\/fr\/mercedes-veut-des-robots-humanoides-sur-ses-chaines-de-montage-dici-2030\/"},"author":{"name":"Benoit Charette","@id":"https:\/\/news.canadamotorjobs.com\/#\/schema\/person\/51793d1f87d44011d7bcc2ed99269a90"},"headline":"Mercedes veut des robots humano\u00efdes sur ses cha\u00eenes de montage d\u2019ici 2030","datePublished":"2025-03-21T11:22:40+00:00","dateModified":"2025-03-21T11:29:53+00:00","mainEntityOfPage":{"@id":"https:\/\/news.canadamotorjobs.com\/fr\/mercedes-veut-des-robots-humanoides-sur-ses-chaines-de-montage-dici-2030\/"},"wordCount":729,"publisher":{"@id":"https:\/\/news.canadamotorjobs.com\/#organization"},"image":{"@id":"https:\/\/news.canadamotorjobs.com\/fr\/mercedes-veut-des-robots-humanoides-sur-ses-chaines-de-montage-dici-2030\/#primaryimage"},"thumbnailUrl":"https:\/\/news.canadamotorjobs.com\/wp-content\/uploads\/2025\/03\/apptronik-apollo-merecedes-robot-06.jpg","articleSection":["Annuel automobile"],"inLanguage":"fr-CA"},{"@type":"WebPage","@id":"https:\/\/news.canadamotorjobs.com\/fr\/mercedes-veut-des-robots-humanoides-sur-ses-chaines-de-montage-dici-2030\/","url":"https:\/\/news.canadamotorjobs.com\/fr\/mercedes-veut-des-robots-humanoides-sur-ses-chaines-de-montage-dici-2030\/","name":"Mercedes veut des robots humano\u00efdes sur ses cha\u00eenes de montage d\u2019ici 2030 - CanadaMotorJobs.com","isPartOf":{"@id":"https:\/\/news.canadamotorjobs.com\/#website"},"primaryImageOfPage":{"@id":"https:\/\/news.canadamotorjobs.com\/fr\/mercedes-veut-des-robots-humanoides-sur-ses-chaines-de-montage-dici-2030\/#primaryimage"},"image":{"@id":"https:\/\/news.canadamotorjobs.com\/fr\/mercedes-veut-des-robots-humanoides-sur-ses-chaines-de-montage-dici-2030\/#primaryimage"},"thumbnailUrl":"https:\/\/news.canadamotorjobs.com\/wp-content\/uploads\/2025\/03\/apptronik-apollo-merecedes-robot-06.jpg","datePublished":"2025-03-21T11:22:40+00:00","dateModified":"2025-03-21T11:29:53+00:00","description":"Mercedes veut des robots humano\u00efdes sur ses cha\u00eenes de montage d\u2019ici 2030 - Benoit Charette - Annuel automobile - CanadaMotorJobs.com.","breadcrumb":{"@id":"https:\/\/news.canadamotorjobs.com\/fr\/mercedes-veut-des-robots-humanoides-sur-ses-chaines-de-montage-dici-2030\/#breadcrumb"},"inLanguage":"fr-CA","potentialAction":[{"@type":"ReadAction","target":["https:\/\/news.canadamotorjobs.com\/fr\/mercedes-veut-des-robots-humanoides-sur-ses-chaines-de-montage-dici-2030\/"]}]},{"@type":"ImageObject","inLanguage":"fr-CA","@id":"https:\/\/news.canadamotorjobs.com\/fr\/mercedes-veut-des-robots-humanoides-sur-ses-chaines-de-montage-dici-2030\/#primaryimage","url":"https:\/\/news.canadamotorjobs.com\/wp-content\/uploads\/2025\/03\/apptronik-apollo-merecedes-robot-06.jpg","contentUrl":"https:\/\/news.canadamotorjobs.com\/wp-content\/uploads\/2025\/03\/apptronik-apollo-merecedes-robot-06.jpg","width":1200,"height":673},{"@type":"BreadcrumbList","@id":"https:\/\/news.canadamotorjobs.com\/fr\/mercedes-veut-des-robots-humanoides-sur-ses-chaines-de-montage-dici-2030\/#breadcrumb","itemListElement":[{"@type":"ListItem","position":1,"name":"Home","item":"https:\/\/news.canadamotorjobs.com\/fr\/blog\/"},{"@type":"ListItem","position":2,"name":"Mercedes veut des robots humano\u00efdes sur ses cha\u00eenes de montage d\u2019ici 2030"}]},{"@type":"WebSite","@id":"https:\/\/news.canadamotorjobs.com\/#website","url":"https:\/\/news.canadamotorjobs.com\/","name":"CanadaMotorJobs.com","description":"Automotive Jobs","publisher":{"@id":"https:\/\/news.canadamotorjobs.com\/#organization"},"potentialAction":[{"@type":"SearchAction","target":{"@type":"EntryPoint","urlTemplate":"https:\/\/news.canadamotorjobs.com\/?s={search_term_string}"},"query-input":"required name=search_term_string"}],"inLanguage":"fr-CA"},{"@type":"Organization","@id":"https:\/\/news.canadamotorjobs.com\/#organization","name":"Canada Motor Jobs","url":"https:\/\/news.canadamotorjobs.com\/","logo":{"@type":"ImageObject","inLanguage":"fr-CA","@id":"https:\/\/news.canadamotorjobs.com\/#\/schema\/logo\/image\/","url":"https:\/\/news.canadamotorjobs.com\/wp-content\/uploads\/2022\/10\/logo-canada-motor-jobs-1.png","contentUrl":"https:\/\/news.canadamotorjobs.com\/wp-content\/uploads\/2022\/10\/logo-canada-motor-jobs-1.png","width":800,"height":400,"caption":"Canada Motor Jobs"},"image":{"@id":"https:\/\/news.canadamotorjobs.com\/#\/schema\/logo\/image\/"},"sameAs":["https:\/\/www.facebook.com\/canadamotorjobs\/","https:\/\/x.com\/canadamotorjobs","https:\/\/www.instagram.com\/canadamotorjobs\/","https:\/\/www.linkedin.com\/company\/canadamotorjobs"]},{"@type":"Person","@id":"https:\/\/news.canadamotorjobs.com\/#\/schema\/person\/51793d1f87d44011d7bcc2ed99269a90","name":"Benoit Charette","image":{"@type":"ImageObject","inLanguage":"fr-CA","@id":"https:\/\/news.canadamotorjobs.com\/#\/schema\/person\/image\/","url":"https:\/\/secure.gravatar.com\/avatar\/45f3d2eebcccd909668d7ce7ea7267b6?s=96&d=mm&r=g","contentUrl":"https:\/\/secure.gravatar.com\/avatar\/45f3d2eebcccd909668d7ce7ea7267b6?s=96&d=mm&r=g","caption":"Benoit Charette"},"description":"Benoit Charette \/ Propri\u00e9taire et r\u00e9dacteur en chef Benoit Charette pratique le journalisme automobile depuis bient\u00f4t 30 ans. Il a fait ses classes au c\u00f4t\u00e9 de Daniel H\u00e9raud et au Carnet de route de 1992 \u00e0 2001. Il est fondateur, copropri\u00e9taire et r\u00e9dacteur en chef de L\u2019Annuel de l\u2019automobile, qu\u2019il publie depuis 2001. Il a anim\u00e9 les \u00e9missions RPM et RPM+ sur V et les L\u00e9gendes de la route sur Historia. \u00c0 la radio depuis 1986, il reprend l\u2019antenne cette ann\u00e9e sur les ondes de Cogeco et participe pour la deuxi\u00e8me ann\u00e9e \u00e0 l\u2019\u00e9mission Passion Auto sur RDS en plus de mettre en ligne le site Web officiel de L\u2019Annuel de l\u2019automobile sur annuelauto.ca.","sameAs":["https:\/\/annuelauto.ca\/"],"url":"https:\/\/news.canadamotorjobs.com\/fr\/author\/benoit-charette\/"}]}},"_links":{"self":[{"href":"https:\/\/news.canadamotorjobs.com\/fr\/wp-json\/wp\/v2\/posts\/199056"}],"collection":[{"href":"https:\/\/news.canadamotorjobs.com\/fr\/wp-json\/wp\/v2\/posts"}],"about":[{"href":"https:\/\/news.canadamotorjobs.com\/fr\/wp-json\/wp\/v2\/types\/post"}],"author":[{"embeddable":true,"href":"https:\/\/news.canadamotorjobs.com\/fr\/wp-json\/wp\/v2\/users\/8"}],"replies":[{"embeddable":true,"href":"https:\/\/news.canadamotorjobs.com\/fr\/wp-json\/wp\/v2\/comments?post=199056"}],"version-history":[{"count":3,"href":"https:\/\/news.canadamotorjobs.com\/fr\/wp-json\/wp\/v2\/posts\/199056\/revisions"}],"predecessor-version":[{"id":199095,"href":"https:\/\/news.canadamotorjobs.com\/fr\/wp-json\/wp\/v2\/posts\/199056\/revisions\/199095"}],"wp:featuredmedia":[{"embeddable":true,"href":"https:\/\/news.canadamotorjobs.com\/fr\/wp-json\/wp\/v2\/media\/199058"}],"wp:attachment":[{"href":"https:\/\/news.canadamotorjobs.com\/fr\/wp-json\/wp\/v2\/media?parent=199056"}],"wp:term":[{"taxonomy":"category","embeddable":true,"href":"https:\/\/news.canadamotorjobs.com\/fr\/wp-json\/wp\/v2\/categories?post=199056"},{"taxonomy":"post_tag","embeddable":true,"href":"https:\/\/news.canadamotorjobs.com\/fr\/wp-json\/wp\/v2\/tags?post=199056"}],"curies":[{"name":"wp","href":"https:\/\/api.w.org\/{rel}","templated":true}]}}