{"id":192520,"date":"2025-02-06T07:49:52","date_gmt":"2025-02-06T12:49:52","guid":{"rendered":"https:\/\/news.canadamotorjobs.com\/?p=192520"},"modified":"2025-02-06T07:59:01","modified_gmt":"2025-02-06T12:59:01","slug":"un-effondrement-des-ventes-de-tesla-en-europe","status":"publish","type":"post","link":"https:\/\/news.canadamotorjobs.com\/fr\/un-effondrement-des-ventes-de-tesla-en-europe\/","title":{"rendered":"Un effondrement des ventes de Tesla en Europe"},"content":{"rendered":"<\/p>\n<p>Les ventes de <strong>Tesla ont plong\u00e9 de pr\u00e8s de 50 % en janvier 2025 en Europe<\/strong>, un ph\u00e9nom\u00e8ne qui se r\u00e9p\u00e8te dans plusieurs pays du vieux continent.<\/p>\n<p>Cette chute s&#8217;explique par deux principaux facteurs :<\/p>\n<ol><\/p>\n<li><strong>L\u2019arriv\u00e9e du nouveau Tesla Model Y<\/strong>, qui freine les achats en attendant la disponibilit\u00e9 du mod\u00e8le actualis\u00e9.<\/li>\n<p><\/p>\n<li><strong>L\u2019image controvers\u00e9e d\u2019Elon Musk<\/strong>, dont les prises de position politiques suscitent une forte d\u00e9sapprobation en Europe.<\/li>\n<p>\n<\/ol>\n<p>\nSelon <strong>Reuters<\/strong>, les immatriculations de Tesla en Allemagne ont chut\u00e9 de <strong>59,5 %<\/strong> en janvier 2025, alors que le march\u00e9 automobile global n\u2019a baiss\u00e9 que de <strong>2,8 %<\/strong>. Pire encore, le march\u00e9 des v\u00e9hicules \u00e9lectriques a progress\u00e9 de <strong>53,5 %<\/strong>, confirmant que Tesla est en difficult\u00e9 face \u00e0 la concurrence.<\/p>\n<hr \/>\n<h3><strong>Ventes de Tesla en Europe : comparaison janvier 2025 vs janvier 2024<\/strong><\/h3>\n<p><\/p>\n<table><\/p>\n<thead><\/p>\n<tr><\/p>\n<th>Pays<\/th>\n<p><\/p>\n<th>Jan-25<\/th>\n<p><\/p>\n<th>Jan-24<\/th>\n<p><\/p>\n<th>Variation annuelle (%)<\/th>\n<p>\n<\/tr>\n<p>\n<\/thead>\n<p><\/p>\n<tbody><\/p>\n<tr><\/p>\n<td><strong>Allemagne<\/strong><\/td>\n<p><\/p>\n<td>1 277<\/td>\n<p><\/p>\n<td>3 150<\/td>\n<p><\/p>\n<td><strong>-59,5 %<\/strong><\/td>\n<p>\n<\/tr>\n<p><\/p>\n<tr><\/p>\n<td><strong>Royaume-Uni<\/strong><\/td>\n<p><\/p>\n<td>1 293<\/td>\n<p><\/p>\n<td>1 581<\/td>\n<p><\/p>\n<td><strong>-18,2 %<\/strong><\/td>\n<p>\n<\/tr>\n<p><\/p>\n<tr><\/p>\n<td><strong>France<\/strong><\/td>\n<p><\/p>\n<td>1 141<\/td>\n<p><\/p>\n<td>3 118<\/td>\n<p><\/p>\n<td><strong>-63,4 %<\/strong><\/td>\n<p>\n<\/tr>\n<p><\/p>\n<tr><\/p>\n<td><strong>Pays-Bas<\/strong><\/td>\n<p><\/p>\n<td>926<\/td>\n<p><\/p>\n<td>1 610<\/td>\n<p><\/p>\n<td><strong>-42,5 %<\/strong><\/td>\n<p>\n<\/tr>\n<p><\/p>\n<tr><\/p>\n<td><strong>Norv\u00e8ge<\/strong><\/td>\n<p><\/p>\n<td>663<\/td>\n<p><\/p>\n<td>1 109<\/td>\n<p><\/p>\n<td><strong>-40,2 %<\/strong><\/td>\n<p>\n<\/tr>\n<p><\/p>\n<tr><\/p>\n<td><strong>Espagne<\/strong><\/td>\n<p><\/p>\n<td>269<\/td>\n<p><\/p>\n<td>1 094<\/td>\n<p><\/p>\n<td><strong>-75,4 %<\/strong><\/td>\n<p>\n<\/tr>\n<p><\/p>\n<tr><\/p>\n<td><strong>Su\u00e8de<\/strong><\/td>\n<p><\/p>\n<td>394<\/td>\n<p><\/p>\n<td>730<\/td>\n<p><\/p>\n<td><strong>-46,0 %<\/strong><\/td>\n<p>\n<\/tr>\n<p><\/p>\n<tr><\/p>\n<td><strong>Danemark<\/strong><\/td>\n<p><\/p>\n<td>451<\/td>\n<p><\/p>\n<td>763<\/td>\n<p><\/p>\n<td><strong>-40,9 %<\/strong><\/td>\n<p>\n<\/tr>\n<p><\/p>\n<tr><\/p>\n<td><strong>Portugal<\/strong><\/td>\n<p><\/p>\n<td>380<\/td>\n<p><\/p>\n<td>551<\/td>\n<p><\/p>\n<td><strong>-31,0 %<\/strong><\/td>\n<p>\n<\/tr>\n<p><\/p>\n<tr><\/p>\n<td><strong>Total Europe<\/strong><\/td>\n<p><\/p>\n<td><strong>6 794<\/strong><\/td>\n<p><\/p>\n<td><strong>13 706<\/strong><\/td>\n<p><\/p>\n<td><strong>-50,4 %<\/strong><\/td>\n<p>\n<\/tr>\n<p>\n<\/tbody>\n<p>\n<\/table>\n<hr \/>\n<h3><strong>Une tendance inqui\u00e9tante pour Tesla et les v\u00e9hicules \u00e9lectriques<\/strong><\/h3>\n<p>\nL\u2019excuse officielle de Tesla sera sans doute la transition vers le nouveau <strong>Model Y<\/strong>, un argument qui contient une part de v\u00e9rit\u00e9. Cependant, Tesla avait \u00e9galement renouvel\u00e9 le Model 3 \u00e0 la m\u00eame p\u00e9riode l\u2019an dernier, avec un impact bien moins marqu\u00e9.<\/p>\n<p>L\u2019effet <strong>Musk<\/strong> semble jouer un r\u00f4le dans cette chute des ventes, mais son ampleur est difficile \u00e0 mesurer. Ce qui est certain, c\u2019est que le <strong>sentiment n\u00e9gatif envers Tesla ne faiblit pas<\/strong>, et pourrait m\u00eame s\u2019intensifier.<\/p>\n<p>Si cette tendance se confirme aux <strong>\u00c9tats-Unis<\/strong>, l\u2019impact pourrait \u00eatre encore plus dramatique pour Tesla, et par extension pour tout le <strong>march\u00e9 des v\u00e9hicules \u00e9lectriques<\/strong>. En Europe, les consommateurs ont plus d\u2019alternatives, mais la marque devra r\u00e9agir rapidement si elle veut \u00e9viter une <strong>perte de parts de march\u00e9 irr\u00e9m\u00e9diable<\/strong>.<\/p>\n<p>Le texte <a href=\"https:\/\/annuelauto.ca\/ventes-tesla-europe-2025-baisse-dramatique\/\">Un effondrement des ventes de Tesla en Europe<\/a> provient de <a href=\"https:\/\/annuelauto.ca\">L&#8217;annuel de l&#8217;automobile &#8211; Actualit\u00e9 automobile<\/a><\/p>\n<p><\/p>\n","protected":false},"excerpt":{"rendered":"<p>Les ventes de Tesla ont plong\u00e9 de pr\u00e8s de 50 % en janvier 2025 en Europe, un ph\u00e9nom\u00e8ne qui se r\u00e9p\u00e8te dans plusieurs pays du vieux continent. Cette chute s&#8217;explique par deux principaux facteurs : L\u2019arriv\u00e9e du nouveau Tesla Model Y, qui freine les achats en attendant la disponibilit\u00e9 du mod\u00e8le actualis\u00e9. L\u2019image controvers\u00e9e d\u2019Elon [&hellip;]<\/p>\n","protected":false},"author":8,"featured_media":192522,"comment_status":"close","ping_status":"closed","sticky":false,"template":"","format":"standard","meta":{"_monsterinsights_skip_tracking":false,"_monsterinsights_sitenote_active":false,"_monsterinsights_sitenote_note":"","_monsterinsights_sitenote_category":0,"footnotes":""},"categories":[101],"tags":[],"yoast_head":"<!-- This site is optimized with the Yoast SEO plugin v23.2 - https:\/\/yoast.com\/wordpress\/plugins\/seo\/ -->\n<title>Un effondrement des ventes de Tesla en Europe - CanadaMotorJobs.com<\/title>\n<meta name=\"description\" content=\"Un effondrement des ventes de Tesla en Europe - Benoit Charette - Annuel automobile - CanadaMotorJobs.com.\" \/>\n<meta name=\"robots\" content=\"index, follow, max-snippet:-1, max-image-preview:large, max-video-preview:-1\" \/>\n<meta property=\"og:locale\" content=\"fr_CA\" \/>\n<meta property=\"og:type\" content=\"article\" \/>\n<meta property=\"og:title\" content=\"Un effondrement des ventes de Tesla en Europe - CanadaMotorJobs.com\" \/>\n<meta property=\"og:description\" content=\"Un effondrement des ventes de Tesla en Europe - Benoit Charette - Annuel automobile - CanadaMotorJobs.com.\" \/>\n<meta property=\"og:url\" content=\"https:\/\/news.canadamotorjobs.com\/fr\/un-effondrement-des-ventes-de-tesla-en-europe\/\" \/>\n<meta property=\"og:site_name\" content=\"CanadaMotorJobs.com\" \/>\n<meta property=\"article:publisher\" content=\"https:\/\/www.facebook.com\/canadamotorjobs\/\" \/>\n<meta property=\"article:published_time\" content=\"2025-02-06T12:49:52+00:00\" \/>\n<meta property=\"article:modified_time\" content=\"2025-02-06T12:59:01+00:00\" \/>\n<meta property=\"og:image\" content=\"https:\/\/news.canadamotorjobs.com\/wp-content\/uploads\/2025\/02\/tesla-model-y-in-pearl-white-multicoat-das-exterieur.jpg\" \/>\n\t<meta property=\"og:image:width\" content=\"1920\" \/>\n\t<meta property=\"og:image:height\" content=\"1080\" \/>\n\t<meta property=\"og:image:type\" content=\"image\/jpeg\" \/>\n<meta name=\"author\" content=\"Benoit Charette\" \/>\n<meta name=\"twitter:card\" content=\"summary_large_image\" \/>\n<meta name=\"twitter:creator\" content=\"@canadamotorjobs\" \/>\n<meta name=\"twitter:site\" content=\"@canadamotorjobs\" \/>\n<meta name=\"twitter:label1\" content=\"\u00c9crit par\" \/>\n\t<meta name=\"twitter:data1\" content=\"Benoit Charette\" \/>\n\t<meta name=\"twitter:label2\" content=\"Estimation du temps de lecture\" \/>\n\t<meta name=\"twitter:data2\" content=\"2 minutes\" \/>\n<!-- \/ Yoast SEO plugin. -->","yoast_head_json":{"title":"Un effondrement des ventes de Tesla en Europe - CanadaMotorJobs.com","description":"Un effondrement des ventes de Tesla en Europe - Benoit Charette - Annuel automobile - CanadaMotorJobs.com.","robots":{"index":"index","follow":"follow","max-snippet":"max-snippet:-1","max-image-preview":"max-image-preview:large","max-video-preview":"max-video-preview:-1"},"og_locale":"fr_CA","og_type":"article","og_title":"Un effondrement des ventes de Tesla en Europe - CanadaMotorJobs.com","og_description":"Un effondrement des ventes de Tesla en Europe - Benoit Charette - Annuel automobile - CanadaMotorJobs.com.","og_url":"https:\/\/news.canadamotorjobs.com\/fr\/un-effondrement-des-ventes-de-tesla-en-europe\/","og_site_name":"CanadaMotorJobs.com","article_publisher":"https:\/\/www.facebook.com\/canadamotorjobs\/","article_published_time":"2025-02-06T12:49:52+00:00","article_modified_time":"2025-02-06T12:59:01+00:00","og_image":[{"width":1920,"height":1080,"url":"https:\/\/news.canadamotorjobs.com\/wp-content\/uploads\/2025\/02\/tesla-model-y-in-pearl-white-multicoat-das-exterieur.jpg","type":"image\/jpeg"}],"author":"Benoit Charette","twitter_card":"summary_large_image","twitter_creator":"@canadamotorjobs","twitter_site":"@canadamotorjobs","twitter_misc":{"\u00c9crit par":"Benoit Charette","Estimation du temps de lecture":"2 minutes"},"schema":{"@context":"https:\/\/schema.org","@graph":[{"@type":"Article","@id":"https:\/\/news.canadamotorjobs.com\/fr\/un-effondrement-des-ventes-de-tesla-en-europe\/#article","isPartOf":{"@id":"https:\/\/news.canadamotorjobs.com\/fr\/un-effondrement-des-ventes-de-tesla-en-europe\/"},"author":{"name":"Benoit Charette","@id":"https:\/\/news.canadamotorjobs.com\/#\/schema\/person\/51793d1f87d44011d7bcc2ed99269a90"},"headline":"Un effondrement des ventes de Tesla en Europe","datePublished":"2025-02-06T12:49:52+00:00","dateModified":"2025-02-06T12:59:01+00:00","mainEntityOfPage":{"@id":"https:\/\/news.canadamotorjobs.com\/fr\/un-effondrement-des-ventes-de-tesla-en-europe\/"},"wordCount":338,"publisher":{"@id":"https:\/\/news.canadamotorjobs.com\/#organization"},"image":{"@id":"https:\/\/news.canadamotorjobs.com\/fr\/un-effondrement-des-ventes-de-tesla-en-europe\/#primaryimage"},"thumbnailUrl":"https:\/\/news.canadamotorjobs.com\/wp-content\/uploads\/2025\/02\/tesla-model-y-in-pearl-white-multicoat-das-exterieur.jpg","articleSection":["Annuel automobile"],"inLanguage":"fr-CA"},{"@type":"WebPage","@id":"https:\/\/news.canadamotorjobs.com\/fr\/un-effondrement-des-ventes-de-tesla-en-europe\/","url":"https:\/\/news.canadamotorjobs.com\/fr\/un-effondrement-des-ventes-de-tesla-en-europe\/","name":"Un effondrement des ventes de Tesla en Europe - CanadaMotorJobs.com","isPartOf":{"@id":"https:\/\/news.canadamotorjobs.com\/#website"},"primaryImageOfPage":{"@id":"https:\/\/news.canadamotorjobs.com\/fr\/un-effondrement-des-ventes-de-tesla-en-europe\/#primaryimage"},"image":{"@id":"https:\/\/news.canadamotorjobs.com\/fr\/un-effondrement-des-ventes-de-tesla-en-europe\/#primaryimage"},"thumbnailUrl":"https:\/\/news.canadamotorjobs.com\/wp-content\/uploads\/2025\/02\/tesla-model-y-in-pearl-white-multicoat-das-exterieur.jpg","datePublished":"2025-02-06T12:49:52+00:00","dateModified":"2025-02-06T12:59:01+00:00","description":"Un effondrement des ventes de Tesla en Europe - Benoit Charette - Annuel automobile - CanadaMotorJobs.com.","breadcrumb":{"@id":"https:\/\/news.canadamotorjobs.com\/fr\/un-effondrement-des-ventes-de-tesla-en-europe\/#breadcrumb"},"inLanguage":"fr-CA","potentialAction":[{"@type":"ReadAction","target":["https:\/\/news.canadamotorjobs.com\/fr\/un-effondrement-des-ventes-de-tesla-en-europe\/"]}]},{"@type":"ImageObject","inLanguage":"fr-CA","@id":"https:\/\/news.canadamotorjobs.com\/fr\/un-effondrement-des-ventes-de-tesla-en-europe\/#primaryimage","url":"https:\/\/news.canadamotorjobs.com\/wp-content\/uploads\/2025\/02\/tesla-model-y-in-pearl-white-multicoat-das-exterieur.jpg","contentUrl":"https:\/\/news.canadamotorjobs.com\/wp-content\/uploads\/2025\/02\/tesla-model-y-in-pearl-white-multicoat-das-exterieur.jpg","width":1920,"height":1080},{"@type":"BreadcrumbList","@id":"https:\/\/news.canadamotorjobs.com\/fr\/un-effondrement-des-ventes-de-tesla-en-europe\/#breadcrumb","itemListElement":[{"@type":"ListItem","position":1,"name":"Home","item":"https:\/\/news.canadamotorjobs.com\/fr\/blog\/"},{"@type":"ListItem","position":2,"name":"Un effondrement des ventes de Tesla en Europe"}]},{"@type":"WebSite","@id":"https:\/\/news.canadamotorjobs.com\/#website","url":"https:\/\/news.canadamotorjobs.com\/","name":"CanadaMotorJobs.com","description":"Automotive Jobs","publisher":{"@id":"https:\/\/news.canadamotorjobs.com\/#organization"},"potentialAction":[{"@type":"SearchAction","target":{"@type":"EntryPoint","urlTemplate":"https:\/\/news.canadamotorjobs.com\/?s={search_term_string}"},"query-input":"required name=search_term_string"}],"inLanguage":"fr-CA"},{"@type":"Organization","@id":"https:\/\/news.canadamotorjobs.com\/#organization","name":"Canada Motor Jobs","url":"https:\/\/news.canadamotorjobs.com\/","logo":{"@type":"ImageObject","inLanguage":"fr-CA","@id":"https:\/\/news.canadamotorjobs.com\/#\/schema\/logo\/image\/","url":"https:\/\/news.canadamotorjobs.com\/wp-content\/uploads\/2022\/10\/logo-canada-motor-jobs-1.png","contentUrl":"https:\/\/news.canadamotorjobs.com\/wp-content\/uploads\/2022\/10\/logo-canada-motor-jobs-1.png","width":800,"height":400,"caption":"Canada Motor Jobs"},"image":{"@id":"https:\/\/news.canadamotorjobs.com\/#\/schema\/logo\/image\/"},"sameAs":["https:\/\/www.facebook.com\/canadamotorjobs\/","https:\/\/x.com\/canadamotorjobs","https:\/\/www.instagram.com\/canadamotorjobs\/","https:\/\/www.linkedin.com\/company\/canadamotorjobs"]},{"@type":"Person","@id":"https:\/\/news.canadamotorjobs.com\/#\/schema\/person\/51793d1f87d44011d7bcc2ed99269a90","name":"Benoit Charette","image":{"@type":"ImageObject","inLanguage":"fr-CA","@id":"https:\/\/news.canadamotorjobs.com\/#\/schema\/person\/image\/","url":"https:\/\/secure.gravatar.com\/avatar\/45f3d2eebcccd909668d7ce7ea7267b6?s=96&d=mm&r=g","contentUrl":"https:\/\/secure.gravatar.com\/avatar\/45f3d2eebcccd909668d7ce7ea7267b6?s=96&d=mm&r=g","caption":"Benoit Charette"},"description":"Benoit Charette \/ Propri\u00e9taire et r\u00e9dacteur en chef Benoit Charette pratique le journalisme automobile depuis bient\u00f4t 30 ans. Il a fait ses classes au c\u00f4t\u00e9 de Daniel H\u00e9raud et au Carnet de route de 1992 \u00e0 2001. Il est fondateur, copropri\u00e9taire et r\u00e9dacteur en chef de L\u2019Annuel de l\u2019automobile, qu\u2019il publie depuis 2001. Il a anim\u00e9 les \u00e9missions RPM et RPM+ sur V et les L\u00e9gendes de la route sur Historia. \u00c0 la radio depuis 1986, il reprend l\u2019antenne cette ann\u00e9e sur les ondes de Cogeco et participe pour la deuxi\u00e8me ann\u00e9e \u00e0 l\u2019\u00e9mission Passion Auto sur RDS en plus de mettre en ligne le site Web officiel de L\u2019Annuel de l\u2019automobile sur annuelauto.ca.","sameAs":["https:\/\/annuelauto.ca\/"],"url":"https:\/\/news.canadamotorjobs.com\/fr\/author\/benoit-charette\/"}]}},"_links":{"self":[{"href":"https:\/\/news.canadamotorjobs.com\/fr\/wp-json\/wp\/v2\/posts\/192520"}],"collection":[{"href":"https:\/\/news.canadamotorjobs.com\/fr\/wp-json\/wp\/v2\/posts"}],"about":[{"href":"https:\/\/news.canadamotorjobs.com\/fr\/wp-json\/wp\/v2\/types\/post"}],"author":[{"embeddable":true,"href":"https:\/\/news.canadamotorjobs.com\/fr\/wp-json\/wp\/v2\/users\/8"}],"replies":[{"embeddable":true,"href":"https:\/\/news.canadamotorjobs.com\/fr\/wp-json\/wp\/v2\/comments?post=192520"}],"version-history":[{"count":2,"href":"https:\/\/news.canadamotorjobs.com\/fr\/wp-json\/wp\/v2\/posts\/192520\/revisions"}],"predecessor-version":[{"id":192524,"href":"https:\/\/news.canadamotorjobs.com\/fr\/wp-json\/wp\/v2\/posts\/192520\/revisions\/192524"}],"wp:featuredmedia":[{"embeddable":true,"href":"https:\/\/news.canadamotorjobs.com\/fr\/wp-json\/wp\/v2\/media\/192522"}],"wp:attachment":[{"href":"https:\/\/news.canadamotorjobs.com\/fr\/wp-json\/wp\/v2\/media?parent=192520"}],"wp:term":[{"taxonomy":"category","embeddable":true,"href":"https:\/\/news.canadamotorjobs.com\/fr\/wp-json\/wp\/v2\/categories?post=192520"},{"taxonomy":"post_tag","embeddable":true,"href":"https:\/\/news.canadamotorjobs.com\/fr\/wp-json\/wp\/v2\/tags?post=192520"}],"curies":[{"name":"wp","href":"https:\/\/api.w.org\/{rel}","templated":true}]}}