{"id":192497,"date":"2025-02-06T06:59:33","date_gmt":"2025-02-06T11:59:33","guid":{"rendered":"https:\/\/news.canadamotorjobs.com\/?p=192497"},"modified":"2025-02-06T07:14:36","modified_gmt":"2025-02-06T12:14:36","slug":"nissan-e-trail-vers-un-nouveau-vus-electrique-abordable","status":"publish","type":"post","link":"https:\/\/news.canadamotorjobs.com\/fr\/nissan-e-trail-vers-un-nouveau-vus-electrique-abordable\/","title":{"rendered":"Nissan E-Trail\u00a0: vers un nouveau VUS \u00e9lectrique abordable?"},"content":{"rendered":"<\/p>\n<p>Si vous vous rappelez du Nissan X-Trail, r\u00e9jouissez-vous\u00a0: peut-\u00eatre que Nissan pr\u00e9pare le retour d\u2019un VUS un peu plus carr\u00e9, un peu plus d\u00e9garni pour un futur proche. Le groupe japonais vient de soumettre une demande au bureau am\u00e9ricain des brevets (l\u2019USPTO) pour enregistrer le nom de mod\u00e8le \u00abE-Trail\u00bb.<\/p>\n<p>\u00c9videmment, partir de cette information pour conclure au retour en version \u00e9lectrifi\u00e9e du X-Trail, c\u2019est sp\u00e9culer un peu. Mais c\u2019est ce que font depuis quelques jours les sites sp\u00e9cialis\u00e9s en automobile, et ceux sp\u00e9cialis\u00e9s en \u00e9lectrique, et force est d\u2019admettre que si c\u2019est aussi ce que Nissan esp\u00e8re faire, ce serait une excellente nouvelle. Le X-Trail a tr\u00e8s bien fait au Canada durant les quelques ann\u00e9es o\u00f9 il a \u00e9t\u00e9 vendu chez nous, et en fait, un nouveau X-Trail pourrait faire son apparition au Canada en version hybride, puisque ce mod\u00e8le existe d\u00e9j\u00e0 en Europe.<\/p>\n<p>Le X-Trail est anim\u00e9 par le fameux moteur e-4orce de Nissan, qui est hybride qui, en principe \u00e0 tout le moins, fait partie d\u2019une vaste strat\u00e9gie d\u2019\u00e9lectrification de la gamme Nissan partout dans le monde, y compris en Am\u00e9rique du Nord.<\/p>\n<p>Encore l\u00e0, peut-\u00eatre aussi que \u00ab\u00a0E-Trail\u00a0\u00bb n\u2019a \u00e9t\u00e9 enregistr\u00e9 que pour s\u2019ajouter en suffixe au nom d\u2019un autre v\u00e9hicule, comme le X-Trail, ou le Rogue, ou quoi encore\u2026 Apr\u00e8s tout, en Europe, on peut acheter un X-Trail e-Power e-4orce, ce qui n\u2019est pas simple \u00e0 prononcer, ni \u00e0 \u00e9crire par ailleurs, alors de l\u00e0 \u00e0 imaginer une version branchable de ce v\u00e9hicule appel\u00e9 X-Trail E-Trail, on se dit\u2026 pourquoi pas.<\/p>\n<p>Quoique \u00e7a para\u00eetrait peut-\u00eatre mieux sur le hayon d\u2019un Rogue, surtout que ce nouveau mod\u00e8le vient d\u2019arriver chez nous et qu\u2019il a d\u00e9j\u00e0 la faveur des acheteurs canadiens.<\/p>\n<p>Cela dit, Nissan semble nous r\u00e9server quelques surprises. Le groupe japonais a aussi renouvel\u00e9 l\u2019enregistrement du nom Xterra, qui renvoie \u00e0 un 4&#215;4 qui a connu son heure de gloire avant 2015, et qui pourrait lui aussi revenir en version plus ou moins \u00e9lectrifi\u00e9e.<\/p>\n<p>\u00c0 suivre, donc.<\/p>\n<p>Le texte <a href=\"https:\/\/annuelauto.ca\/nissan-e-trail-vers-un-nouveau-vus-electrique-abordable\/\">Nissan E-Trail\u00a0: vers un nouveau VUS \u00e9lectrique abordable?<\/a> provient de <a href=\"https:\/\/annuelauto.ca\">L&#8217;annuel de l&#8217;automobile &#8211; Actualit\u00e9 automobile<\/a><\/p>\n<p><\/p>\n","protected":false},"excerpt":{"rendered":"<p>Si vous vous rappelez du Nissan X-Trail, r\u00e9jouissez-vous\u00a0: peut-\u00eatre que Nissan pr\u00e9pare le retour d\u2019un VUS un peu plus carr\u00e9, un peu plus d\u00e9garni pour un futur proche. Le groupe japonais vient de soumettre une demande au bureau am\u00e9ricain des brevets (l\u2019USPTO) pour enregistrer le nom de mod\u00e8le \u00abE-Trail\u00bb. \u00c9videmment, partir de cette information pour [&hellip;]<\/p>\n","protected":false},"author":8,"featured_media":192499,"comment_status":"close","ping_status":"closed","sticky":false,"template":"","format":"standard","meta":{"_monsterinsights_skip_tracking":false,"_monsterinsights_sitenote_active":false,"_monsterinsights_sitenote_note":"","_monsterinsights_sitenote_category":0,"footnotes":""},"categories":[101],"tags":[],"yoast_head":"<!-- This site is optimized with the Yoast SEO plugin v23.2 - https:\/\/yoast.com\/wordpress\/plugins\/seo\/ -->\n<title>Nissan E-Trail\u00a0: vers un nouveau VUS \u00e9lectrique abordable? - CanadaMotorJobs.com<\/title>\n<meta name=\"description\" content=\"Nissan E-Trail\u00a0: vers un nouveau VUS \u00e9lectrique abordable? - Benoit Charette - Annuel automobile - CanadaMotorJobs.com.\" \/>\n<meta name=\"robots\" content=\"index, follow, max-snippet:-1, max-image-preview:large, max-video-preview:-1\" \/>\n<meta property=\"og:locale\" content=\"fr_CA\" \/>\n<meta property=\"og:type\" content=\"article\" \/>\n<meta property=\"og:title\" content=\"Nissan E-Trail\u00a0: vers un nouveau VUS \u00e9lectrique abordable? - CanadaMotorJobs.com\" \/>\n<meta property=\"og:description\" content=\"Nissan E-Trail\u00a0: vers un nouveau VUS \u00e9lectrique abordable? - Benoit Charette - Annuel automobile - CanadaMotorJobs.com.\" \/>\n<meta property=\"og:url\" content=\"https:\/\/news.canadamotorjobs.com\/fr\/nissan-e-trail-vers-un-nouveau-vus-electrique-abordable\/\" \/>\n<meta property=\"og:site_name\" content=\"CanadaMotorJobs.com\" \/>\n<meta property=\"article:publisher\" content=\"https:\/\/www.facebook.com\/canadamotorjobs\/\" \/>\n<meta property=\"article:published_time\" content=\"2025-02-06T11:59:33+00:00\" \/>\n<meta property=\"article:modified_time\" content=\"2025-02-06T12:14:36+00:00\" \/>\n<meta property=\"og:image\" content=\"https:\/\/news.canadamotorjobs.com\/wp-content\/uploads\/2025\/02\/963D4FF6-C9ED-4600-A321-319E95CFA1DA-1030x719.png\" \/>\n\t<meta property=\"og:image:width\" content=\"1030\" \/>\n\t<meta property=\"og:image:height\" content=\"719\" \/>\n\t<meta property=\"og:image:type\" content=\"image\/png\" \/>\n<meta name=\"author\" content=\"Benoit Charette\" \/>\n<meta name=\"twitter:card\" content=\"summary_large_image\" \/>\n<meta name=\"twitter:creator\" content=\"@canadamotorjobs\" \/>\n<meta name=\"twitter:site\" content=\"@canadamotorjobs\" \/>\n<meta name=\"twitter:label1\" content=\"\u00c9crit par\" \/>\n\t<meta name=\"twitter:data1\" content=\"Benoit Charette\" \/>\n\t<meta name=\"twitter:label2\" content=\"Estimation du temps de lecture\" \/>\n\t<meta name=\"twitter:data2\" content=\"2 minutes\" \/>\n<!-- \/ Yoast SEO plugin. -->","yoast_head_json":{"title":"Nissan E-Trail\u00a0: vers un nouveau VUS \u00e9lectrique abordable? - CanadaMotorJobs.com","description":"Nissan E-Trail\u00a0: vers un nouveau VUS \u00e9lectrique abordable? - Benoit Charette - Annuel automobile - CanadaMotorJobs.com.","robots":{"index":"index","follow":"follow","max-snippet":"max-snippet:-1","max-image-preview":"max-image-preview:large","max-video-preview":"max-video-preview:-1"},"og_locale":"fr_CA","og_type":"article","og_title":"Nissan E-Trail\u00a0: vers un nouveau VUS \u00e9lectrique abordable? - CanadaMotorJobs.com","og_description":"Nissan E-Trail\u00a0: vers un nouveau VUS \u00e9lectrique abordable? - Benoit Charette - Annuel automobile - CanadaMotorJobs.com.","og_url":"https:\/\/news.canadamotorjobs.com\/fr\/nissan-e-trail-vers-un-nouveau-vus-electrique-abordable\/","og_site_name":"CanadaMotorJobs.com","article_publisher":"https:\/\/www.facebook.com\/canadamotorjobs\/","article_published_time":"2025-02-06T11:59:33+00:00","article_modified_time":"2025-02-06T12:14:36+00:00","og_image":[{"width":1030,"height":719,"url":"https:\/\/news.canadamotorjobs.com\/wp-content\/uploads\/2025\/02\/963D4FF6-C9ED-4600-A321-319E95CFA1DA-1030x719.png","type":"image\/png"}],"author":"Benoit Charette","twitter_card":"summary_large_image","twitter_creator":"@canadamotorjobs","twitter_site":"@canadamotorjobs","twitter_misc":{"\u00c9crit par":"Benoit Charette","Estimation du temps de lecture":"2 minutes"},"schema":{"@context":"https:\/\/schema.org","@graph":[{"@type":"Article","@id":"https:\/\/news.canadamotorjobs.com\/fr\/nissan-e-trail-vers-un-nouveau-vus-electrique-abordable\/#article","isPartOf":{"@id":"https:\/\/news.canadamotorjobs.com\/fr\/nissan-e-trail-vers-un-nouveau-vus-electrique-abordable\/"},"author":{"name":"Benoit Charette","@id":"https:\/\/news.canadamotorjobs.com\/#\/schema\/person\/51793d1f87d44011d7bcc2ed99269a90"},"headline":"Nissan E-Trail\u00a0: vers un nouveau VUS \u00e9lectrique abordable?","datePublished":"2025-02-06T11:59:33+00:00","dateModified":"2025-02-06T12:14:36+00:00","mainEntityOfPage":{"@id":"https:\/\/news.canadamotorjobs.com\/fr\/nissan-e-trail-vers-un-nouveau-vus-electrique-abordable\/"},"wordCount":398,"publisher":{"@id":"https:\/\/news.canadamotorjobs.com\/#organization"},"image":{"@id":"https:\/\/news.canadamotorjobs.com\/fr\/nissan-e-trail-vers-un-nouveau-vus-electrique-abordable\/#primaryimage"},"thumbnailUrl":"https:\/\/news.canadamotorjobs.com\/wp-content\/uploads\/2025\/02\/963D4FF6-C9ED-4600-A321-319E95CFA1DA.png","articleSection":["Annuel automobile"],"inLanguage":"fr-CA"},{"@type":"WebPage","@id":"https:\/\/news.canadamotorjobs.com\/fr\/nissan-e-trail-vers-un-nouveau-vus-electrique-abordable\/","url":"https:\/\/news.canadamotorjobs.com\/fr\/nissan-e-trail-vers-un-nouveau-vus-electrique-abordable\/","name":"Nissan E-Trail\u00a0: vers un nouveau VUS \u00e9lectrique abordable? - CanadaMotorJobs.com","isPartOf":{"@id":"https:\/\/news.canadamotorjobs.com\/#website"},"primaryImageOfPage":{"@id":"https:\/\/news.canadamotorjobs.com\/fr\/nissan-e-trail-vers-un-nouveau-vus-electrique-abordable\/#primaryimage"},"image":{"@id":"https:\/\/news.canadamotorjobs.com\/fr\/nissan-e-trail-vers-un-nouveau-vus-electrique-abordable\/#primaryimage"},"thumbnailUrl":"https:\/\/news.canadamotorjobs.com\/wp-content\/uploads\/2025\/02\/963D4FF6-C9ED-4600-A321-319E95CFA1DA.png","datePublished":"2025-02-06T11:59:33+00:00","dateModified":"2025-02-06T12:14:36+00:00","description":"Nissan E-Trail\u00a0: vers un nouveau VUS \u00e9lectrique abordable? - Benoit Charette - Annuel automobile - CanadaMotorJobs.com.","breadcrumb":{"@id":"https:\/\/news.canadamotorjobs.com\/fr\/nissan-e-trail-vers-un-nouveau-vus-electrique-abordable\/#breadcrumb"},"inLanguage":"fr-CA","potentialAction":[{"@type":"ReadAction","target":["https:\/\/news.canadamotorjobs.com\/fr\/nissan-e-trail-vers-un-nouveau-vus-electrique-abordable\/"]}]},{"@type":"ImageObject","inLanguage":"fr-CA","@id":"https:\/\/news.canadamotorjobs.com\/fr\/nissan-e-trail-vers-un-nouveau-vus-electrique-abordable\/#primaryimage","url":"https:\/\/news.canadamotorjobs.com\/wp-content\/uploads\/2025\/02\/963D4FF6-C9ED-4600-A321-319E95CFA1DA.png","contentUrl":"https:\/\/news.canadamotorjobs.com\/wp-content\/uploads\/2025\/02\/963D4FF6-C9ED-4600-A321-319E95CFA1DA.png","width":1200,"height":838},{"@type":"BreadcrumbList","@id":"https:\/\/news.canadamotorjobs.com\/fr\/nissan-e-trail-vers-un-nouveau-vus-electrique-abordable\/#breadcrumb","itemListElement":[{"@type":"ListItem","position":1,"name":"Home","item":"https:\/\/news.canadamotorjobs.com\/fr\/blog\/"},{"@type":"ListItem","position":2,"name":"Nissan E-Trail\u00a0: vers un nouveau VUS \u00e9lectrique abordable?"}]},{"@type":"WebSite","@id":"https:\/\/news.canadamotorjobs.com\/#website","url":"https:\/\/news.canadamotorjobs.com\/","name":"CanadaMotorJobs.com","description":"Automotive Jobs","publisher":{"@id":"https:\/\/news.canadamotorjobs.com\/#organization"},"potentialAction":[{"@type":"SearchAction","target":{"@type":"EntryPoint","urlTemplate":"https:\/\/news.canadamotorjobs.com\/?s={search_term_string}"},"query-input":"required name=search_term_string"}],"inLanguage":"fr-CA"},{"@type":"Organization","@id":"https:\/\/news.canadamotorjobs.com\/#organization","name":"Canada Motor Jobs","url":"https:\/\/news.canadamotorjobs.com\/","logo":{"@type":"ImageObject","inLanguage":"fr-CA","@id":"https:\/\/news.canadamotorjobs.com\/#\/schema\/logo\/image\/","url":"https:\/\/news.canadamotorjobs.com\/wp-content\/uploads\/2022\/10\/logo-canada-motor-jobs-1.png","contentUrl":"https:\/\/news.canadamotorjobs.com\/wp-content\/uploads\/2022\/10\/logo-canada-motor-jobs-1.png","width":800,"height":400,"caption":"Canada Motor Jobs"},"image":{"@id":"https:\/\/news.canadamotorjobs.com\/#\/schema\/logo\/image\/"},"sameAs":["https:\/\/www.facebook.com\/canadamotorjobs\/","https:\/\/x.com\/canadamotorjobs","https:\/\/www.instagram.com\/canadamotorjobs\/","https:\/\/www.linkedin.com\/company\/canadamotorjobs"]},{"@type":"Person","@id":"https:\/\/news.canadamotorjobs.com\/#\/schema\/person\/51793d1f87d44011d7bcc2ed99269a90","name":"Benoit Charette","image":{"@type":"ImageObject","inLanguage":"fr-CA","@id":"https:\/\/news.canadamotorjobs.com\/#\/schema\/person\/image\/","url":"https:\/\/secure.gravatar.com\/avatar\/45f3d2eebcccd909668d7ce7ea7267b6?s=96&d=mm&r=g","contentUrl":"https:\/\/secure.gravatar.com\/avatar\/45f3d2eebcccd909668d7ce7ea7267b6?s=96&d=mm&r=g","caption":"Benoit Charette"},"description":"Benoit Charette \/ Propri\u00e9taire et r\u00e9dacteur en chef Benoit Charette pratique le journalisme automobile depuis bient\u00f4t 30 ans. Il a fait ses classes au c\u00f4t\u00e9 de Daniel H\u00e9raud et au Carnet de route de 1992 \u00e0 2001. Il est fondateur, copropri\u00e9taire et r\u00e9dacteur en chef de L\u2019Annuel de l\u2019automobile, qu\u2019il publie depuis 2001. Il a anim\u00e9 les \u00e9missions RPM et RPM+ sur V et les L\u00e9gendes de la route sur Historia. \u00c0 la radio depuis 1986, il reprend l\u2019antenne cette ann\u00e9e sur les ondes de Cogeco et participe pour la deuxi\u00e8me ann\u00e9e \u00e0 l\u2019\u00e9mission Passion Auto sur RDS en plus de mettre en ligne le site Web officiel de L\u2019Annuel de l\u2019automobile sur annuelauto.ca.","sameAs":["https:\/\/annuelauto.ca\/"],"url":"https:\/\/news.canadamotorjobs.com\/fr\/author\/benoit-charette\/"}]}},"_links":{"self":[{"href":"https:\/\/news.canadamotorjobs.com\/fr\/wp-json\/wp\/v2\/posts\/192497"}],"collection":[{"href":"https:\/\/news.canadamotorjobs.com\/fr\/wp-json\/wp\/v2\/posts"}],"about":[{"href":"https:\/\/news.canadamotorjobs.com\/fr\/wp-json\/wp\/v2\/types\/post"}],"author":[{"embeddable":true,"href":"https:\/\/news.canadamotorjobs.com\/fr\/wp-json\/wp\/v2\/users\/8"}],"replies":[{"embeddable":true,"href":"https:\/\/news.canadamotorjobs.com\/fr\/wp-json\/wp\/v2\/comments?post=192497"}],"version-history":[{"count":2,"href":"https:\/\/news.canadamotorjobs.com\/fr\/wp-json\/wp\/v2\/posts\/192497\/revisions"}],"predecessor-version":[{"id":192501,"href":"https:\/\/news.canadamotorjobs.com\/fr\/wp-json\/wp\/v2\/posts\/192497\/revisions\/192501"}],"wp:featuredmedia":[{"embeddable":true,"href":"https:\/\/news.canadamotorjobs.com\/fr\/wp-json\/wp\/v2\/media\/192499"}],"wp:attachment":[{"href":"https:\/\/news.canadamotorjobs.com\/fr\/wp-json\/wp\/v2\/media?parent=192497"}],"wp:term":[{"taxonomy":"category","embeddable":true,"href":"https:\/\/news.canadamotorjobs.com\/fr\/wp-json\/wp\/v2\/categories?post=192497"},{"taxonomy":"post_tag","embeddable":true,"href":"https:\/\/news.canadamotorjobs.com\/fr\/wp-json\/wp\/v2\/tags?post=192497"}],"curies":[{"name":"wp","href":"https:\/\/api.w.org\/{rel}","templated":true}]}}