{"id":192482,"date":"2025-02-06T06:46:47","date_gmt":"2025-02-06T11:46:47","guid":{"rendered":"https:\/\/news.canadamotorjobs.com\/?p=192482"},"modified":"2025-02-06T06:58:49","modified_gmt":"2025-02-06T11:58:49","slug":"volkswagen-presente-un-nouveau-ve-a-30-000","status":"publish","type":"post","link":"https:\/\/news.canadamotorjobs.com\/fr\/volkswagen-presente-un-nouveau-ve-a-30-000\/","title":{"rendered":"Volkswagen pr\u00e9sente un nouveau V\u00c9 \u00e0 30 000 $"},"content":{"rendered":"<\/p>\n<p>Volkswagen planche sur un nouveau v\u00e9hicule \u00e9lectrique d\u2019entr\u00e9e de gamme dont on verra les premi\u00e8res esquisses le mois prochain, mais dont on a d\u00e9j\u00e0 une id\u00e9e du prix de d\u00e9tail\u00a0: le groupe allemand vise 20 000 euros, soit 30 000 $, pour un mod\u00e8le qui sera mis en march\u00e9 en 2027.<\/p>\n<p>Notez que la faiblesse du dollar canadien rend cette nouvelle-l\u00e0 pas mal moins spectaculaire qu\u2019elle l\u2019est, puisqu\u2019on parle aussi d\u2019un v\u00e9hicule \u00e9lectrique d\u2019entr\u00e9e de gamme qui serait vendu 20 800 $US aux \u00c9tats-Unis, ce qui est une petite r\u00e9volution en soi. Dans le march\u00e9 am\u00e9ricain, comme chez nous, les v\u00e9hicules \u00e9lectriques co\u00fbtent cher, soit 55 000 $US et plus, en moyenne, selon les plus r\u00e9centes statistiques \u00e0 ce sujet.<\/p>\n<p>Volkswagen pr\u00e9voit arriver \u00e0 r\u00e9duire le prix de ses v\u00e9hicules \u00e9lectriques de diff\u00e9rentes fa\u00e7ons. La plus importante\u00a0: le constructeur va redessiner la plateforme sur laquelle sont fabriqu\u00e9s la plupart de ses petits v\u00e9hicules \u00e9lectriques, appel\u00e9e MEB, pour en r\u00e9duire le co\u00fbt de production.<\/p>\n<p>On ne sait pas encore tout \u00e0 fait ce \u00e0 quoi ressemblera cette future voiture \u00e9lectrique bon march\u00e9, mais entre temps, on sait que d\u2019autres mod\u00e8les relativement abordables verront aussi le jour. Par exemple, on sait que Volkswagen pr\u00e9voit lancer une citadine \u00e9lectrique qui s\u2019appellerait peut-\u00eatre ID.2, ou peut-\u00eatre Polo, quelque part en 2026, et dont le prix de d\u00e9tail serait de 25 000 euros, soit 37 500 $CA.<\/p>\n<p>Volks pr\u00e9voit aussi d\u00e9cliner ce mod\u00e8le en une version VUS (\u00abcrossover\u00bb) qui co\u00fbterait un peu plus cher dans les mois suivant ce lancement. C\u2019est apr\u00e8s tout \u00e7a, soit d\u2019ici deux ans qu\u2019une \u00e9lectrique \u00e0 20 000 euros sera commercialis\u00e9e. Peut-\u00eatre que rendu l\u00e0, Volkswagen pourra rivaliser avec les marques chinoises vendues en Europe!<\/p>\n<p>\u00a0<\/p>\n<p>Le texte <a href=\"https:\/\/annuelauto.ca\/volkswagen-presente-un-nouveau-ve-a-30-000\/\">Volkswagen pr\u00e9sente un nouveau V\u00c9 \u00e0 30 000 $<\/a> provient de <a href=\"https:\/\/annuelauto.ca\">L&#8217;annuel de l&#8217;automobile &#8211; Actualit\u00e9 automobile<\/a><\/p>\n<p><\/p>\n","protected":false},"excerpt":{"rendered":"<p>Volkswagen planche sur un nouveau v\u00e9hicule \u00e9lectrique d\u2019entr\u00e9e de gamme dont on verra les premi\u00e8res esquisses le mois prochain, mais dont on a d\u00e9j\u00e0 une id\u00e9e du prix de d\u00e9tail\u00a0: le groupe allemand vise 20 000 euros, soit 30 000 $, pour un mod\u00e8le qui sera mis en march\u00e9 en 2027. Notez que la faiblesse [&hellip;]<\/p>\n","protected":false},"author":8,"featured_media":192484,"comment_status":"close","ping_status":"closed","sticky":false,"template":"","format":"standard","meta":{"_monsterinsights_skip_tracking":false,"_monsterinsights_sitenote_active":false,"_monsterinsights_sitenote_note":"","_monsterinsights_sitenote_category":0,"footnotes":""},"categories":[101],"tags":[],"yoast_head":"<!-- This site is optimized with the Yoast SEO plugin v23.2 - https:\/\/yoast.com\/wordpress\/plugins\/seo\/ -->\n<title>Volkswagen pr\u00e9sente un nouveau V\u00c9 \u00e0 30 000 $ - CanadaMotorJobs.com<\/title>\n<meta name=\"description\" content=\"Volkswagen pr\u00e9sente un nouveau V\u00c9 \u00e0 30 000 $ - Benoit Charette - Annuel automobile - CanadaMotorJobs.com.\" \/>\n<meta name=\"robots\" content=\"index, follow, max-snippet:-1, max-image-preview:large, max-video-preview:-1\" \/>\n<meta property=\"og:locale\" content=\"fr_CA\" \/>\n<meta property=\"og:type\" content=\"article\" \/>\n<meta property=\"og:title\" content=\"Volkswagen pr\u00e9sente un nouveau V\u00c9 \u00e0 30 000 $ - CanadaMotorJobs.com\" \/>\n<meta property=\"og:description\" content=\"Volkswagen pr\u00e9sente un nouveau V\u00c9 \u00e0 30 000 $ - Benoit Charette - Annuel automobile - CanadaMotorJobs.com.\" \/>\n<meta property=\"og:url\" content=\"https:\/\/news.canadamotorjobs.com\/fr\/volkswagen-presente-un-nouveau-ve-a-30-000\/\" \/>\n<meta property=\"og:site_name\" content=\"CanadaMotorJobs.com\" \/>\n<meta property=\"article:publisher\" content=\"https:\/\/www.facebook.com\/canadamotorjobs\/\" \/>\n<meta property=\"article:published_time\" content=\"2025-02-06T11:46:47+00:00\" \/>\n<meta property=\"article:modified_time\" content=\"2025-02-06T11:58:49+00:00\" \/>\n<meta property=\"og:image\" content=\"https:\/\/news.canadamotorjobs.com\/wp-content\/uploads\/2025\/02\/34374816-8834941-VW_s_electric_family_car_comes_under_30_000_The_ID_3_Life_will_b-a-14_1602664014603.jpg\" \/>\n\t<meta property=\"og:image:width\" content=\"634\" \/>\n\t<meta property=\"og:image:height\" content=\"423\" \/>\n\t<meta property=\"og:image:type\" content=\"image\/jpeg\" \/>\n<meta name=\"author\" content=\"Benoit Charette\" \/>\n<meta name=\"twitter:card\" content=\"summary_large_image\" \/>\n<meta name=\"twitter:creator\" content=\"@canadamotorjobs\" \/>\n<meta name=\"twitter:site\" content=\"@canadamotorjobs\" \/>\n<meta name=\"twitter:label1\" content=\"\u00c9crit par\" \/>\n\t<meta name=\"twitter:data1\" content=\"Benoit Charette\" \/>\n\t<meta name=\"twitter:label2\" content=\"Estimation du temps de lecture\" \/>\n\t<meta name=\"twitter:data2\" content=\"2 minutes\" \/>\n<!-- \/ Yoast SEO plugin. -->","yoast_head_json":{"title":"Volkswagen pr\u00e9sente un nouveau V\u00c9 \u00e0 30 000 $ - CanadaMotorJobs.com","description":"Volkswagen pr\u00e9sente un nouveau V\u00c9 \u00e0 30 000 $ - Benoit Charette - Annuel automobile - CanadaMotorJobs.com.","robots":{"index":"index","follow":"follow","max-snippet":"max-snippet:-1","max-image-preview":"max-image-preview:large","max-video-preview":"max-video-preview:-1"},"og_locale":"fr_CA","og_type":"article","og_title":"Volkswagen pr\u00e9sente un nouveau V\u00c9 \u00e0 30 000 $ - CanadaMotorJobs.com","og_description":"Volkswagen pr\u00e9sente un nouveau V\u00c9 \u00e0 30 000 $ - Benoit Charette - Annuel automobile - CanadaMotorJobs.com.","og_url":"https:\/\/news.canadamotorjobs.com\/fr\/volkswagen-presente-un-nouveau-ve-a-30-000\/","og_site_name":"CanadaMotorJobs.com","article_publisher":"https:\/\/www.facebook.com\/canadamotorjobs\/","article_published_time":"2025-02-06T11:46:47+00:00","article_modified_time":"2025-02-06T11:58:49+00:00","og_image":[{"width":634,"height":423,"url":"https:\/\/news.canadamotorjobs.com\/wp-content\/uploads\/2025\/02\/34374816-8834941-VW_s_electric_family_car_comes_under_30_000_The_ID_3_Life_will_b-a-14_1602664014603.jpg","type":"image\/jpeg"}],"author":"Benoit Charette","twitter_card":"summary_large_image","twitter_creator":"@canadamotorjobs","twitter_site":"@canadamotorjobs","twitter_misc":{"\u00c9crit par":"Benoit Charette","Estimation du temps de lecture":"2 minutes"},"schema":{"@context":"https:\/\/schema.org","@graph":[{"@type":"Article","@id":"https:\/\/news.canadamotorjobs.com\/fr\/volkswagen-presente-un-nouveau-ve-a-30-000\/#article","isPartOf":{"@id":"https:\/\/news.canadamotorjobs.com\/fr\/volkswagen-presente-un-nouveau-ve-a-30-000\/"},"author":{"name":"Benoit Charette","@id":"https:\/\/news.canadamotorjobs.com\/#\/schema\/person\/51793d1f87d44011d7bcc2ed99269a90"},"headline":"Volkswagen pr\u00e9sente un nouveau V\u00c9 \u00e0 30 000 $","datePublished":"2025-02-06T11:46:47+00:00","dateModified":"2025-02-06T11:58:49+00:00","mainEntityOfPage":{"@id":"https:\/\/news.canadamotorjobs.com\/fr\/volkswagen-presente-un-nouveau-ve-a-30-000\/"},"wordCount":334,"publisher":{"@id":"https:\/\/news.canadamotorjobs.com\/#organization"},"image":{"@id":"https:\/\/news.canadamotorjobs.com\/fr\/volkswagen-presente-un-nouveau-ve-a-30-000\/#primaryimage"},"thumbnailUrl":"https:\/\/news.canadamotorjobs.com\/wp-content\/uploads\/2025\/02\/34374816-8834941-VW_s_electric_family_car_comes_under_30_000_The_ID_3_Life_will_b-a-14_1602664014603.jpg","articleSection":["Annuel automobile"],"inLanguage":"fr-CA"},{"@type":"WebPage","@id":"https:\/\/news.canadamotorjobs.com\/fr\/volkswagen-presente-un-nouveau-ve-a-30-000\/","url":"https:\/\/news.canadamotorjobs.com\/fr\/volkswagen-presente-un-nouveau-ve-a-30-000\/","name":"Volkswagen pr\u00e9sente un nouveau V\u00c9 \u00e0 30 000 $ - CanadaMotorJobs.com","isPartOf":{"@id":"https:\/\/news.canadamotorjobs.com\/#website"},"primaryImageOfPage":{"@id":"https:\/\/news.canadamotorjobs.com\/fr\/volkswagen-presente-un-nouveau-ve-a-30-000\/#primaryimage"},"image":{"@id":"https:\/\/news.canadamotorjobs.com\/fr\/volkswagen-presente-un-nouveau-ve-a-30-000\/#primaryimage"},"thumbnailUrl":"https:\/\/news.canadamotorjobs.com\/wp-content\/uploads\/2025\/02\/34374816-8834941-VW_s_electric_family_car_comes_under_30_000_The_ID_3_Life_will_b-a-14_1602664014603.jpg","datePublished":"2025-02-06T11:46:47+00:00","dateModified":"2025-02-06T11:58:49+00:00","description":"Volkswagen pr\u00e9sente un nouveau V\u00c9 \u00e0 30 000 $ - Benoit Charette - Annuel automobile - CanadaMotorJobs.com.","breadcrumb":{"@id":"https:\/\/news.canadamotorjobs.com\/fr\/volkswagen-presente-un-nouveau-ve-a-30-000\/#breadcrumb"},"inLanguage":"fr-CA","potentialAction":[{"@type":"ReadAction","target":["https:\/\/news.canadamotorjobs.com\/fr\/volkswagen-presente-un-nouveau-ve-a-30-000\/"]}]},{"@type":"ImageObject","inLanguage":"fr-CA","@id":"https:\/\/news.canadamotorjobs.com\/fr\/volkswagen-presente-un-nouveau-ve-a-30-000\/#primaryimage","url":"https:\/\/news.canadamotorjobs.com\/wp-content\/uploads\/2025\/02\/34374816-8834941-VW_s_electric_family_car_comes_under_30_000_The_ID_3_Life_will_b-a-14_1602664014603.jpg","contentUrl":"https:\/\/news.canadamotorjobs.com\/wp-content\/uploads\/2025\/02\/34374816-8834941-VW_s_electric_family_car_comes_under_30_000_The_ID_3_Life_will_b-a-14_1602664014603.jpg","width":634,"height":423},{"@type":"BreadcrumbList","@id":"https:\/\/news.canadamotorjobs.com\/fr\/volkswagen-presente-un-nouveau-ve-a-30-000\/#breadcrumb","itemListElement":[{"@type":"ListItem","position":1,"name":"Home","item":"https:\/\/news.canadamotorjobs.com\/fr\/blog\/"},{"@type":"ListItem","position":2,"name":"Volkswagen pr\u00e9sente un nouveau V\u00c9 \u00e0 30 000 $"}]},{"@type":"WebSite","@id":"https:\/\/news.canadamotorjobs.com\/#website","url":"https:\/\/news.canadamotorjobs.com\/","name":"CanadaMotorJobs.com","description":"Automotive Jobs","publisher":{"@id":"https:\/\/news.canadamotorjobs.com\/#organization"},"potentialAction":[{"@type":"SearchAction","target":{"@type":"EntryPoint","urlTemplate":"https:\/\/news.canadamotorjobs.com\/?s={search_term_string}"},"query-input":"required name=search_term_string"}],"inLanguage":"fr-CA"},{"@type":"Organization","@id":"https:\/\/news.canadamotorjobs.com\/#organization","name":"Canada Motor Jobs","url":"https:\/\/news.canadamotorjobs.com\/","logo":{"@type":"ImageObject","inLanguage":"fr-CA","@id":"https:\/\/news.canadamotorjobs.com\/#\/schema\/logo\/image\/","url":"https:\/\/news.canadamotorjobs.com\/wp-content\/uploads\/2022\/10\/logo-canada-motor-jobs-1.png","contentUrl":"https:\/\/news.canadamotorjobs.com\/wp-content\/uploads\/2022\/10\/logo-canada-motor-jobs-1.png","width":800,"height":400,"caption":"Canada Motor Jobs"},"image":{"@id":"https:\/\/news.canadamotorjobs.com\/#\/schema\/logo\/image\/"},"sameAs":["https:\/\/www.facebook.com\/canadamotorjobs\/","https:\/\/x.com\/canadamotorjobs","https:\/\/www.instagram.com\/canadamotorjobs\/","https:\/\/www.linkedin.com\/company\/canadamotorjobs"]},{"@type":"Person","@id":"https:\/\/news.canadamotorjobs.com\/#\/schema\/person\/51793d1f87d44011d7bcc2ed99269a90","name":"Benoit Charette","image":{"@type":"ImageObject","inLanguage":"fr-CA","@id":"https:\/\/news.canadamotorjobs.com\/#\/schema\/person\/image\/","url":"https:\/\/secure.gravatar.com\/avatar\/45f3d2eebcccd909668d7ce7ea7267b6?s=96&d=mm&r=g","contentUrl":"https:\/\/secure.gravatar.com\/avatar\/45f3d2eebcccd909668d7ce7ea7267b6?s=96&d=mm&r=g","caption":"Benoit Charette"},"description":"Benoit Charette \/ Propri\u00e9taire et r\u00e9dacteur en chef Benoit Charette pratique le journalisme automobile depuis bient\u00f4t 30 ans. Il a fait ses classes au c\u00f4t\u00e9 de Daniel H\u00e9raud et au Carnet de route de 1992 \u00e0 2001. Il est fondateur, copropri\u00e9taire et r\u00e9dacteur en chef de L\u2019Annuel de l\u2019automobile, qu\u2019il publie depuis 2001. Il a anim\u00e9 les \u00e9missions RPM et RPM+ sur V et les L\u00e9gendes de la route sur Historia. \u00c0 la radio depuis 1986, il reprend l\u2019antenne cette ann\u00e9e sur les ondes de Cogeco et participe pour la deuxi\u00e8me ann\u00e9e \u00e0 l\u2019\u00e9mission Passion Auto sur RDS en plus de mettre en ligne le site Web officiel de L\u2019Annuel de l\u2019automobile sur annuelauto.ca.","sameAs":["https:\/\/annuelauto.ca\/"],"url":"https:\/\/news.canadamotorjobs.com\/fr\/author\/benoit-charette\/"}]}},"_links":{"self":[{"href":"https:\/\/news.canadamotorjobs.com\/fr\/wp-json\/wp\/v2\/posts\/192482"}],"collection":[{"href":"https:\/\/news.canadamotorjobs.com\/fr\/wp-json\/wp\/v2\/posts"}],"about":[{"href":"https:\/\/news.canadamotorjobs.com\/fr\/wp-json\/wp\/v2\/types\/post"}],"author":[{"embeddable":true,"href":"https:\/\/news.canadamotorjobs.com\/fr\/wp-json\/wp\/v2\/users\/8"}],"replies":[{"embeddable":true,"href":"https:\/\/news.canadamotorjobs.com\/fr\/wp-json\/wp\/v2\/comments?post=192482"}],"version-history":[{"count":2,"href":"https:\/\/news.canadamotorjobs.com\/fr\/wp-json\/wp\/v2\/posts\/192482\/revisions"}],"predecessor-version":[{"id":192486,"href":"https:\/\/news.canadamotorjobs.com\/fr\/wp-json\/wp\/v2\/posts\/192482\/revisions\/192486"}],"wp:featuredmedia":[{"embeddable":true,"href":"https:\/\/news.canadamotorjobs.com\/fr\/wp-json\/wp\/v2\/media\/192484"}],"wp:attachment":[{"href":"https:\/\/news.canadamotorjobs.com\/fr\/wp-json\/wp\/v2\/media?parent=192482"}],"wp:term":[{"taxonomy":"category","embeddable":true,"href":"https:\/\/news.canadamotorjobs.com\/fr\/wp-json\/wp\/v2\/categories?post=192482"},{"taxonomy":"post_tag","embeddable":true,"href":"https:\/\/news.canadamotorjobs.com\/fr\/wp-json\/wp\/v2\/tags?post=192482"}],"curies":[{"name":"wp","href":"https:\/\/api.w.org\/{rel}","templated":true}]}}