{"id":192444,"date":"2025-02-05T10:14:36","date_gmt":"2025-02-05T15:14:36","guid":{"rendered":"https:\/\/news.canadamotorjobs.com\/?p=192444"},"modified":"2025-02-05T10:29:16","modified_gmt":"2025-02-05T15:29:16","slug":"ferrari-devoilera-six-nouveaux-modeles-en-2025-incluant-son-premier-vehicule-electrique","status":"publish","type":"post","link":"https:\/\/news.canadamotorjobs.com\/fr\/ferrari-devoilera-six-nouveaux-modeles-en-2025-incluant-son-premier-vehicule-electrique\/","title":{"rendered":"Ferrari d\u00e9voilera six nouveaux mod\u00e8les en 2025, incluant son premier v\u00e9hicule \u00e9lectrique"},"content":{"rendered":"<\/p>\n<p>Apr\u00e8s une ann\u00e9e record en 2024, Ferrari pr\u00e9pare une ann\u00e9e 2025 charg\u00e9e avec six nouveaux mod\u00e8les, dont son tout premier v\u00e9hicule \u00e9lectrique. L\u2019information a \u00e9t\u00e9 r\u00e9v\u00e9l\u00e9e dans un document destin\u00e9 aux investisseurs d\u00e9taillant les r\u00e9sultats financiers de l\u2019ann\u00e9e pass\u00e9e.<\/p>\n<h3>Un premier mod\u00e8le \u00e9lectrique d\u00e9voil\u00e9 en octobre<\/h3>\n<p>\nLe premier Ferrari 100 % \u00e9lectrique sera officiellement d\u00e9voil\u00e9 le 9 octobre lors du Capital Markets Day \u00e0 Maranello. Son nom reste inconnu, mais la marque italienne semble pr\u00eate \u00e0 faire une entr\u00e9e remarqu\u00e9e dans l\u2019univers de la mobilit\u00e9 \u00e9lectrique.<\/p>\n<h3>Quels sont les cinq autres mod\u00e8les \u00e0 venir ?<\/h3>\n<p>\nFerrari reste discret sur les cinq autres nouveaut\u00e9s, mais plusieurs indices laissent entrevoir le retour de mod\u00e8les iconiques :<\/p>\n<ul><\/p>\n<li><strong>Un rempla\u00e7ant de la SF90 Stradale<\/strong> : Ferrari ayant stopp\u00e9 la production de la SF90, une nouvelle version de cette supercar hybride rechargeable V8 est attendue d\u2019ici fin 2025.<\/li>\n<p><\/p>\n<li><strong>Un 296 GTB mis \u00e0 jour <\/strong>: Une \u00e9volution du mod\u00e8le hybride pourrait \u00eatre d\u00e9voil\u00e9e, probablement accompagn\u00e9e de versions Spider.<\/li>\n<p><\/p>\n<li><strong>Une nouvelle version du Purosangue ?<\/strong> : L\u2019arriv\u00e9e d\u2019un V8 hybride rechargeable semble plausible pour \u00e9toffer la gamme du SUV Ferrari et r\u00e9pondre aux normes d\u2019\u00e9missions de plus en plus strictes.<\/li>\n<p><\/p>\n<li><strong>Une \u00e9dition sp\u00e9ciale de la s\u00e9rie Icona ?<\/strong> : Apr\u00e8s la Daytona SP3 sortie en 2022 et les Monza SP1\/SP2 en 2018, un myst\u00e9rieux projet baptis\u00e9 SP4 pourrait voir le jour.<\/li>\n<p>\n<\/ul>\n<p><\/p>\n<h3>Ferrari et l\u2019\u00e9lectrification : une transition en marche<\/h3>\n<p>\nBien que Ferrari n\u2019ait pas encore lanc\u00e9 de v\u00e9hicule 100 % \u00e9lectrique, les mod\u00e8les hybrides connaissent un succ\u00e8s croissant. En 2024, 51 % des Ferrari livr\u00e9es \u00e9taient \u00e9lectrifi\u00e9es, contre 49 % pour les mod\u00e8les thermiques purs.<\/p>\n<p>Si le premier mod\u00e8le \u00e9lectrique de Ferrari est en pr\u00e9paration, il pourrait ne pas \u00eatre une supercar traditionnelle. Les images de prototypes d\u2019essai laissent penser \u00e0 une carrosserie inspir\u00e9e du Maserati Levante, sugg\u00e9rant une approche plus polyvalente qu\u2019un simple bolide biplace.<\/p>\n<p>Avec ces six nouveaux mod\u00e8les, Ferrari continue d\u2019innover, jonglant entre performance, tradition et \u00e9lectrification, tout en restant fid\u00e8le \u00e0 son ADN de constructeur d\u2019exception.<\/p>\n<p>Avec des renseignements de Motor1<\/p>\n<p>Le texte <a href=\"https:\/\/annuelauto.ca\/ferrari-nouveaux-modeles-2025\/\">Ferrari d\u00e9voilera six nouveaux mod\u00e8les en 2025, incluant son premier v\u00e9hicule \u00e9lectrique<\/a> provient de <a href=\"https:\/\/annuelauto.ca\">L&#8217;annuel de l&#8217;automobile &#8211; Actualit\u00e9 automobile<\/a><\/p>\n<p><\/p>\n","protected":false},"excerpt":{"rendered":"<p>Apr\u00e8s une ann\u00e9e record en 2024, Ferrari pr\u00e9pare une ann\u00e9e 2025 charg\u00e9e avec six nouveaux mod\u00e8les, dont son tout premier v\u00e9hicule \u00e9lectrique. L\u2019information a \u00e9t\u00e9 r\u00e9v\u00e9l\u00e9e dans un document destin\u00e9 aux investisseurs d\u00e9taillant les r\u00e9sultats financiers de l\u2019ann\u00e9e pass\u00e9e. Un premier mod\u00e8le \u00e9lectrique d\u00e9voil\u00e9 en octobre Le premier Ferrari 100 % \u00e9lectrique sera officiellement d\u00e9voil\u00e9 [&hellip;]<\/p>\n","protected":false},"author":8,"featured_media":192446,"comment_status":"close","ping_status":"closed","sticky":false,"template":"","format":"standard","meta":{"_monsterinsights_skip_tracking":false,"_monsterinsights_sitenote_active":false,"_monsterinsights_sitenote_note":"","_monsterinsights_sitenote_category":0,"footnotes":""},"categories":[101],"tags":[],"yoast_head":"<!-- This site is optimized with the Yoast SEO plugin v23.2 - https:\/\/yoast.com\/wordpress\/plugins\/seo\/ -->\n<title>Ferrari d\u00e9voilera six nouveaux mod\u00e8les en 2025, incluant son premier v\u00e9hicule \u00e9lectrique - CanadaMotorJobs.com<\/title>\n<meta name=\"description\" content=\"Ferrari d\u00e9voilera six nouveaux mod\u00e8les en 2025, incluant son premier v\u00e9hicule \u00e9lectrique - Benoit Charette - Annuel automobile - CanadaMotorJobs.com.\" \/>\n<meta name=\"robots\" content=\"index, follow, max-snippet:-1, max-image-preview:large, max-video-preview:-1\" \/>\n<meta property=\"og:locale\" content=\"fr_CA\" \/>\n<meta property=\"og:type\" content=\"article\" \/>\n<meta property=\"og:title\" content=\"Ferrari d\u00e9voilera six nouveaux mod\u00e8les en 2025, incluant son premier v\u00e9hicule \u00e9lectrique - CanadaMotorJobs.com\" \/>\n<meta property=\"og:description\" content=\"Ferrari d\u00e9voilera six nouveaux mod\u00e8les en 2025, incluant son premier v\u00e9hicule \u00e9lectrique - Benoit Charette - Annuel automobile - CanadaMotorJobs.com.\" \/>\n<meta property=\"og:url\" content=\"https:\/\/news.canadamotorjobs.com\/fr\/ferrari-devoilera-six-nouveaux-modeles-en-2025-incluant-son-premier-vehicule-electrique\/\" \/>\n<meta property=\"og:site_name\" content=\"CanadaMotorJobs.com\" \/>\n<meta property=\"article:publisher\" content=\"https:\/\/www.facebook.com\/canadamotorjobs\/\" \/>\n<meta property=\"article:published_time\" content=\"2025-02-05T15:14:36+00:00\" \/>\n<meta property=\"article:modified_time\" content=\"2025-02-05T15:29:16+00:00\" \/>\n<meta property=\"og:image\" content=\"https:\/\/news.canadamotorjobs.com\/wp-content\/uploads\/2025\/02\/Ferrari-Testarossa-1988-Nigel-Mansell_9.jpg\" \/>\n\t<meta property=\"og:image:width\" content=\"1024\" \/>\n\t<meta property=\"og:image:height\" content=\"683\" \/>\n\t<meta property=\"og:image:type\" content=\"image\/jpeg\" \/>\n<meta name=\"author\" content=\"Benoit Charette\" \/>\n<meta name=\"twitter:card\" content=\"summary_large_image\" \/>\n<meta name=\"twitter:creator\" content=\"@canadamotorjobs\" \/>\n<meta name=\"twitter:site\" content=\"@canadamotorjobs\" \/>\n<meta name=\"twitter:label1\" content=\"\u00c9crit par\" \/>\n\t<meta name=\"twitter:data1\" content=\"Benoit Charette\" \/>\n\t<meta name=\"twitter:label2\" content=\"Estimation du temps de lecture\" \/>\n\t<meta name=\"twitter:data2\" content=\"2 minutes\" \/>\n<!-- \/ Yoast SEO plugin. -->","yoast_head_json":{"title":"Ferrari d\u00e9voilera six nouveaux mod\u00e8les en 2025, incluant son premier v\u00e9hicule \u00e9lectrique - CanadaMotorJobs.com","description":"Ferrari d\u00e9voilera six nouveaux mod\u00e8les en 2025, incluant son premier v\u00e9hicule \u00e9lectrique - Benoit Charette - Annuel automobile - CanadaMotorJobs.com.","robots":{"index":"index","follow":"follow","max-snippet":"max-snippet:-1","max-image-preview":"max-image-preview:large","max-video-preview":"max-video-preview:-1"},"og_locale":"fr_CA","og_type":"article","og_title":"Ferrari d\u00e9voilera six nouveaux mod\u00e8les en 2025, incluant son premier v\u00e9hicule \u00e9lectrique - CanadaMotorJobs.com","og_description":"Ferrari d\u00e9voilera six nouveaux mod\u00e8les en 2025, incluant son premier v\u00e9hicule \u00e9lectrique - Benoit Charette - Annuel automobile - CanadaMotorJobs.com.","og_url":"https:\/\/news.canadamotorjobs.com\/fr\/ferrari-devoilera-six-nouveaux-modeles-en-2025-incluant-son-premier-vehicule-electrique\/","og_site_name":"CanadaMotorJobs.com","article_publisher":"https:\/\/www.facebook.com\/canadamotorjobs\/","article_published_time":"2025-02-05T15:14:36+00:00","article_modified_time":"2025-02-05T15:29:16+00:00","og_image":[{"width":1024,"height":683,"url":"https:\/\/news.canadamotorjobs.com\/wp-content\/uploads\/2025\/02\/Ferrari-Testarossa-1988-Nigel-Mansell_9.jpg","type":"image\/jpeg"}],"author":"Benoit Charette","twitter_card":"summary_large_image","twitter_creator":"@canadamotorjobs","twitter_site":"@canadamotorjobs","twitter_misc":{"\u00c9crit par":"Benoit Charette","Estimation du temps de lecture":"2 minutes"},"schema":{"@context":"https:\/\/schema.org","@graph":[{"@type":"Article","@id":"https:\/\/news.canadamotorjobs.com\/fr\/ferrari-devoilera-six-nouveaux-modeles-en-2025-incluant-son-premier-vehicule-electrique\/#article","isPartOf":{"@id":"https:\/\/news.canadamotorjobs.com\/fr\/ferrari-devoilera-six-nouveaux-modeles-en-2025-incluant-son-premier-vehicule-electrique\/"},"author":{"name":"Benoit Charette","@id":"https:\/\/news.canadamotorjobs.com\/#\/schema\/person\/51793d1f87d44011d7bcc2ed99269a90"},"headline":"Ferrari d\u00e9voilera six nouveaux mod\u00e8les en 2025, incluant son premier v\u00e9hicule \u00e9lectrique","datePublished":"2025-02-05T15:14:36+00:00","dateModified":"2025-02-05T15:29:16+00:00","mainEntityOfPage":{"@id":"https:\/\/news.canadamotorjobs.com\/fr\/ferrari-devoilera-six-nouveaux-modeles-en-2025-incluant-son-premier-vehicule-electrique\/"},"wordCount":408,"publisher":{"@id":"https:\/\/news.canadamotorjobs.com\/#organization"},"image":{"@id":"https:\/\/news.canadamotorjobs.com\/fr\/ferrari-devoilera-six-nouveaux-modeles-en-2025-incluant-son-premier-vehicule-electrique\/#primaryimage"},"thumbnailUrl":"https:\/\/news.canadamotorjobs.com\/wp-content\/uploads\/2025\/02\/Ferrari-Testarossa-1988-Nigel-Mansell_9.jpg","articleSection":["Annuel automobile"],"inLanguage":"fr-CA"},{"@type":"WebPage","@id":"https:\/\/news.canadamotorjobs.com\/fr\/ferrari-devoilera-six-nouveaux-modeles-en-2025-incluant-son-premier-vehicule-electrique\/","url":"https:\/\/news.canadamotorjobs.com\/fr\/ferrari-devoilera-six-nouveaux-modeles-en-2025-incluant-son-premier-vehicule-electrique\/","name":"Ferrari d\u00e9voilera six nouveaux mod\u00e8les en 2025, incluant son premier v\u00e9hicule \u00e9lectrique - CanadaMotorJobs.com","isPartOf":{"@id":"https:\/\/news.canadamotorjobs.com\/#website"},"primaryImageOfPage":{"@id":"https:\/\/news.canadamotorjobs.com\/fr\/ferrari-devoilera-six-nouveaux-modeles-en-2025-incluant-son-premier-vehicule-electrique\/#primaryimage"},"image":{"@id":"https:\/\/news.canadamotorjobs.com\/fr\/ferrari-devoilera-six-nouveaux-modeles-en-2025-incluant-son-premier-vehicule-electrique\/#primaryimage"},"thumbnailUrl":"https:\/\/news.canadamotorjobs.com\/wp-content\/uploads\/2025\/02\/Ferrari-Testarossa-1988-Nigel-Mansell_9.jpg","datePublished":"2025-02-05T15:14:36+00:00","dateModified":"2025-02-05T15:29:16+00:00","description":"Ferrari d\u00e9voilera six nouveaux mod\u00e8les en 2025, incluant son premier v\u00e9hicule \u00e9lectrique - Benoit Charette - Annuel automobile - CanadaMotorJobs.com.","breadcrumb":{"@id":"https:\/\/news.canadamotorjobs.com\/fr\/ferrari-devoilera-six-nouveaux-modeles-en-2025-incluant-son-premier-vehicule-electrique\/#breadcrumb"},"inLanguage":"fr-CA","potentialAction":[{"@type":"ReadAction","target":["https:\/\/news.canadamotorjobs.com\/fr\/ferrari-devoilera-six-nouveaux-modeles-en-2025-incluant-son-premier-vehicule-electrique\/"]}]},{"@type":"ImageObject","inLanguage":"fr-CA","@id":"https:\/\/news.canadamotorjobs.com\/fr\/ferrari-devoilera-six-nouveaux-modeles-en-2025-incluant-son-premier-vehicule-electrique\/#primaryimage","url":"https:\/\/news.canadamotorjobs.com\/wp-content\/uploads\/2025\/02\/Ferrari-Testarossa-1988-Nigel-Mansell_9.jpg","contentUrl":"https:\/\/news.canadamotorjobs.com\/wp-content\/uploads\/2025\/02\/Ferrari-Testarossa-1988-Nigel-Mansell_9.jpg","width":1024,"height":683},{"@type":"BreadcrumbList","@id":"https:\/\/news.canadamotorjobs.com\/fr\/ferrari-devoilera-six-nouveaux-modeles-en-2025-incluant-son-premier-vehicule-electrique\/#breadcrumb","itemListElement":[{"@type":"ListItem","position":1,"name":"Home","item":"https:\/\/news.canadamotorjobs.com\/fr\/blog\/"},{"@type":"ListItem","position":2,"name":"Ferrari d\u00e9voilera six nouveaux mod\u00e8les en 2025, incluant son premier v\u00e9hicule \u00e9lectrique"}]},{"@type":"WebSite","@id":"https:\/\/news.canadamotorjobs.com\/#website","url":"https:\/\/news.canadamotorjobs.com\/","name":"CanadaMotorJobs.com","description":"Automotive Jobs","publisher":{"@id":"https:\/\/news.canadamotorjobs.com\/#organization"},"potentialAction":[{"@type":"SearchAction","target":{"@type":"EntryPoint","urlTemplate":"https:\/\/news.canadamotorjobs.com\/?s={search_term_string}"},"query-input":"required name=search_term_string"}],"inLanguage":"fr-CA"},{"@type":"Organization","@id":"https:\/\/news.canadamotorjobs.com\/#organization","name":"Canada Motor Jobs","url":"https:\/\/news.canadamotorjobs.com\/","logo":{"@type":"ImageObject","inLanguage":"fr-CA","@id":"https:\/\/news.canadamotorjobs.com\/#\/schema\/logo\/image\/","url":"https:\/\/news.canadamotorjobs.com\/wp-content\/uploads\/2022\/10\/logo-canada-motor-jobs-1.png","contentUrl":"https:\/\/news.canadamotorjobs.com\/wp-content\/uploads\/2022\/10\/logo-canada-motor-jobs-1.png","width":800,"height":400,"caption":"Canada Motor Jobs"},"image":{"@id":"https:\/\/news.canadamotorjobs.com\/#\/schema\/logo\/image\/"},"sameAs":["https:\/\/www.facebook.com\/canadamotorjobs\/","https:\/\/x.com\/canadamotorjobs","https:\/\/www.instagram.com\/canadamotorjobs\/","https:\/\/www.linkedin.com\/company\/canadamotorjobs"]},{"@type":"Person","@id":"https:\/\/news.canadamotorjobs.com\/#\/schema\/person\/51793d1f87d44011d7bcc2ed99269a90","name":"Benoit Charette","image":{"@type":"ImageObject","inLanguage":"fr-CA","@id":"https:\/\/news.canadamotorjobs.com\/#\/schema\/person\/image\/","url":"https:\/\/secure.gravatar.com\/avatar\/45f3d2eebcccd909668d7ce7ea7267b6?s=96&d=mm&r=g","contentUrl":"https:\/\/secure.gravatar.com\/avatar\/45f3d2eebcccd909668d7ce7ea7267b6?s=96&d=mm&r=g","caption":"Benoit Charette"},"description":"Benoit Charette \/ Propri\u00e9taire et r\u00e9dacteur en chef Benoit Charette pratique le journalisme automobile depuis bient\u00f4t 30 ans. Il a fait ses classes au c\u00f4t\u00e9 de Daniel H\u00e9raud et au Carnet de route de 1992 \u00e0 2001. Il est fondateur, copropri\u00e9taire et r\u00e9dacteur en chef de L\u2019Annuel de l\u2019automobile, qu\u2019il publie depuis 2001. Il a anim\u00e9 les \u00e9missions RPM et RPM+ sur V et les L\u00e9gendes de la route sur Historia. \u00c0 la radio depuis 1986, il reprend l\u2019antenne cette ann\u00e9e sur les ondes de Cogeco et participe pour la deuxi\u00e8me ann\u00e9e \u00e0 l\u2019\u00e9mission Passion Auto sur RDS en plus de mettre en ligne le site Web officiel de L\u2019Annuel de l\u2019automobile sur annuelauto.ca.","sameAs":["https:\/\/annuelauto.ca\/"],"url":"https:\/\/news.canadamotorjobs.com\/fr\/author\/benoit-charette\/"}]}},"_links":{"self":[{"href":"https:\/\/news.canadamotorjobs.com\/fr\/wp-json\/wp\/v2\/posts\/192444"}],"collection":[{"href":"https:\/\/news.canadamotorjobs.com\/fr\/wp-json\/wp\/v2\/posts"}],"about":[{"href":"https:\/\/news.canadamotorjobs.com\/fr\/wp-json\/wp\/v2\/types\/post"}],"author":[{"embeddable":true,"href":"https:\/\/news.canadamotorjobs.com\/fr\/wp-json\/wp\/v2\/users\/8"}],"replies":[{"embeddable":true,"href":"https:\/\/news.canadamotorjobs.com\/fr\/wp-json\/wp\/v2\/comments?post=192444"}],"version-history":[{"count":2,"href":"https:\/\/news.canadamotorjobs.com\/fr\/wp-json\/wp\/v2\/posts\/192444\/revisions"}],"predecessor-version":[{"id":192448,"href":"https:\/\/news.canadamotorjobs.com\/fr\/wp-json\/wp\/v2\/posts\/192444\/revisions\/192448"}],"wp:featuredmedia":[{"embeddable":true,"href":"https:\/\/news.canadamotorjobs.com\/fr\/wp-json\/wp\/v2\/media\/192446"}],"wp:attachment":[{"href":"https:\/\/news.canadamotorjobs.com\/fr\/wp-json\/wp\/v2\/media?parent=192444"}],"wp:term":[{"taxonomy":"category","embeddable":true,"href":"https:\/\/news.canadamotorjobs.com\/fr\/wp-json\/wp\/v2\/categories?post=192444"},{"taxonomy":"post_tag","embeddable":true,"href":"https:\/\/news.canadamotorjobs.com\/fr\/wp-json\/wp\/v2\/tags?post=192444"}],"curies":[{"name":"wp","href":"https:\/\/api.w.org\/{rel}","templated":true}]}}