{"id":192421,"date":"2025-02-05T10:27:47","date_gmt":"2025-02-05T15:27:47","guid":{"rendered":"https:\/\/news.canadamotorjobs.com\/?p=192421"},"modified":"2025-02-05T10:29:08","modified_gmt":"2025-02-05T15:29:08","slug":"tesla-diminue-le-prix-de-son-cybertruck-de-23-000-au-canada","status":"publish","type":"post","link":"https:\/\/news.canadamotorjobs.com\/fr\/tesla-diminue-le-prix-de-son-cybertruck-de-23-000-au-canada\/","title":{"rendered":"Tesla diminue le prix de son Cybertruck de 23 000 $ au Canada"},"content":{"rendered":"<\/p>\n<p>Le Tesla Cybertruck voit son prix chuter de 23 000 $ au Canada, une d\u00e9cision qui contraste avec la r\u00e9cente augmentation des tarifs des autres mod\u00e8les de la marque.<\/p>\n<h3>Une r\u00e9duction importante pour le Cybertruck<\/h3>\n<p>\nLe Cybertruck \u00e0 deux moteurs, lanc\u00e9 il y a quelques mois, passe de 137 990 $ \u00e0 114 990 $. La version plus performante, Cyberbeast, b\u00e9n\u00e9ficie de la m\u00eame r\u00e9duction et s&#8217;affiche d\u00e9sormais \u00e0 142 990 $ au lieu de 165 990 $.<\/p>\n<p>\u00c0 ce jour, la version \u00e0 un seul moteur, annonc\u00e9e par Tesla, n\u2019est pas encore disponible.<\/p>\n<h3>Les autres Tesla deviennent plus ch\u00e8res<\/h3>\n<p>\nEn revanche, depuis le 1er f\u00e9vrier 2025, les prix des Model 3 et Model Y ont augment\u00e9, tout comme ceux des plus anciens Model S et Model X au Canada. Cette d\u00e9cision s&#8217;inscrit dans un contexte o\u00f9 Tesla fait face \u00e0 une concurrence accrue et \u00e0 la suppression de certaines subventions gouvernementales.<\/p>\n<h3>Un repositionnement strat\u00e9gique ?<\/h3>\n<p>\nAvec un prix toujours au-dessus des 100 000 $, le Cybertruck reste un v\u00e9hicule haut de gamme. Cette premi\u00e8re baisse de tarif pourrait indiquer une strat\u00e9gie visant \u00e0 stimuler la demande et \u00e0 rendre le mod\u00e8le plus attractif sur le march\u00e9 canadien. Reste \u00e0 voir si d\u2019autres ajustements suivront dans les mois \u00e0 venir.<\/p>\n<p>Avec des renseignements de Motor Illustrated<\/p>\n<p>Le texte <a href=\"https:\/\/annuelauto.ca\/baisse-prix-tesla-cybertruck-canada\/\">Tesla diminue le prix de son Cybertruck de 23 000 $ au Canada<\/a> provient de <a href=\"https:\/\/annuelauto.ca\">L&#8217;annuel de l&#8217;automobile &#8211; Actualit\u00e9 automobile<\/a><\/p>\n<p><\/p>\n","protected":false},"excerpt":{"rendered":"<p>Le Tesla Cybertruck voit son prix chuter de 23 000 $ au Canada, une d\u00e9cision qui contraste avec la r\u00e9cente augmentation des tarifs des autres mod\u00e8les de la marque. Une r\u00e9duction importante pour le Cybertruck Le Cybertruck \u00e0 deux moteurs, lanc\u00e9 il y a quelques mois, passe de 137 990 $ \u00e0 114 990 $. [&hellip;]<\/p>\n","protected":false},"author":8,"featured_media":192423,"comment_status":"close","ping_status":"closed","sticky":false,"template":"","format":"standard","meta":{"_monsterinsights_skip_tracking":false,"_monsterinsights_sitenote_active":false,"_monsterinsights_sitenote_note":"","_monsterinsights_sitenote_category":0,"footnotes":""},"categories":[101],"tags":[],"yoast_head":"<!-- This site is optimized with the Yoast SEO plugin v23.2 - https:\/\/yoast.com\/wordpress\/plugins\/seo\/ -->\n<title>Tesla diminue le prix de son Cybertruck de 23 000 $ au Canada - CanadaMotorJobs.com<\/title>\n<meta name=\"description\" content=\"Tesla diminue le prix de son Cybertruck de 23 000 $ au Canada - Benoit Charette - Annuel automobile - CanadaMotorJobs.com.\" \/>\n<meta name=\"robots\" content=\"index, follow, max-snippet:-1, max-image-preview:large, max-video-preview:-1\" \/>\n<meta property=\"og:locale\" content=\"fr_CA\" \/>\n<meta property=\"og:type\" content=\"article\" \/>\n<meta property=\"og:title\" content=\"Tesla diminue le prix de son Cybertruck de 23 000 $ au Canada - CanadaMotorJobs.com\" \/>\n<meta property=\"og:description\" content=\"Tesla diminue le prix de son Cybertruck de 23 000 $ au Canada - Benoit Charette - Annuel automobile - CanadaMotorJobs.com.\" \/>\n<meta property=\"og:url\" content=\"https:\/\/news.canadamotorjobs.com\/fr\/tesla-diminue-le-prix-de-son-cybertruck-de-23-000-au-canada\/\" \/>\n<meta property=\"og:site_name\" content=\"CanadaMotorJobs.com\" \/>\n<meta property=\"article:publisher\" content=\"https:\/\/www.facebook.com\/canadamotorjobs\/\" \/>\n<meta property=\"article:published_time\" content=\"2025-02-05T15:27:47+00:00\" \/>\n<meta property=\"article:modified_time\" content=\"2025-02-05T15:29:08+00:00\" \/>\n<meta property=\"og:image\" content=\"https:\/\/news.canadamotorjobs.com\/wp-content\/uploads\/2025\/02\/Tesla-Cybertruck-Austin.jpg\" \/>\n\t<meta property=\"og:image:width\" content=\"1280\" \/>\n\t<meta property=\"og:image:height\" content=\"720\" \/>\n\t<meta property=\"og:image:type\" content=\"image\/jpeg\" \/>\n<meta name=\"author\" content=\"Benoit Charette\" \/>\n<meta name=\"twitter:card\" content=\"summary_large_image\" \/>\n<meta name=\"twitter:creator\" content=\"@canadamotorjobs\" \/>\n<meta name=\"twitter:site\" content=\"@canadamotorjobs\" \/>\n<meta name=\"twitter:label1\" content=\"\u00c9crit par\" \/>\n\t<meta name=\"twitter:data1\" content=\"Benoit Charette\" \/>\n\t<meta name=\"twitter:label2\" content=\"Estimation du temps de lecture\" \/>\n\t<meta name=\"twitter:data2\" content=\"1 minute\" \/>\n<!-- \/ Yoast SEO plugin. -->","yoast_head_json":{"title":"Tesla diminue le prix de son Cybertruck de 23 000 $ au Canada - CanadaMotorJobs.com","description":"Tesla diminue le prix de son Cybertruck de 23 000 $ au Canada - Benoit Charette - Annuel automobile - CanadaMotorJobs.com.","robots":{"index":"index","follow":"follow","max-snippet":"max-snippet:-1","max-image-preview":"max-image-preview:large","max-video-preview":"max-video-preview:-1"},"og_locale":"fr_CA","og_type":"article","og_title":"Tesla diminue le prix de son Cybertruck de 23 000 $ au Canada - CanadaMotorJobs.com","og_description":"Tesla diminue le prix de son Cybertruck de 23 000 $ au Canada - Benoit Charette - Annuel automobile - CanadaMotorJobs.com.","og_url":"https:\/\/news.canadamotorjobs.com\/fr\/tesla-diminue-le-prix-de-son-cybertruck-de-23-000-au-canada\/","og_site_name":"CanadaMotorJobs.com","article_publisher":"https:\/\/www.facebook.com\/canadamotorjobs\/","article_published_time":"2025-02-05T15:27:47+00:00","article_modified_time":"2025-02-05T15:29:08+00:00","og_image":[{"width":1280,"height":720,"url":"https:\/\/news.canadamotorjobs.com\/wp-content\/uploads\/2025\/02\/Tesla-Cybertruck-Austin.jpg","type":"image\/jpeg"}],"author":"Benoit Charette","twitter_card":"summary_large_image","twitter_creator":"@canadamotorjobs","twitter_site":"@canadamotorjobs","twitter_misc":{"\u00c9crit par":"Benoit Charette","Estimation du temps de lecture":"1 minute"},"schema":{"@context":"https:\/\/schema.org","@graph":[{"@type":"Article","@id":"https:\/\/news.canadamotorjobs.com\/fr\/tesla-diminue-le-prix-de-son-cybertruck-de-23-000-au-canada\/#article","isPartOf":{"@id":"https:\/\/news.canadamotorjobs.com\/fr\/tesla-diminue-le-prix-de-son-cybertruck-de-23-000-au-canada\/"},"author":{"name":"Benoit Charette","@id":"https:\/\/news.canadamotorjobs.com\/#\/schema\/person\/51793d1f87d44011d7bcc2ed99269a90"},"headline":"Tesla diminue le prix de son Cybertruck de 23 000 $ au Canada","datePublished":"2025-02-05T15:27:47+00:00","dateModified":"2025-02-05T15:29:08+00:00","mainEntityOfPage":{"@id":"https:\/\/news.canadamotorjobs.com\/fr\/tesla-diminue-le-prix-de-son-cybertruck-de-23-000-au-canada\/"},"wordCount":237,"publisher":{"@id":"https:\/\/news.canadamotorjobs.com\/#organization"},"image":{"@id":"https:\/\/news.canadamotorjobs.com\/fr\/tesla-diminue-le-prix-de-son-cybertruck-de-23-000-au-canada\/#primaryimage"},"thumbnailUrl":"https:\/\/news.canadamotorjobs.com\/wp-content\/uploads\/2025\/02\/Tesla-Cybertruck-Austin.jpg","articleSection":["Annuel automobile"],"inLanguage":"fr-CA"},{"@type":"WebPage","@id":"https:\/\/news.canadamotorjobs.com\/fr\/tesla-diminue-le-prix-de-son-cybertruck-de-23-000-au-canada\/","url":"https:\/\/news.canadamotorjobs.com\/fr\/tesla-diminue-le-prix-de-son-cybertruck-de-23-000-au-canada\/","name":"Tesla diminue le prix de son Cybertruck de 23 000 $ au Canada - CanadaMotorJobs.com","isPartOf":{"@id":"https:\/\/news.canadamotorjobs.com\/#website"},"primaryImageOfPage":{"@id":"https:\/\/news.canadamotorjobs.com\/fr\/tesla-diminue-le-prix-de-son-cybertruck-de-23-000-au-canada\/#primaryimage"},"image":{"@id":"https:\/\/news.canadamotorjobs.com\/fr\/tesla-diminue-le-prix-de-son-cybertruck-de-23-000-au-canada\/#primaryimage"},"thumbnailUrl":"https:\/\/news.canadamotorjobs.com\/wp-content\/uploads\/2025\/02\/Tesla-Cybertruck-Austin.jpg","datePublished":"2025-02-05T15:27:47+00:00","dateModified":"2025-02-05T15:29:08+00:00","description":"Tesla diminue le prix de son Cybertruck de 23 000 $ au Canada - Benoit Charette - Annuel automobile - CanadaMotorJobs.com.","breadcrumb":{"@id":"https:\/\/news.canadamotorjobs.com\/fr\/tesla-diminue-le-prix-de-son-cybertruck-de-23-000-au-canada\/#breadcrumb"},"inLanguage":"fr-CA","potentialAction":[{"@type":"ReadAction","target":["https:\/\/news.canadamotorjobs.com\/fr\/tesla-diminue-le-prix-de-son-cybertruck-de-23-000-au-canada\/"]}]},{"@type":"ImageObject","inLanguage":"fr-CA","@id":"https:\/\/news.canadamotorjobs.com\/fr\/tesla-diminue-le-prix-de-son-cybertruck-de-23-000-au-canada\/#primaryimage","url":"https:\/\/news.canadamotorjobs.com\/wp-content\/uploads\/2025\/02\/Tesla-Cybertruck-Austin.jpg","contentUrl":"https:\/\/news.canadamotorjobs.com\/wp-content\/uploads\/2025\/02\/Tesla-Cybertruck-Austin.jpg","width":1280,"height":720},{"@type":"BreadcrumbList","@id":"https:\/\/news.canadamotorjobs.com\/fr\/tesla-diminue-le-prix-de-son-cybertruck-de-23-000-au-canada\/#breadcrumb","itemListElement":[{"@type":"ListItem","position":1,"name":"Home","item":"https:\/\/news.canadamotorjobs.com\/fr\/blog\/"},{"@type":"ListItem","position":2,"name":"Tesla diminue le prix de son Cybertruck de 23 000 $ au Canada"}]},{"@type":"WebSite","@id":"https:\/\/news.canadamotorjobs.com\/#website","url":"https:\/\/news.canadamotorjobs.com\/","name":"CanadaMotorJobs.com","description":"Automotive Jobs","publisher":{"@id":"https:\/\/news.canadamotorjobs.com\/#organization"},"potentialAction":[{"@type":"SearchAction","target":{"@type":"EntryPoint","urlTemplate":"https:\/\/news.canadamotorjobs.com\/?s={search_term_string}"},"query-input":"required name=search_term_string"}],"inLanguage":"fr-CA"},{"@type":"Organization","@id":"https:\/\/news.canadamotorjobs.com\/#organization","name":"Canada Motor Jobs","url":"https:\/\/news.canadamotorjobs.com\/","logo":{"@type":"ImageObject","inLanguage":"fr-CA","@id":"https:\/\/news.canadamotorjobs.com\/#\/schema\/logo\/image\/","url":"https:\/\/news.canadamotorjobs.com\/wp-content\/uploads\/2022\/10\/logo-canada-motor-jobs-1.png","contentUrl":"https:\/\/news.canadamotorjobs.com\/wp-content\/uploads\/2022\/10\/logo-canada-motor-jobs-1.png","width":800,"height":400,"caption":"Canada Motor Jobs"},"image":{"@id":"https:\/\/news.canadamotorjobs.com\/#\/schema\/logo\/image\/"},"sameAs":["https:\/\/www.facebook.com\/canadamotorjobs\/","https:\/\/x.com\/canadamotorjobs","https:\/\/www.instagram.com\/canadamotorjobs\/","https:\/\/www.linkedin.com\/company\/canadamotorjobs"]},{"@type":"Person","@id":"https:\/\/news.canadamotorjobs.com\/#\/schema\/person\/51793d1f87d44011d7bcc2ed99269a90","name":"Benoit Charette","image":{"@type":"ImageObject","inLanguage":"fr-CA","@id":"https:\/\/news.canadamotorjobs.com\/#\/schema\/person\/image\/","url":"https:\/\/secure.gravatar.com\/avatar\/45f3d2eebcccd909668d7ce7ea7267b6?s=96&d=mm&r=g","contentUrl":"https:\/\/secure.gravatar.com\/avatar\/45f3d2eebcccd909668d7ce7ea7267b6?s=96&d=mm&r=g","caption":"Benoit Charette"},"description":"Benoit Charette \/ Propri\u00e9taire et r\u00e9dacteur en chef Benoit Charette pratique le journalisme automobile depuis bient\u00f4t 30 ans. Il a fait ses classes au c\u00f4t\u00e9 de Daniel H\u00e9raud et au Carnet de route de 1992 \u00e0 2001. Il est fondateur, copropri\u00e9taire et r\u00e9dacteur en chef de L\u2019Annuel de l\u2019automobile, qu\u2019il publie depuis 2001. Il a anim\u00e9 les \u00e9missions RPM et RPM+ sur V et les L\u00e9gendes de la route sur Historia. \u00c0 la radio depuis 1986, il reprend l\u2019antenne cette ann\u00e9e sur les ondes de Cogeco et participe pour la deuxi\u00e8me ann\u00e9e \u00e0 l\u2019\u00e9mission Passion Auto sur RDS en plus de mettre en ligne le site Web officiel de L\u2019Annuel de l\u2019automobile sur annuelauto.ca.","sameAs":["https:\/\/annuelauto.ca\/"],"url":"https:\/\/news.canadamotorjobs.com\/fr\/author\/benoit-charette\/"}]}},"_links":{"self":[{"href":"https:\/\/news.canadamotorjobs.com\/fr\/wp-json\/wp\/v2\/posts\/192421"}],"collection":[{"href":"https:\/\/news.canadamotorjobs.com\/fr\/wp-json\/wp\/v2\/posts"}],"about":[{"href":"https:\/\/news.canadamotorjobs.com\/fr\/wp-json\/wp\/v2\/types\/post"}],"author":[{"embeddable":true,"href":"https:\/\/news.canadamotorjobs.com\/fr\/wp-json\/wp\/v2\/users\/8"}],"replies":[{"embeddable":true,"href":"https:\/\/news.canadamotorjobs.com\/fr\/wp-json\/wp\/v2\/comments?post=192421"}],"version-history":[{"count":2,"href":"https:\/\/news.canadamotorjobs.com\/fr\/wp-json\/wp\/v2\/posts\/192421\/revisions"}],"predecessor-version":[{"id":192425,"href":"https:\/\/news.canadamotorjobs.com\/fr\/wp-json\/wp\/v2\/posts\/192421\/revisions\/192425"}],"wp:featuredmedia":[{"embeddable":true,"href":"https:\/\/news.canadamotorjobs.com\/fr\/wp-json\/wp\/v2\/media\/192423"}],"wp:attachment":[{"href":"https:\/\/news.canadamotorjobs.com\/fr\/wp-json\/wp\/v2\/media?parent=192421"}],"wp:term":[{"taxonomy":"category","embeddable":true,"href":"https:\/\/news.canadamotorjobs.com\/fr\/wp-json\/wp\/v2\/categories?post=192421"},{"taxonomy":"post_tag","embeddable":true,"href":"https:\/\/news.canadamotorjobs.com\/fr\/wp-json\/wp\/v2\/tags?post=192421"}],"curies":[{"name":"wp","href":"https:\/\/api.w.org\/{rel}","templated":true}]}}