{"id":192394,"date":"2025-02-05T09:47:30","date_gmt":"2025-02-05T14:47:30","guid":{"rendered":"https:\/\/news.canadamotorjobs.com\/?p=192394"},"modified":"2025-02-05T09:59:13","modified_gmt":"2025-02-05T14:59:13","slug":"nissan-se-retire-du-projet-de-fusion-avec-honda","status":"publish","type":"post","link":"https:\/\/news.canadamotorjobs.com\/fr\/nissan-se-retire-du-projet-de-fusion-avec-honda\/","title":{"rendered":"Nissan se retire du projet de fusion avec Honda"},"content":{"rendered":"<\/p>\n<p>Nissan a d\u00e9cid\u00e9 de mettre fin \u00e0 son protocole d\u2019accord avec Honda concernant une fusion sous projet commun commun, selon le journal japonais Nikkei. Cette d\u00e9cision met un terme aux discussions amorc\u00e9es entre les deux constructeurs, qui visaient une int\u00e9gration progressive avec une finalisation attendue d\u2019ici ao\u00fbt 2026.<\/p>\n<h3>Un d\u00e9saccord sur le contr\u00f4le de l\u2019entreprise fusionn\u00e9e<\/h3>\n<p>\nLes discussions ont \u00e9chou\u00e9 apr\u00e8s que Honda a propos\u00e9 d\u2019acqu\u00e9rir une participation directe dans Nissan et de transformer l\u2019entreprise en filiale du groupe Honda. Cette proposition, d\u00e9voil\u00e9e par NHK et Nikkei, n\u2019a pas \u00e9t\u00e9 accept\u00e9e par Nissan, qui souhaitait une fusion entre \u00e9gaux.<\/p>\n<p>Un autre point de blocage concernait la gestion future de l\u2019entreprise commune. Selon l\u2019accord initial, Honda aurait nomm\u00e9 la majorit\u00e9 des administrateurs, internes comme externes, ainsi que le futur PDG ou pr\u00e9sident de la holding. Nissan, qui traverse une p\u00e9riode de restructuration difficile, a refus\u00e9 ces conditions.<\/p>\n<h3>Un processus de fusion d\u00e9sormais incertain<\/h3>\n<p>\nMalgr\u00e9 l\u2019abandon du projet, les discussions entre Honda et Nissan ne sont pas totalement closes. Les deux entreprises pourraient explorer d\u2019autres formes de coop\u00e9ration, notamment dans le d\u00e9veloppement des v\u00e9hicules \u00e9lectriques.<\/p>\n<p>Nissan a indiqu\u00e9 que les n\u00e9gociations \u00e9taient toujours en cours et qu\u2019une mise \u00e0 jour serait fournie d\u2019ici la mi-f\u00e9vrier. Une porte-parole de l\u2019entreprise a pr\u00e9cis\u00e9 que l\u2019article du Nikkei ne reposait pas sur des informations officielles et qu\u2019aucune d\u00e9cision d\u00e9finitive n\u2019avait encore \u00e9t\u00e9 prise. De son c\u00f4t\u00e9, Honda a confirm\u00e9 que des discussions \u00e9taient en cours et qu\u2019une annonce officielle \u00e9tait pr\u00e9vue dans les prochaines semaines.<\/p>\n<h3>Mitsubishi attend des pr\u00e9cisions avant de s\u2019engager<\/h3>\n<p>\nLe troisi\u00e8me acteur potentiel de cette fusion, Mitsubishi, n\u2019a pas encore tranch\u00e9 sur sa participation. Son PDG, Takao Kato, a d\u00e9clar\u00e9 le 4 f\u00e9vrier que l\u2019entreprise attendait plus d\u2019informations de la part de Honda et Nissan avant de prendre une d\u00e9cision. Initialement, Mitsubishi devait annoncer sa position fin janvier, mais le manque de d\u00e9tails concrets a retard\u00e9 son choix \u00e0 mi-f\u00e9vrier.<\/p>\n<p>Si Mitsubishi d\u00e9cidait de rejoindre l\u2019alliance, la nouvelle entit\u00e9 deviendrait le troisi\u00e8me plus grand groupe automobile mondial, derri\u00e8re Toyota et le groupe Volkswagen, avec 8,01 millions de v\u00e9hicules vendus en 2024, d\u00e9passant Hyundai Motor Group.<\/p>\n<h3>Un projet ambitieux suspendu<\/h3>\n<p>\nAnnonc\u00e9e en d\u00e9cembre 2023 par les PDG Toshihiro Mibe (Honda) et Makoto Uchida (Nissan), cette fusion visait \u00e0 cr\u00e9er un \u00ab groupe de mobilit\u00e9 de classe mondiale \u00bb, g\u00e9n\u00e9rant plus de 30 000 milliards de yens (190,5 milliards de dollars) de chiffre d\u2019affaires annuel et 3 000 milliards de yens (19 milliards de dollars) de b\u00e9n\u00e9fices op\u00e9rationnels.<\/p>\n<p>Le plan initial pr\u00e9voyait une finalisation de l\u2019accord en juin 2026, suivie de la cr\u00e9ation de la holding en ao\u00fbt 2026, puis d\u2019une entr\u00e9e en bourse, sous r\u00e9serve de l\u2019approbation des actionnaires en avril 2026. Nissan et Honda auraient alors \u00e9t\u00e9 radi\u00e9s de la Bourse de Tokyo pour devenir des filiales de cette nouvelle entit\u00e9.<\/p>\n<p>Avec le retrait de Nissan, ce projet ambitieux semble d\u00e9sormais compromis. Reste \u00e0 voir si les discussions reprendront sous une autre forme ou si chaque constructeur poursuivra sa route s\u00e9par\u00e9ment.<\/p>\n<p>Avec des renseignements d&#8217;Automotive News<\/p>\n<p>Le texte <a href=\"https:\/\/annuelauto.ca\/nissan-se-retire-fusion-honda\/\">Nissan se retire du projet de fusion avec Honda<\/a> provient de <a href=\"https:\/\/annuelauto.ca\">L&#8217;annuel de l&#8217;automobile &#8211; Actualit\u00e9 automobile<\/a><\/p>\n<p><\/p>\n","protected":false},"excerpt":{"rendered":"<p>Nissan a d\u00e9cid\u00e9 de mettre fin \u00e0 son protocole d\u2019accord avec Honda concernant une fusion sous projet commun commun, selon le journal japonais Nikkei. Cette d\u00e9cision met un terme aux discussions amorc\u00e9es entre les deux constructeurs, qui visaient une int\u00e9gration progressive avec une finalisation attendue d\u2019ici ao\u00fbt 2026. Un d\u00e9saccord sur le contr\u00f4le de l\u2019entreprise [&hellip;]<\/p>\n","protected":false},"author":8,"featured_media":192396,"comment_status":"close","ping_status":"closed","sticky":false,"template":"","format":"standard","meta":{"_monsterinsights_skip_tracking":false,"_monsterinsights_sitenote_active":false,"_monsterinsights_sitenote_note":"","_monsterinsights_sitenote_category":0,"footnotes":""},"categories":[101],"tags":[],"yoast_head":"<!-- This site is optimized with the Yoast SEO plugin v23.2 - https:\/\/yoast.com\/wordpress\/plugins\/seo\/ -->\n<title>Nissan se retire du projet de fusion avec Honda - CanadaMotorJobs.com<\/title>\n<meta name=\"description\" content=\"Nissan se retire du projet de fusion avec Honda - Benoit Charette - Annuel automobile - CanadaMotorJobs.com.\" \/>\n<meta name=\"robots\" content=\"index, follow, max-snippet:-1, max-image-preview:large, max-video-preview:-1\" \/>\n<meta property=\"og:locale\" content=\"fr_CA\" \/>\n<meta property=\"og:type\" content=\"article\" \/>\n<meta property=\"og:title\" content=\"Nissan se retire du projet de fusion avec Honda - CanadaMotorJobs.com\" \/>\n<meta property=\"og:description\" content=\"Nissan se retire du projet de fusion avec Honda - Benoit Charette - Annuel automobile - CanadaMotorJobs.com.\" \/>\n<meta property=\"og:url\" content=\"https:\/\/news.canadamotorjobs.com\/fr\/nissan-se-retire-du-projet-de-fusion-avec-honda\/\" \/>\n<meta property=\"og:site_name\" content=\"CanadaMotorJobs.com\" \/>\n<meta property=\"article:publisher\" content=\"https:\/\/www.facebook.com\/canadamotorjobs\/\" \/>\n<meta property=\"article:published_time\" content=\"2025-02-05T14:47:30+00:00\" \/>\n<meta property=\"article:modified_time\" content=\"2025-02-05T14:59:13+00:00\" \/>\n<meta property=\"og:image\" content=\"https:\/\/news.canadamotorjobs.com\/wp-content\/uploads\/2025\/02\/nissan-and-honda.jpg\" \/>\n\t<meta property=\"og:image:width\" content=\"1920\" \/>\n\t<meta property=\"og:image:height\" content=\"1080\" \/>\n\t<meta property=\"og:image:type\" content=\"image\/jpeg\" \/>\n<meta name=\"author\" content=\"Benoit Charette\" \/>\n<meta name=\"twitter:card\" content=\"summary_large_image\" \/>\n<meta name=\"twitter:creator\" content=\"@canadamotorjobs\" \/>\n<meta name=\"twitter:site\" content=\"@canadamotorjobs\" \/>\n<meta name=\"twitter:label1\" content=\"\u00c9crit par\" \/>\n\t<meta name=\"twitter:data1\" content=\"Benoit Charette\" \/>\n\t<meta name=\"twitter:label2\" content=\"Estimation du temps de lecture\" \/>\n\t<meta name=\"twitter:data2\" content=\"3 minutes\" \/>\n<!-- \/ Yoast SEO plugin. -->","yoast_head_json":{"title":"Nissan se retire du projet de fusion avec Honda - CanadaMotorJobs.com","description":"Nissan se retire du projet de fusion avec Honda - Benoit Charette - Annuel automobile - CanadaMotorJobs.com.","robots":{"index":"index","follow":"follow","max-snippet":"max-snippet:-1","max-image-preview":"max-image-preview:large","max-video-preview":"max-video-preview:-1"},"og_locale":"fr_CA","og_type":"article","og_title":"Nissan se retire du projet de fusion avec Honda - CanadaMotorJobs.com","og_description":"Nissan se retire du projet de fusion avec Honda - Benoit Charette - Annuel automobile - CanadaMotorJobs.com.","og_url":"https:\/\/news.canadamotorjobs.com\/fr\/nissan-se-retire-du-projet-de-fusion-avec-honda\/","og_site_name":"CanadaMotorJobs.com","article_publisher":"https:\/\/www.facebook.com\/canadamotorjobs\/","article_published_time":"2025-02-05T14:47:30+00:00","article_modified_time":"2025-02-05T14:59:13+00:00","og_image":[{"width":1920,"height":1080,"url":"https:\/\/news.canadamotorjobs.com\/wp-content\/uploads\/2025\/02\/nissan-and-honda.jpg","type":"image\/jpeg"}],"author":"Benoit Charette","twitter_card":"summary_large_image","twitter_creator":"@canadamotorjobs","twitter_site":"@canadamotorjobs","twitter_misc":{"\u00c9crit par":"Benoit Charette","Estimation du temps de lecture":"3 minutes"},"schema":{"@context":"https:\/\/schema.org","@graph":[{"@type":"Article","@id":"https:\/\/news.canadamotorjobs.com\/fr\/nissan-se-retire-du-projet-de-fusion-avec-honda\/#article","isPartOf":{"@id":"https:\/\/news.canadamotorjobs.com\/fr\/nissan-se-retire-du-projet-de-fusion-avec-honda\/"},"author":{"name":"Benoit Charette","@id":"https:\/\/news.canadamotorjobs.com\/#\/schema\/person\/51793d1f87d44011d7bcc2ed99269a90"},"headline":"Nissan se retire du projet de fusion avec Honda","datePublished":"2025-02-05T14:47:30+00:00","dateModified":"2025-02-05T14:59:13+00:00","mainEntityOfPage":{"@id":"https:\/\/news.canadamotorjobs.com\/fr\/nissan-se-retire-du-projet-de-fusion-avec-honda\/"},"wordCount":594,"publisher":{"@id":"https:\/\/news.canadamotorjobs.com\/#organization"},"image":{"@id":"https:\/\/news.canadamotorjobs.com\/fr\/nissan-se-retire-du-projet-de-fusion-avec-honda\/#primaryimage"},"thumbnailUrl":"https:\/\/news.canadamotorjobs.com\/wp-content\/uploads\/2025\/02\/nissan-and-honda.jpg","articleSection":["Annuel automobile"],"inLanguage":"fr-CA"},{"@type":"WebPage","@id":"https:\/\/news.canadamotorjobs.com\/fr\/nissan-se-retire-du-projet-de-fusion-avec-honda\/","url":"https:\/\/news.canadamotorjobs.com\/fr\/nissan-se-retire-du-projet-de-fusion-avec-honda\/","name":"Nissan se retire du projet de fusion avec Honda - CanadaMotorJobs.com","isPartOf":{"@id":"https:\/\/news.canadamotorjobs.com\/#website"},"primaryImageOfPage":{"@id":"https:\/\/news.canadamotorjobs.com\/fr\/nissan-se-retire-du-projet-de-fusion-avec-honda\/#primaryimage"},"image":{"@id":"https:\/\/news.canadamotorjobs.com\/fr\/nissan-se-retire-du-projet-de-fusion-avec-honda\/#primaryimage"},"thumbnailUrl":"https:\/\/news.canadamotorjobs.com\/wp-content\/uploads\/2025\/02\/nissan-and-honda.jpg","datePublished":"2025-02-05T14:47:30+00:00","dateModified":"2025-02-05T14:59:13+00:00","description":"Nissan se retire du projet de fusion avec Honda - Benoit Charette - Annuel automobile - CanadaMotorJobs.com.","breadcrumb":{"@id":"https:\/\/news.canadamotorjobs.com\/fr\/nissan-se-retire-du-projet-de-fusion-avec-honda\/#breadcrumb"},"inLanguage":"fr-CA","potentialAction":[{"@type":"ReadAction","target":["https:\/\/news.canadamotorjobs.com\/fr\/nissan-se-retire-du-projet-de-fusion-avec-honda\/"]}]},{"@type":"ImageObject","inLanguage":"fr-CA","@id":"https:\/\/news.canadamotorjobs.com\/fr\/nissan-se-retire-du-projet-de-fusion-avec-honda\/#primaryimage","url":"https:\/\/news.canadamotorjobs.com\/wp-content\/uploads\/2025\/02\/nissan-and-honda.jpg","contentUrl":"https:\/\/news.canadamotorjobs.com\/wp-content\/uploads\/2025\/02\/nissan-and-honda.jpg","width":1920,"height":1080},{"@type":"BreadcrumbList","@id":"https:\/\/news.canadamotorjobs.com\/fr\/nissan-se-retire-du-projet-de-fusion-avec-honda\/#breadcrumb","itemListElement":[{"@type":"ListItem","position":1,"name":"Home","item":"https:\/\/news.canadamotorjobs.com\/fr\/blog\/"},{"@type":"ListItem","position":2,"name":"Nissan se retire du projet de fusion avec Honda"}]},{"@type":"WebSite","@id":"https:\/\/news.canadamotorjobs.com\/#website","url":"https:\/\/news.canadamotorjobs.com\/","name":"CanadaMotorJobs.com","description":"Automotive Jobs","publisher":{"@id":"https:\/\/news.canadamotorjobs.com\/#organization"},"potentialAction":[{"@type":"SearchAction","target":{"@type":"EntryPoint","urlTemplate":"https:\/\/news.canadamotorjobs.com\/?s={search_term_string}"},"query-input":"required name=search_term_string"}],"inLanguage":"fr-CA"},{"@type":"Organization","@id":"https:\/\/news.canadamotorjobs.com\/#organization","name":"Canada Motor Jobs","url":"https:\/\/news.canadamotorjobs.com\/","logo":{"@type":"ImageObject","inLanguage":"fr-CA","@id":"https:\/\/news.canadamotorjobs.com\/#\/schema\/logo\/image\/","url":"https:\/\/news.canadamotorjobs.com\/wp-content\/uploads\/2022\/10\/logo-canada-motor-jobs-1.png","contentUrl":"https:\/\/news.canadamotorjobs.com\/wp-content\/uploads\/2022\/10\/logo-canada-motor-jobs-1.png","width":800,"height":400,"caption":"Canada Motor Jobs"},"image":{"@id":"https:\/\/news.canadamotorjobs.com\/#\/schema\/logo\/image\/"},"sameAs":["https:\/\/www.facebook.com\/canadamotorjobs\/","https:\/\/x.com\/canadamotorjobs","https:\/\/www.instagram.com\/canadamotorjobs\/","https:\/\/www.linkedin.com\/company\/canadamotorjobs"]},{"@type":"Person","@id":"https:\/\/news.canadamotorjobs.com\/#\/schema\/person\/51793d1f87d44011d7bcc2ed99269a90","name":"Benoit Charette","image":{"@type":"ImageObject","inLanguage":"fr-CA","@id":"https:\/\/news.canadamotorjobs.com\/#\/schema\/person\/image\/","url":"https:\/\/secure.gravatar.com\/avatar\/45f3d2eebcccd909668d7ce7ea7267b6?s=96&d=mm&r=g","contentUrl":"https:\/\/secure.gravatar.com\/avatar\/45f3d2eebcccd909668d7ce7ea7267b6?s=96&d=mm&r=g","caption":"Benoit Charette"},"description":"Benoit Charette \/ Propri\u00e9taire et r\u00e9dacteur en chef Benoit Charette pratique le journalisme automobile depuis bient\u00f4t 30 ans. Il a fait ses classes au c\u00f4t\u00e9 de Daniel H\u00e9raud et au Carnet de route de 1992 \u00e0 2001. Il est fondateur, copropri\u00e9taire et r\u00e9dacteur en chef de L\u2019Annuel de l\u2019automobile, qu\u2019il publie depuis 2001. Il a anim\u00e9 les \u00e9missions RPM et RPM+ sur V et les L\u00e9gendes de la route sur Historia. \u00c0 la radio depuis 1986, il reprend l\u2019antenne cette ann\u00e9e sur les ondes de Cogeco et participe pour la deuxi\u00e8me ann\u00e9e \u00e0 l\u2019\u00e9mission Passion Auto sur RDS en plus de mettre en ligne le site Web officiel de L\u2019Annuel de l\u2019automobile sur annuelauto.ca.","sameAs":["https:\/\/annuelauto.ca\/"],"url":"https:\/\/news.canadamotorjobs.com\/fr\/author\/benoit-charette\/"}]}},"_links":{"self":[{"href":"https:\/\/news.canadamotorjobs.com\/fr\/wp-json\/wp\/v2\/posts\/192394"}],"collection":[{"href":"https:\/\/news.canadamotorjobs.com\/fr\/wp-json\/wp\/v2\/posts"}],"about":[{"href":"https:\/\/news.canadamotorjobs.com\/fr\/wp-json\/wp\/v2\/types\/post"}],"author":[{"embeddable":true,"href":"https:\/\/news.canadamotorjobs.com\/fr\/wp-json\/wp\/v2\/users\/8"}],"replies":[{"embeddable":true,"href":"https:\/\/news.canadamotorjobs.com\/fr\/wp-json\/wp\/v2\/comments?post=192394"}],"version-history":[{"count":2,"href":"https:\/\/news.canadamotorjobs.com\/fr\/wp-json\/wp\/v2\/posts\/192394\/revisions"}],"predecessor-version":[{"id":192398,"href":"https:\/\/news.canadamotorjobs.com\/fr\/wp-json\/wp\/v2\/posts\/192394\/revisions\/192398"}],"wp:featuredmedia":[{"embeddable":true,"href":"https:\/\/news.canadamotorjobs.com\/fr\/wp-json\/wp\/v2\/media\/192396"}],"wp:attachment":[{"href":"https:\/\/news.canadamotorjobs.com\/fr\/wp-json\/wp\/v2\/media?parent=192394"}],"wp:term":[{"taxonomy":"category","embeddable":true,"href":"https:\/\/news.canadamotorjobs.com\/fr\/wp-json\/wp\/v2\/categories?post=192394"},{"taxonomy":"post_tag","embeddable":true,"href":"https:\/\/news.canadamotorjobs.com\/fr\/wp-json\/wp\/v2\/tags?post=192394"}],"curies":[{"name":"wp","href":"https:\/\/api.w.org\/{rel}","templated":true}]}}