{"id":192352,"date":"2025-02-04T14:22:23","date_gmt":"2025-02-04T19:22:23","guid":{"rendered":"https:\/\/news.canadamotorjobs.com\/?p=192352"},"modified":"2025-02-04T14:29:03","modified_gmt":"2025-02-04T19:29:03","slug":"hyundai-pourrait-fabriquer-des-tuk-tuk-en-inde","status":"publish","type":"post","link":"https:\/\/news.canadamotorjobs.com\/fr\/hyundai-pourrait-fabriquer-des-tuk-tuk-en-inde\/","title":{"rendered":"Hyundai pourrait fabriquer des tuk-tuk en Inde"},"content":{"rendered":"<\/p>\n<p><a href=\"https:\/\/annuelauto.ca\/hyundai-franchit-le-cap-des-100-millions-de-vehicules-produits\/\" target=\"_blank\" rel=\"noopener\">Hyundai<\/a> Motor et TVS Motor \u00e9tudient la possibilit\u00e9 d\u2019investir le cr\u00e9neau de la micro-mobilit\u00e9 en Inde dans le cadre d\u2019un partenariat. Cette annonce a \u00e9t\u00e9 faite dans le cadre du Bharat Mobility Global Expo, un salon de l\u2019auto et de la moto qui se tenait \u00e0 New\u00a0Delhi, du 17 au 22 janvier derniers.<\/p>\n<p>TVS Motor est une multinationale indienne qui fabrique des motos et des tuk-tuk. Troisi\u00e8me constructeur du genre en Inde, cette entreprise a son si\u00e8ge social \u00e0 Chennai, m\u00e9tropole autrefois appel\u00e9e Madras qui se trouve dans l\u2019\u00c9tat du Tamil\u00a0Nadu, au sud du pays.<\/p>\n<p>Durant la conf\u00e9rence de presse o\u00f9 cette annonce a \u00e9t\u00e9 faite, le vice-pr\u00e9sident ex\u00e9cutif et directeur de Hyundai-Genesis Global Design chez <a href=\"https:\/\/annuelauto.ca\/hyundai-santa-fe-hybrid-nhl-edition-une-exclusivite-canadienne\/\" target=\"_blank\" rel=\"noopener\">Hyundai<\/a> Motor, SangYup Lee, a d\u00e9clar\u00e9 que Hyundai Motor \u00e9tudie la possibilit\u00e9 de concevoir ce type de mini v\u00e9hicule qui sont adapt\u00e9s \u00e0 l&#8217;environnement routier de l\u2019Inde. Le constructeur affirme vouloir r\u00e9inventer l&#8217;embl\u00e9matique \u2018\u2018tuk-tuk\u2019\u2019 \u00e0 trois roues pour am\u00e9liorer l\u2019exp\u00e9rience de mobilit\u00e9.<\/p>\n<p>\u00ab\u00a0En collaborant avec TVS\u00a0Motor, nous visons \u00e0 produire localement le v\u00e9hicule \u00e0 trois-roues tout en explorant les opportunit\u00e9s mondiales pour un v\u00e9hicule \u00e0 quatre roues\u00a0\u00bb, a-t-il ajout\u00e9.<\/p>\n<h3><strong>Deux concepts d\u00e9voil\u00e9s \u00e0 Delhi<\/strong><\/h3>\n<p>\nCe projet para\u00eet d\u2019ailleurs plus avanc\u00e9 qu\u2019on ne le dit, puisque deux v\u00e9hicules-concepts \u00e9lectriques r\u00e9alis\u00e9s par Hyundai ont \u00e9t\u00e9 d\u00e9voil\u00e9s lors de cette conf\u00e9rence de presse\u00a0: l\u2019E3W \u00e0 trois roues et l\u2019E4W, une variante \u00e0 quatre roues qui n\u2019est pas plus grosse qu\u2019une Tata Nano.<\/p>\n<p>Dans ce projet, dont l\u2019accord final reste \u00e0 ent\u00e9riner, Hyundai fournirait des services de conception et d\u2019ing\u00e9nierie, de m\u00eame que de la technologie, alors que TVS serait responsable de la fabrication et de la commercialisation, en plus de participer au d\u00e9veloppement des v\u00e9hicules.<\/p>\n<p>Le communiqu\u00e9 nous apprend \u00e9galement que le tuk-tuk \u00e9lectrique pr\u00e9sent\u00e9 \u00e0 ce salon pourrait servir non seulement au transport de personnes, mais aussi pour le transport de marchandises et m\u00eame comme v\u00e9hicule d&#8217;intervention rapide pour les services d&#8217;urgence.<\/p>\n<p>En outre, le prototype montr\u00e9 \u00e0 Delhi dispose d\u2019un si\u00e8ge escamotable permettant \u00e0 des personnes en fauteuil roulant de monter \u00e0 bord. Ses dimensions sont adapt\u00e9es aux rues \u00e9troites et sa garde au sol r\u00e9glable lui permettrait de circuler m\u00eame par fortes pluies durant la mousson.<\/p>\n<p>Hyundai \u00e9tudie \u00e9galement l&#8217;utilisation d&#8217;une peinture noire brillante r\u00e9duisant la chaleur issue du pavillon pour diminuer la conductivit\u00e9 thermique dans l\u2019habitacle, ainsi que l&#8217;utilisation de mat\u00e9riaux r\u00e9sistants \u00e0 l&#8217;eau pour les surfaces int\u00e9rieures. \u00ab\u00a0Ces efforts soulignent l&#8217;importance accord\u00e9e par Hyundai au d\u00e9veloppement de v\u00e9hicules adapt\u00e9s aux temp\u00e9ratures \u00e9lev\u00e9es et aux fortes pluies qui pr\u00e9valent en Inde\u00a0\u00bb, affirme le constructeur.<\/p>\n<p><em>Photos : Hyundai<\/em><\/p>\n<p>Le texte <a href=\"https:\/\/annuelauto.ca\/hyundai-pourrait-fabriquer-des-tuk-tuk-en-inde\/\">Hyundai pourrait fabriquer des tuk-tuk en Inde<\/a> provient de <a href=\"https:\/\/annuelauto.ca\">L&#8217;annuel de l&#8217;automobile &#8211; Actualit\u00e9 automobile<\/a><\/p>\n<p><\/p>\n","protected":false},"excerpt":{"rendered":"<p>Hyundai Motor et TVS Motor \u00e9tudient la possibilit\u00e9 d\u2019investir le cr\u00e9neau de la micro-mobilit\u00e9 en Inde dans le cadre d\u2019un partenariat. Cette annonce a \u00e9t\u00e9 faite dans le cadre du Bharat Mobility Global Expo, un salon de l\u2019auto et de la moto qui se tenait \u00e0 New\u00a0Delhi, du 17 au 22 janvier derniers. TVS Motor [&hellip;]<\/p>\n","protected":false},"author":8,"featured_media":192354,"comment_status":"close","ping_status":"closed","sticky":false,"template":"","format":"standard","meta":{"_monsterinsights_skip_tracking":false,"_monsterinsights_sitenote_active":false,"_monsterinsights_sitenote_note":"","_monsterinsights_sitenote_category":0,"footnotes":""},"categories":[101],"tags":[],"yoast_head":"<!-- This site is optimized with the Yoast SEO plugin v23.2 - https:\/\/yoast.com\/wordpress\/plugins\/seo\/ -->\n<title>Hyundai pourrait fabriquer des tuk-tuk en Inde - CanadaMotorJobs.com<\/title>\n<meta name=\"description\" content=\"Hyundai pourrait fabriquer des tuk-tuk en Inde - Benoit Charette - Annuel automobile - CanadaMotorJobs.com.\" \/>\n<meta name=\"robots\" content=\"index, follow, max-snippet:-1, max-image-preview:large, max-video-preview:-1\" \/>\n<meta property=\"og:locale\" content=\"fr_CA\" \/>\n<meta property=\"og:type\" content=\"article\" \/>\n<meta property=\"og:title\" content=\"Hyundai pourrait fabriquer des tuk-tuk en Inde - CanadaMotorJobs.com\" \/>\n<meta property=\"og:description\" content=\"Hyundai pourrait fabriquer des tuk-tuk en Inde - Benoit Charette - Annuel automobile - CanadaMotorJobs.com.\" \/>\n<meta property=\"og:url\" content=\"https:\/\/news.canadamotorjobs.com\/fr\/hyundai-pourrait-fabriquer-des-tuk-tuk-en-inde\/\" \/>\n<meta property=\"og:site_name\" content=\"CanadaMotorJobs.com\" \/>\n<meta property=\"article:publisher\" content=\"https:\/\/www.facebook.com\/canadamotorjobs\/\" \/>\n<meta property=\"article:published_time\" content=\"2025-02-04T19:22:23+00:00\" \/>\n<meta property=\"article:modified_time\" content=\"2025-02-04T19:29:03+00:00\" \/>\n<meta property=\"og:image\" content=\"https:\/\/news.canadamotorjobs.com\/wp-content\/uploads\/2025\/02\/Hyundai-TVS-E3W-et-E4W-concepts-2025-1.jpg\" \/>\n\t<meta property=\"og:image:width\" content=\"1024\" \/>\n\t<meta property=\"og:image:height\" content=\"683\" \/>\n\t<meta property=\"og:image:type\" content=\"image\/jpeg\" \/>\n<meta name=\"author\" content=\"Benoit Charette\" \/>\n<meta name=\"twitter:card\" content=\"summary_large_image\" \/>\n<meta name=\"twitter:creator\" content=\"@canadamotorjobs\" \/>\n<meta name=\"twitter:site\" content=\"@canadamotorjobs\" \/>\n<meta name=\"twitter:label1\" content=\"\u00c9crit par\" \/>\n\t<meta name=\"twitter:data1\" content=\"Benoit Charette\" \/>\n\t<meta name=\"twitter:label2\" content=\"Estimation du temps de lecture\" \/>\n\t<meta name=\"twitter:data2\" content=\"2 minutes\" \/>\n<!-- \/ Yoast SEO plugin. -->","yoast_head_json":{"title":"Hyundai pourrait fabriquer des tuk-tuk en Inde - CanadaMotorJobs.com","description":"Hyundai pourrait fabriquer des tuk-tuk en Inde - Benoit Charette - Annuel automobile - CanadaMotorJobs.com.","robots":{"index":"index","follow":"follow","max-snippet":"max-snippet:-1","max-image-preview":"max-image-preview:large","max-video-preview":"max-video-preview:-1"},"og_locale":"fr_CA","og_type":"article","og_title":"Hyundai pourrait fabriquer des tuk-tuk en Inde - CanadaMotorJobs.com","og_description":"Hyundai pourrait fabriquer des tuk-tuk en Inde - Benoit Charette - Annuel automobile - CanadaMotorJobs.com.","og_url":"https:\/\/news.canadamotorjobs.com\/fr\/hyundai-pourrait-fabriquer-des-tuk-tuk-en-inde\/","og_site_name":"CanadaMotorJobs.com","article_publisher":"https:\/\/www.facebook.com\/canadamotorjobs\/","article_published_time":"2025-02-04T19:22:23+00:00","article_modified_time":"2025-02-04T19:29:03+00:00","og_image":[{"width":1024,"height":683,"url":"https:\/\/news.canadamotorjobs.com\/wp-content\/uploads\/2025\/02\/Hyundai-TVS-E3W-et-E4W-concepts-2025-1.jpg","type":"image\/jpeg"}],"author":"Benoit Charette","twitter_card":"summary_large_image","twitter_creator":"@canadamotorjobs","twitter_site":"@canadamotorjobs","twitter_misc":{"\u00c9crit par":"Benoit Charette","Estimation du temps de lecture":"2 minutes"},"schema":{"@context":"https:\/\/schema.org","@graph":[{"@type":"Article","@id":"https:\/\/news.canadamotorjobs.com\/fr\/hyundai-pourrait-fabriquer-des-tuk-tuk-en-inde\/#article","isPartOf":{"@id":"https:\/\/news.canadamotorjobs.com\/fr\/hyundai-pourrait-fabriquer-des-tuk-tuk-en-inde\/"},"author":{"name":"Benoit Charette","@id":"https:\/\/news.canadamotorjobs.com\/#\/schema\/person\/51793d1f87d44011d7bcc2ed99269a90"},"headline":"Hyundai pourrait fabriquer des tuk-tuk en Inde","datePublished":"2025-02-04T19:22:23+00:00","dateModified":"2025-02-04T19:29:03+00:00","mainEntityOfPage":{"@id":"https:\/\/news.canadamotorjobs.com\/fr\/hyundai-pourrait-fabriquer-des-tuk-tuk-en-inde\/"},"wordCount":511,"publisher":{"@id":"https:\/\/news.canadamotorjobs.com\/#organization"},"image":{"@id":"https:\/\/news.canadamotorjobs.com\/fr\/hyundai-pourrait-fabriquer-des-tuk-tuk-en-inde\/#primaryimage"},"thumbnailUrl":"https:\/\/news.canadamotorjobs.com\/wp-content\/uploads\/2025\/02\/Hyundai-TVS-E3W-et-E4W-concepts-2025-1.jpg","articleSection":["Annuel automobile"],"inLanguage":"fr-CA"},{"@type":"WebPage","@id":"https:\/\/news.canadamotorjobs.com\/fr\/hyundai-pourrait-fabriquer-des-tuk-tuk-en-inde\/","url":"https:\/\/news.canadamotorjobs.com\/fr\/hyundai-pourrait-fabriquer-des-tuk-tuk-en-inde\/","name":"Hyundai pourrait fabriquer des tuk-tuk en Inde - CanadaMotorJobs.com","isPartOf":{"@id":"https:\/\/news.canadamotorjobs.com\/#website"},"primaryImageOfPage":{"@id":"https:\/\/news.canadamotorjobs.com\/fr\/hyundai-pourrait-fabriquer-des-tuk-tuk-en-inde\/#primaryimage"},"image":{"@id":"https:\/\/news.canadamotorjobs.com\/fr\/hyundai-pourrait-fabriquer-des-tuk-tuk-en-inde\/#primaryimage"},"thumbnailUrl":"https:\/\/news.canadamotorjobs.com\/wp-content\/uploads\/2025\/02\/Hyundai-TVS-E3W-et-E4W-concepts-2025-1.jpg","datePublished":"2025-02-04T19:22:23+00:00","dateModified":"2025-02-04T19:29:03+00:00","description":"Hyundai pourrait fabriquer des tuk-tuk en Inde - Benoit Charette - Annuel automobile - CanadaMotorJobs.com.","breadcrumb":{"@id":"https:\/\/news.canadamotorjobs.com\/fr\/hyundai-pourrait-fabriquer-des-tuk-tuk-en-inde\/#breadcrumb"},"inLanguage":"fr-CA","potentialAction":[{"@type":"ReadAction","target":["https:\/\/news.canadamotorjobs.com\/fr\/hyundai-pourrait-fabriquer-des-tuk-tuk-en-inde\/"]}]},{"@type":"ImageObject","inLanguage":"fr-CA","@id":"https:\/\/news.canadamotorjobs.com\/fr\/hyundai-pourrait-fabriquer-des-tuk-tuk-en-inde\/#primaryimage","url":"https:\/\/news.canadamotorjobs.com\/wp-content\/uploads\/2025\/02\/Hyundai-TVS-E3W-et-E4W-concepts-2025-1.jpg","contentUrl":"https:\/\/news.canadamotorjobs.com\/wp-content\/uploads\/2025\/02\/Hyundai-TVS-E3W-et-E4W-concepts-2025-1.jpg","width":1024,"height":683},{"@type":"BreadcrumbList","@id":"https:\/\/news.canadamotorjobs.com\/fr\/hyundai-pourrait-fabriquer-des-tuk-tuk-en-inde\/#breadcrumb","itemListElement":[{"@type":"ListItem","position":1,"name":"Home","item":"https:\/\/news.canadamotorjobs.com\/fr\/blog\/"},{"@type":"ListItem","position":2,"name":"Hyundai pourrait fabriquer des tuk-tuk en Inde"}]},{"@type":"WebSite","@id":"https:\/\/news.canadamotorjobs.com\/#website","url":"https:\/\/news.canadamotorjobs.com\/","name":"CanadaMotorJobs.com","description":"Automotive Jobs","publisher":{"@id":"https:\/\/news.canadamotorjobs.com\/#organization"},"potentialAction":[{"@type":"SearchAction","target":{"@type":"EntryPoint","urlTemplate":"https:\/\/news.canadamotorjobs.com\/?s={search_term_string}"},"query-input":"required name=search_term_string"}],"inLanguage":"fr-CA"},{"@type":"Organization","@id":"https:\/\/news.canadamotorjobs.com\/#organization","name":"Canada Motor Jobs","url":"https:\/\/news.canadamotorjobs.com\/","logo":{"@type":"ImageObject","inLanguage":"fr-CA","@id":"https:\/\/news.canadamotorjobs.com\/#\/schema\/logo\/image\/","url":"https:\/\/news.canadamotorjobs.com\/wp-content\/uploads\/2022\/10\/logo-canada-motor-jobs-1.png","contentUrl":"https:\/\/news.canadamotorjobs.com\/wp-content\/uploads\/2022\/10\/logo-canada-motor-jobs-1.png","width":800,"height":400,"caption":"Canada Motor Jobs"},"image":{"@id":"https:\/\/news.canadamotorjobs.com\/#\/schema\/logo\/image\/"},"sameAs":["https:\/\/www.facebook.com\/canadamotorjobs\/","https:\/\/x.com\/canadamotorjobs","https:\/\/www.instagram.com\/canadamotorjobs\/","https:\/\/www.linkedin.com\/company\/canadamotorjobs"]},{"@type":"Person","@id":"https:\/\/news.canadamotorjobs.com\/#\/schema\/person\/51793d1f87d44011d7bcc2ed99269a90","name":"Benoit Charette","image":{"@type":"ImageObject","inLanguage":"fr-CA","@id":"https:\/\/news.canadamotorjobs.com\/#\/schema\/person\/image\/","url":"https:\/\/secure.gravatar.com\/avatar\/45f3d2eebcccd909668d7ce7ea7267b6?s=96&d=mm&r=g","contentUrl":"https:\/\/secure.gravatar.com\/avatar\/45f3d2eebcccd909668d7ce7ea7267b6?s=96&d=mm&r=g","caption":"Benoit Charette"},"description":"Benoit Charette \/ Propri\u00e9taire et r\u00e9dacteur en chef Benoit Charette pratique le journalisme automobile depuis bient\u00f4t 30 ans. Il a fait ses classes au c\u00f4t\u00e9 de Daniel H\u00e9raud et au Carnet de route de 1992 \u00e0 2001. Il est fondateur, copropri\u00e9taire et r\u00e9dacteur en chef de L\u2019Annuel de l\u2019automobile, qu\u2019il publie depuis 2001. Il a anim\u00e9 les \u00e9missions RPM et RPM+ sur V et les L\u00e9gendes de la route sur Historia. \u00c0 la radio depuis 1986, il reprend l\u2019antenne cette ann\u00e9e sur les ondes de Cogeco et participe pour la deuxi\u00e8me ann\u00e9e \u00e0 l\u2019\u00e9mission Passion Auto sur RDS en plus de mettre en ligne le site Web officiel de L\u2019Annuel de l\u2019automobile sur annuelauto.ca.","sameAs":["https:\/\/annuelauto.ca\/"],"url":"https:\/\/news.canadamotorjobs.com\/fr\/author\/benoit-charette\/"}]}},"_links":{"self":[{"href":"https:\/\/news.canadamotorjobs.com\/fr\/wp-json\/wp\/v2\/posts\/192352"}],"collection":[{"href":"https:\/\/news.canadamotorjobs.com\/fr\/wp-json\/wp\/v2\/posts"}],"about":[{"href":"https:\/\/news.canadamotorjobs.com\/fr\/wp-json\/wp\/v2\/types\/post"}],"author":[{"embeddable":true,"href":"https:\/\/news.canadamotorjobs.com\/fr\/wp-json\/wp\/v2\/users\/8"}],"replies":[{"embeddable":true,"href":"https:\/\/news.canadamotorjobs.com\/fr\/wp-json\/wp\/v2\/comments?post=192352"}],"version-history":[{"count":2,"href":"https:\/\/news.canadamotorjobs.com\/fr\/wp-json\/wp\/v2\/posts\/192352\/revisions"}],"predecessor-version":[{"id":192356,"href":"https:\/\/news.canadamotorjobs.com\/fr\/wp-json\/wp\/v2\/posts\/192352\/revisions\/192356"}],"wp:featuredmedia":[{"embeddable":true,"href":"https:\/\/news.canadamotorjobs.com\/fr\/wp-json\/wp\/v2\/media\/192354"}],"wp:attachment":[{"href":"https:\/\/news.canadamotorjobs.com\/fr\/wp-json\/wp\/v2\/media?parent=192352"}],"wp:term":[{"taxonomy":"category","embeddable":true,"href":"https:\/\/news.canadamotorjobs.com\/fr\/wp-json\/wp\/v2\/categories?post=192352"},{"taxonomy":"post_tag","embeddable":true,"href":"https:\/\/news.canadamotorjobs.com\/fr\/wp-json\/wp\/v2\/tags?post=192352"}],"curies":[{"name":"wp","href":"https:\/\/api.w.org\/{rel}","templated":true}]}}