{"id":192304,"date":"2025-02-04T05:44:51","date_gmt":"2025-02-04T10:44:51","guid":{"rendered":"https:\/\/news.canadamotorjobs.com\/?p=192304"},"modified":"2025-02-04T05:45:59","modified_gmt":"2025-02-04T10:45:59","slug":"trump-suspend-les-tarifs-douaniers-sur-le-canada-et-le-mexique-pour-un-mois","status":"publish","type":"post","link":"https:\/\/news.canadamotorjobs.com\/fr\/trump-suspend-les-tarifs-douaniers-sur-le-canada-et-le-mexique-pour-un-mois\/","title":{"rendered":"Trump suspend les tarifs douaniers sur le Canada et le Mexique pour un mois"},"content":{"rendered":"<\/p>\n<p>Le pr\u00e9sident am\u00e9ricain Donald Trump a annonc\u00e9, le 3 f\u00e9vrier, avoir conclu des accords avec le Mexique et le Canada visant \u00e0 suspendre, pour un mois, l\u2019application des tarifs douaniers am\u00e9ricains. En \u00e9change, les deux pays s\u2019engagent \u00e0 renforcer la s\u00e9curit\u00e9 aux fronti\u00e8res. Ces discussions s\u2019inscrivent dans un effort de coop\u00e9ration visant \u00e0 pr\u00e9venir la r\u00e9imposition de ces tarifs dans le futur.<\/p>\n<h3><strong>10 000 soldats mexicains \u00e0 la fronti\u00e8re<\/strong><\/h3>\n<p>\nL\u2019accord avec le Mexique a \u00e9t\u00e9 le premier \u00e0 \u00eatre annonc\u00e9, alors que les tarifs devaient entrer en vigueur d\u00e8s le 4 f\u00e9vrier.<\/p>\n<p>\u00ab Je viens de parler avec la pr\u00e9sidente Claudia Sheinbaum du Mexique. Ce fut une conversation tr\u00e8s amicale au cours de laquelle elle a accept\u00e9 de d\u00e9ployer imm\u00e9diatement 10 000 soldats mexicains \u00e0 la fronti\u00e8re s\u00e9parant le Mexique des \u00c9tats-Unis \u00bb, a d\u00e9clar\u00e9 Trump sur son r\u00e9seau social Truth Social.<\/p>\n<p>Selon Trump, ces troupes auront pour mission sp\u00e9cifique d\u2019endiguer le flux de fentanyl et d\u2019immigrants ill\u00e9gaux. En contrepartie, la Maison-Blanche suspendra l\u2019application d\u2019une taxe de 25 % sur l\u2019ensemble des marchandises mexicaines pour une dur\u00e9e d\u2019un mois.<\/p>\n<h3><strong>Le Canada investit 1,3 milliard pour renforcer la fronti\u00e8re<\/strong><\/h3>\n<p>\nQuelques heures plus tard, le premier ministre canadien Justin Trudeau a annonc\u00e9 une entente similaire avec Washington.<\/p>\n<p>\u00ab Je viens d\u2019avoir un bon appel avec le pr\u00e9sident Trump \u00bb, a d\u00e9clar\u00e9 Trudeau sur la plateforme X. \u00ab Le Canada met en \u0153uvre son plan frontalier de 1,3 milliard de dollars : renforcement de la fronti\u00e8re avec de nouveaux h\u00e9licopt\u00e8res, technologies avanc\u00e9es et personnel suppl\u00e9mentaire. Nous augmentons \u00e9galement nos ressources pour lutter contre le flux de fentanyl. Pr\u00e8s de 10 000 agents de premi\u00e8re ligne seront mobilis\u00e9s pour prot\u00e9ger la fronti\u00e8re. \u00bb<\/p>\n<p>Selon Trudeau, cette initiative permet de suspendre les tarifs douaniers envisag\u00e9s par Washington pendant au moins 30 jours, le temps que les deux pays finalisent leurs n\u00e9gociations.<\/p>\n<h3><strong>Une coop\u00e9ration entre Washington et Mexico<\/strong><\/h3>\n<p>\nDu c\u00f4t\u00e9 mexicain, Trump a pr\u00e9cis\u00e9 que les n\u00e9gociations futures seront men\u00e9es par les secr\u00e9taires d\u2019\u00c9tat, du Tr\u00e9sor et du Commerce des \u00c9tats-Unis.<\/p>\n<p>Toutefois, si Trump a insist\u00e9 sur l\u2019utilisation des troupes mexicaines pour freiner l\u2019immigration clandestine, Sheinbaum a, dans sa communication officielle, mis l\u2019accent uniquement sur la lutte contre le trafic de stup\u00e9fiants, notamment le fentanyl.<\/p>\n<p>\u00ab Nous avons eu une bonne conversation avec le pr\u00e9sident Trump dans un esprit de respect mutuel et de souverainet\u00e9 \u00bb, a d\u00e9clar\u00e9 Sheinbaum dans un message publi\u00e9 le 3 f\u00e9vrier sur X.<\/p>\n<p>Elle a confirm\u00e9 le d\u00e9ploiement imm\u00e9diat de 10 000 membres de la Garde nationale mexicaine pour renforcer la fronti\u00e8re nord et pr\u00e9venir le trafic de drogues vers les \u00c9tats-Unis. En contrepartie, Washington s\u2019est engag\u00e9 \u00e0 lutter contre la contrebande d\u2019armes \u00e0 feu vers le Mexique.<\/p>\n<p>\u00ab Nos \u00e9quipes commenceront \u00e0 travailler d\u00e8s aujourd\u2019hui sur deux fronts : la s\u00e9curit\u00e9 et le commerce \u00bb, a conclu Sheinbaum.<\/p>\n<p>Le texte <a rel=\"nofollow\" href=\"https:\/\/annuelauto.ca\/trump-suspend-tarifs-canada-mexique-frontieres\/\">Trump suspend les tarifs douaniers sur le Canada et le Mexique pour un mois<\/a> provient de <a rel=\"nofollow\" href=\"https:\/\/annuelauto.ca\">L&#8217;annuel de l&#8217;automobile &#8211; Actualit\u00e9 automobile<\/a><\/p>\n<p><\/p>\n","protected":false},"excerpt":{"rendered":"<p>Le pr\u00e9sident am\u00e9ricain Donald Trump a annonc\u00e9, le 3 f\u00e9vrier, avoir conclu des accords avec le Mexique et le Canada visant \u00e0 suspendre, pour un mois, l\u2019application des tarifs douaniers am\u00e9ricains. En \u00e9change, les deux pays s\u2019engagent \u00e0 renforcer la s\u00e9curit\u00e9 aux fronti\u00e8res. Ces discussions s\u2019inscrivent dans un effort de coop\u00e9ration visant \u00e0 pr\u00e9venir la [&hellip;]<\/p>\n","protected":false},"author":8,"featured_media":192306,"comment_status":"close","ping_status":"closed","sticky":false,"template":"","format":"standard","meta":{"_monsterinsights_skip_tracking":false,"_monsterinsights_sitenote_active":false,"_monsterinsights_sitenote_note":"","_monsterinsights_sitenote_category":0,"footnotes":""},"categories":[101],"tags":[],"yoast_head":"<!-- This site is optimized with the Yoast SEO plugin v23.2 - https:\/\/yoast.com\/wordpress\/plugins\/seo\/ -->\n<title>Trump suspend les tarifs douaniers sur le Canada et le Mexique pour un mois - CanadaMotorJobs.com<\/title>\n<meta name=\"description\" content=\"Trump suspend les tarifs douaniers sur le Canada et le Mexique pour un mois - Benoit Charette - Annuel automobile - CanadaMotorJobs.com.\" \/>\n<meta name=\"robots\" content=\"index, follow, max-snippet:-1, max-image-preview:large, max-video-preview:-1\" \/>\n<meta property=\"og:locale\" content=\"fr_CA\" \/>\n<meta property=\"og:type\" content=\"article\" \/>\n<meta property=\"og:title\" content=\"Trump suspend les tarifs douaniers sur le Canada et le Mexique pour un mois - CanadaMotorJobs.com\" \/>\n<meta property=\"og:description\" content=\"Trump suspend les tarifs douaniers sur le Canada et le Mexique pour un mois - Benoit Charette - Annuel automobile - CanadaMotorJobs.com.\" \/>\n<meta property=\"og:url\" content=\"https:\/\/news.canadamotorjobs.com\/fr\/trump-suspend-les-tarifs-douaniers-sur-le-canada-et-le-mexique-pour-un-mois\/\" \/>\n<meta property=\"og:site_name\" content=\"CanadaMotorJobs.com\" \/>\n<meta property=\"article:publisher\" content=\"https:\/\/www.facebook.com\/canadamotorjobs\/\" \/>\n<meta property=\"article:published_time\" content=\"2025-02-04T10:44:51+00:00\" \/>\n<meta property=\"article:modified_time\" content=\"2025-02-04T10:45:59+00:00\" \/>\n<meta property=\"og:image\" content=\"https:\/\/news.canadamotorjobs.com\/wp-content\/uploads\/2025\/02\/canada-usa-border-adj.jpg\" \/>\n\t<meta property=\"og:image:width\" content=\"800\" \/>\n\t<meta property=\"og:image:height\" content=\"533\" \/>\n\t<meta property=\"og:image:type\" content=\"image\/jpeg\" \/>\n<meta name=\"author\" content=\"Benoit Charette\" \/>\n<meta name=\"twitter:card\" content=\"summary_large_image\" \/>\n<meta name=\"twitter:creator\" content=\"@canadamotorjobs\" \/>\n<meta name=\"twitter:site\" content=\"@canadamotorjobs\" \/>\n<meta name=\"twitter:label1\" content=\"\u00c9crit par\" \/>\n\t<meta name=\"twitter:data1\" content=\"Benoit Charette\" \/>\n\t<meta name=\"twitter:label2\" content=\"Estimation du temps de lecture\" \/>\n\t<meta name=\"twitter:data2\" content=\"3 minutes\" \/>\n<!-- \/ Yoast SEO plugin. -->","yoast_head_json":{"title":"Trump suspend les tarifs douaniers sur le Canada et le Mexique pour un mois - CanadaMotorJobs.com","description":"Trump suspend les tarifs douaniers sur le Canada et le Mexique pour un mois - Benoit Charette - Annuel automobile - CanadaMotorJobs.com.","robots":{"index":"index","follow":"follow","max-snippet":"max-snippet:-1","max-image-preview":"max-image-preview:large","max-video-preview":"max-video-preview:-1"},"og_locale":"fr_CA","og_type":"article","og_title":"Trump suspend les tarifs douaniers sur le Canada et le Mexique pour un mois - CanadaMotorJobs.com","og_description":"Trump suspend les tarifs douaniers sur le Canada et le Mexique pour un mois - Benoit Charette - Annuel automobile - CanadaMotorJobs.com.","og_url":"https:\/\/news.canadamotorjobs.com\/fr\/trump-suspend-les-tarifs-douaniers-sur-le-canada-et-le-mexique-pour-un-mois\/","og_site_name":"CanadaMotorJobs.com","article_publisher":"https:\/\/www.facebook.com\/canadamotorjobs\/","article_published_time":"2025-02-04T10:44:51+00:00","article_modified_time":"2025-02-04T10:45:59+00:00","og_image":[{"width":800,"height":533,"url":"https:\/\/news.canadamotorjobs.com\/wp-content\/uploads\/2025\/02\/canada-usa-border-adj.jpg","type":"image\/jpeg"}],"author":"Benoit Charette","twitter_card":"summary_large_image","twitter_creator":"@canadamotorjobs","twitter_site":"@canadamotorjobs","twitter_misc":{"\u00c9crit par":"Benoit Charette","Estimation du temps de lecture":"3 minutes"},"schema":{"@context":"https:\/\/schema.org","@graph":[{"@type":"Article","@id":"https:\/\/news.canadamotorjobs.com\/fr\/trump-suspend-les-tarifs-douaniers-sur-le-canada-et-le-mexique-pour-un-mois\/#article","isPartOf":{"@id":"https:\/\/news.canadamotorjobs.com\/fr\/trump-suspend-les-tarifs-douaniers-sur-le-canada-et-le-mexique-pour-un-mois\/"},"author":{"name":"Benoit Charette","@id":"https:\/\/news.canadamotorjobs.com\/#\/schema\/person\/51793d1f87d44011d7bcc2ed99269a90"},"headline":"Trump suspend les tarifs douaniers sur le Canada et le Mexique pour un mois","datePublished":"2025-02-04T10:44:51+00:00","dateModified":"2025-02-04T10:45:59+00:00","mainEntityOfPage":{"@id":"https:\/\/news.canadamotorjobs.com\/fr\/trump-suspend-les-tarifs-douaniers-sur-le-canada-et-le-mexique-pour-un-mois\/"},"wordCount":544,"publisher":{"@id":"https:\/\/news.canadamotorjobs.com\/#organization"},"image":{"@id":"https:\/\/news.canadamotorjobs.com\/fr\/trump-suspend-les-tarifs-douaniers-sur-le-canada-et-le-mexique-pour-un-mois\/#primaryimage"},"thumbnailUrl":"https:\/\/news.canadamotorjobs.com\/wp-content\/uploads\/2025\/02\/canada-usa-border-adj.jpg","articleSection":["Annuel automobile"],"inLanguage":"fr-CA"},{"@type":"WebPage","@id":"https:\/\/news.canadamotorjobs.com\/fr\/trump-suspend-les-tarifs-douaniers-sur-le-canada-et-le-mexique-pour-un-mois\/","url":"https:\/\/news.canadamotorjobs.com\/fr\/trump-suspend-les-tarifs-douaniers-sur-le-canada-et-le-mexique-pour-un-mois\/","name":"Trump suspend les tarifs douaniers sur le Canada et le Mexique pour un mois - CanadaMotorJobs.com","isPartOf":{"@id":"https:\/\/news.canadamotorjobs.com\/#website"},"primaryImageOfPage":{"@id":"https:\/\/news.canadamotorjobs.com\/fr\/trump-suspend-les-tarifs-douaniers-sur-le-canada-et-le-mexique-pour-un-mois\/#primaryimage"},"image":{"@id":"https:\/\/news.canadamotorjobs.com\/fr\/trump-suspend-les-tarifs-douaniers-sur-le-canada-et-le-mexique-pour-un-mois\/#primaryimage"},"thumbnailUrl":"https:\/\/news.canadamotorjobs.com\/wp-content\/uploads\/2025\/02\/canada-usa-border-adj.jpg","datePublished":"2025-02-04T10:44:51+00:00","dateModified":"2025-02-04T10:45:59+00:00","description":"Trump suspend les tarifs douaniers sur le Canada et le Mexique pour un mois - Benoit Charette - Annuel automobile - CanadaMotorJobs.com.","breadcrumb":{"@id":"https:\/\/news.canadamotorjobs.com\/fr\/trump-suspend-les-tarifs-douaniers-sur-le-canada-et-le-mexique-pour-un-mois\/#breadcrumb"},"inLanguage":"fr-CA","potentialAction":[{"@type":"ReadAction","target":["https:\/\/news.canadamotorjobs.com\/fr\/trump-suspend-les-tarifs-douaniers-sur-le-canada-et-le-mexique-pour-un-mois\/"]}]},{"@type":"ImageObject","inLanguage":"fr-CA","@id":"https:\/\/news.canadamotorjobs.com\/fr\/trump-suspend-les-tarifs-douaniers-sur-le-canada-et-le-mexique-pour-un-mois\/#primaryimage","url":"https:\/\/news.canadamotorjobs.com\/wp-content\/uploads\/2025\/02\/canada-usa-border-adj.jpg","contentUrl":"https:\/\/news.canadamotorjobs.com\/wp-content\/uploads\/2025\/02\/canada-usa-border-adj.jpg","width":800,"height":533},{"@type":"BreadcrumbList","@id":"https:\/\/news.canadamotorjobs.com\/fr\/trump-suspend-les-tarifs-douaniers-sur-le-canada-et-le-mexique-pour-un-mois\/#breadcrumb","itemListElement":[{"@type":"ListItem","position":1,"name":"Home","item":"https:\/\/news.canadamotorjobs.com\/fr\/blog\/"},{"@type":"ListItem","position":2,"name":"Trump suspend les tarifs douaniers sur le Canada et le Mexique pour un mois"}]},{"@type":"WebSite","@id":"https:\/\/news.canadamotorjobs.com\/#website","url":"https:\/\/news.canadamotorjobs.com\/","name":"CanadaMotorJobs.com","description":"Automotive Jobs","publisher":{"@id":"https:\/\/news.canadamotorjobs.com\/#organization"},"potentialAction":[{"@type":"SearchAction","target":{"@type":"EntryPoint","urlTemplate":"https:\/\/news.canadamotorjobs.com\/?s={search_term_string}"},"query-input":"required name=search_term_string"}],"inLanguage":"fr-CA"},{"@type":"Organization","@id":"https:\/\/news.canadamotorjobs.com\/#organization","name":"Canada Motor Jobs","url":"https:\/\/news.canadamotorjobs.com\/","logo":{"@type":"ImageObject","inLanguage":"fr-CA","@id":"https:\/\/news.canadamotorjobs.com\/#\/schema\/logo\/image\/","url":"https:\/\/news.canadamotorjobs.com\/wp-content\/uploads\/2022\/10\/logo-canada-motor-jobs-1.png","contentUrl":"https:\/\/news.canadamotorjobs.com\/wp-content\/uploads\/2022\/10\/logo-canada-motor-jobs-1.png","width":800,"height":400,"caption":"Canada Motor Jobs"},"image":{"@id":"https:\/\/news.canadamotorjobs.com\/#\/schema\/logo\/image\/"},"sameAs":["https:\/\/www.facebook.com\/canadamotorjobs\/","https:\/\/x.com\/canadamotorjobs","https:\/\/www.instagram.com\/canadamotorjobs\/","https:\/\/www.linkedin.com\/company\/canadamotorjobs"]},{"@type":"Person","@id":"https:\/\/news.canadamotorjobs.com\/#\/schema\/person\/51793d1f87d44011d7bcc2ed99269a90","name":"Benoit Charette","image":{"@type":"ImageObject","inLanguage":"fr-CA","@id":"https:\/\/news.canadamotorjobs.com\/#\/schema\/person\/image\/","url":"https:\/\/secure.gravatar.com\/avatar\/45f3d2eebcccd909668d7ce7ea7267b6?s=96&d=mm&r=g","contentUrl":"https:\/\/secure.gravatar.com\/avatar\/45f3d2eebcccd909668d7ce7ea7267b6?s=96&d=mm&r=g","caption":"Benoit Charette"},"description":"Benoit Charette \/ Propri\u00e9taire et r\u00e9dacteur en chef Benoit Charette pratique le journalisme automobile depuis bient\u00f4t 30 ans. Il a fait ses classes au c\u00f4t\u00e9 de Daniel H\u00e9raud et au Carnet de route de 1992 \u00e0 2001. Il est fondateur, copropri\u00e9taire et r\u00e9dacteur en chef de L\u2019Annuel de l\u2019automobile, qu\u2019il publie depuis 2001. Il a anim\u00e9 les \u00e9missions RPM et RPM+ sur V et les L\u00e9gendes de la route sur Historia. \u00c0 la radio depuis 1986, il reprend l\u2019antenne cette ann\u00e9e sur les ondes de Cogeco et participe pour la deuxi\u00e8me ann\u00e9e \u00e0 l\u2019\u00e9mission Passion Auto sur RDS en plus de mettre en ligne le site Web officiel de L\u2019Annuel de l\u2019automobile sur annuelauto.ca.","sameAs":["https:\/\/annuelauto.ca\/"],"url":"https:\/\/news.canadamotorjobs.com\/fr\/author\/benoit-charette\/"}]}},"_links":{"self":[{"href":"https:\/\/news.canadamotorjobs.com\/fr\/wp-json\/wp\/v2\/posts\/192304"}],"collection":[{"href":"https:\/\/news.canadamotorjobs.com\/fr\/wp-json\/wp\/v2\/posts"}],"about":[{"href":"https:\/\/news.canadamotorjobs.com\/fr\/wp-json\/wp\/v2\/types\/post"}],"author":[{"embeddable":true,"href":"https:\/\/news.canadamotorjobs.com\/fr\/wp-json\/wp\/v2\/users\/8"}],"replies":[{"embeddable":true,"href":"https:\/\/news.canadamotorjobs.com\/fr\/wp-json\/wp\/v2\/comments?post=192304"}],"version-history":[{"count":2,"href":"https:\/\/news.canadamotorjobs.com\/fr\/wp-json\/wp\/v2\/posts\/192304\/revisions"}],"predecessor-version":[{"id":192308,"href":"https:\/\/news.canadamotorjobs.com\/fr\/wp-json\/wp\/v2\/posts\/192304\/revisions\/192308"}],"wp:featuredmedia":[{"embeddable":true,"href":"https:\/\/news.canadamotorjobs.com\/fr\/wp-json\/wp\/v2\/media\/192306"}],"wp:attachment":[{"href":"https:\/\/news.canadamotorjobs.com\/fr\/wp-json\/wp\/v2\/media?parent=192304"}],"wp:term":[{"taxonomy":"category","embeddable":true,"href":"https:\/\/news.canadamotorjobs.com\/fr\/wp-json\/wp\/v2\/categories?post=192304"},{"taxonomy":"post_tag","embeddable":true,"href":"https:\/\/news.canadamotorjobs.com\/fr\/wp-json\/wp\/v2\/tags?post=192304"}],"curies":[{"name":"wp","href":"https:\/\/api.w.org\/{rel}","templated":true}]}}