{"id":192276,"date":"2025-02-04T02:24:25","date_gmt":"2025-02-04T07:24:25","guid":{"rendered":"https:\/\/news.canadamotorjobs.com\/?p=192276"},"modified":"2025-02-04T02:30:07","modified_gmt":"2025-02-04T07:30:07","slug":"aston-martin-revoit-ses-ambitions-electriques","status":"publish","type":"post","link":"https:\/\/news.canadamotorjobs.com\/fr\/aston-martin-revoit-ses-ambitions-electriques\/","title":{"rendered":"Aston Martin revoit ses ambitions \u00e9lectriques"},"content":{"rendered":"<\/p>\n<p>Cinq mois apr\u00e8s son entr\u00e9e en poste comme grand patron d\u2019Aston Martin, Adrian Hallmark a d\u00e9taill\u00e9 les nouvelles orientations de la marque. Le r\u00e9sultat ? Un ralentissement de l\u2019\u00e9lectrification, le maintien des moteurs thermiques aussi longtemps que possible et l\u2019abandon de la renaissance de la marque Lagonda. Voici ce qu\u2019il faut retenir.<\/p>\n<p><strong>Un virage plus lent vers l\u2019\u00e9lectrique<\/strong><\/p>\n<p>Si Aston Martin pr\u00e9voit toujours de lancer son premier mod\u00e8le 100 % \u00e9lectrique d\u2019ici cinq ans, l\u2019entreprise a r\u00e9duit son programme de v\u00e9hicules \u00e9lectriques (VE). Apr\u00e8s 2030, d\u2019autres mod\u00e8les pourraient voir le jour, mais la marque privil\u00e9gie une approche progressive plut\u00f4t qu\u2019un passage brutal au tout \u00e9lectrique.<\/p>\n<p>Adrian Hallmark estime que 85 % des ventes d\u2019Aston Martin en 2030 seront encore constitu\u00e9es de mod\u00e8les \u00e0 moteur thermique ou hybride rechargeable. L\u2019objectif est de limiter le risque commercial li\u00e9 \u00e0 l\u2019abandon des moteurs \u00e0 combustion, qui font partie de l\u2019ADN de la marque britannique.<\/p>\n<p><strong>Partenariats maintenus avec Lucid et Mercedes-Benz<\/strong><\/p>\n<p>Le premier VE d\u2019Aston Martin b\u00e9n\u00e9ficiera du partenariat avec Lucid, annonc\u00e9 en 2023. La marque utilisera ainsi les batteries, les groupes motopropulseurs et les syst\u00e8mes de gestion d\u00e9velopp\u00e9s par le constructeur am\u00e9ricain.<\/p>\n<p>Par ailleurs, Aston Martin continuera de s\u2019approvisionner en moteurs thermiques chez Mercedes-Benz, mais d\u00e9veloppera en interne son syst\u00e8me hybride rechargeable, afin de mieux ma\u00eetriser l\u2019architecture et la taille des batteries.<\/p>\n<p><strong>Les moteurs V8 et V12 resteront en production aussi longtemps que possible<\/strong><\/p>\n<p>Adrian Hallmark a confirm\u00e9 que les moteurs V8 et V12 resteront en production aussi longtemps que la r\u00e9glementation le permettra. Le V12 pourrait survivre jusqu\u2019en 2030, mais \u00e0 plus faible volume, tandis que le V8 devrait \u00eatre propos\u00e9 jusqu\u2019en 2035.<\/p>\n<p>Les r\u00e9glementations europ\u00e9ennes visant \u00e0 interdire la vente de voitures thermiques neuves en 2035 compliqueront cette ambition, mais Aston Martin pourrait exploiter des exemptions pour les v\u00e9hicules de niche et produire quelques centaines d\u2019unit\u00e9s par ann\u00e9e.<\/p>\n<p>Concernant les carburants synth\u00e9tiques (e-fuels), Hallmark reconna\u00eet leur potentiel, mais doute qu\u2019ils puissent \u00eatre produits en quantit\u00e9 suffisante pour remplacer totalement les carburants fossiles.<\/p>\n<p><\/p>\n<figure><img decoding=\"async\" src=\"https:\/\/news.canadamotorjobs.com\/wp-content\/uploads\/2025\/02\/aston_martin_dbx707_2024-5.jpeg\" alt=\"L&#039;Aston Martin DBX 2024\" \/><figcaption>L&#8217;Aston Martin DBX 2024 | Auto123.com<\/figcaption><\/figure>\n<p><strong>Le DBX reste l\u2019unique VUS d\u2019Aston Martin<\/strong><\/p>\n<p>Malgr\u00e9 la popularit\u00e9 croissante des VUS, Aston Martin n\u2019a pas l\u2019intention d\u2019en produire un deuxi\u00e8me. Le DBX, lanc\u00e9 en 2021 et r\u00e9cemment mis \u00e0 jour pour 2025, restera le seul utilitaire de la gamme. L\u2019entreprise pr\u00e9f\u00e8re perfectionner son mod\u00e8le existant plut\u00f4t que d\u2019explorer des segments plus robustes ou compacts.<\/p>\n<p>Adrian Hallmark a \u00e9galement \u00e9cart\u00e9 l\u2019id\u00e9e d\u2019un rival du Mercedes Classe G ou d\u2019un VUS plus petit. L\u2019orientation reste r\u00e9solument ax\u00e9e sur les voitures de sport et de luxe.<\/p>\n<p><strong>Aucun retour de la marque Lagonda<\/strong><\/p>\n<p>Le projet de relancer la marque Lagonda est d\u00e9finitivement enterr\u00e9. Malgr\u00e9 des rumeurs persistantes, Hallmark a confirm\u00e9 que g\u00e9rer une seule marque est d\u00e9j\u00e0 suffisamment complexe. La marque pourrait \u00e9ventuellement ressurgir sous une forme plus exclusive et limit\u00e9e, mais elle ne deviendra pas une entit\u00e9 \u00e0 part enti\u00e8re.<\/p>\n<p><strong>Plus de mod\u00e8les d\u00e9riv\u00e9s et de personnalisation<\/strong><\/p>\n<p>L\u2019un des axes de d\u00e9veloppement d\u2019Aston Martin est l\u2019expansion de sa gamme via des \u00e9ditions sp\u00e9ciales et des variantes in\u00e9dites. \u00c0 l\u2019instar de Porsche et de sa 911, chaque mod\u00e8le aura droit \u00e0 plusieurs d\u00e9clinaisons pour s\u00e9duire diff\u00e9rents types de clients.<\/p>\n<p>Adrian Hallmark envisage aussi d\u2019introduire plus d\u2019options de personnalisation, via le programme Q by Aston Martin. L\u2019objectif est d\u2019offrir des mat\u00e9riaux exclusifs, des finitions uniques et des \u00e9quipements premium comme des jantes en fibre de carbone ou des \u00e9chappements en titane.<\/p>\n<p><strong>Une \u00e9volution mesur\u00e9e<\/strong><\/p>\n<p>Aston Martin adopte une approche prudente face aux mutations du march\u00e9 automobile. L\u2019\u00e9lectrification est toujours au programme, mais \u00e0 un rythme plus mod\u00e9r\u00e9. Pendant ce temps, la marque capitalise sur son h\u00e9ritage avec ses moteurs thermiques et hybrides, tout en am\u00e9liorant sa personnalisation et en d\u00e9veloppant des variantes plus exclusives de ses mod\u00e8les phares.<\/p>\n<p><\/p>\n<p style=\"padding-top: 15px\">Contenu original de <a href=\"https:\/\/www.auto123.com\/fr\/actualites\/aston-martin-revoit-strategie-electrification\/72357\/\">auto123<\/a>.<\/p>\n<p>Le texte <a rel=\"nofollow\" href=\"https:\/\/annuelauto.ca\/aston-martin-revoit-ses-ambitions-electriques\/\">Aston Martin revoit ses ambitions \u00e9lectriques<\/a> provient de <a rel=\"nofollow\" href=\"https:\/\/annuelauto.ca\">L&#8217;annuel de l&#8217;automobile &#8211; Actualit\u00e9 automobile<\/a><\/p>\n<p><\/p>\n","protected":false},"excerpt":{"rendered":"<p>Cinq mois apr\u00e8s son entr\u00e9e en poste comme grand patron d\u2019Aston Martin, Adrian Hallmark a d\u00e9taill\u00e9 les nouvelles orientations de la marque. Le r\u00e9sultat ? Un ralentissement de l\u2019\u00e9lectrification, le maintien des moteurs thermiques aussi longtemps que possible et l\u2019abandon de la renaissance de la marque Lagonda. Voici ce qu\u2019il faut retenir. Un virage plus [&hellip;]<\/p>\n","protected":false},"author":8,"featured_media":192278,"comment_status":"close","ping_status":"closed","sticky":false,"template":"","format":"standard","meta":{"_monsterinsights_skip_tracking":false,"_monsterinsights_sitenote_active":false,"_monsterinsights_sitenote_note":"","_monsterinsights_sitenote_category":0,"footnotes":""},"categories":[101],"tags":[],"yoast_head":"<!-- This site is optimized with the Yoast SEO plugin v23.2 - https:\/\/yoast.com\/wordpress\/plugins\/seo\/ -->\n<title>Aston Martin revoit ses ambitions \u00e9lectriques - CanadaMotorJobs.com<\/title>\n<meta name=\"description\" content=\"Aston Martin revoit ses ambitions \u00e9lectriques - Benoit Charette - Annuel automobile - CanadaMotorJobs.com.\" \/>\n<meta name=\"robots\" content=\"index, follow, max-snippet:-1, max-image-preview:large, max-video-preview:-1\" \/>\n<meta property=\"og:locale\" content=\"fr_CA\" \/>\n<meta property=\"og:type\" content=\"article\" \/>\n<meta property=\"og:title\" content=\"Aston Martin revoit ses ambitions \u00e9lectriques - CanadaMotorJobs.com\" \/>\n<meta property=\"og:description\" content=\"Aston Martin revoit ses ambitions \u00e9lectriques - Benoit Charette - Annuel automobile - CanadaMotorJobs.com.\" \/>\n<meta property=\"og:url\" content=\"https:\/\/news.canadamotorjobs.com\/fr\/aston-martin-revoit-ses-ambitions-electriques\/\" \/>\n<meta property=\"og:site_name\" content=\"CanadaMotorJobs.com\" \/>\n<meta property=\"article:publisher\" content=\"https:\/\/www.facebook.com\/canadamotorjobs\/\" \/>\n<meta property=\"article:published_time\" content=\"2025-02-04T07:24:25+00:00\" \/>\n<meta property=\"article:modified_time\" content=\"2025-02-04T07:30:07+00:00\" \/>\n<meta property=\"og:image\" content=\"https:\/\/news.canadamotorjobs.com\/wp-content\/uploads\/2025\/02\/aston_martin_dbx707_2024.jpeg\" \/>\n\t<meta property=\"og:image:width\" content=\"1200\" \/>\n\t<meta property=\"og:image:height\" content=\"800\" \/>\n\t<meta property=\"og:image:type\" content=\"image\/jpeg\" \/>\n<meta name=\"author\" content=\"Benoit Charette\" \/>\n<meta name=\"twitter:card\" content=\"summary_large_image\" \/>\n<meta name=\"twitter:creator\" content=\"@canadamotorjobs\" \/>\n<meta name=\"twitter:site\" content=\"@canadamotorjobs\" \/>\n<meta name=\"twitter:label1\" content=\"\u00c9crit par\" \/>\n\t<meta name=\"twitter:data1\" content=\"Benoit Charette\" \/>\n\t<meta name=\"twitter:label2\" content=\"Estimation du temps de lecture\" \/>\n\t<meta name=\"twitter:data2\" content=\"4 minutes\" \/>\n<!-- \/ Yoast SEO plugin. -->","yoast_head_json":{"title":"Aston Martin revoit ses ambitions \u00e9lectriques - CanadaMotorJobs.com","description":"Aston Martin revoit ses ambitions \u00e9lectriques - Benoit Charette - Annuel automobile - CanadaMotorJobs.com.","robots":{"index":"index","follow":"follow","max-snippet":"max-snippet:-1","max-image-preview":"max-image-preview:large","max-video-preview":"max-video-preview:-1"},"og_locale":"fr_CA","og_type":"article","og_title":"Aston Martin revoit ses ambitions \u00e9lectriques - CanadaMotorJobs.com","og_description":"Aston Martin revoit ses ambitions \u00e9lectriques - Benoit Charette - Annuel automobile - CanadaMotorJobs.com.","og_url":"https:\/\/news.canadamotorjobs.com\/fr\/aston-martin-revoit-ses-ambitions-electriques\/","og_site_name":"CanadaMotorJobs.com","article_publisher":"https:\/\/www.facebook.com\/canadamotorjobs\/","article_published_time":"2025-02-04T07:24:25+00:00","article_modified_time":"2025-02-04T07:30:07+00:00","og_image":[{"width":1200,"height":800,"url":"https:\/\/news.canadamotorjobs.com\/wp-content\/uploads\/2025\/02\/aston_martin_dbx707_2024.jpeg","type":"image\/jpeg"}],"author":"Benoit Charette","twitter_card":"summary_large_image","twitter_creator":"@canadamotorjobs","twitter_site":"@canadamotorjobs","twitter_misc":{"\u00c9crit par":"Benoit Charette","Estimation du temps de lecture":"4 minutes"},"schema":{"@context":"https:\/\/schema.org","@graph":[{"@type":"Article","@id":"https:\/\/news.canadamotorjobs.com\/fr\/aston-martin-revoit-ses-ambitions-electriques\/#article","isPartOf":{"@id":"https:\/\/news.canadamotorjobs.com\/fr\/aston-martin-revoit-ses-ambitions-electriques\/"},"author":{"name":"Benoit Charette","@id":"https:\/\/news.canadamotorjobs.com\/#\/schema\/person\/51793d1f87d44011d7bcc2ed99269a90"},"headline":"Aston Martin revoit ses ambitions \u00e9lectriques","datePublished":"2025-02-04T07:24:25+00:00","dateModified":"2025-02-04T07:30:07+00:00","mainEntityOfPage":{"@id":"https:\/\/news.canadamotorjobs.com\/fr\/aston-martin-revoit-ses-ambitions-electriques\/"},"wordCount":728,"publisher":{"@id":"https:\/\/news.canadamotorjobs.com\/#organization"},"image":{"@id":"https:\/\/news.canadamotorjobs.com\/fr\/aston-martin-revoit-ses-ambitions-electriques\/#primaryimage"},"thumbnailUrl":"https:\/\/news.canadamotorjobs.com\/wp-content\/uploads\/2025\/02\/aston_martin_dbx707_2024.jpeg","articleSection":["Annuel automobile"],"inLanguage":"fr-CA"},{"@type":"WebPage","@id":"https:\/\/news.canadamotorjobs.com\/fr\/aston-martin-revoit-ses-ambitions-electriques\/","url":"https:\/\/news.canadamotorjobs.com\/fr\/aston-martin-revoit-ses-ambitions-electriques\/","name":"Aston Martin revoit ses ambitions \u00e9lectriques - CanadaMotorJobs.com","isPartOf":{"@id":"https:\/\/news.canadamotorjobs.com\/#website"},"primaryImageOfPage":{"@id":"https:\/\/news.canadamotorjobs.com\/fr\/aston-martin-revoit-ses-ambitions-electriques\/#primaryimage"},"image":{"@id":"https:\/\/news.canadamotorjobs.com\/fr\/aston-martin-revoit-ses-ambitions-electriques\/#primaryimage"},"thumbnailUrl":"https:\/\/news.canadamotorjobs.com\/wp-content\/uploads\/2025\/02\/aston_martin_dbx707_2024.jpeg","datePublished":"2025-02-04T07:24:25+00:00","dateModified":"2025-02-04T07:30:07+00:00","description":"Aston Martin revoit ses ambitions \u00e9lectriques - Benoit Charette - Annuel automobile - CanadaMotorJobs.com.","breadcrumb":{"@id":"https:\/\/news.canadamotorjobs.com\/fr\/aston-martin-revoit-ses-ambitions-electriques\/#breadcrumb"},"inLanguage":"fr-CA","potentialAction":[{"@type":"ReadAction","target":["https:\/\/news.canadamotorjobs.com\/fr\/aston-martin-revoit-ses-ambitions-electriques\/"]}]},{"@type":"ImageObject","inLanguage":"fr-CA","@id":"https:\/\/news.canadamotorjobs.com\/fr\/aston-martin-revoit-ses-ambitions-electriques\/#primaryimage","url":"https:\/\/news.canadamotorjobs.com\/wp-content\/uploads\/2025\/02\/aston_martin_dbx707_2024.jpeg","contentUrl":"https:\/\/news.canadamotorjobs.com\/wp-content\/uploads\/2025\/02\/aston_martin_dbx707_2024.jpeg","width":1200,"height":800},{"@type":"BreadcrumbList","@id":"https:\/\/news.canadamotorjobs.com\/fr\/aston-martin-revoit-ses-ambitions-electriques\/#breadcrumb","itemListElement":[{"@type":"ListItem","position":1,"name":"Home","item":"https:\/\/news.canadamotorjobs.com\/fr\/blog\/"},{"@type":"ListItem","position":2,"name":"Aston Martin revoit ses ambitions \u00e9lectriques"}]},{"@type":"WebSite","@id":"https:\/\/news.canadamotorjobs.com\/#website","url":"https:\/\/news.canadamotorjobs.com\/","name":"CanadaMotorJobs.com","description":"Automotive Jobs","publisher":{"@id":"https:\/\/news.canadamotorjobs.com\/#organization"},"potentialAction":[{"@type":"SearchAction","target":{"@type":"EntryPoint","urlTemplate":"https:\/\/news.canadamotorjobs.com\/?s={search_term_string}"},"query-input":"required name=search_term_string"}],"inLanguage":"fr-CA"},{"@type":"Organization","@id":"https:\/\/news.canadamotorjobs.com\/#organization","name":"Canada Motor Jobs","url":"https:\/\/news.canadamotorjobs.com\/","logo":{"@type":"ImageObject","inLanguage":"fr-CA","@id":"https:\/\/news.canadamotorjobs.com\/#\/schema\/logo\/image\/","url":"https:\/\/news.canadamotorjobs.com\/wp-content\/uploads\/2022\/10\/logo-canada-motor-jobs-1.png","contentUrl":"https:\/\/news.canadamotorjobs.com\/wp-content\/uploads\/2022\/10\/logo-canada-motor-jobs-1.png","width":800,"height":400,"caption":"Canada Motor Jobs"},"image":{"@id":"https:\/\/news.canadamotorjobs.com\/#\/schema\/logo\/image\/"},"sameAs":["https:\/\/www.facebook.com\/canadamotorjobs\/","https:\/\/x.com\/canadamotorjobs","https:\/\/www.instagram.com\/canadamotorjobs\/","https:\/\/www.linkedin.com\/company\/canadamotorjobs"]},{"@type":"Person","@id":"https:\/\/news.canadamotorjobs.com\/#\/schema\/person\/51793d1f87d44011d7bcc2ed99269a90","name":"Benoit Charette","image":{"@type":"ImageObject","inLanguage":"fr-CA","@id":"https:\/\/news.canadamotorjobs.com\/#\/schema\/person\/image\/","url":"https:\/\/secure.gravatar.com\/avatar\/45f3d2eebcccd909668d7ce7ea7267b6?s=96&d=mm&r=g","contentUrl":"https:\/\/secure.gravatar.com\/avatar\/45f3d2eebcccd909668d7ce7ea7267b6?s=96&d=mm&r=g","caption":"Benoit Charette"},"description":"Benoit Charette \/ Propri\u00e9taire et r\u00e9dacteur en chef Benoit Charette pratique le journalisme automobile depuis bient\u00f4t 30 ans. Il a fait ses classes au c\u00f4t\u00e9 de Daniel H\u00e9raud et au Carnet de route de 1992 \u00e0 2001. Il est fondateur, copropri\u00e9taire et r\u00e9dacteur en chef de L\u2019Annuel de l\u2019automobile, qu\u2019il publie depuis 2001. Il a anim\u00e9 les \u00e9missions RPM et RPM+ sur V et les L\u00e9gendes de la route sur Historia. \u00c0 la radio depuis 1986, il reprend l\u2019antenne cette ann\u00e9e sur les ondes de Cogeco et participe pour la deuxi\u00e8me ann\u00e9e \u00e0 l\u2019\u00e9mission Passion Auto sur RDS en plus de mettre en ligne le site Web officiel de L\u2019Annuel de l\u2019automobile sur annuelauto.ca.","sameAs":["https:\/\/annuelauto.ca\/"],"url":"https:\/\/news.canadamotorjobs.com\/fr\/author\/benoit-charette\/"}]}},"_links":{"self":[{"href":"https:\/\/news.canadamotorjobs.com\/fr\/wp-json\/wp\/v2\/posts\/192276"}],"collection":[{"href":"https:\/\/news.canadamotorjobs.com\/fr\/wp-json\/wp\/v2\/posts"}],"about":[{"href":"https:\/\/news.canadamotorjobs.com\/fr\/wp-json\/wp\/v2\/types\/post"}],"author":[{"embeddable":true,"href":"https:\/\/news.canadamotorjobs.com\/fr\/wp-json\/wp\/v2\/users\/8"}],"replies":[{"embeddable":true,"href":"https:\/\/news.canadamotorjobs.com\/fr\/wp-json\/wp\/v2\/comments?post=192276"}],"version-history":[{"count":3,"href":"https:\/\/news.canadamotorjobs.com\/fr\/wp-json\/wp\/v2\/posts\/192276\/revisions"}],"predecessor-version":[{"id":192303,"href":"https:\/\/news.canadamotorjobs.com\/fr\/wp-json\/wp\/v2\/posts\/192276\/revisions\/192303"}],"wp:featuredmedia":[{"embeddable":true,"href":"https:\/\/news.canadamotorjobs.com\/fr\/wp-json\/wp\/v2\/media\/192278"}],"wp:attachment":[{"href":"https:\/\/news.canadamotorjobs.com\/fr\/wp-json\/wp\/v2\/media?parent=192276"}],"wp:term":[{"taxonomy":"category","embeddable":true,"href":"https:\/\/news.canadamotorjobs.com\/fr\/wp-json\/wp\/v2\/categories?post=192276"},{"taxonomy":"post_tag","embeddable":true,"href":"https:\/\/news.canadamotorjobs.com\/fr\/wp-json\/wp\/v2\/tags?post=192276"}],"curies":[{"name":"wp","href":"https:\/\/api.w.org\/{rel}","templated":true}]}}