{"id":192253,"date":"2025-02-03T14:23:58","date_gmt":"2025-02-03T19:23:58","guid":{"rendered":"https:\/\/news.canadamotorjobs.com\/?p=192253"},"modified":"2025-02-03T14:29:11","modified_gmt":"2025-02-03T19:29:11","slug":"nissan-maintient-son-rabais-de-5-000-sur-lariya-en-fevrier","status":"publish","type":"post","link":"https:\/\/news.canadamotorjobs.com\/fr\/nissan-maintient-son-rabais-de-5-000-sur-lariya-en-fevrier\/","title":{"rendered":"Nissan maintient son rabais de 5 000$ sur l\u2019Ariya en f\u00e9vrier"},"content":{"rendered":"<\/p>\n<p>Alors que la guerre commerciale occupe le devant de la sc\u00e8ne, une autre d\u00e9cision importante est pass\u00e9e sous silence ces derniers jours. Depuis samedi, les v\u00e9hicules \u00e9lectriques vendus au Qu\u00e9bec ne sont plus admissibles aux subventions gouvernementales, peu importe leur provenance. Face \u00e0 cette nouvelle donne, les constructeurs doivent r\u00e9agir. Plusieurs marques, dont Nissan, Volkswagen et Hyundai, ont d\u00e9j\u00e0 pris des mesures pour compenser ces pertes d\u2019incitatifs.<\/p>\n<h3>Nissan offre 5 000 $ sur l\u2019Ariya en f\u00e9vrier, mais pas sur la Leaf<\/h3>\n<p>\nLa r\u00e9ponse de Nissan ne s\u2019est pas fait attendre. La marque japonaise maintient une remise de 5 000 $ sur son VUS \u00e9lectrique Ariya \u00e0 travers tout le r\u00e9seau canadien pour le mois de f\u00e9vrier.<\/p>\n<p>Ce rabais ne s\u2019applique toutefois pas \u00e0 la Nissan Leaf, un mod\u00e8le plus abordable et vieillissant, qui n\u2019offre pas le m\u00eame attrait que l\u2019Ariya, un v\u00e9hicule au design proche d\u2019un Infiniti.<\/p>\n<p>Rappelons que Nissan traverse actuellement une p\u00e9riode de restructuration majeure, ce qui l\u2019incite \u00e0 r\u00e9agir rapidement aux fluctuations du march\u00e9. Cette remise de 5 000 $ suit la m\u00eame logique que celles r\u00e9cemment annonc\u00e9es par Volkswagen et Hyundai, apr\u00e8s la suppression du programme f\u00e9d\u00e9ral iZEV.<\/p>\n<h3>Le rabais du Qu\u00e9bec de retour en avril ?<\/h3>\n<p>\nL\u2019arr\u00eat du programme provincial pourrait toutefois \u00eatre temporaire. Selon les derni\u00e8res informations, le gouvernement qu\u00e9b\u00e9cois envisage de r\u00e9tablir les subventions d\u00e8s avril 2025.<\/p>\n<p>La grande question reste donc de savoir si Nissan maintiendra son rabais une fois que l\u2019aide gouvernementale sera r\u00e9activ\u00e9e et il faut aussi se demander si le gouvernement va remettre de l&#8217;argent dans Roulez Vert. Il sera int\u00e9ressant de voir si le march\u00e9 qu\u00e9b\u00e9cois, historiquement favorable aux v\u00e9hicules \u00e9lectriques gr\u00e2ce aux incitatifs, retrouvera son dynamisme dans les mois \u00e0 venir.<\/p>\n<h3>L\u2019Ariya \u00e9pargn\u00e9 par les surtaxes canadiennes<\/h3>\n<p>\nEn parall\u00e8le, le Nissan Ariya \u00e9chappe aux contre-tarifs impos\u00e9s par le Canada en r\u00e9ponse aux politiques protectionnistes de Donald Trump. En effet, le VUS \u00e9lectrique est assembl\u00e9 au Japon, un pays qui n\u2019est pas cibl\u00e9 par les surtaxes de 25 % mises en place r\u00e9cemment. Cela pourrait lui conf\u00e9rer un avantage sur certains rivaux nord-am\u00e9ricains, qui, eux, seront touch\u00e9s par ces nouvelles mesures tarifaires.<\/p>\n<h3>Conclusion<\/h3>\n<p>\nLe march\u00e9 des v\u00e9hicules \u00e9lectriques traverse une p\u00e9riode d\u2019incertitude au Qu\u00e9bec, mais Nissan tente de garder le cap en offrant un rabais de 5 000 $ sur l\u2019Ariya. Avec un retour possible des subventions provinciales en avril, les acheteurs pourraient bient\u00f4t retrouver un environnement plus favorable \u00e0 l\u2019\u00e9lectrification. D\u2019ici l\u00e0, ceux qui souhaitent profiter d\u2019un rabais imm\u00e9diat peuvent se tourner vers l\u2019offre de Nissan, qui reste une des rares alternatives en ce d\u00e9but d\u2019ann\u00e9e 2025.<\/p>\n<p>Avec des renseignements de Motor Illustrated<\/p>\n<p>Le texte <a rel=\"nofollow\" href=\"https:\/\/annuelauto.ca\/nissan-maintient-son-rabais-de-5-000-sur-lariya-en-fevrier\/\">Nissan maintient son rabais de 5 000$ sur l\u2019Ariya en f\u00e9vrier<\/a> provient de <a rel=\"nofollow\" href=\"https:\/\/annuelauto.ca\">L&#8217;annuel de l&#8217;automobile &#8211; Actualit\u00e9 automobile<\/a><\/p>\n<p><\/p>\n","protected":false},"excerpt":{"rendered":"<p>Alors que la guerre commerciale occupe le devant de la sc\u00e8ne, une autre d\u00e9cision importante est pass\u00e9e sous silence ces derniers jours. Depuis samedi, les v\u00e9hicules \u00e9lectriques vendus au Qu\u00e9bec ne sont plus admissibles aux subventions gouvernementales, peu importe leur provenance. Face \u00e0 cette nouvelle donne, les constructeurs doivent r\u00e9agir. Plusieurs marques, dont Nissan, Volkswagen [&hellip;]<\/p>\n","protected":false},"author":8,"featured_media":192255,"comment_status":"close","ping_status":"closed","sticky":false,"template":"","format":"standard","meta":{"_monsterinsights_skip_tracking":false,"_monsterinsights_sitenote_active":false,"_monsterinsights_sitenote_note":"","_monsterinsights_sitenote_category":0,"footnotes":""},"categories":[101],"tags":[],"yoast_head":"<!-- This site is optimized with the Yoast SEO plugin v23.2 - https:\/\/yoast.com\/wordpress\/plugins\/seo\/ -->\n<title>Nissan maintient son rabais de 5 000$ sur l\u2019Ariya en f\u00e9vrier - CanadaMotorJobs.com<\/title>\n<meta name=\"description\" content=\"Nissan maintient son rabais de 5 000$ sur l\u2019Ariya en f\u00e9vrier - Benoit Charette - Annuel automobile - CanadaMotorJobs.com.\" \/>\n<meta name=\"robots\" content=\"index, follow, max-snippet:-1, max-image-preview:large, max-video-preview:-1\" \/>\n<meta property=\"og:locale\" content=\"fr_CA\" \/>\n<meta property=\"og:type\" content=\"article\" \/>\n<meta property=\"og:title\" content=\"Nissan maintient son rabais de 5 000$ sur l\u2019Ariya en f\u00e9vrier - CanadaMotorJobs.com\" \/>\n<meta property=\"og:description\" content=\"Nissan maintient son rabais de 5 000$ sur l\u2019Ariya en f\u00e9vrier - Benoit Charette - Annuel automobile - CanadaMotorJobs.com.\" \/>\n<meta property=\"og:url\" content=\"https:\/\/news.canadamotorjobs.com\/fr\/nissan-maintient-son-rabais-de-5-000-sur-lariya-en-fevrier\/\" \/>\n<meta property=\"og:site_name\" content=\"CanadaMotorJobs.com\" \/>\n<meta property=\"article:publisher\" content=\"https:\/\/www.facebook.com\/canadamotorjobs\/\" \/>\n<meta property=\"article:published_time\" content=\"2025-02-03T19:23:58+00:00\" \/>\n<meta property=\"article:modified_time\" content=\"2025-02-03T19:29:11+00:00\" \/>\n<meta property=\"og:image\" content=\"https:\/\/news.canadamotorjobs.com\/wp-content\/uploads\/2025\/02\/Nissan_Ariya_042-1.jpg\" \/>\n\t<meta property=\"og:image:width\" content=\"1200\" \/>\n\t<meta property=\"og:image:height\" content=\"800\" \/>\n\t<meta property=\"og:image:type\" content=\"image\/jpeg\" \/>\n<meta name=\"author\" content=\"Benoit Charette\" \/>\n<meta name=\"twitter:card\" content=\"summary_large_image\" \/>\n<meta name=\"twitter:creator\" content=\"@canadamotorjobs\" \/>\n<meta name=\"twitter:site\" content=\"@canadamotorjobs\" \/>\n<meta name=\"twitter:label1\" content=\"\u00c9crit par\" \/>\n\t<meta name=\"twitter:data1\" content=\"Benoit Charette\" \/>\n\t<meta name=\"twitter:label2\" content=\"Estimation du temps de lecture\" \/>\n\t<meta name=\"twitter:data2\" content=\"3 minutes\" \/>\n<!-- \/ Yoast SEO plugin. -->","yoast_head_json":{"title":"Nissan maintient son rabais de 5 000$ sur l\u2019Ariya en f\u00e9vrier - CanadaMotorJobs.com","description":"Nissan maintient son rabais de 5 000$ sur l\u2019Ariya en f\u00e9vrier - Benoit Charette - Annuel automobile - CanadaMotorJobs.com.","robots":{"index":"index","follow":"follow","max-snippet":"max-snippet:-1","max-image-preview":"max-image-preview:large","max-video-preview":"max-video-preview:-1"},"og_locale":"fr_CA","og_type":"article","og_title":"Nissan maintient son rabais de 5 000$ sur l\u2019Ariya en f\u00e9vrier - CanadaMotorJobs.com","og_description":"Nissan maintient son rabais de 5 000$ sur l\u2019Ariya en f\u00e9vrier - Benoit Charette - Annuel automobile - CanadaMotorJobs.com.","og_url":"https:\/\/news.canadamotorjobs.com\/fr\/nissan-maintient-son-rabais-de-5-000-sur-lariya-en-fevrier\/","og_site_name":"CanadaMotorJobs.com","article_publisher":"https:\/\/www.facebook.com\/canadamotorjobs\/","article_published_time":"2025-02-03T19:23:58+00:00","article_modified_time":"2025-02-03T19:29:11+00:00","og_image":[{"width":1200,"height":800,"url":"https:\/\/news.canadamotorjobs.com\/wp-content\/uploads\/2025\/02\/Nissan_Ariya_042-1.jpg","type":"image\/jpeg"}],"author":"Benoit Charette","twitter_card":"summary_large_image","twitter_creator":"@canadamotorjobs","twitter_site":"@canadamotorjobs","twitter_misc":{"\u00c9crit par":"Benoit Charette","Estimation du temps de lecture":"3 minutes"},"schema":{"@context":"https:\/\/schema.org","@graph":[{"@type":"Article","@id":"https:\/\/news.canadamotorjobs.com\/fr\/nissan-maintient-son-rabais-de-5-000-sur-lariya-en-fevrier\/#article","isPartOf":{"@id":"https:\/\/news.canadamotorjobs.com\/fr\/nissan-maintient-son-rabais-de-5-000-sur-lariya-en-fevrier\/"},"author":{"name":"Benoit Charette","@id":"https:\/\/news.canadamotorjobs.com\/#\/schema\/person\/51793d1f87d44011d7bcc2ed99269a90"},"headline":"Nissan maintient son rabais de 5 000$ sur l\u2019Ariya en f\u00e9vrier","datePublished":"2025-02-03T19:23:58+00:00","dateModified":"2025-02-03T19:29:11+00:00","mainEntityOfPage":{"@id":"https:\/\/news.canadamotorjobs.com\/fr\/nissan-maintient-son-rabais-de-5-000-sur-lariya-en-fevrier\/"},"wordCount":516,"publisher":{"@id":"https:\/\/news.canadamotorjobs.com\/#organization"},"image":{"@id":"https:\/\/news.canadamotorjobs.com\/fr\/nissan-maintient-son-rabais-de-5-000-sur-lariya-en-fevrier\/#primaryimage"},"thumbnailUrl":"https:\/\/news.canadamotorjobs.com\/wp-content\/uploads\/2025\/02\/Nissan_Ariya_042-1.jpg","articleSection":["Annuel automobile"],"inLanguage":"fr-CA"},{"@type":"WebPage","@id":"https:\/\/news.canadamotorjobs.com\/fr\/nissan-maintient-son-rabais-de-5-000-sur-lariya-en-fevrier\/","url":"https:\/\/news.canadamotorjobs.com\/fr\/nissan-maintient-son-rabais-de-5-000-sur-lariya-en-fevrier\/","name":"Nissan maintient son rabais de 5 000$ sur l\u2019Ariya en f\u00e9vrier - CanadaMotorJobs.com","isPartOf":{"@id":"https:\/\/news.canadamotorjobs.com\/#website"},"primaryImageOfPage":{"@id":"https:\/\/news.canadamotorjobs.com\/fr\/nissan-maintient-son-rabais-de-5-000-sur-lariya-en-fevrier\/#primaryimage"},"image":{"@id":"https:\/\/news.canadamotorjobs.com\/fr\/nissan-maintient-son-rabais-de-5-000-sur-lariya-en-fevrier\/#primaryimage"},"thumbnailUrl":"https:\/\/news.canadamotorjobs.com\/wp-content\/uploads\/2025\/02\/Nissan_Ariya_042-1.jpg","datePublished":"2025-02-03T19:23:58+00:00","dateModified":"2025-02-03T19:29:11+00:00","description":"Nissan maintient son rabais de 5 000$ sur l\u2019Ariya en f\u00e9vrier - Benoit Charette - Annuel automobile - CanadaMotorJobs.com.","breadcrumb":{"@id":"https:\/\/news.canadamotorjobs.com\/fr\/nissan-maintient-son-rabais-de-5-000-sur-lariya-en-fevrier\/#breadcrumb"},"inLanguage":"fr-CA","potentialAction":[{"@type":"ReadAction","target":["https:\/\/news.canadamotorjobs.com\/fr\/nissan-maintient-son-rabais-de-5-000-sur-lariya-en-fevrier\/"]}]},{"@type":"ImageObject","inLanguage":"fr-CA","@id":"https:\/\/news.canadamotorjobs.com\/fr\/nissan-maintient-son-rabais-de-5-000-sur-lariya-en-fevrier\/#primaryimage","url":"https:\/\/news.canadamotorjobs.com\/wp-content\/uploads\/2025\/02\/Nissan_Ariya_042-1.jpg","contentUrl":"https:\/\/news.canadamotorjobs.com\/wp-content\/uploads\/2025\/02\/Nissan_Ariya_042-1.jpg","width":1200,"height":800},{"@type":"BreadcrumbList","@id":"https:\/\/news.canadamotorjobs.com\/fr\/nissan-maintient-son-rabais-de-5-000-sur-lariya-en-fevrier\/#breadcrumb","itemListElement":[{"@type":"ListItem","position":1,"name":"Home","item":"https:\/\/news.canadamotorjobs.com\/fr\/blog\/"},{"@type":"ListItem","position":2,"name":"Nissan maintient son rabais de 5 000$ sur l\u2019Ariya en f\u00e9vrier"}]},{"@type":"WebSite","@id":"https:\/\/news.canadamotorjobs.com\/#website","url":"https:\/\/news.canadamotorjobs.com\/","name":"CanadaMotorJobs.com","description":"Automotive Jobs","publisher":{"@id":"https:\/\/news.canadamotorjobs.com\/#organization"},"potentialAction":[{"@type":"SearchAction","target":{"@type":"EntryPoint","urlTemplate":"https:\/\/news.canadamotorjobs.com\/?s={search_term_string}"},"query-input":"required name=search_term_string"}],"inLanguage":"fr-CA"},{"@type":"Organization","@id":"https:\/\/news.canadamotorjobs.com\/#organization","name":"Canada Motor Jobs","url":"https:\/\/news.canadamotorjobs.com\/","logo":{"@type":"ImageObject","inLanguage":"fr-CA","@id":"https:\/\/news.canadamotorjobs.com\/#\/schema\/logo\/image\/","url":"https:\/\/news.canadamotorjobs.com\/wp-content\/uploads\/2022\/10\/logo-canada-motor-jobs-1.png","contentUrl":"https:\/\/news.canadamotorjobs.com\/wp-content\/uploads\/2022\/10\/logo-canada-motor-jobs-1.png","width":800,"height":400,"caption":"Canada Motor Jobs"},"image":{"@id":"https:\/\/news.canadamotorjobs.com\/#\/schema\/logo\/image\/"},"sameAs":["https:\/\/www.facebook.com\/canadamotorjobs\/","https:\/\/x.com\/canadamotorjobs","https:\/\/www.instagram.com\/canadamotorjobs\/","https:\/\/www.linkedin.com\/company\/canadamotorjobs"]},{"@type":"Person","@id":"https:\/\/news.canadamotorjobs.com\/#\/schema\/person\/51793d1f87d44011d7bcc2ed99269a90","name":"Benoit Charette","image":{"@type":"ImageObject","inLanguage":"fr-CA","@id":"https:\/\/news.canadamotorjobs.com\/#\/schema\/person\/image\/","url":"https:\/\/secure.gravatar.com\/avatar\/45f3d2eebcccd909668d7ce7ea7267b6?s=96&d=mm&r=g","contentUrl":"https:\/\/secure.gravatar.com\/avatar\/45f3d2eebcccd909668d7ce7ea7267b6?s=96&d=mm&r=g","caption":"Benoit Charette"},"description":"Benoit Charette \/ Propri\u00e9taire et r\u00e9dacteur en chef Benoit Charette pratique le journalisme automobile depuis bient\u00f4t 30 ans. Il a fait ses classes au c\u00f4t\u00e9 de Daniel H\u00e9raud et au Carnet de route de 1992 \u00e0 2001. Il est fondateur, copropri\u00e9taire et r\u00e9dacteur en chef de L\u2019Annuel de l\u2019automobile, qu\u2019il publie depuis 2001. Il a anim\u00e9 les \u00e9missions RPM et RPM+ sur V et les L\u00e9gendes de la route sur Historia. \u00c0 la radio depuis 1986, il reprend l\u2019antenne cette ann\u00e9e sur les ondes de Cogeco et participe pour la deuxi\u00e8me ann\u00e9e \u00e0 l\u2019\u00e9mission Passion Auto sur RDS en plus de mettre en ligne le site Web officiel de L\u2019Annuel de l\u2019automobile sur annuelauto.ca.","sameAs":["https:\/\/annuelauto.ca\/"],"url":"https:\/\/news.canadamotorjobs.com\/fr\/author\/benoit-charette\/"}]}},"_links":{"self":[{"href":"https:\/\/news.canadamotorjobs.com\/fr\/wp-json\/wp\/v2\/posts\/192253"}],"collection":[{"href":"https:\/\/news.canadamotorjobs.com\/fr\/wp-json\/wp\/v2\/posts"}],"about":[{"href":"https:\/\/news.canadamotorjobs.com\/fr\/wp-json\/wp\/v2\/types\/post"}],"author":[{"embeddable":true,"href":"https:\/\/news.canadamotorjobs.com\/fr\/wp-json\/wp\/v2\/users\/8"}],"replies":[{"embeddable":true,"href":"https:\/\/news.canadamotorjobs.com\/fr\/wp-json\/wp\/v2\/comments?post=192253"}],"version-history":[{"count":2,"href":"https:\/\/news.canadamotorjobs.com\/fr\/wp-json\/wp\/v2\/posts\/192253\/revisions"}],"predecessor-version":[{"id":192257,"href":"https:\/\/news.canadamotorjobs.com\/fr\/wp-json\/wp\/v2\/posts\/192253\/revisions\/192257"}],"wp:featuredmedia":[{"embeddable":true,"href":"https:\/\/news.canadamotorjobs.com\/fr\/wp-json\/wp\/v2\/media\/192255"}],"wp:attachment":[{"href":"https:\/\/news.canadamotorjobs.com\/fr\/wp-json\/wp\/v2\/media?parent=192253"}],"wp:term":[{"taxonomy":"category","embeddable":true,"href":"https:\/\/news.canadamotorjobs.com\/fr\/wp-json\/wp\/v2\/categories?post=192253"},{"taxonomy":"post_tag","embeddable":true,"href":"https:\/\/news.canadamotorjobs.com\/fr\/wp-json\/wp\/v2\/tags?post=192253"}],"curies":[{"name":"wp","href":"https:\/\/api.w.org\/{rel}","templated":true}]}}