{"id":192230,"date":"2025-02-03T13:26:06","date_gmt":"2025-02-03T18:26:06","guid":{"rendered":"https:\/\/news.canadamotorjobs.com\/?p=192230"},"modified":"2025-02-03T13:29:16","modified_gmt":"2025-02-03T18:29:16","slug":"tesla-perd-du-terrain-aux-etats-unis-et-en-europe","status":"publish","type":"post","link":"https:\/\/news.canadamotorjobs.com\/fr\/tesla-perd-du-terrain-aux-etats-unis-et-en-europe\/","title":{"rendered":"Tesla perd du terrain aux \u00c9tats Unis et en Europe"},"content":{"rendered":"<\/p>\n<p>Le constructeur am\u00e9ricain Tesla subit un revers important en Californie, son plus grand march\u00e9 aux \u00c9tats-Unis. En 2024, ses ventes ont chut\u00e9 de <strong>11,6 %<\/strong>, soit pr\u00e8s de <strong>27 000 v\u00e9hicules de moins<\/strong> livr\u00e9s par rapport \u00e0 l\u2019ann\u00e9e pr\u00e9c\u00e9dente.<\/p>\n<p>Alors que Tesla d\u00e9tenait <strong>60 % du march\u00e9 californien des v\u00e9hicules \u00e9lectriques en 2023<\/strong>, cette part est tomb\u00e9e \u00e0 <strong>52,5 %<\/strong> en 2024. Malgr\u00e9 ce recul, Tesla reste leader, mais son h\u00e9g\u00e9monie est de plus en plus contest\u00e9e.<\/p>\n<p>Pendant ce temps, le march\u00e9 global des v\u00e9hicules \u00e9lectriques en Californie a continu\u00e9 de cro\u00eetre, avec une augmentation de <strong>1,2 %<\/strong>. Si l\u2019on exclut Tesla, la croissance atteint m\u00eame <strong>20 %<\/strong>, preuve que les autres constructeurs gagnent du terrain.<\/p>\n<p>Les v\u00e9hicules \u00e9lectriques repr\u00e9sentent d\u00e9sormais <strong>22 %<\/strong> des nouvelles immatriculations dans l&#8217;\u00c9tat, confirmant l\u2019adoption croissante de l\u2019\u00e9lectromobilit\u00e9.<\/p>\n<h3>Cinq trimestres cons\u00e9cutifs de baisse pour Tesla<\/h3>\n<p>\nLes chiffres de <strong>Tesla en Californie sont en chute libre<\/strong> : le quatri\u00e8me trimestre 2024 a marqu\u00e9 une <strong>cinqui\u00e8me baisse cons\u00e9cutive des immatriculations<\/strong>, avec un recul de <strong>7,8 %<\/strong>. Sa part de march\u00e9 globale dans l\u2019\u00c9tat est \u00e9galement en baisse, passant de <strong>13 % en 2023 \u00e0 11,6 % en 2024<\/strong>.<\/p>\n<p>Pire encore, <strong>Tesla a enregistr\u00e9 son premier d\u00e9clin annuel des livraisons en une d\u00e9cennie<\/strong>.<\/p>\n<h3>La m\u00eame tendance en Europe<\/h3>\n<p>\nLe recul de Tesla ne se limite pas aux \u00c9tats-Unis. En <strong>Europe<\/strong>, la marque voit aussi ses parts de march\u00e9 s\u2019\u00e9roder sous la pression de la concurrence croissante de constructeurs locaux comme Volkswagen, BMW et Renault, mais aussi des marques chinoises comme BYD et MG.<\/p>\n<p>Selon les chiffres de l\u2019ACEA (Association des constructeurs europ\u00e9ens d&#8217;automobiles), Tesla a vu ses ventes stagner voire reculer dans plusieurs march\u00e9s cl\u00e9s comme l\u2019Allemagne et la France. En 2024, sa croissance en Europe a \u00e9t\u00e9 bien inf\u00e9rieure aux ann\u00e9es pr\u00e9c\u00e9dentes, et la marque a <strong>perdu des parts de march\u00e9<\/strong> face \u00e0 des mod\u00e8les plus abordables et mieux adapt\u00e9s aux r\u00e9glementations locales.<\/p>\n<h3>Des d\u00e9fis \u00e0 venir pour Tesla<\/h3>\n<p>\nAvec la mont\u00e9e en puissance des v\u00e9hicules \u00e9lectriques concurrents, Tesla devra <strong>red\u00e9finir sa strat\u00e9gie<\/strong> pour \u00e9viter une <strong>chute plus importante en 2025<\/strong>.<\/p>\n<p>En Californie, l\u2019un des principaux risques pour la marque est la suppression potentielle des cr\u00e9dits d\u2019imp\u00f4t f\u00e9d\u00e9raux. L\u2019\u00c9tat a promis de compenser cette \u00e9ventuelle suppression avec ses propres incitations, mais rien ne garantit que cela suffira \u00e0 stopper l\u2019\u00e9rosion des ventes de Tesla.<\/p>\n<p>D\u2019autant plus que l\u2019image d\u2019Elon Musk continue de se d\u00e9grader, notamment apr\u00e8s l\u2019investiture de Donald Trump. Un ph\u00e9nom\u00e8ne qui pourrait encore <strong>p\u00e9naliser Tesla sur des march\u00e9s cl\u00e9s comme la Californie et l\u2019Europe<\/strong>.<\/p>\n<p>Avec des renseignements d&#8217;Electrek<\/p>\n<p>\u00a0<\/p>\n<hr \/>\n<p>Le texte <a rel=\"nofollow\" href=\"https:\/\/annuelauto.ca\/baisse-ventes-tesla-californie-europe-2024\/\">Tesla perd du terrain aux \u00c9tats Unis et en Europe<\/a> provient de <a rel=\"nofollow\" href=\"https:\/\/annuelauto.ca\">L&#8217;annuel de l&#8217;automobile &#8211; Actualit\u00e9 automobile<\/a><\/p>\n<p><\/p>\n","protected":false},"excerpt":{"rendered":"<p>Le constructeur am\u00e9ricain Tesla subit un revers important en Californie, son plus grand march\u00e9 aux \u00c9tats-Unis. En 2024, ses ventes ont chut\u00e9 de 11,6 %, soit pr\u00e8s de 27 000 v\u00e9hicules de moins livr\u00e9s par rapport \u00e0 l\u2019ann\u00e9e pr\u00e9c\u00e9dente. Alors que Tesla d\u00e9tenait 60 % du march\u00e9 californien des v\u00e9hicules \u00e9lectriques en 2023, cette part [&hellip;]<\/p>\n","protected":false},"author":8,"featured_media":192232,"comment_status":"close","ping_status":"closed","sticky":false,"template":"","format":"standard","meta":{"_monsterinsights_skip_tracking":false,"_monsterinsights_sitenote_active":false,"_monsterinsights_sitenote_note":"","_monsterinsights_sitenote_category":0,"footnotes":""},"categories":[101],"tags":[],"yoast_head":"<!-- This site is optimized with the Yoast SEO plugin v23.2 - https:\/\/yoast.com\/wordpress\/plugins\/seo\/ -->\n<title>Tesla perd du terrain aux \u00c9tats Unis et en Europe - CanadaMotorJobs.com<\/title>\n<meta name=\"description\" content=\"Tesla perd du terrain aux \u00c9tats Unis et en Europe - Benoit Charette - Annuel automobile - CanadaMotorJobs.com.\" \/>\n<meta name=\"robots\" content=\"index, follow, max-snippet:-1, max-image-preview:large, max-video-preview:-1\" \/>\n<meta property=\"og:locale\" content=\"fr_CA\" \/>\n<meta property=\"og:type\" content=\"article\" \/>\n<meta property=\"og:title\" content=\"Tesla perd du terrain aux \u00c9tats Unis et en Europe - CanadaMotorJobs.com\" \/>\n<meta property=\"og:description\" content=\"Tesla perd du terrain aux \u00c9tats Unis et en Europe - Benoit Charette - Annuel automobile - CanadaMotorJobs.com.\" \/>\n<meta property=\"og:url\" content=\"https:\/\/news.canadamotorjobs.com\/fr\/tesla-perd-du-terrain-aux-etats-unis-et-en-europe\/\" \/>\n<meta property=\"og:site_name\" content=\"CanadaMotorJobs.com\" \/>\n<meta property=\"article:publisher\" content=\"https:\/\/www.facebook.com\/canadamotorjobs\/\" \/>\n<meta property=\"article:published_time\" content=\"2025-02-03T18:26:06+00:00\" \/>\n<meta property=\"article:modified_time\" content=\"2025-02-03T18:29:16+00:00\" \/>\n<meta property=\"og:image\" content=\"https:\/\/news.canadamotorjobs.com\/wp-content\/uploads\/2025\/02\/Tesla_Factory_FB_Image.jpg\" \/>\n\t<meta property=\"og:image:width\" content=\"1200\" \/>\n\t<meta property=\"og:image:height\" content=\"617\" \/>\n\t<meta property=\"og:image:type\" content=\"image\/jpeg\" \/>\n<meta name=\"author\" content=\"Benoit Charette\" \/>\n<meta name=\"twitter:card\" content=\"summary_large_image\" \/>\n<meta name=\"twitter:creator\" content=\"@canadamotorjobs\" \/>\n<meta name=\"twitter:site\" content=\"@canadamotorjobs\" \/>\n<meta name=\"twitter:label1\" content=\"\u00c9crit par\" \/>\n\t<meta name=\"twitter:data1\" content=\"Benoit Charette\" \/>\n\t<meta name=\"twitter:label2\" content=\"Estimation du temps de lecture\" \/>\n\t<meta name=\"twitter:data2\" content=\"2 minutes\" \/>\n<!-- \/ Yoast SEO plugin. -->","yoast_head_json":{"title":"Tesla perd du terrain aux \u00c9tats Unis et en Europe - CanadaMotorJobs.com","description":"Tesla perd du terrain aux \u00c9tats Unis et en Europe - Benoit Charette - Annuel automobile - CanadaMotorJobs.com.","robots":{"index":"index","follow":"follow","max-snippet":"max-snippet:-1","max-image-preview":"max-image-preview:large","max-video-preview":"max-video-preview:-1"},"og_locale":"fr_CA","og_type":"article","og_title":"Tesla perd du terrain aux \u00c9tats Unis et en Europe - CanadaMotorJobs.com","og_description":"Tesla perd du terrain aux \u00c9tats Unis et en Europe - Benoit Charette - Annuel automobile - CanadaMotorJobs.com.","og_url":"https:\/\/news.canadamotorjobs.com\/fr\/tesla-perd-du-terrain-aux-etats-unis-et-en-europe\/","og_site_name":"CanadaMotorJobs.com","article_publisher":"https:\/\/www.facebook.com\/canadamotorjobs\/","article_published_time":"2025-02-03T18:26:06+00:00","article_modified_time":"2025-02-03T18:29:16+00:00","og_image":[{"width":1200,"height":617,"url":"https:\/\/news.canadamotorjobs.com\/wp-content\/uploads\/2025\/02\/Tesla_Factory_FB_Image.jpg","type":"image\/jpeg"}],"author":"Benoit Charette","twitter_card":"summary_large_image","twitter_creator":"@canadamotorjobs","twitter_site":"@canadamotorjobs","twitter_misc":{"\u00c9crit par":"Benoit Charette","Estimation du temps de lecture":"2 minutes"},"schema":{"@context":"https:\/\/schema.org","@graph":[{"@type":"Article","@id":"https:\/\/news.canadamotorjobs.com\/fr\/tesla-perd-du-terrain-aux-etats-unis-et-en-europe\/#article","isPartOf":{"@id":"https:\/\/news.canadamotorjobs.com\/fr\/tesla-perd-du-terrain-aux-etats-unis-et-en-europe\/"},"author":{"name":"Benoit Charette","@id":"https:\/\/news.canadamotorjobs.com\/#\/schema\/person\/51793d1f87d44011d7bcc2ed99269a90"},"headline":"Tesla perd du terrain aux \u00c9tats Unis et en Europe","datePublished":"2025-02-03T18:26:06+00:00","dateModified":"2025-02-03T18:29:16+00:00","mainEntityOfPage":{"@id":"https:\/\/news.canadamotorjobs.com\/fr\/tesla-perd-du-terrain-aux-etats-unis-et-en-europe\/"},"wordCount":492,"publisher":{"@id":"https:\/\/news.canadamotorjobs.com\/#organization"},"image":{"@id":"https:\/\/news.canadamotorjobs.com\/fr\/tesla-perd-du-terrain-aux-etats-unis-et-en-europe\/#primaryimage"},"thumbnailUrl":"https:\/\/news.canadamotorjobs.com\/wp-content\/uploads\/2025\/02\/Tesla_Factory_FB_Image.jpg","articleSection":["Annuel automobile"],"inLanguage":"fr-CA"},{"@type":"WebPage","@id":"https:\/\/news.canadamotorjobs.com\/fr\/tesla-perd-du-terrain-aux-etats-unis-et-en-europe\/","url":"https:\/\/news.canadamotorjobs.com\/fr\/tesla-perd-du-terrain-aux-etats-unis-et-en-europe\/","name":"Tesla perd du terrain aux \u00c9tats Unis et en Europe - CanadaMotorJobs.com","isPartOf":{"@id":"https:\/\/news.canadamotorjobs.com\/#website"},"primaryImageOfPage":{"@id":"https:\/\/news.canadamotorjobs.com\/fr\/tesla-perd-du-terrain-aux-etats-unis-et-en-europe\/#primaryimage"},"image":{"@id":"https:\/\/news.canadamotorjobs.com\/fr\/tesla-perd-du-terrain-aux-etats-unis-et-en-europe\/#primaryimage"},"thumbnailUrl":"https:\/\/news.canadamotorjobs.com\/wp-content\/uploads\/2025\/02\/Tesla_Factory_FB_Image.jpg","datePublished":"2025-02-03T18:26:06+00:00","dateModified":"2025-02-03T18:29:16+00:00","description":"Tesla perd du terrain aux \u00c9tats Unis et en Europe - Benoit Charette - Annuel automobile - CanadaMotorJobs.com.","breadcrumb":{"@id":"https:\/\/news.canadamotorjobs.com\/fr\/tesla-perd-du-terrain-aux-etats-unis-et-en-europe\/#breadcrumb"},"inLanguage":"fr-CA","potentialAction":[{"@type":"ReadAction","target":["https:\/\/news.canadamotorjobs.com\/fr\/tesla-perd-du-terrain-aux-etats-unis-et-en-europe\/"]}]},{"@type":"ImageObject","inLanguage":"fr-CA","@id":"https:\/\/news.canadamotorjobs.com\/fr\/tesla-perd-du-terrain-aux-etats-unis-et-en-europe\/#primaryimage","url":"https:\/\/news.canadamotorjobs.com\/wp-content\/uploads\/2025\/02\/Tesla_Factory_FB_Image.jpg","contentUrl":"https:\/\/news.canadamotorjobs.com\/wp-content\/uploads\/2025\/02\/Tesla_Factory_FB_Image.jpg","width":1200,"height":617},{"@type":"BreadcrumbList","@id":"https:\/\/news.canadamotorjobs.com\/fr\/tesla-perd-du-terrain-aux-etats-unis-et-en-europe\/#breadcrumb","itemListElement":[{"@type":"ListItem","position":1,"name":"Home","item":"https:\/\/news.canadamotorjobs.com\/fr\/blog\/"},{"@type":"ListItem","position":2,"name":"Tesla perd du terrain aux \u00c9tats Unis et en Europe"}]},{"@type":"WebSite","@id":"https:\/\/news.canadamotorjobs.com\/#website","url":"https:\/\/news.canadamotorjobs.com\/","name":"CanadaMotorJobs.com","description":"Automotive Jobs","publisher":{"@id":"https:\/\/news.canadamotorjobs.com\/#organization"},"potentialAction":[{"@type":"SearchAction","target":{"@type":"EntryPoint","urlTemplate":"https:\/\/news.canadamotorjobs.com\/?s={search_term_string}"},"query-input":"required name=search_term_string"}],"inLanguage":"fr-CA"},{"@type":"Organization","@id":"https:\/\/news.canadamotorjobs.com\/#organization","name":"Canada Motor Jobs","url":"https:\/\/news.canadamotorjobs.com\/","logo":{"@type":"ImageObject","inLanguage":"fr-CA","@id":"https:\/\/news.canadamotorjobs.com\/#\/schema\/logo\/image\/","url":"https:\/\/news.canadamotorjobs.com\/wp-content\/uploads\/2022\/10\/logo-canada-motor-jobs-1.png","contentUrl":"https:\/\/news.canadamotorjobs.com\/wp-content\/uploads\/2022\/10\/logo-canada-motor-jobs-1.png","width":800,"height":400,"caption":"Canada Motor Jobs"},"image":{"@id":"https:\/\/news.canadamotorjobs.com\/#\/schema\/logo\/image\/"},"sameAs":["https:\/\/www.facebook.com\/canadamotorjobs\/","https:\/\/x.com\/canadamotorjobs","https:\/\/www.instagram.com\/canadamotorjobs\/","https:\/\/www.linkedin.com\/company\/canadamotorjobs"]},{"@type":"Person","@id":"https:\/\/news.canadamotorjobs.com\/#\/schema\/person\/51793d1f87d44011d7bcc2ed99269a90","name":"Benoit Charette","image":{"@type":"ImageObject","inLanguage":"fr-CA","@id":"https:\/\/news.canadamotorjobs.com\/#\/schema\/person\/image\/","url":"https:\/\/secure.gravatar.com\/avatar\/45f3d2eebcccd909668d7ce7ea7267b6?s=96&d=mm&r=g","contentUrl":"https:\/\/secure.gravatar.com\/avatar\/45f3d2eebcccd909668d7ce7ea7267b6?s=96&d=mm&r=g","caption":"Benoit Charette"},"description":"Benoit Charette \/ Propri\u00e9taire et r\u00e9dacteur en chef Benoit Charette pratique le journalisme automobile depuis bient\u00f4t 30 ans. Il a fait ses classes au c\u00f4t\u00e9 de Daniel H\u00e9raud et au Carnet de route de 1992 \u00e0 2001. Il est fondateur, copropri\u00e9taire et r\u00e9dacteur en chef de L\u2019Annuel de l\u2019automobile, qu\u2019il publie depuis 2001. Il a anim\u00e9 les \u00e9missions RPM et RPM+ sur V et les L\u00e9gendes de la route sur Historia. \u00c0 la radio depuis 1986, il reprend l\u2019antenne cette ann\u00e9e sur les ondes de Cogeco et participe pour la deuxi\u00e8me ann\u00e9e \u00e0 l\u2019\u00e9mission Passion Auto sur RDS en plus de mettre en ligne le site Web officiel de L\u2019Annuel de l\u2019automobile sur annuelauto.ca.","sameAs":["https:\/\/annuelauto.ca\/"],"url":"https:\/\/news.canadamotorjobs.com\/fr\/author\/benoit-charette\/"}]}},"_links":{"self":[{"href":"https:\/\/news.canadamotorjobs.com\/fr\/wp-json\/wp\/v2\/posts\/192230"}],"collection":[{"href":"https:\/\/news.canadamotorjobs.com\/fr\/wp-json\/wp\/v2\/posts"}],"about":[{"href":"https:\/\/news.canadamotorjobs.com\/fr\/wp-json\/wp\/v2\/types\/post"}],"author":[{"embeddable":true,"href":"https:\/\/news.canadamotorjobs.com\/fr\/wp-json\/wp\/v2\/users\/8"}],"replies":[{"embeddable":true,"href":"https:\/\/news.canadamotorjobs.com\/fr\/wp-json\/wp\/v2\/comments?post=192230"}],"version-history":[{"count":2,"href":"https:\/\/news.canadamotorjobs.com\/fr\/wp-json\/wp\/v2\/posts\/192230\/revisions"}],"predecessor-version":[{"id":192234,"href":"https:\/\/news.canadamotorjobs.com\/fr\/wp-json\/wp\/v2\/posts\/192230\/revisions\/192234"}],"wp:featuredmedia":[{"embeddable":true,"href":"https:\/\/news.canadamotorjobs.com\/fr\/wp-json\/wp\/v2\/media\/192232"}],"wp:attachment":[{"href":"https:\/\/news.canadamotorjobs.com\/fr\/wp-json\/wp\/v2\/media?parent=192230"}],"wp:term":[{"taxonomy":"category","embeddable":true,"href":"https:\/\/news.canadamotorjobs.com\/fr\/wp-json\/wp\/v2\/categories?post=192230"},{"taxonomy":"post_tag","embeddable":true,"href":"https:\/\/news.canadamotorjobs.com\/fr\/wp-json\/wp\/v2\/tags?post=192230"}],"curies":[{"name":"wp","href":"https:\/\/api.w.org\/{rel}","templated":true}]}}