{"id":192207,"date":"2025-02-03T11:17:32","date_gmt":"2025-02-03T16:17:32","guid":{"rendered":"https:\/\/news.canadamotorjobs.com\/?p=192207"},"modified":"2025-02-03T11:29:17","modified_gmt":"2025-02-03T16:29:17","slug":"audi-abandonne-sa-nouvelle-strategie-de-nomenclature-des-modeles","status":"publish","type":"post","link":"https:\/\/news.canadamotorjobs.com\/fr\/audi-abandonne-sa-nouvelle-strategie-de-nomenclature-des-modeles\/","title":{"rendered":"Audi abandonne sa nouvelle strat\u00e9gie de nomenclature des mod\u00e8les"},"content":{"rendered":"<\/p>\n<p>Introduite en 2023, la strat\u00e9gie de nomenclature d&#8217;Audi visait \u00e0 diff\u00e9rencier plus distinctement ses v\u00e9hicules thermiques et \u00e9lectriques. Selon cette logique, les mod\u00e8les \u00e0 moteur \u00e0 combustion (y compris hybrides) devaient porter des nombres impairs, tandis que les v\u00e9hicules 100 % \u00e9lectriques utilisaient des nombres pairs.<\/p>\n<p>Cependant, ce lundi, Audi a annonc\u00e9 l&#8217;abandon de cette strat\u00e9gie face aux r\u00e9actions n\u00e9gatives de sa client\u00e8le et de son r\u00e9seau de concessionnaires. L&#8217;entreprise allemande revient \u00e0 son ancienne approche, o\u00f9 le num\u00e9ro d\u2019un mod\u00e8le indique uniquement sa taille et sa position dans la gamme.<\/p>\n<h2>Une nomenclature plus intuitive<\/h2>\n<p>\n\u00ab Cette d\u00e9cision est le fruit de discussions intensives et r\u00e9pond aux attentes de nos clients ainsi qu&#8217;aux retours de nos concessionnaires internationaux \u00bb, a d\u00e9clar\u00e9 Marco Schubert, directeur des ventes et du marketing chez Audi. \u00ab Nous choisissons les noms de nos mod\u00e8les de mani\u00e8re \u00e0 r\u00e9v\u00e9ler imm\u00e9diatement leur taille et leur positionnement \u00bb.<\/p>\n<p>Ainsi, certains mod\u00e8les \u00e9lectriques partageront leur nom avec leurs homologues thermiques. Pour \u00e9viter toute confusion, Audi continuera d&#8217;utiliser des appellations existantes comme \u00ab E-Tron \u00bb pour les v\u00e9hicules \u00e9lectriques et \u00ab TDI \u00bb pour les diesel. Par exemple, le Q8 \u00e0 moteur \u00e0 combustion coexistera avec le Q8 E-Tron 100 % \u00e9lectrique.<\/p>\n<h2>Un changement appliqu\u00e9 d\u00e8s mars 2025<\/h2>\n<p>\nCe retour \u00e0 l&#8217;ancienne nomenclature aura un impact direct sur les futurs mod\u00e8les. Ainsi, Audi pr\u00e9sentera le 4 mars prochain une nouvelle version du A6 \u00e0 moteur thermique, initialement pr\u00e9vue sous l&#8217;appellation A7. Cette berline viendra distinguer le A6 thermique du A6 E-Tron d\u00e9j\u00e0 annonc\u00e9 pour l&#8217;ann\u00e9e-mod\u00e8le 2025, disponible en version liftback (Sportback selon Audi).<\/p>\n<p>Audi continuera \u00e9galement de proposer des variantes Avant pour ces mod\u00e8les, selon les march\u00e9s. Avec cette d\u00e9cision, la marque cherche \u00e0 simplifier son offre et \u00e0 rendre son catalogue plus compr\u00e9hensible pour ses clients.<\/p>\n<p>Avec des renseignements de Motor authority<\/p>\n<p>Le texte <a rel=\"nofollow\" href=\"https:\/\/annuelauto.ca\/audi-abandon-nouvelle-strategie-nomenclature\/\">Audi abandonne sa nouvelle strat\u00e9gie de nomenclature des mod\u00e8les<\/a> provient de <a rel=\"nofollow\" href=\"https:\/\/annuelauto.ca\">L&#8217;annuel de l&#8217;automobile &#8211; Actualit\u00e9 automobile<\/a><\/p>\n<p><\/p>\n","protected":false},"excerpt":{"rendered":"<p>Introduite en 2023, la strat\u00e9gie de nomenclature d&#8217;Audi visait \u00e0 diff\u00e9rencier plus distinctement ses v\u00e9hicules thermiques et \u00e9lectriques. Selon cette logique, les mod\u00e8les \u00e0 moteur \u00e0 combustion (y compris hybrides) devaient porter des nombres impairs, tandis que les v\u00e9hicules 100 % \u00e9lectriques utilisaient des nombres pairs. Cependant, ce lundi, Audi a annonc\u00e9 l&#8217;abandon de cette [&hellip;]<\/p>\n","protected":false},"author":8,"featured_media":192209,"comment_status":"close","ping_status":"closed","sticky":false,"template":"","format":"standard","meta":{"_monsterinsights_skip_tracking":false,"_monsterinsights_sitenote_active":false,"_monsterinsights_sitenote_note":"","_monsterinsights_sitenote_category":0,"footnotes":""},"categories":[101],"tags":[],"yoast_head":"<!-- This site is optimized with the Yoast SEO plugin v23.2 - https:\/\/yoast.com\/wordpress\/plugins\/seo\/ -->\n<title>Audi abandonne sa nouvelle strat\u00e9gie de nomenclature des mod\u00e8les - CanadaMotorJobs.com<\/title>\n<meta name=\"description\" content=\"Audi abandonne sa nouvelle strat\u00e9gie de nomenclature des mod\u00e8les - Benoit Charette - Annuel automobile - CanadaMotorJobs.com.\" \/>\n<meta name=\"robots\" content=\"index, follow, max-snippet:-1, max-image-preview:large, max-video-preview:-1\" \/>\n<meta property=\"og:locale\" content=\"fr_CA\" \/>\n<meta property=\"og:type\" content=\"article\" \/>\n<meta property=\"og:title\" content=\"Audi abandonne sa nouvelle strat\u00e9gie de nomenclature des mod\u00e8les - CanadaMotorJobs.com\" \/>\n<meta property=\"og:description\" content=\"Audi abandonne sa nouvelle strat\u00e9gie de nomenclature des mod\u00e8les - Benoit Charette - Annuel automobile - CanadaMotorJobs.com.\" \/>\n<meta property=\"og:url\" content=\"https:\/\/news.canadamotorjobs.com\/fr\/audi-abandonne-sa-nouvelle-strategie-de-nomenclature-des-modeles\/\" \/>\n<meta property=\"og:site_name\" content=\"CanadaMotorJobs.com\" \/>\n<meta property=\"article:publisher\" content=\"https:\/\/www.facebook.com\/canadamotorjobs\/\" \/>\n<meta property=\"article:published_time\" content=\"2025-02-03T16:17:32+00:00\" \/>\n<meta property=\"article:modified_time\" content=\"2025-02-03T16:29:17+00:00\" \/>\n<meta property=\"og:image\" content=\"https:\/\/news.canadamotorjobs.com\/wp-content\/uploads\/2025\/02\/A243208_large.jpg\" \/>\n\t<meta property=\"og:image:width\" content=\"1067\" \/>\n\t<meta property=\"og:image:height\" content=\"800\" \/>\n\t<meta property=\"og:image:type\" content=\"image\/jpeg\" \/>\n<meta name=\"author\" content=\"Benoit Charette\" \/>\n<meta name=\"twitter:card\" content=\"summary_large_image\" \/>\n<meta name=\"twitter:creator\" content=\"@canadamotorjobs\" \/>\n<meta name=\"twitter:site\" content=\"@canadamotorjobs\" \/>\n<meta name=\"twitter:label1\" content=\"\u00c9crit par\" \/>\n\t<meta name=\"twitter:data1\" content=\"Benoit Charette\" \/>\n\t<meta name=\"twitter:label2\" content=\"Estimation du temps de lecture\" \/>\n\t<meta name=\"twitter:data2\" content=\"2 minutes\" \/>\n<!-- \/ Yoast SEO plugin. -->","yoast_head_json":{"title":"Audi abandonne sa nouvelle strat\u00e9gie de nomenclature des mod\u00e8les - CanadaMotorJobs.com","description":"Audi abandonne sa nouvelle strat\u00e9gie de nomenclature des mod\u00e8les - Benoit Charette - Annuel automobile - CanadaMotorJobs.com.","robots":{"index":"index","follow":"follow","max-snippet":"max-snippet:-1","max-image-preview":"max-image-preview:large","max-video-preview":"max-video-preview:-1"},"og_locale":"fr_CA","og_type":"article","og_title":"Audi abandonne sa nouvelle strat\u00e9gie de nomenclature des mod\u00e8les - CanadaMotorJobs.com","og_description":"Audi abandonne sa nouvelle strat\u00e9gie de nomenclature des mod\u00e8les - Benoit Charette - Annuel automobile - CanadaMotorJobs.com.","og_url":"https:\/\/news.canadamotorjobs.com\/fr\/audi-abandonne-sa-nouvelle-strategie-de-nomenclature-des-modeles\/","og_site_name":"CanadaMotorJobs.com","article_publisher":"https:\/\/www.facebook.com\/canadamotorjobs\/","article_published_time":"2025-02-03T16:17:32+00:00","article_modified_time":"2025-02-03T16:29:17+00:00","og_image":[{"width":1067,"height":800,"url":"https:\/\/news.canadamotorjobs.com\/wp-content\/uploads\/2025\/02\/A243208_large.jpg","type":"image\/jpeg"}],"author":"Benoit Charette","twitter_card":"summary_large_image","twitter_creator":"@canadamotorjobs","twitter_site":"@canadamotorjobs","twitter_misc":{"\u00c9crit par":"Benoit Charette","Estimation du temps de lecture":"2 minutes"},"schema":{"@context":"https:\/\/schema.org","@graph":[{"@type":"Article","@id":"https:\/\/news.canadamotorjobs.com\/fr\/audi-abandonne-sa-nouvelle-strategie-de-nomenclature-des-modeles\/#article","isPartOf":{"@id":"https:\/\/news.canadamotorjobs.com\/fr\/audi-abandonne-sa-nouvelle-strategie-de-nomenclature-des-modeles\/"},"author":{"name":"Benoit Charette","@id":"https:\/\/news.canadamotorjobs.com\/#\/schema\/person\/51793d1f87d44011d7bcc2ed99269a90"},"headline":"Audi abandonne sa nouvelle strat\u00e9gie de nomenclature des mod\u00e8les","datePublished":"2025-02-03T16:17:32+00:00","dateModified":"2025-02-03T16:29:17+00:00","mainEntityOfPage":{"@id":"https:\/\/news.canadamotorjobs.com\/fr\/audi-abandonne-sa-nouvelle-strategie-de-nomenclature-des-modeles\/"},"wordCount":351,"publisher":{"@id":"https:\/\/news.canadamotorjobs.com\/#organization"},"image":{"@id":"https:\/\/news.canadamotorjobs.com\/fr\/audi-abandonne-sa-nouvelle-strategie-de-nomenclature-des-modeles\/#primaryimage"},"thumbnailUrl":"https:\/\/news.canadamotorjobs.com\/wp-content\/uploads\/2025\/02\/A243208_large.jpg","articleSection":["Annuel automobile"],"inLanguage":"fr-CA"},{"@type":"WebPage","@id":"https:\/\/news.canadamotorjobs.com\/fr\/audi-abandonne-sa-nouvelle-strategie-de-nomenclature-des-modeles\/","url":"https:\/\/news.canadamotorjobs.com\/fr\/audi-abandonne-sa-nouvelle-strategie-de-nomenclature-des-modeles\/","name":"Audi abandonne sa nouvelle strat\u00e9gie de nomenclature des mod\u00e8les - CanadaMotorJobs.com","isPartOf":{"@id":"https:\/\/news.canadamotorjobs.com\/#website"},"primaryImageOfPage":{"@id":"https:\/\/news.canadamotorjobs.com\/fr\/audi-abandonne-sa-nouvelle-strategie-de-nomenclature-des-modeles\/#primaryimage"},"image":{"@id":"https:\/\/news.canadamotorjobs.com\/fr\/audi-abandonne-sa-nouvelle-strategie-de-nomenclature-des-modeles\/#primaryimage"},"thumbnailUrl":"https:\/\/news.canadamotorjobs.com\/wp-content\/uploads\/2025\/02\/A243208_large.jpg","datePublished":"2025-02-03T16:17:32+00:00","dateModified":"2025-02-03T16:29:17+00:00","description":"Audi abandonne sa nouvelle strat\u00e9gie de nomenclature des mod\u00e8les - Benoit Charette - Annuel automobile - CanadaMotorJobs.com.","breadcrumb":{"@id":"https:\/\/news.canadamotorjobs.com\/fr\/audi-abandonne-sa-nouvelle-strategie-de-nomenclature-des-modeles\/#breadcrumb"},"inLanguage":"fr-CA","potentialAction":[{"@type":"ReadAction","target":["https:\/\/news.canadamotorjobs.com\/fr\/audi-abandonne-sa-nouvelle-strategie-de-nomenclature-des-modeles\/"]}]},{"@type":"ImageObject","inLanguage":"fr-CA","@id":"https:\/\/news.canadamotorjobs.com\/fr\/audi-abandonne-sa-nouvelle-strategie-de-nomenclature-des-modeles\/#primaryimage","url":"https:\/\/news.canadamotorjobs.com\/wp-content\/uploads\/2025\/02\/A243208_large.jpg","contentUrl":"https:\/\/news.canadamotorjobs.com\/wp-content\/uploads\/2025\/02\/A243208_large.jpg","width":1067,"height":800},{"@type":"BreadcrumbList","@id":"https:\/\/news.canadamotorjobs.com\/fr\/audi-abandonne-sa-nouvelle-strategie-de-nomenclature-des-modeles\/#breadcrumb","itemListElement":[{"@type":"ListItem","position":1,"name":"Home","item":"https:\/\/news.canadamotorjobs.com\/fr\/blog\/"},{"@type":"ListItem","position":2,"name":"Audi abandonne sa nouvelle strat\u00e9gie de nomenclature des mod\u00e8les"}]},{"@type":"WebSite","@id":"https:\/\/news.canadamotorjobs.com\/#website","url":"https:\/\/news.canadamotorjobs.com\/","name":"CanadaMotorJobs.com","description":"Automotive Jobs","publisher":{"@id":"https:\/\/news.canadamotorjobs.com\/#organization"},"potentialAction":[{"@type":"SearchAction","target":{"@type":"EntryPoint","urlTemplate":"https:\/\/news.canadamotorjobs.com\/?s={search_term_string}"},"query-input":"required name=search_term_string"}],"inLanguage":"fr-CA"},{"@type":"Organization","@id":"https:\/\/news.canadamotorjobs.com\/#organization","name":"Canada Motor Jobs","url":"https:\/\/news.canadamotorjobs.com\/","logo":{"@type":"ImageObject","inLanguage":"fr-CA","@id":"https:\/\/news.canadamotorjobs.com\/#\/schema\/logo\/image\/","url":"https:\/\/news.canadamotorjobs.com\/wp-content\/uploads\/2022\/10\/logo-canada-motor-jobs-1.png","contentUrl":"https:\/\/news.canadamotorjobs.com\/wp-content\/uploads\/2022\/10\/logo-canada-motor-jobs-1.png","width":800,"height":400,"caption":"Canada Motor Jobs"},"image":{"@id":"https:\/\/news.canadamotorjobs.com\/#\/schema\/logo\/image\/"},"sameAs":["https:\/\/www.facebook.com\/canadamotorjobs\/","https:\/\/x.com\/canadamotorjobs","https:\/\/www.instagram.com\/canadamotorjobs\/","https:\/\/www.linkedin.com\/company\/canadamotorjobs"]},{"@type":"Person","@id":"https:\/\/news.canadamotorjobs.com\/#\/schema\/person\/51793d1f87d44011d7bcc2ed99269a90","name":"Benoit Charette","image":{"@type":"ImageObject","inLanguage":"fr-CA","@id":"https:\/\/news.canadamotorjobs.com\/#\/schema\/person\/image\/","url":"https:\/\/secure.gravatar.com\/avatar\/45f3d2eebcccd909668d7ce7ea7267b6?s=96&d=mm&r=g","contentUrl":"https:\/\/secure.gravatar.com\/avatar\/45f3d2eebcccd909668d7ce7ea7267b6?s=96&d=mm&r=g","caption":"Benoit Charette"},"description":"Benoit Charette \/ Propri\u00e9taire et r\u00e9dacteur en chef Benoit Charette pratique le journalisme automobile depuis bient\u00f4t 30 ans. Il a fait ses classes au c\u00f4t\u00e9 de Daniel H\u00e9raud et au Carnet de route de 1992 \u00e0 2001. Il est fondateur, copropri\u00e9taire et r\u00e9dacteur en chef de L\u2019Annuel de l\u2019automobile, qu\u2019il publie depuis 2001. Il a anim\u00e9 les \u00e9missions RPM et RPM+ sur V et les L\u00e9gendes de la route sur Historia. \u00c0 la radio depuis 1986, il reprend l\u2019antenne cette ann\u00e9e sur les ondes de Cogeco et participe pour la deuxi\u00e8me ann\u00e9e \u00e0 l\u2019\u00e9mission Passion Auto sur RDS en plus de mettre en ligne le site Web officiel de L\u2019Annuel de l\u2019automobile sur annuelauto.ca.","sameAs":["https:\/\/annuelauto.ca\/"],"url":"https:\/\/news.canadamotorjobs.com\/fr\/author\/benoit-charette\/"}]}},"_links":{"self":[{"href":"https:\/\/news.canadamotorjobs.com\/fr\/wp-json\/wp\/v2\/posts\/192207"}],"collection":[{"href":"https:\/\/news.canadamotorjobs.com\/fr\/wp-json\/wp\/v2\/posts"}],"about":[{"href":"https:\/\/news.canadamotorjobs.com\/fr\/wp-json\/wp\/v2\/types\/post"}],"author":[{"embeddable":true,"href":"https:\/\/news.canadamotorjobs.com\/fr\/wp-json\/wp\/v2\/users\/8"}],"replies":[{"embeddable":true,"href":"https:\/\/news.canadamotorjobs.com\/fr\/wp-json\/wp\/v2\/comments?post=192207"}],"version-history":[{"count":2,"href":"https:\/\/news.canadamotorjobs.com\/fr\/wp-json\/wp\/v2\/posts\/192207\/revisions"}],"predecessor-version":[{"id":192211,"href":"https:\/\/news.canadamotorjobs.com\/fr\/wp-json\/wp\/v2\/posts\/192207\/revisions\/192211"}],"wp:featuredmedia":[{"embeddable":true,"href":"https:\/\/news.canadamotorjobs.com\/fr\/wp-json\/wp\/v2\/media\/192209"}],"wp:attachment":[{"href":"https:\/\/news.canadamotorjobs.com\/fr\/wp-json\/wp\/v2\/media?parent=192207"}],"wp:term":[{"taxonomy":"category","embeddable":true,"href":"https:\/\/news.canadamotorjobs.com\/fr\/wp-json\/wp\/v2\/categories?post=192207"},{"taxonomy":"post_tag","embeddable":true,"href":"https:\/\/news.canadamotorjobs.com\/fr\/wp-json\/wp\/v2\/tags?post=192207"}],"curies":[{"name":"wp","href":"https:\/\/api.w.org\/{rel}","templated":true}]}}