{"id":192184,"date":"2025-02-03T07:27:26","date_gmt":"2025-02-03T12:27:26","guid":{"rendered":"https:\/\/news.canadamotorjobs.com\/?p=192184"},"modified":"2025-02-03T07:29:37","modified_gmt":"2025-02-03T12:29:37","slug":"les-tarifs-douaniers-menacent-larret-immediat-de-la-production-automobile-en-amerique-du-nord","status":"publish","type":"post","link":"https:\/\/news.canadamotorjobs.com\/fr\/les-tarifs-douaniers-menacent-larret-immediat-de-la-production-automobile-en-amerique-du-nord\/","title":{"rendered":"Les tarifs douaniers menacent l\u2019arr\u00eat imm\u00e9diat de la production automobile en Am\u00e9rique du Nord"},"content":{"rendered":"<\/p>\n<p>Les <strong>tarifs douaniers de 25 %<\/strong> sur presque tous les produits import\u00e9s des <strong>Canada et du Mexique<\/strong> pourraient <strong>stopper net la production automobile<\/strong> en <strong>moins d\u2019une semaine<\/strong>. Avec des marges d\u00e9j\u00e0 serr\u00e9es, ni les <strong>constructeurs<\/strong> ni les <strong>fournisseurs<\/strong> ne pourront absorber ces co\u00fbts, mettant en p\u00e9ril des milliers d\u2019emplois.<\/p>\n<p>Annonc\u00e9es le <strong>1er f\u00e9vrier<\/strong> par <strong>Donald Trump<\/strong>, ces mesures entreront en vigueur le <strong>4 f\u00e9vrier<\/strong>, mettant fin \u00e0 <strong>des d\u00e9cennies de libre-\u00e9change<\/strong> en Am\u00e9rique du Nord.<\/p>\n<p>Flavio Volpe, PDG de l\u2019<strong>Automotive Parts Manufacturers&#8217; Association<\/strong>, souligne que ces tarifs frappent directement des \u00c9tats-cl\u00e9s de l\u2019industrie automobile, de <strong>Michigan \u00e0 la Californie<\/strong>.<\/p>\n<blockquote><p>\u201cAucun constructeur ne peut supporter une taxe 15 % plus \u00e9lev\u00e9e que sa marge b\u00e9n\u00e9ficiaire. Les usines vont \u00eatre mises \u00e0 l\u2019arr\u00eat.\u201d<\/p><\/blockquote>\n<p><\/p>\n<h3><strong>Des usines menac\u00e9es de fermeture en quelques jours<\/strong><\/h3>\n<p>\nSelon <strong>David Adams<\/strong>, PDG de <strong>Global Automakers of Canada<\/strong>, les constructeurs pourraient \u00eatre contraints d\u2019arr\u00eater <strong>leurs cha\u00eenes de production<\/strong> dans un d\u00e9lai d\u2019une semaine.<\/p>\n<p>La PDG de <strong>Linamar Corp.<\/strong>, Linda Hasenfratz, a d\u00e9clar\u00e9 que l\u2019arr\u00eat pourrait survenir <strong>en quelques jours<\/strong> apr\u00e8s l\u2019entr\u00e9e en vigueur des taxes. Plus de <strong>100 000 emplois<\/strong> sont menac\u00e9s au Canada et pr\u00e8s d\u2019un million aux \u00c9tats-Unis et au Mexique.<\/p>\n<p>D\u00e9j\u00e0 en janvier, <strong>Ford, GM, Honda, Stellantis et Toyota<\/strong>, qui assemblent leurs v\u00e9hicules en <strong>Ontario<\/strong>, tentaient d\u2019anticiper la crise en <strong>exportant un maximum de v\u00e9hicules finis<\/strong> vers les \u00c9tats-Unis.<\/p>\n<h3><strong>R\u00e9actions politiques : une guerre commerciale en vue<\/strong><\/h3>\n<p>\nFace \u00e0 cette <strong>offensive \u00e9conomique<\/strong>, le Canada et l\u2019Ontario ont imm\u00e9diatement annonc\u00e9 des <strong>mesures de r\u00e9torsion<\/strong>.<\/p>\n<p>\ud83d\udd39 <strong>Le Canada riposte<\/strong> avec des tarifs de <strong>25 % sur 30 milliards $ d\u2019importations am\u00e9ricaines<\/strong> d\u00e8s le <strong>4 f\u00e9vrier<\/strong>, puis <strong>125 milliards $<\/strong> suppl\u00e9mentaires dans trois semaines.<br \/>\n\ud83d\udd39 <strong>Le premier ministre Justin Trudeau<\/strong> d\u00e9nonce une violation de l\u2019<strong>Accord \u00c9tats-Unis-Mexique-Canada (AEUMC)<\/strong> et <strong>une menace pour les usines am\u00e9ricaines elles-m\u00eames<\/strong>.<br \/>\n\ud83d\udd39 <strong>Le premier ministre ontarien Doug Ford<\/strong> soutient la riposte et pr\u00e9vient que les <strong>semaines \u00e0 venir seront particuli\u00e8rement difficiles<\/strong> pour l\u2019industrie.<\/p>\n<blockquote><p>\u201cIl n\u2019y a pas de demi-mesure. Les commandes vont ralentir, les usines devront r\u00e9duire leurs quarts de travail, et des travailleurs perdront leur emploi.\u201d<\/p><\/blockquote>\n<p><\/p>\n<h3><strong>Un impact imm\u00e9diat sur les prix et la production<\/strong><\/h3>\n<p>\nBrian Kingston, PDG de l\u2019<strong>Association canadienne des constructeurs de v\u00e9hicules<\/strong>, alerte sur les <strong>cons\u00e9quences imm\u00e9diates<\/strong> :<\/p>\n<p>\u2705 <strong>Baisse de la production<\/strong><br \/>\n\u2705 <strong>Hausse des prix des v\u00e9hicules jusqu&#8217;\u00e0 3 000 $ USD par v\u00e9hicule<\/strong><br \/>\n\u2705 <strong>Fermetures d\u2019usines et pertes d\u2019emplois<\/strong><\/p>\n<p>L\u2019union syndicale <strong>Unifor<\/strong>, repr\u00e9sentant les ouvriers des <strong>Detroit Three<\/strong> au Canada, parle d\u2019un v\u00e9ritable <strong>\u201cacte de guerre commerciale\u201d<\/strong> de la part de Donald Trump.<\/p>\n<blockquote><p>\u201cCette attaque contre le plus grand partenaire commercial des \u00c9tats-Unis va d\u00e9truire des milliers d\u2019emplois des deux c\u00f4t\u00e9s de la fronti\u00e8re.\u201d<\/p><\/blockquote>\n<p>\nAvec ces mesures protectionnistes, <strong>Trump risque un retour de flamme<\/strong> : <strong>les politiciens am\u00e9ricains, les syndicats et les gouverneurs des \u00c9tats impact\u00e9s<\/strong> pourraient rapidement faire pression pour annuler ces sanctions.<\/p>\n<p>Avec des renseignements d&#8217;Automotive News Canada<\/p>\n<h3><\/h3>\n<p>Le texte <a rel=\"nofollow\" href=\"https:\/\/annuelauto.ca\/tarifs-automobile-canada-mexique-trump\/\">Les tarifs douaniers menacent l\u2019arr\u00eat imm\u00e9diat de la production automobile en Am\u00e9rique du Nord<\/a> provient de <a rel=\"nofollow\" href=\"https:\/\/annuelauto.ca\">L&#8217;annuel de l&#8217;automobile &#8211; Actualit\u00e9 automobile<\/a><\/p>\n<p><\/p>\n","protected":false},"excerpt":{"rendered":"<p>Les tarifs douaniers de 25 % sur presque tous les produits import\u00e9s des Canada et du Mexique pourraient stopper net la production automobile en moins d\u2019une semaine. Avec des marges d\u00e9j\u00e0 serr\u00e9es, ni les constructeurs ni les fournisseurs ne pourront absorber ces co\u00fbts, mettant en p\u00e9ril des milliers d\u2019emplois. Annonc\u00e9es le 1er f\u00e9vrier par Donald [&hellip;]<\/p>\n","protected":false},"author":8,"featured_media":192186,"comment_status":"close","ping_status":"closed","sticky":false,"template":"","format":"standard","meta":{"_monsterinsights_skip_tracking":false,"_monsterinsights_sitenote_active":false,"_monsterinsights_sitenote_note":"","_monsterinsights_sitenote_category":0,"footnotes":""},"categories":[101],"tags":[],"yoast_head":"<!-- This site is optimized with the Yoast SEO plugin v23.2 - https:\/\/yoast.com\/wordpress\/plugins\/seo\/ -->\n<title>Les tarifs douaniers menacent l\u2019arr\u00eat imm\u00e9diat de la production automobile en Am\u00e9rique du Nord - CanadaMotorJobs.com<\/title>\n<meta name=\"description\" content=\"Les tarifs douaniers menacent l\u2019arr\u00eat imm\u00e9diat de la production automobile en Am\u00e9rique du Nord - Benoit Charette - Annuel automobile - CanadaMotorJobs.com.\" \/>\n<meta name=\"robots\" content=\"index, follow, max-snippet:-1, max-image-preview:large, max-video-preview:-1\" \/>\n<meta property=\"og:locale\" content=\"fr_CA\" \/>\n<meta property=\"og:type\" content=\"article\" \/>\n<meta property=\"og:title\" content=\"Les tarifs douaniers menacent l\u2019arr\u00eat imm\u00e9diat de la production automobile en Am\u00e9rique du Nord - CanadaMotorJobs.com\" \/>\n<meta property=\"og:description\" content=\"Les tarifs douaniers menacent l\u2019arr\u00eat imm\u00e9diat de la production automobile en Am\u00e9rique du Nord - Benoit Charette - Annuel automobile - CanadaMotorJobs.com.\" \/>\n<meta property=\"og:url\" content=\"https:\/\/news.canadamotorjobs.com\/fr\/les-tarifs-douaniers-menacent-larret-immediat-de-la-production-automobile-en-amerique-du-nord\/\" \/>\n<meta property=\"og:site_name\" content=\"CanadaMotorJobs.com\" \/>\n<meta property=\"article:publisher\" content=\"https:\/\/www.facebook.com\/canadamotorjobs\/\" \/>\n<meta property=\"article:published_time\" content=\"2025-02-03T12:27:26+00:00\" \/>\n<meta property=\"article:modified_time\" content=\"2025-02-03T12:29:37+00:00\" \/>\n<meta property=\"og:image\" content=\"https:\/\/news.canadamotorjobs.com\/wp-content\/uploads\/2025\/02\/Donald_J._Trump_at_Marriott_Marquis_NYC_September_7th_2016_04.jpg\" \/>\n\t<meta property=\"og:image:width\" content=\"1200\" \/>\n\t<meta property=\"og:image:height\" content=\"800\" \/>\n\t<meta property=\"og:image:type\" content=\"image\/jpeg\" \/>\n<meta name=\"author\" content=\"Benoit Charette\" \/>\n<meta name=\"twitter:card\" content=\"summary_large_image\" \/>\n<meta name=\"twitter:creator\" content=\"@canadamotorjobs\" \/>\n<meta name=\"twitter:site\" content=\"@canadamotorjobs\" \/>\n<meta name=\"twitter:label1\" content=\"\u00c9crit par\" \/>\n\t<meta name=\"twitter:data1\" content=\"Benoit Charette\" \/>\n\t<meta name=\"twitter:label2\" content=\"Estimation du temps de lecture\" \/>\n\t<meta name=\"twitter:data2\" content=\"3 minutes\" \/>\n<!-- \/ Yoast SEO plugin. -->","yoast_head_json":{"title":"Les tarifs douaniers menacent l\u2019arr\u00eat imm\u00e9diat de la production automobile en Am\u00e9rique du Nord - CanadaMotorJobs.com","description":"Les tarifs douaniers menacent l\u2019arr\u00eat imm\u00e9diat de la production automobile en Am\u00e9rique du Nord - Benoit Charette - Annuel automobile - CanadaMotorJobs.com.","robots":{"index":"index","follow":"follow","max-snippet":"max-snippet:-1","max-image-preview":"max-image-preview:large","max-video-preview":"max-video-preview:-1"},"og_locale":"fr_CA","og_type":"article","og_title":"Les tarifs douaniers menacent l\u2019arr\u00eat imm\u00e9diat de la production automobile en Am\u00e9rique du Nord - CanadaMotorJobs.com","og_description":"Les tarifs douaniers menacent l\u2019arr\u00eat imm\u00e9diat de la production automobile en Am\u00e9rique du Nord - Benoit Charette - Annuel automobile - CanadaMotorJobs.com.","og_url":"https:\/\/news.canadamotorjobs.com\/fr\/les-tarifs-douaniers-menacent-larret-immediat-de-la-production-automobile-en-amerique-du-nord\/","og_site_name":"CanadaMotorJobs.com","article_publisher":"https:\/\/www.facebook.com\/canadamotorjobs\/","article_published_time":"2025-02-03T12:27:26+00:00","article_modified_time":"2025-02-03T12:29:37+00:00","og_image":[{"width":1200,"height":800,"url":"https:\/\/news.canadamotorjobs.com\/wp-content\/uploads\/2025\/02\/Donald_J._Trump_at_Marriott_Marquis_NYC_September_7th_2016_04.jpg","type":"image\/jpeg"}],"author":"Benoit Charette","twitter_card":"summary_large_image","twitter_creator":"@canadamotorjobs","twitter_site":"@canadamotorjobs","twitter_misc":{"\u00c9crit par":"Benoit Charette","Estimation du temps de lecture":"3 minutes"},"schema":{"@context":"https:\/\/schema.org","@graph":[{"@type":"Article","@id":"https:\/\/news.canadamotorjobs.com\/fr\/les-tarifs-douaniers-menacent-larret-immediat-de-la-production-automobile-en-amerique-du-nord\/#article","isPartOf":{"@id":"https:\/\/news.canadamotorjobs.com\/fr\/les-tarifs-douaniers-menacent-larret-immediat-de-la-production-automobile-en-amerique-du-nord\/"},"author":{"name":"Benoit Charette","@id":"https:\/\/news.canadamotorjobs.com\/#\/schema\/person\/51793d1f87d44011d7bcc2ed99269a90"},"headline":"Les tarifs douaniers menacent l\u2019arr\u00eat imm\u00e9diat de la production automobile en Am\u00e9rique du Nord","datePublished":"2025-02-03T12:27:26+00:00","dateModified":"2025-02-03T12:29:37+00:00","mainEntityOfPage":{"@id":"https:\/\/news.canadamotorjobs.com\/fr\/les-tarifs-douaniers-menacent-larret-immediat-de-la-production-automobile-en-amerique-du-nord\/"},"wordCount":567,"publisher":{"@id":"https:\/\/news.canadamotorjobs.com\/#organization"},"image":{"@id":"https:\/\/news.canadamotorjobs.com\/fr\/les-tarifs-douaniers-menacent-larret-immediat-de-la-production-automobile-en-amerique-du-nord\/#primaryimage"},"thumbnailUrl":"https:\/\/news.canadamotorjobs.com\/wp-content\/uploads\/2025\/02\/Donald_J._Trump_at_Marriott_Marquis_NYC_September_7th_2016_04.jpg","articleSection":["Annuel automobile"],"inLanguage":"fr-CA"},{"@type":"WebPage","@id":"https:\/\/news.canadamotorjobs.com\/fr\/les-tarifs-douaniers-menacent-larret-immediat-de-la-production-automobile-en-amerique-du-nord\/","url":"https:\/\/news.canadamotorjobs.com\/fr\/les-tarifs-douaniers-menacent-larret-immediat-de-la-production-automobile-en-amerique-du-nord\/","name":"Les tarifs douaniers menacent l\u2019arr\u00eat imm\u00e9diat de la production automobile en Am\u00e9rique du Nord - CanadaMotorJobs.com","isPartOf":{"@id":"https:\/\/news.canadamotorjobs.com\/#website"},"primaryImageOfPage":{"@id":"https:\/\/news.canadamotorjobs.com\/fr\/les-tarifs-douaniers-menacent-larret-immediat-de-la-production-automobile-en-amerique-du-nord\/#primaryimage"},"image":{"@id":"https:\/\/news.canadamotorjobs.com\/fr\/les-tarifs-douaniers-menacent-larret-immediat-de-la-production-automobile-en-amerique-du-nord\/#primaryimage"},"thumbnailUrl":"https:\/\/news.canadamotorjobs.com\/wp-content\/uploads\/2025\/02\/Donald_J._Trump_at_Marriott_Marquis_NYC_September_7th_2016_04.jpg","datePublished":"2025-02-03T12:27:26+00:00","dateModified":"2025-02-03T12:29:37+00:00","description":"Les tarifs douaniers menacent l\u2019arr\u00eat imm\u00e9diat de la production automobile en Am\u00e9rique du Nord - Benoit Charette - Annuel automobile - CanadaMotorJobs.com.","breadcrumb":{"@id":"https:\/\/news.canadamotorjobs.com\/fr\/les-tarifs-douaniers-menacent-larret-immediat-de-la-production-automobile-en-amerique-du-nord\/#breadcrumb"},"inLanguage":"fr-CA","potentialAction":[{"@type":"ReadAction","target":["https:\/\/news.canadamotorjobs.com\/fr\/les-tarifs-douaniers-menacent-larret-immediat-de-la-production-automobile-en-amerique-du-nord\/"]}]},{"@type":"ImageObject","inLanguage":"fr-CA","@id":"https:\/\/news.canadamotorjobs.com\/fr\/les-tarifs-douaniers-menacent-larret-immediat-de-la-production-automobile-en-amerique-du-nord\/#primaryimage","url":"https:\/\/news.canadamotorjobs.com\/wp-content\/uploads\/2025\/02\/Donald_J._Trump_at_Marriott_Marquis_NYC_September_7th_2016_04.jpg","contentUrl":"https:\/\/news.canadamotorjobs.com\/wp-content\/uploads\/2025\/02\/Donald_J._Trump_at_Marriott_Marquis_NYC_September_7th_2016_04.jpg","width":1200,"height":800},{"@type":"BreadcrumbList","@id":"https:\/\/news.canadamotorjobs.com\/fr\/les-tarifs-douaniers-menacent-larret-immediat-de-la-production-automobile-en-amerique-du-nord\/#breadcrumb","itemListElement":[{"@type":"ListItem","position":1,"name":"Home","item":"https:\/\/news.canadamotorjobs.com\/fr\/blog\/"},{"@type":"ListItem","position":2,"name":"Les tarifs douaniers menacent l\u2019arr\u00eat imm\u00e9diat de la production automobile en Am\u00e9rique du Nord"}]},{"@type":"WebSite","@id":"https:\/\/news.canadamotorjobs.com\/#website","url":"https:\/\/news.canadamotorjobs.com\/","name":"CanadaMotorJobs.com","description":"Automotive Jobs","publisher":{"@id":"https:\/\/news.canadamotorjobs.com\/#organization"},"potentialAction":[{"@type":"SearchAction","target":{"@type":"EntryPoint","urlTemplate":"https:\/\/news.canadamotorjobs.com\/?s={search_term_string}"},"query-input":"required name=search_term_string"}],"inLanguage":"fr-CA"},{"@type":"Organization","@id":"https:\/\/news.canadamotorjobs.com\/#organization","name":"Canada Motor Jobs","url":"https:\/\/news.canadamotorjobs.com\/","logo":{"@type":"ImageObject","inLanguage":"fr-CA","@id":"https:\/\/news.canadamotorjobs.com\/#\/schema\/logo\/image\/","url":"https:\/\/news.canadamotorjobs.com\/wp-content\/uploads\/2022\/10\/logo-canada-motor-jobs-1.png","contentUrl":"https:\/\/news.canadamotorjobs.com\/wp-content\/uploads\/2022\/10\/logo-canada-motor-jobs-1.png","width":800,"height":400,"caption":"Canada Motor Jobs"},"image":{"@id":"https:\/\/news.canadamotorjobs.com\/#\/schema\/logo\/image\/"},"sameAs":["https:\/\/www.facebook.com\/canadamotorjobs\/","https:\/\/x.com\/canadamotorjobs","https:\/\/www.instagram.com\/canadamotorjobs\/","https:\/\/www.linkedin.com\/company\/canadamotorjobs"]},{"@type":"Person","@id":"https:\/\/news.canadamotorjobs.com\/#\/schema\/person\/51793d1f87d44011d7bcc2ed99269a90","name":"Benoit Charette","image":{"@type":"ImageObject","inLanguage":"fr-CA","@id":"https:\/\/news.canadamotorjobs.com\/#\/schema\/person\/image\/","url":"https:\/\/secure.gravatar.com\/avatar\/45f3d2eebcccd909668d7ce7ea7267b6?s=96&d=mm&r=g","contentUrl":"https:\/\/secure.gravatar.com\/avatar\/45f3d2eebcccd909668d7ce7ea7267b6?s=96&d=mm&r=g","caption":"Benoit Charette"},"description":"Benoit Charette \/ Propri\u00e9taire et r\u00e9dacteur en chef Benoit Charette pratique le journalisme automobile depuis bient\u00f4t 30 ans. Il a fait ses classes au c\u00f4t\u00e9 de Daniel H\u00e9raud et au Carnet de route de 1992 \u00e0 2001. Il est fondateur, copropri\u00e9taire et r\u00e9dacteur en chef de L\u2019Annuel de l\u2019automobile, qu\u2019il publie depuis 2001. Il a anim\u00e9 les \u00e9missions RPM et RPM+ sur V et les L\u00e9gendes de la route sur Historia. \u00c0 la radio depuis 1986, il reprend l\u2019antenne cette ann\u00e9e sur les ondes de Cogeco et participe pour la deuxi\u00e8me ann\u00e9e \u00e0 l\u2019\u00e9mission Passion Auto sur RDS en plus de mettre en ligne le site Web officiel de L\u2019Annuel de l\u2019automobile sur annuelauto.ca.","sameAs":["https:\/\/annuelauto.ca\/"],"url":"https:\/\/news.canadamotorjobs.com\/fr\/author\/benoit-charette\/"}]}},"_links":{"self":[{"href":"https:\/\/news.canadamotorjobs.com\/fr\/wp-json\/wp\/v2\/posts\/192184"}],"collection":[{"href":"https:\/\/news.canadamotorjobs.com\/fr\/wp-json\/wp\/v2\/posts"}],"about":[{"href":"https:\/\/news.canadamotorjobs.com\/fr\/wp-json\/wp\/v2\/types\/post"}],"author":[{"embeddable":true,"href":"https:\/\/news.canadamotorjobs.com\/fr\/wp-json\/wp\/v2\/users\/8"}],"replies":[{"embeddable":true,"href":"https:\/\/news.canadamotorjobs.com\/fr\/wp-json\/wp\/v2\/comments?post=192184"}],"version-history":[{"count":2,"href":"https:\/\/news.canadamotorjobs.com\/fr\/wp-json\/wp\/v2\/posts\/192184\/revisions"}],"predecessor-version":[{"id":192188,"href":"https:\/\/news.canadamotorjobs.com\/fr\/wp-json\/wp\/v2\/posts\/192184\/revisions\/192188"}],"wp:featuredmedia":[{"embeddable":true,"href":"https:\/\/news.canadamotorjobs.com\/fr\/wp-json\/wp\/v2\/media\/192186"}],"wp:attachment":[{"href":"https:\/\/news.canadamotorjobs.com\/fr\/wp-json\/wp\/v2\/media?parent=192184"}],"wp:term":[{"taxonomy":"category","embeddable":true,"href":"https:\/\/news.canadamotorjobs.com\/fr\/wp-json\/wp\/v2\/categories?post=192184"},{"taxonomy":"post_tag","embeddable":true,"href":"https:\/\/news.canadamotorjobs.com\/fr\/wp-json\/wp\/v2\/tags?post=192184"}],"curies":[{"name":"wp","href":"https:\/\/api.w.org\/{rel}","templated":true}]}}