{"id":192130,"date":"2025-02-02T08:50:08","date_gmt":"2025-02-02T13:50:08","guid":{"rendered":"https:\/\/news.canadamotorjobs.com\/?p=192130"},"modified":"2025-02-02T08:58:55","modified_gmt":"2025-02-02T13:58:55","slug":"donald-trump-impose-des-tarifs-de-25-sur-les-importations-canadiennes-et-mexicaines","status":"publish","type":"post","link":"https:\/\/news.canadamotorjobs.com\/fr\/donald-trump-impose-des-tarifs-de-25-sur-les-importations-canadiennes-et-mexicaines\/","title":{"rendered":"Donald Trump impose des tarifs de 25 % sur les importations canadiennes et mexicaines"},"content":{"rendered":"<\/p>\n<p>Le pr\u00e9sident <strong>Donald Trump<\/strong> a sign\u00e9 des d\u00e9crets instaurant des <strong>tarifs douaniers de 25 %<\/strong> sur les <strong>v\u00e9hicules, pi\u00e8ces d\u00e9tach\u00e9es et autres marchandises import\u00e9es du Canada et du Mexique<\/strong>. Cette d\u00e9cision pourrait <strong>d\u00e9sorganiser la cha\u00eene d\u2019approvisionnement automobile nord-am\u00e9ricaine<\/strong>, provoquer une <strong>guerre commerciale r\u00e9gionale<\/strong> et faire grimper les <strong>co\u00fbts pour les consommateurs et les constructeurs<\/strong>.<\/p>\n<p>Un <strong>tarif additionnel de 10 %<\/strong> a \u00e9galement \u00e9t\u00e9 appliqu\u00e9 aux importations chinoises. En r\u00e9ponse, <strong>les pays touch\u00e9s ont d\u00e9j\u00e0 annonc\u00e9 des repr\u00e9sailles<\/strong>, ce qui pourrait entra\u00eener de nouveaux conflits commerciaux.<\/p>\n<p>Trump justifie ces mesures par sa volont\u00e9 de <strong>r\u00e9duire les flux migratoires<\/strong>, le trafic de <strong>fentanyl<\/strong>, le <strong>d\u00e9ficit commercial<\/strong> et d\u2019<strong>inciter les constructeurs \u00e0 relocaliser leur production<\/strong> aux \u00c9tats-Unis.<\/p>\n<h3><strong>Un impact direct sur les prix et l\u2019emploi<\/strong><\/h3>\n<p>\nLes <strong>tarifs entreront en vigueur le 4 f\u00e9vrier<\/strong>, sans exemption pour l\u2019industrie automobile. Les experts estiment que cette taxe sera <strong>r\u00e9percut\u00e9e sur les consommateurs<\/strong>, ajoutant <strong>plusieurs milliers de dollars<\/strong> au prix moyen d\u2019un v\u00e9hicule neuf.<\/p>\n<p>Les <strong>fournisseurs de pi\u00e8ces<\/strong>, d\u00e9j\u00e0 soumis \u00e0 des marges serr\u00e9es, pourraient ne pas absorber ces co\u00fbts, entra\u00eenant des <strong>p\u00e9nuries<\/strong> et l\u2019<strong>arr\u00eat temporaire d\u2019usines<\/strong>, y compris aux \u00c9tats-Unis.<\/p>\n<p>Parmi les mod\u00e8les touch\u00e9s par ces tarifs :<br \/>\n<strong>&#8211; Pickups pleine grandeur<\/strong> : Chevrolet Silverado, GMC Sierra, Ram 1500<br \/>\n<strong>&#8211; VUS populaires<\/strong> : Toyota RAV4, Honda CR-V, Hyundai Tucson, Audi Q5<br \/>\n<strong>&#8211; Mod\u00e8les produits au Canada et au Mexique<\/strong> : Ford Mustang Mach-E, Bronco Sport, Chevrolet Equinox, Honda Civic<\/p>\n<h4><strong>L\u2019industrie appelle \u00e0 l\u2019annulation des tarifs<\/strong><\/h4>\n<p>\nLes associations du secteur, comme <strong>MEMA<\/strong> et <strong>Autos Drive America<\/strong>, d\u00e9noncent ces mesures qui risquent de :<br \/>\n<strong>&#8211; R\u00e9duire l\u2019investissement<\/strong> dans l\u2019automobile aux \u00c9tats-Unis<br \/>\n<strong>&#8211; Mettre en p\u00e9ril des milliers d\u2019emplois<\/strong> dans le secteur<br \/>\n<strong>&#8211; Accro\u00eetre la d\u00e9pendance \u00e0 la Chine<\/strong>, en ralentissant les innovations locales<\/p>\n<p>Jennifer Safavian, PDG d\u2019Autos Drive America, plaide pour une <strong>r\u00e9solution rapide<\/strong> afin de garantir la <strong>stabilit\u00e9<\/strong> du secteur.<\/p>\n<h3><strong>Une mise en place acc\u00e9l\u00e9r\u00e9e<\/strong><\/h3>\n<p>\nL\u2019administration Trump acc\u00e9l\u00e8re l\u2019application des tarifs. Selon Evercore, il faut en g\u00e9n\u00e9ral <strong>une semaine<\/strong> pour que la douane am\u00e9ricaine ajuste la r\u00e9glementation.<\/p>\n<p>Les observateurs du march\u00e9 surveillent <strong>de pr\u00e8s<\/strong> l\u2019\u00e9volution de cette politique, qui pourrait <strong>red\u00e9finir le commerce automobile nord-am\u00e9ricain<\/strong>.<\/p>\n<p>Avec des renseignements d&#8217;Automotive News<\/p>\n<h3><\/h3>\n<p>Le texte <a rel=\"nofollow\" href=\"https:\/\/annuelauto.ca\/trump-tarifs-automobile-canada-mexique\/\">Donald Trump impose des tarifs de 25 % sur les importations canadiennes et mexicaines<\/a> provient de <a rel=\"nofollow\" href=\"https:\/\/annuelauto.ca\">L&#8217;annuel de l&#8217;automobile &#8211; Actualit\u00e9 automobile<\/a><\/p>\n<p><\/p>\n","protected":false},"excerpt":{"rendered":"<p>Le pr\u00e9sident Donald Trump a sign\u00e9 des d\u00e9crets instaurant des tarifs douaniers de 25 % sur les v\u00e9hicules, pi\u00e8ces d\u00e9tach\u00e9es et autres marchandises import\u00e9es du Canada et du Mexique. Cette d\u00e9cision pourrait d\u00e9sorganiser la cha\u00eene d\u2019approvisionnement automobile nord-am\u00e9ricaine, provoquer une guerre commerciale r\u00e9gionale et faire grimper les co\u00fbts pour les consommateurs et les constructeurs. Un [&hellip;]<\/p>\n","protected":false},"author":8,"featured_media":192132,"comment_status":"close","ping_status":"closed","sticky":false,"template":"","format":"standard","meta":{"_monsterinsights_skip_tracking":false,"_monsterinsights_sitenote_active":false,"_monsterinsights_sitenote_note":"","_monsterinsights_sitenote_category":0,"footnotes":""},"categories":[101],"tags":[],"yoast_head":"<!-- This site is optimized with the Yoast SEO plugin v23.2 - https:\/\/yoast.com\/wordpress\/plugins\/seo\/ -->\n<title>Donald Trump impose des tarifs de 25 % sur les importations canadiennes et mexicaines - CanadaMotorJobs.com<\/title>\n<meta name=\"description\" content=\"Donald Trump impose des tarifs de 25 % sur les importations canadiennes et mexicaines - Benoit Charette - Annuel automobile - CanadaMotorJobs.com.\" \/>\n<meta name=\"robots\" content=\"index, follow, max-snippet:-1, max-image-preview:large, max-video-preview:-1\" \/>\n<meta property=\"og:locale\" content=\"fr_CA\" \/>\n<meta property=\"og:type\" content=\"article\" \/>\n<meta property=\"og:title\" content=\"Donald Trump impose des tarifs de 25 % sur les importations canadiennes et mexicaines - CanadaMotorJobs.com\" \/>\n<meta property=\"og:description\" content=\"Donald Trump impose des tarifs de 25 % sur les importations canadiennes et mexicaines - Benoit Charette - Annuel automobile - CanadaMotorJobs.com.\" \/>\n<meta property=\"og:url\" content=\"https:\/\/news.canadamotorjobs.com\/fr\/donald-trump-impose-des-tarifs-de-25-sur-les-importations-canadiennes-et-mexicaines\/\" \/>\n<meta property=\"og:site_name\" content=\"CanadaMotorJobs.com\" \/>\n<meta property=\"article:publisher\" content=\"https:\/\/www.facebook.com\/canadamotorjobs\/\" \/>\n<meta property=\"article:published_time\" content=\"2025-02-02T13:50:08+00:00\" \/>\n<meta property=\"article:modified_time\" content=\"2025-02-02T13:58:55+00:00\" \/>\n<meta property=\"og:image\" content=\"https:\/\/news.canadamotorjobs.com\/wp-content\/uploads\/2025\/02\/Made-in-Oshawa_-Silverado-HD.jpg\" \/>\n\t<meta property=\"og:image:width\" content=\"1200\" \/>\n\t<meta property=\"og:image:height\" content=\"800\" \/>\n\t<meta property=\"og:image:type\" content=\"image\/jpeg\" \/>\n<meta name=\"author\" content=\"Benoit Charette\" \/>\n<meta name=\"twitter:card\" content=\"summary_large_image\" \/>\n<meta name=\"twitter:creator\" content=\"@canadamotorjobs\" \/>\n<meta name=\"twitter:site\" content=\"@canadamotorjobs\" \/>\n<meta name=\"twitter:label1\" content=\"\u00c9crit par\" \/>\n\t<meta name=\"twitter:data1\" content=\"Benoit Charette\" \/>\n\t<meta name=\"twitter:label2\" content=\"Estimation du temps de lecture\" \/>\n\t<meta name=\"twitter:data2\" content=\"2 minutes\" \/>\n<!-- \/ Yoast SEO plugin. -->","yoast_head_json":{"title":"Donald Trump impose des tarifs de 25 % sur les importations canadiennes et mexicaines - CanadaMotorJobs.com","description":"Donald Trump impose des tarifs de 25 % sur les importations canadiennes et mexicaines - Benoit Charette - Annuel automobile - CanadaMotorJobs.com.","robots":{"index":"index","follow":"follow","max-snippet":"max-snippet:-1","max-image-preview":"max-image-preview:large","max-video-preview":"max-video-preview:-1"},"og_locale":"fr_CA","og_type":"article","og_title":"Donald Trump impose des tarifs de 25 % sur les importations canadiennes et mexicaines - CanadaMotorJobs.com","og_description":"Donald Trump impose des tarifs de 25 % sur les importations canadiennes et mexicaines - Benoit Charette - Annuel automobile - CanadaMotorJobs.com.","og_url":"https:\/\/news.canadamotorjobs.com\/fr\/donald-trump-impose-des-tarifs-de-25-sur-les-importations-canadiennes-et-mexicaines\/","og_site_name":"CanadaMotorJobs.com","article_publisher":"https:\/\/www.facebook.com\/canadamotorjobs\/","article_published_time":"2025-02-02T13:50:08+00:00","article_modified_time":"2025-02-02T13:58:55+00:00","og_image":[{"width":1200,"height":800,"url":"https:\/\/news.canadamotorjobs.com\/wp-content\/uploads\/2025\/02\/Made-in-Oshawa_-Silverado-HD.jpg","type":"image\/jpeg"}],"author":"Benoit Charette","twitter_card":"summary_large_image","twitter_creator":"@canadamotorjobs","twitter_site":"@canadamotorjobs","twitter_misc":{"\u00c9crit par":"Benoit Charette","Estimation du temps de lecture":"2 minutes"},"schema":{"@context":"https:\/\/schema.org","@graph":[{"@type":"Article","@id":"https:\/\/news.canadamotorjobs.com\/fr\/donald-trump-impose-des-tarifs-de-25-sur-les-importations-canadiennes-et-mexicaines\/#article","isPartOf":{"@id":"https:\/\/news.canadamotorjobs.com\/fr\/donald-trump-impose-des-tarifs-de-25-sur-les-importations-canadiennes-et-mexicaines\/"},"author":{"name":"Benoit Charette","@id":"https:\/\/news.canadamotorjobs.com\/#\/schema\/person\/51793d1f87d44011d7bcc2ed99269a90"},"headline":"Donald Trump impose des tarifs de 25 % sur les importations canadiennes et mexicaines","datePublished":"2025-02-02T13:50:08+00:00","dateModified":"2025-02-02T13:58:55+00:00","mainEntityOfPage":{"@id":"https:\/\/news.canadamotorjobs.com\/fr\/donald-trump-impose-des-tarifs-de-25-sur-les-importations-canadiennes-et-mexicaines\/"},"wordCount":443,"publisher":{"@id":"https:\/\/news.canadamotorjobs.com\/#organization"},"image":{"@id":"https:\/\/news.canadamotorjobs.com\/fr\/donald-trump-impose-des-tarifs-de-25-sur-les-importations-canadiennes-et-mexicaines\/#primaryimage"},"thumbnailUrl":"https:\/\/news.canadamotorjobs.com\/wp-content\/uploads\/2025\/02\/Made-in-Oshawa_-Silverado-HD.jpg","articleSection":["Annuel automobile"],"inLanguage":"fr-CA"},{"@type":"WebPage","@id":"https:\/\/news.canadamotorjobs.com\/fr\/donald-trump-impose-des-tarifs-de-25-sur-les-importations-canadiennes-et-mexicaines\/","url":"https:\/\/news.canadamotorjobs.com\/fr\/donald-trump-impose-des-tarifs-de-25-sur-les-importations-canadiennes-et-mexicaines\/","name":"Donald Trump impose des tarifs de 25 % sur les importations canadiennes et mexicaines - CanadaMotorJobs.com","isPartOf":{"@id":"https:\/\/news.canadamotorjobs.com\/#website"},"primaryImageOfPage":{"@id":"https:\/\/news.canadamotorjobs.com\/fr\/donald-trump-impose-des-tarifs-de-25-sur-les-importations-canadiennes-et-mexicaines\/#primaryimage"},"image":{"@id":"https:\/\/news.canadamotorjobs.com\/fr\/donald-trump-impose-des-tarifs-de-25-sur-les-importations-canadiennes-et-mexicaines\/#primaryimage"},"thumbnailUrl":"https:\/\/news.canadamotorjobs.com\/wp-content\/uploads\/2025\/02\/Made-in-Oshawa_-Silverado-HD.jpg","datePublished":"2025-02-02T13:50:08+00:00","dateModified":"2025-02-02T13:58:55+00:00","description":"Donald Trump impose des tarifs de 25 % sur les importations canadiennes et mexicaines - Benoit Charette - Annuel automobile - CanadaMotorJobs.com.","breadcrumb":{"@id":"https:\/\/news.canadamotorjobs.com\/fr\/donald-trump-impose-des-tarifs-de-25-sur-les-importations-canadiennes-et-mexicaines\/#breadcrumb"},"inLanguage":"fr-CA","potentialAction":[{"@type":"ReadAction","target":["https:\/\/news.canadamotorjobs.com\/fr\/donald-trump-impose-des-tarifs-de-25-sur-les-importations-canadiennes-et-mexicaines\/"]}]},{"@type":"ImageObject","inLanguage":"fr-CA","@id":"https:\/\/news.canadamotorjobs.com\/fr\/donald-trump-impose-des-tarifs-de-25-sur-les-importations-canadiennes-et-mexicaines\/#primaryimage","url":"https:\/\/news.canadamotorjobs.com\/wp-content\/uploads\/2025\/02\/Made-in-Oshawa_-Silverado-HD.jpg","contentUrl":"https:\/\/news.canadamotorjobs.com\/wp-content\/uploads\/2025\/02\/Made-in-Oshawa_-Silverado-HD.jpg","width":1200,"height":800},{"@type":"BreadcrumbList","@id":"https:\/\/news.canadamotorjobs.com\/fr\/donald-trump-impose-des-tarifs-de-25-sur-les-importations-canadiennes-et-mexicaines\/#breadcrumb","itemListElement":[{"@type":"ListItem","position":1,"name":"Home","item":"https:\/\/news.canadamotorjobs.com\/fr\/blog\/"},{"@type":"ListItem","position":2,"name":"Donald Trump impose des tarifs de 25 % sur les importations canadiennes et mexicaines"}]},{"@type":"WebSite","@id":"https:\/\/news.canadamotorjobs.com\/#website","url":"https:\/\/news.canadamotorjobs.com\/","name":"CanadaMotorJobs.com","description":"Automotive Jobs","publisher":{"@id":"https:\/\/news.canadamotorjobs.com\/#organization"},"potentialAction":[{"@type":"SearchAction","target":{"@type":"EntryPoint","urlTemplate":"https:\/\/news.canadamotorjobs.com\/?s={search_term_string}"},"query-input":"required name=search_term_string"}],"inLanguage":"fr-CA"},{"@type":"Organization","@id":"https:\/\/news.canadamotorjobs.com\/#organization","name":"Canada Motor Jobs","url":"https:\/\/news.canadamotorjobs.com\/","logo":{"@type":"ImageObject","inLanguage":"fr-CA","@id":"https:\/\/news.canadamotorjobs.com\/#\/schema\/logo\/image\/","url":"https:\/\/news.canadamotorjobs.com\/wp-content\/uploads\/2022\/10\/logo-canada-motor-jobs-1.png","contentUrl":"https:\/\/news.canadamotorjobs.com\/wp-content\/uploads\/2022\/10\/logo-canada-motor-jobs-1.png","width":800,"height":400,"caption":"Canada Motor Jobs"},"image":{"@id":"https:\/\/news.canadamotorjobs.com\/#\/schema\/logo\/image\/"},"sameAs":["https:\/\/www.facebook.com\/canadamotorjobs\/","https:\/\/x.com\/canadamotorjobs","https:\/\/www.instagram.com\/canadamotorjobs\/","https:\/\/www.linkedin.com\/company\/canadamotorjobs"]},{"@type":"Person","@id":"https:\/\/news.canadamotorjobs.com\/#\/schema\/person\/51793d1f87d44011d7bcc2ed99269a90","name":"Benoit Charette","image":{"@type":"ImageObject","inLanguage":"fr-CA","@id":"https:\/\/news.canadamotorjobs.com\/#\/schema\/person\/image\/","url":"https:\/\/secure.gravatar.com\/avatar\/45f3d2eebcccd909668d7ce7ea7267b6?s=96&d=mm&r=g","contentUrl":"https:\/\/secure.gravatar.com\/avatar\/45f3d2eebcccd909668d7ce7ea7267b6?s=96&d=mm&r=g","caption":"Benoit Charette"},"description":"Benoit Charette \/ Propri\u00e9taire et r\u00e9dacteur en chef Benoit Charette pratique le journalisme automobile depuis bient\u00f4t 30 ans. Il a fait ses classes au c\u00f4t\u00e9 de Daniel H\u00e9raud et au Carnet de route de 1992 \u00e0 2001. Il est fondateur, copropri\u00e9taire et r\u00e9dacteur en chef de L\u2019Annuel de l\u2019automobile, qu\u2019il publie depuis 2001. Il a anim\u00e9 les \u00e9missions RPM et RPM+ sur V et les L\u00e9gendes de la route sur Historia. \u00c0 la radio depuis 1986, il reprend l\u2019antenne cette ann\u00e9e sur les ondes de Cogeco et participe pour la deuxi\u00e8me ann\u00e9e \u00e0 l\u2019\u00e9mission Passion Auto sur RDS en plus de mettre en ligne le site Web officiel de L\u2019Annuel de l\u2019automobile sur annuelauto.ca.","sameAs":["https:\/\/annuelauto.ca\/"],"url":"https:\/\/news.canadamotorjobs.com\/fr\/author\/benoit-charette\/"}]}},"_links":{"self":[{"href":"https:\/\/news.canadamotorjobs.com\/fr\/wp-json\/wp\/v2\/posts\/192130"}],"collection":[{"href":"https:\/\/news.canadamotorjobs.com\/fr\/wp-json\/wp\/v2\/posts"}],"about":[{"href":"https:\/\/news.canadamotorjobs.com\/fr\/wp-json\/wp\/v2\/types\/post"}],"author":[{"embeddable":true,"href":"https:\/\/news.canadamotorjobs.com\/fr\/wp-json\/wp\/v2\/users\/8"}],"replies":[{"embeddable":true,"href":"https:\/\/news.canadamotorjobs.com\/fr\/wp-json\/wp\/v2\/comments?post=192130"}],"version-history":[{"count":2,"href":"https:\/\/news.canadamotorjobs.com\/fr\/wp-json\/wp\/v2\/posts\/192130\/revisions"}],"predecessor-version":[{"id":192134,"href":"https:\/\/news.canadamotorjobs.com\/fr\/wp-json\/wp\/v2\/posts\/192130\/revisions\/192134"}],"wp:featuredmedia":[{"embeddable":true,"href":"https:\/\/news.canadamotorjobs.com\/fr\/wp-json\/wp\/v2\/media\/192132"}],"wp:attachment":[{"href":"https:\/\/news.canadamotorjobs.com\/fr\/wp-json\/wp\/v2\/media?parent=192130"}],"wp:term":[{"taxonomy":"category","embeddable":true,"href":"https:\/\/news.canadamotorjobs.com\/fr\/wp-json\/wp\/v2\/categories?post=192130"},{"taxonomy":"post_tag","embeddable":true,"href":"https:\/\/news.canadamotorjobs.com\/fr\/wp-json\/wp\/v2\/tags?post=192130"}],"curies":[{"name":"wp","href":"https:\/\/api.w.org\/{rel}","templated":true}]}}