{"id":192102,"date":"2025-02-02T02:24:56","date_gmt":"2025-02-02T07:24:56","guid":{"rendered":"https:\/\/news.canadamotorjobs.com\/?p=192102"},"modified":"2025-02-02T02:29:38","modified_gmt":"2025-02-02T07:29:38","slug":"jeep-abandonne-t-il-definitivement-le-nom-de-cherokee","status":"publish","type":"post","link":"https:\/\/news.canadamotorjobs.com\/fr\/jeep-abandonne-t-il-definitivement-le-nom-de-cherokee\/","title":{"rendered":"Jeep abandonne-t-il d\u00e9finitivement le nom de Cherokee\u2009?"},"content":{"rendered":"<\/p>\n<p>Le Jeep Cherokee, l\u00e9gendaire VUS ayant contribu\u00e9 \u00e0 la popularit\u00e9 du segment et de la marque, pourrait bien changer de nom. Stellantis a r\u00e9cemment annonc\u00e9 l\u2019arriv\u00e9e de trois nouveaux mod\u00e8les Jeep, sans mentionner le nom Cherokee, ce qui laisse entendre que le constructeur pourrait tirer un trait sur cette appellation.<\/p>\n<p>La production du Jeep Cherokee a cess\u00e9 en 2023, mais un rempla\u00e7ant est attendu d\u2019ici la fin de l\u2019ann\u00e9e. Cependant, l\u2019absence du nom dans les r\u00e9centes d\u00e9clarations officielles de la division intrigue. Le constructeur a m\u00eame d\u00e9j\u00e0 utilis\u00e9 une autre appellation provisoire, \u00ab New Mainstream UV \u00bb (nouvel utilitaire g\u00e9n\u00e9rique), pour d\u00e9signer ce futur mod\u00e8le.<\/p>\n<p><\/p>\n<figure><img decoding=\"async\" src=\"https:\/\/news.canadamotorjobs.com\/wp-content\/uploads\/2025\/02\/jeep_cherokee_trailhawk_2023_001-5.jpeg\" alt=\"\u00c9cusson Cherokee\" \/><figcaption>\u00c9cusson Cherokee | Auto123.com<\/figcaption><\/figure>\n<p><strong>Un nom controvers\u00e9 depuis plusieurs ann\u00e9es<\/strong><\/p>\n<p>Le d\u00e9bat autour du nom Cherokee n\u2019est pas nouveau. En 2021, la nation Cherokee avait demand\u00e9 \u00e0 Jeep de cesser d\u2019utiliser leur nom pour ses v\u00e9hicules. Malgr\u00e9 cette demande, Stellantis avait alors d\u00e9fendu son choix, affirmant que ses mod\u00e8les rendaient hommage aux peuples autochtones.<\/p>\n<p>Si Jeep d\u00e9cide finalement d\u2019abandonner ce nom, ce ne serait pas une premi\u00e8re. En 2002, apr\u00e8s l\u2019arr\u00eat du Cherokee XJ, la marque avait lanc\u00e9 le Liberty, avant de revenir au nom Cherokee en 2014 avec le mod\u00e8le KL.<\/p>\n<p><strong>Un VUS hybride attendu pour 2024<\/strong><\/p>\n<p>Quel que soit son nom, le successeur du Cherokee devrait \u00eatre commercialis\u00e9 d\u2019ici la fin de l\u2019ann\u00e9e, avec des motorisations \u00e0 essence et hybride. Il partagera vraisemblablement la plateforme STLA Large, d\u00e9j\u00e0 utilis\u00e9e par le Recon et le Wagoneer S.<\/p>\n<p>Parall\u00e8lement, Jeep a confirm\u00e9 l\u2019arriv\u00e9e prochaine du mod\u00e8le \u00e9lectrique Recon, ainsi que des versions mises \u00e0 jour des Compass et Renegade. Un Gladiator 4xe hybride rechargeable et un Wagoneer \u00e0 prolongateur d\u2019autonomie sont \u00e9galement en pr\u00e9paration.<\/p>\n<p>Reste \u00e0 voir si Jeep confirmera l\u2019abandon du nom Cherokee ou si la marque persistera avec cette appellation charg\u00e9e d\u2019histoire et de controverses.<\/p>\n<p><\/p>\n<p style=\"padding-top: 15px\">Contenu original de <a href=\"https:\/\/www.auto123.com\/fr\/actualites\/jeep-abandon-nom-cherokee\/72355\/\">auto123<\/a>.<\/p>\n<p>Le texte <a rel=\"nofollow\" href=\"https:\/\/annuelauto.ca\/jeep-abandonne-t-il-definitivement-le-nom-de-cherokee%e2%80%89\/\">Jeep abandonne-t-il d\u00e9finitivement le nom de Cherokee\u2009?<\/a> provient de <a rel=\"nofollow\" href=\"https:\/\/annuelauto.ca\">L&#8217;annuel de l&#8217;automobile &#8211; Actualit\u00e9 automobile<\/a><\/p>\n<p><\/p>\n","protected":false},"excerpt":{"rendered":"<p>Le Jeep Cherokee, l\u00e9gendaire VUS ayant contribu\u00e9 \u00e0 la popularit\u00e9 du segment et de la marque, pourrait bien changer de nom. Stellantis a r\u00e9cemment annonc\u00e9 l\u2019arriv\u00e9e de trois nouveaux mod\u00e8les Jeep, sans mentionner le nom Cherokee, ce qui laisse entendre que le constructeur pourrait tirer un trait sur cette appellation. La production du Jeep Cherokee [&hellip;]<\/p>\n","protected":false},"author":8,"featured_media":192104,"comment_status":"close","ping_status":"closed","sticky":false,"template":"","format":"standard","meta":{"_monsterinsights_skip_tracking":false,"_monsterinsights_sitenote_active":false,"_monsterinsights_sitenote_note":"","_monsterinsights_sitenote_category":0,"footnotes":""},"categories":[101],"tags":[],"yoast_head":"<!-- This site is optimized with the Yoast SEO plugin v23.2 - https:\/\/yoast.com\/wordpress\/plugins\/seo\/ -->\n<title>Jeep abandonne-t-il d\u00e9finitivement le nom de Cherokee\u2009? - CanadaMotorJobs.com<\/title>\n<meta name=\"description\" content=\"Jeep abandonne-t-il d\u00e9finitivement le nom de Cherokee\u2009? - Benoit Charette - Annuel automobile - CanadaMotorJobs.com.\" \/>\n<meta name=\"robots\" content=\"index, follow, max-snippet:-1, max-image-preview:large, max-video-preview:-1\" \/>\n<meta property=\"og:locale\" content=\"fr_CA\" \/>\n<meta property=\"og:type\" content=\"article\" \/>\n<meta property=\"og:title\" content=\"Jeep abandonne-t-il d\u00e9finitivement le nom de Cherokee\u2009? - CanadaMotorJobs.com\" \/>\n<meta property=\"og:description\" content=\"Jeep abandonne-t-il d\u00e9finitivement le nom de Cherokee\u2009? - Benoit Charette - Annuel automobile - CanadaMotorJobs.com.\" \/>\n<meta property=\"og:url\" content=\"https:\/\/news.canadamotorjobs.com\/fr\/jeep-abandonne-t-il-definitivement-le-nom-de-cherokee\/\" \/>\n<meta property=\"og:site_name\" content=\"CanadaMotorJobs.com\" \/>\n<meta property=\"article:publisher\" content=\"https:\/\/www.facebook.com\/canadamotorjobs\/\" \/>\n<meta property=\"article:published_time\" content=\"2025-02-02T07:24:56+00:00\" \/>\n<meta property=\"article:modified_time\" content=\"2025-02-02T07:29:38+00:00\" \/>\n<meta property=\"og:image\" content=\"https:\/\/news.canadamotorjobs.com\/wp-content\/uploads\/2025\/02\/jeep_cherokee_trailhawk_2023_001.jpeg\" \/>\n\t<meta property=\"og:image:width\" content=\"1200\" \/>\n\t<meta property=\"og:image:height\" content=\"732\" \/>\n\t<meta property=\"og:image:type\" content=\"image\/jpeg\" \/>\n<meta name=\"author\" content=\"Benoit Charette\" \/>\n<meta name=\"twitter:card\" content=\"summary_large_image\" \/>\n<meta name=\"twitter:creator\" content=\"@canadamotorjobs\" \/>\n<meta name=\"twitter:site\" content=\"@canadamotorjobs\" \/>\n<meta name=\"twitter:label1\" content=\"\u00c9crit par\" \/>\n\t<meta name=\"twitter:data1\" content=\"Benoit Charette\" \/>\n\t<meta name=\"twitter:label2\" content=\"Estimation du temps de lecture\" \/>\n\t<meta name=\"twitter:data2\" content=\"2 minutes\" \/>\n<!-- \/ Yoast SEO plugin. -->","yoast_head_json":{"title":"Jeep abandonne-t-il d\u00e9finitivement le nom de Cherokee\u2009? - CanadaMotorJobs.com","description":"Jeep abandonne-t-il d\u00e9finitivement le nom de Cherokee\u2009? - Benoit Charette - Annuel automobile - CanadaMotorJobs.com.","robots":{"index":"index","follow":"follow","max-snippet":"max-snippet:-1","max-image-preview":"max-image-preview:large","max-video-preview":"max-video-preview:-1"},"og_locale":"fr_CA","og_type":"article","og_title":"Jeep abandonne-t-il d\u00e9finitivement le nom de Cherokee\u2009? - CanadaMotorJobs.com","og_description":"Jeep abandonne-t-il d\u00e9finitivement le nom de Cherokee\u2009? - Benoit Charette - Annuel automobile - CanadaMotorJobs.com.","og_url":"https:\/\/news.canadamotorjobs.com\/fr\/jeep-abandonne-t-il-definitivement-le-nom-de-cherokee\/","og_site_name":"CanadaMotorJobs.com","article_publisher":"https:\/\/www.facebook.com\/canadamotorjobs\/","article_published_time":"2025-02-02T07:24:56+00:00","article_modified_time":"2025-02-02T07:29:38+00:00","og_image":[{"width":1200,"height":732,"url":"https:\/\/news.canadamotorjobs.com\/wp-content\/uploads\/2025\/02\/jeep_cherokee_trailhawk_2023_001.jpeg","type":"image\/jpeg"}],"author":"Benoit Charette","twitter_card":"summary_large_image","twitter_creator":"@canadamotorjobs","twitter_site":"@canadamotorjobs","twitter_misc":{"\u00c9crit par":"Benoit Charette","Estimation du temps de lecture":"2 minutes"},"schema":{"@context":"https:\/\/schema.org","@graph":[{"@type":"Article","@id":"https:\/\/news.canadamotorjobs.com\/fr\/jeep-abandonne-t-il-definitivement-le-nom-de-cherokee\/#article","isPartOf":{"@id":"https:\/\/news.canadamotorjobs.com\/fr\/jeep-abandonne-t-il-definitivement-le-nom-de-cherokee\/"},"author":{"name":"Benoit Charette","@id":"https:\/\/news.canadamotorjobs.com\/#\/schema\/person\/51793d1f87d44011d7bcc2ed99269a90"},"headline":"Jeep abandonne-t-il d\u00e9finitivement le nom de Cherokee\u2009?","datePublished":"2025-02-02T07:24:56+00:00","dateModified":"2025-02-02T07:29:38+00:00","mainEntityOfPage":{"@id":"https:\/\/news.canadamotorjobs.com\/fr\/jeep-abandonne-t-il-definitivement-le-nom-de-cherokee\/"},"wordCount":367,"publisher":{"@id":"https:\/\/news.canadamotorjobs.com\/#organization"},"image":{"@id":"https:\/\/news.canadamotorjobs.com\/fr\/jeep-abandonne-t-il-definitivement-le-nom-de-cherokee\/#primaryimage"},"thumbnailUrl":"https:\/\/news.canadamotorjobs.com\/wp-content\/uploads\/2025\/02\/jeep_cherokee_trailhawk_2023_001.jpeg","articleSection":["Annuel automobile"],"inLanguage":"fr-CA"},{"@type":"WebPage","@id":"https:\/\/news.canadamotorjobs.com\/fr\/jeep-abandonne-t-il-definitivement-le-nom-de-cherokee\/","url":"https:\/\/news.canadamotorjobs.com\/fr\/jeep-abandonne-t-il-definitivement-le-nom-de-cherokee\/","name":"Jeep abandonne-t-il d\u00e9finitivement le nom de Cherokee\u2009? - CanadaMotorJobs.com","isPartOf":{"@id":"https:\/\/news.canadamotorjobs.com\/#website"},"primaryImageOfPage":{"@id":"https:\/\/news.canadamotorjobs.com\/fr\/jeep-abandonne-t-il-definitivement-le-nom-de-cherokee\/#primaryimage"},"image":{"@id":"https:\/\/news.canadamotorjobs.com\/fr\/jeep-abandonne-t-il-definitivement-le-nom-de-cherokee\/#primaryimage"},"thumbnailUrl":"https:\/\/news.canadamotorjobs.com\/wp-content\/uploads\/2025\/02\/jeep_cherokee_trailhawk_2023_001.jpeg","datePublished":"2025-02-02T07:24:56+00:00","dateModified":"2025-02-02T07:29:38+00:00","description":"Jeep abandonne-t-il d\u00e9finitivement le nom de Cherokee\u2009? - Benoit Charette - Annuel automobile - CanadaMotorJobs.com.","breadcrumb":{"@id":"https:\/\/news.canadamotorjobs.com\/fr\/jeep-abandonne-t-il-definitivement-le-nom-de-cherokee\/#breadcrumb"},"inLanguage":"fr-CA","potentialAction":[{"@type":"ReadAction","target":["https:\/\/news.canadamotorjobs.com\/fr\/jeep-abandonne-t-il-definitivement-le-nom-de-cherokee\/"]}]},{"@type":"ImageObject","inLanguage":"fr-CA","@id":"https:\/\/news.canadamotorjobs.com\/fr\/jeep-abandonne-t-il-definitivement-le-nom-de-cherokee\/#primaryimage","url":"https:\/\/news.canadamotorjobs.com\/wp-content\/uploads\/2025\/02\/jeep_cherokee_trailhawk_2023_001.jpeg","contentUrl":"https:\/\/news.canadamotorjobs.com\/wp-content\/uploads\/2025\/02\/jeep_cherokee_trailhawk_2023_001.jpeg","width":1200,"height":732},{"@type":"BreadcrumbList","@id":"https:\/\/news.canadamotorjobs.com\/fr\/jeep-abandonne-t-il-definitivement-le-nom-de-cherokee\/#breadcrumb","itemListElement":[{"@type":"ListItem","position":1,"name":"Home","item":"https:\/\/news.canadamotorjobs.com\/fr\/blog\/"},{"@type":"ListItem","position":2,"name":"Jeep abandonne-t-il d\u00e9finitivement le nom de Cherokee\u2009?"}]},{"@type":"WebSite","@id":"https:\/\/news.canadamotorjobs.com\/#website","url":"https:\/\/news.canadamotorjobs.com\/","name":"CanadaMotorJobs.com","description":"Automotive Jobs","publisher":{"@id":"https:\/\/news.canadamotorjobs.com\/#organization"},"potentialAction":[{"@type":"SearchAction","target":{"@type":"EntryPoint","urlTemplate":"https:\/\/news.canadamotorjobs.com\/?s={search_term_string}"},"query-input":"required name=search_term_string"}],"inLanguage":"fr-CA"},{"@type":"Organization","@id":"https:\/\/news.canadamotorjobs.com\/#organization","name":"Canada Motor Jobs","url":"https:\/\/news.canadamotorjobs.com\/","logo":{"@type":"ImageObject","inLanguage":"fr-CA","@id":"https:\/\/news.canadamotorjobs.com\/#\/schema\/logo\/image\/","url":"https:\/\/news.canadamotorjobs.com\/wp-content\/uploads\/2022\/10\/logo-canada-motor-jobs-1.png","contentUrl":"https:\/\/news.canadamotorjobs.com\/wp-content\/uploads\/2022\/10\/logo-canada-motor-jobs-1.png","width":800,"height":400,"caption":"Canada Motor Jobs"},"image":{"@id":"https:\/\/news.canadamotorjobs.com\/#\/schema\/logo\/image\/"},"sameAs":["https:\/\/www.facebook.com\/canadamotorjobs\/","https:\/\/x.com\/canadamotorjobs","https:\/\/www.instagram.com\/canadamotorjobs\/","https:\/\/www.linkedin.com\/company\/canadamotorjobs"]},{"@type":"Person","@id":"https:\/\/news.canadamotorjobs.com\/#\/schema\/person\/51793d1f87d44011d7bcc2ed99269a90","name":"Benoit Charette","image":{"@type":"ImageObject","inLanguage":"fr-CA","@id":"https:\/\/news.canadamotorjobs.com\/#\/schema\/person\/image\/","url":"https:\/\/secure.gravatar.com\/avatar\/45f3d2eebcccd909668d7ce7ea7267b6?s=96&d=mm&r=g","contentUrl":"https:\/\/secure.gravatar.com\/avatar\/45f3d2eebcccd909668d7ce7ea7267b6?s=96&d=mm&r=g","caption":"Benoit Charette"},"description":"Benoit Charette \/ Propri\u00e9taire et r\u00e9dacteur en chef Benoit Charette pratique le journalisme automobile depuis bient\u00f4t 30 ans. Il a fait ses classes au c\u00f4t\u00e9 de Daniel H\u00e9raud et au Carnet de route de 1992 \u00e0 2001. Il est fondateur, copropri\u00e9taire et r\u00e9dacteur en chef de L\u2019Annuel de l\u2019automobile, qu\u2019il publie depuis 2001. Il a anim\u00e9 les \u00e9missions RPM et RPM+ sur V et les L\u00e9gendes de la route sur Historia. \u00c0 la radio depuis 1986, il reprend l\u2019antenne cette ann\u00e9e sur les ondes de Cogeco et participe pour la deuxi\u00e8me ann\u00e9e \u00e0 l\u2019\u00e9mission Passion Auto sur RDS en plus de mettre en ligne le site Web officiel de L\u2019Annuel de l\u2019automobile sur annuelauto.ca.","sameAs":["https:\/\/annuelauto.ca\/"],"url":"https:\/\/news.canadamotorjobs.com\/fr\/author\/benoit-charette\/"}]}},"_links":{"self":[{"href":"https:\/\/news.canadamotorjobs.com\/fr\/wp-json\/wp\/v2\/posts\/192102"}],"collection":[{"href":"https:\/\/news.canadamotorjobs.com\/fr\/wp-json\/wp\/v2\/posts"}],"about":[{"href":"https:\/\/news.canadamotorjobs.com\/fr\/wp-json\/wp\/v2\/types\/post"}],"author":[{"embeddable":true,"href":"https:\/\/news.canadamotorjobs.com\/fr\/wp-json\/wp\/v2\/users\/8"}],"replies":[{"embeddable":true,"href":"https:\/\/news.canadamotorjobs.com\/fr\/wp-json\/wp\/v2\/comments?post=192102"}],"version-history":[{"count":3,"href":"https:\/\/news.canadamotorjobs.com\/fr\/wp-json\/wp\/v2\/posts\/192102\/revisions"}],"predecessor-version":[{"id":192129,"href":"https:\/\/news.canadamotorjobs.com\/fr\/wp-json\/wp\/v2\/posts\/192102\/revisions\/192129"}],"wp:featuredmedia":[{"embeddable":true,"href":"https:\/\/news.canadamotorjobs.com\/fr\/wp-json\/wp\/v2\/media\/192104"}],"wp:attachment":[{"href":"https:\/\/news.canadamotorjobs.com\/fr\/wp-json\/wp\/v2\/media?parent=192102"}],"wp:term":[{"taxonomy":"category","embeddable":true,"href":"https:\/\/news.canadamotorjobs.com\/fr\/wp-json\/wp\/v2\/categories?post=192102"},{"taxonomy":"post_tag","embeddable":true,"href":"https:\/\/news.canadamotorjobs.com\/fr\/wp-json\/wp\/v2\/tags?post=192102"}],"curies":[{"name":"wp","href":"https:\/\/api.w.org\/{rel}","templated":true}]}}