{"id":192066,"date":"2025-02-02T02:24:57","date_gmt":"2025-02-02T07:24:57","guid":{"rendered":"https:\/\/news.canadamotorjobs.com\/?p=192066"},"modified":"2025-02-02T02:29:26","modified_gmt":"2025-02-02T07:29:26","slug":"dodge-charger-sixpack-le-retour-du-muscle-car-en-2025","status":"publish","type":"post","link":"https:\/\/news.canadamotorjobs.com\/fr\/dodge-charger-sixpack-le-retour-du-muscle-car-en-2025\/","title":{"rendered":"Dodge Charger Sixpack : le retour du muscle car en 2025"},"content":{"rendered":"<\/p>\n<p>La Dodge Charger Sixpack \u00e0 moteur thermique va se pointer chez les concessionnaires \u00ab d\u2019ici l\u2019\u00e9t\u00e9 2025 \u00bb, selon Stellantis. L\u2019annonce a \u00e9t\u00e9 faite lors de la r\u00e9union annuelle de la NADA (National Automobile Dealers Association), soit l\u2019Assembl\u00e9e nationale des concessionnaires am\u00e9ricains, qui s\u2019est tenue \u00e0 La Nouvelle-Orl\u00e9ans. La date exacte de l\u2019arriv\u00e9e du mod\u00e8le n\u2019a pas \u00e9t\u00e9 pr\u00e9cis\u00e9e, toutefois. Si l\u2019on prend cette d\u00e9claration au pied de la lettre, il faudra s\u2019attendre \u00e0 voir le mod\u00e8le sur les routes avant le 20 juin 2025.<\/p>\n<p><\/p>\n<figure><img decoding=\"async\" src=\"https:\/\/news.canadamotorjobs.com\/wp-content\/uploads\/2025\/02\/2025-Dodge-Charger-SIXPACK-Coupe-002-5.jpg\" alt=\"La Dodge Charger Sixpack coup\u00e9 2025\" \/><figcaption>La Dodge Charger Sixpack coup\u00e9 2025 | Auto123.com<\/figcaption><\/figure>\n<p><strong>Une solution de rechange thermique \u00e0 la Charger Daytona<\/strong><\/p>\n<p>La version Sixpack viendra compl\u00e9ter la gamme de la nouvelle Dodge Charger Daytona \u00e9lectrique, qui vient tout juste d\u2019arriver en concession.<\/p>\n<p>Les deux mod\u00e8les avaient \u00e9t\u00e9 d\u00e9voil\u00e9s en mars 2024, mais la priorit\u00e9 \u00e9tait alors donn\u00e9e \u00e0 la version \u00e9lectrique, initialement attendue pour l\u2019\u00e9t\u00e9 dernier. Son lancement ayant \u00e9t\u00e9 retard\u00e9, la marque a connu une ann\u00e9e mouvement\u00e9e, marqu\u00e9e notamment par le d\u00e9part soudain de l\u2019ancien PDG de Stellantis, Carlos Tavares.<\/p>\n<p><strong>Un moteur Hurricane pour les amateurs de performance<\/strong><\/p>\n<p>Dodge n\u2019a pas encore r\u00e9v\u00e9l\u00e9 tous les d\u00e9tails de la Charger Sixpack, mais on sait d\u00e9j\u00e0 qu\u2019elle sera anim\u00e9e par un moteur 6-cylindres en ligne biturbo de 3,0 litres. Deux niveaux de puissance seront propos\u00e9s : 420 et 550 chevaux. Comme avec la Charger Daytona, le mod\u00e8le sera disponible en versions \u00e0 deux et \u00e0 quatre portes, avec la transmission int\u00e9grale en option. Reste \u00e0 voir si ce nouveau mod\u00e8le sera capable de br\u00fbler des pneus aussi efficacement que ses pr\u00e9d\u00e9cesseurs.<\/p>\n<p>\u00a0<\/p>\n<p><\/p>\n<figure><img decoding=\"async\" src=\"https:\/\/news.canadamotorjobs.com\/wp-content\/uploads\/2025\/02\/2025-Dodge-Charger-SIXPACK-Coupe-003a-1.jpg\" alt=\"La Dodge Charger Sixpack coup\u00e9 2025, arri\u00e8re\" \/><figcaption>La Dodge Charger Sixpack coup\u00e9 2025, arri\u00e8re | Auto123.com<\/figcaption><\/figure>\n<p><strong>Dodge en difficult\u00e9 ; Stellantis veut rassurer ses concessionnaires<\/strong><\/p>\n<p>L\u2019annonce de la Dodge Charger Sixpack survient alors que Stellantis tente de rassurer ses concessionnaires face \u00e0 la chute des ventes de Dodge en 2024. D\u2019autres marques du groupe, comme Jeep, Ram et Chrysler, ont \u00e9galement connu des baisses inqui\u00e9tantes. Les distributeurs ont d\u2019ailleurs publiquement critiqu\u00e9 Carlos Tavares pour la \u00ab d\u00e9gradation rapide \u00bb de ces marques embl\u00e9matiques.<\/p>\n<p>Jeff Kommor, responsable des ventes aux \u00c9tats-Unis pour Stellantis, a tenu \u00e0 apaiser les tensions : \u00ab Nous savons que nos concessionnaires attendent de la coh\u00e9rence de notre part. Apr\u00e8s une ann\u00e9e difficile en 2024, nous leur avons affirm\u00e9 directement que nous serons constants et concentr\u00e9s sur le renforcement de leur confiance, notamment en ce qui concerne nos produits, nos prix et nos incitatifs. \u00bb<\/p>\n<p>Avec l\u2019arriv\u00e9e imminente de la Charger Sixpack, Dodge esp\u00e8re reconqu\u00e9rir les amateurs de <em>muscle car<\/em> tout en redynamisant ses ventes.<\/p>\n<p><\/p>\n<figure><img decoding=\"async\" src=\"https:\/\/news.canadamotorjobs.com\/wp-content\/uploads\/2025\/02\/2025-Dodge-Charger-SIXPACK-Coupe-001a-1.jpg\" alt=\"La Dodge Charger Sixpack coup\u00e9 2025, avant\" \/><figcaption>La Dodge Charger Sixpack coup\u00e9 2025, avant | Auto123.com<\/figcaption><\/figure>\n<p style=\"padding-top: 15px\">Contenu original de <a href=\"https:\/\/www.auto123.com\/fr\/actualites\/dodge-charger-sixpack-2025-summer\/72353\/\">auto123<\/a>.<\/p>\n<p>Le texte <a rel=\"nofollow\" href=\"https:\/\/annuelauto.ca\/dodge-charger-sixpack-le-retour-du-muscle-car-en-2025\/\">Dodge Charger Sixpack : le retour du muscle car en 2025<\/a> provient de <a rel=\"nofollow\" href=\"https:\/\/annuelauto.ca\">L&#8217;annuel de l&#8217;automobile &#8211; Actualit\u00e9 automobile<\/a><\/p>\n<p><\/p>\n","protected":false},"excerpt":{"rendered":"<p>La Dodge Charger Sixpack \u00e0 moteur thermique va se pointer chez les concessionnaires \u00ab d\u2019ici l\u2019\u00e9t\u00e9 2025 \u00bb, selon Stellantis. L\u2019annonce a \u00e9t\u00e9 faite lors de la r\u00e9union annuelle de la NADA (National Automobile Dealers Association), soit l\u2019Assembl\u00e9e nationale des concessionnaires am\u00e9ricains, qui s\u2019est tenue \u00e0 La Nouvelle-Orl\u00e9ans. La date exacte de l\u2019arriv\u00e9e du mod\u00e8le [&hellip;]<\/p>\n","protected":false},"author":8,"featured_media":192068,"comment_status":"close","ping_status":"closed","sticky":false,"template":"","format":"standard","meta":{"_monsterinsights_skip_tracking":false,"_monsterinsights_sitenote_active":false,"_monsterinsights_sitenote_note":"","_monsterinsights_sitenote_category":0,"footnotes":""},"categories":[101],"tags":[],"yoast_head":"<!-- This site is optimized with the Yoast SEO plugin v23.2 - https:\/\/yoast.com\/wordpress\/plugins\/seo\/ -->\n<title>Dodge Charger Sixpack : le retour du muscle car en 2025 - CanadaMotorJobs.com<\/title>\n<meta name=\"description\" content=\"Dodge Charger Sixpack : le retour du muscle car en 2025 - Benoit Charette - Annuel automobile - CanadaMotorJobs.com.\" \/>\n<meta name=\"robots\" content=\"index, follow, max-snippet:-1, max-image-preview:large, max-video-preview:-1\" \/>\n<meta property=\"og:locale\" content=\"fr_CA\" \/>\n<meta property=\"og:type\" content=\"article\" \/>\n<meta property=\"og:title\" content=\"Dodge Charger Sixpack : le retour du muscle car en 2025 - CanadaMotorJobs.com\" \/>\n<meta property=\"og:description\" content=\"Dodge Charger Sixpack : le retour du muscle car en 2025 - Benoit Charette - Annuel automobile - CanadaMotorJobs.com.\" \/>\n<meta property=\"og:url\" content=\"https:\/\/news.canadamotorjobs.com\/fr\/dodge-charger-sixpack-le-retour-du-muscle-car-en-2025\/\" \/>\n<meta property=\"og:site_name\" content=\"CanadaMotorJobs.com\" \/>\n<meta property=\"article:publisher\" content=\"https:\/\/www.facebook.com\/canadamotorjobs\/\" \/>\n<meta property=\"article:published_time\" content=\"2025-02-02T07:24:57+00:00\" \/>\n<meta property=\"article:modified_time\" content=\"2025-02-02T07:29:26+00:00\" \/>\n<meta property=\"og:image\" content=\"https:\/\/news.canadamotorjobs.com\/wp-content\/uploads\/2025\/02\/2025-Dodge-Charger-SIXPACK-Coupe-002.jpg\" \/>\n\t<meta property=\"og:image:width\" content=\"1200\" \/>\n\t<meta property=\"og:image:height\" content=\"675\" \/>\n\t<meta property=\"og:image:type\" content=\"image\/jpeg\" \/>\n<meta name=\"author\" content=\"Benoit Charette\" \/>\n<meta name=\"twitter:card\" content=\"summary_large_image\" \/>\n<meta name=\"twitter:creator\" content=\"@canadamotorjobs\" \/>\n<meta name=\"twitter:site\" content=\"@canadamotorjobs\" \/>\n<meta name=\"twitter:label1\" content=\"\u00c9crit par\" \/>\n\t<meta name=\"twitter:data1\" content=\"Benoit Charette\" \/>\n\t<meta name=\"twitter:label2\" content=\"Estimation du temps de lecture\" \/>\n\t<meta name=\"twitter:data2\" content=\"2 minutes\" \/>\n<!-- \/ Yoast SEO plugin. -->","yoast_head_json":{"title":"Dodge Charger Sixpack : le retour du muscle car en 2025 - CanadaMotorJobs.com","description":"Dodge Charger Sixpack : le retour du muscle car en 2025 - Benoit Charette - Annuel automobile - CanadaMotorJobs.com.","robots":{"index":"index","follow":"follow","max-snippet":"max-snippet:-1","max-image-preview":"max-image-preview:large","max-video-preview":"max-video-preview:-1"},"og_locale":"fr_CA","og_type":"article","og_title":"Dodge Charger Sixpack : le retour du muscle car en 2025 - CanadaMotorJobs.com","og_description":"Dodge Charger Sixpack : le retour du muscle car en 2025 - Benoit Charette - Annuel automobile - CanadaMotorJobs.com.","og_url":"https:\/\/news.canadamotorjobs.com\/fr\/dodge-charger-sixpack-le-retour-du-muscle-car-en-2025\/","og_site_name":"CanadaMotorJobs.com","article_publisher":"https:\/\/www.facebook.com\/canadamotorjobs\/","article_published_time":"2025-02-02T07:24:57+00:00","article_modified_time":"2025-02-02T07:29:26+00:00","og_image":[{"width":1200,"height":675,"url":"https:\/\/news.canadamotorjobs.com\/wp-content\/uploads\/2025\/02\/2025-Dodge-Charger-SIXPACK-Coupe-002.jpg","type":"image\/jpeg"}],"author":"Benoit Charette","twitter_card":"summary_large_image","twitter_creator":"@canadamotorjobs","twitter_site":"@canadamotorjobs","twitter_misc":{"\u00c9crit par":"Benoit Charette","Estimation du temps de lecture":"2 minutes"},"schema":{"@context":"https:\/\/schema.org","@graph":[{"@type":"Article","@id":"https:\/\/news.canadamotorjobs.com\/fr\/dodge-charger-sixpack-le-retour-du-muscle-car-en-2025\/#article","isPartOf":{"@id":"https:\/\/news.canadamotorjobs.com\/fr\/dodge-charger-sixpack-le-retour-du-muscle-car-en-2025\/"},"author":{"name":"Benoit Charette","@id":"https:\/\/news.canadamotorjobs.com\/#\/schema\/person\/51793d1f87d44011d7bcc2ed99269a90"},"headline":"Dodge Charger Sixpack : le retour du muscle car en 2025","datePublished":"2025-02-02T07:24:57+00:00","dateModified":"2025-02-02T07:29:26+00:00","mainEntityOfPage":{"@id":"https:\/\/news.canadamotorjobs.com\/fr\/dodge-charger-sixpack-le-retour-du-muscle-car-en-2025\/"},"wordCount":494,"publisher":{"@id":"https:\/\/news.canadamotorjobs.com\/#organization"},"image":{"@id":"https:\/\/news.canadamotorjobs.com\/fr\/dodge-charger-sixpack-le-retour-du-muscle-car-en-2025\/#primaryimage"},"thumbnailUrl":"https:\/\/news.canadamotorjobs.com\/wp-content\/uploads\/2025\/02\/2025-Dodge-Charger-SIXPACK-Coupe-002.jpg","articleSection":["Annuel automobile"],"inLanguage":"fr-CA"},{"@type":"WebPage","@id":"https:\/\/news.canadamotorjobs.com\/fr\/dodge-charger-sixpack-le-retour-du-muscle-car-en-2025\/","url":"https:\/\/news.canadamotorjobs.com\/fr\/dodge-charger-sixpack-le-retour-du-muscle-car-en-2025\/","name":"Dodge Charger Sixpack : le retour du muscle car en 2025 - CanadaMotorJobs.com","isPartOf":{"@id":"https:\/\/news.canadamotorjobs.com\/#website"},"primaryImageOfPage":{"@id":"https:\/\/news.canadamotorjobs.com\/fr\/dodge-charger-sixpack-le-retour-du-muscle-car-en-2025\/#primaryimage"},"image":{"@id":"https:\/\/news.canadamotorjobs.com\/fr\/dodge-charger-sixpack-le-retour-du-muscle-car-en-2025\/#primaryimage"},"thumbnailUrl":"https:\/\/news.canadamotorjobs.com\/wp-content\/uploads\/2025\/02\/2025-Dodge-Charger-SIXPACK-Coupe-002.jpg","datePublished":"2025-02-02T07:24:57+00:00","dateModified":"2025-02-02T07:29:26+00:00","description":"Dodge Charger Sixpack : le retour du muscle car en 2025 - Benoit Charette - Annuel automobile - CanadaMotorJobs.com.","breadcrumb":{"@id":"https:\/\/news.canadamotorjobs.com\/fr\/dodge-charger-sixpack-le-retour-du-muscle-car-en-2025\/#breadcrumb"},"inLanguage":"fr-CA","potentialAction":[{"@type":"ReadAction","target":["https:\/\/news.canadamotorjobs.com\/fr\/dodge-charger-sixpack-le-retour-du-muscle-car-en-2025\/"]}]},{"@type":"ImageObject","inLanguage":"fr-CA","@id":"https:\/\/news.canadamotorjobs.com\/fr\/dodge-charger-sixpack-le-retour-du-muscle-car-en-2025\/#primaryimage","url":"https:\/\/news.canadamotorjobs.com\/wp-content\/uploads\/2025\/02\/2025-Dodge-Charger-SIXPACK-Coupe-002.jpg","contentUrl":"https:\/\/news.canadamotorjobs.com\/wp-content\/uploads\/2025\/02\/2025-Dodge-Charger-SIXPACK-Coupe-002.jpg","width":1200,"height":675},{"@type":"BreadcrumbList","@id":"https:\/\/news.canadamotorjobs.com\/fr\/dodge-charger-sixpack-le-retour-du-muscle-car-en-2025\/#breadcrumb","itemListElement":[{"@type":"ListItem","position":1,"name":"Home","item":"https:\/\/news.canadamotorjobs.com\/fr\/blog\/"},{"@type":"ListItem","position":2,"name":"Dodge Charger Sixpack : le retour du muscle car en 2025"}]},{"@type":"WebSite","@id":"https:\/\/news.canadamotorjobs.com\/#website","url":"https:\/\/news.canadamotorjobs.com\/","name":"CanadaMotorJobs.com","description":"Automotive Jobs","publisher":{"@id":"https:\/\/news.canadamotorjobs.com\/#organization"},"potentialAction":[{"@type":"SearchAction","target":{"@type":"EntryPoint","urlTemplate":"https:\/\/news.canadamotorjobs.com\/?s={search_term_string}"},"query-input":"required name=search_term_string"}],"inLanguage":"fr-CA"},{"@type":"Organization","@id":"https:\/\/news.canadamotorjobs.com\/#organization","name":"Canada Motor Jobs","url":"https:\/\/news.canadamotorjobs.com\/","logo":{"@type":"ImageObject","inLanguage":"fr-CA","@id":"https:\/\/news.canadamotorjobs.com\/#\/schema\/logo\/image\/","url":"https:\/\/news.canadamotorjobs.com\/wp-content\/uploads\/2022\/10\/logo-canada-motor-jobs-1.png","contentUrl":"https:\/\/news.canadamotorjobs.com\/wp-content\/uploads\/2022\/10\/logo-canada-motor-jobs-1.png","width":800,"height":400,"caption":"Canada Motor Jobs"},"image":{"@id":"https:\/\/news.canadamotorjobs.com\/#\/schema\/logo\/image\/"},"sameAs":["https:\/\/www.facebook.com\/canadamotorjobs\/","https:\/\/x.com\/canadamotorjobs","https:\/\/www.instagram.com\/canadamotorjobs\/","https:\/\/www.linkedin.com\/company\/canadamotorjobs"]},{"@type":"Person","@id":"https:\/\/news.canadamotorjobs.com\/#\/schema\/person\/51793d1f87d44011d7bcc2ed99269a90","name":"Benoit Charette","image":{"@type":"ImageObject","inLanguage":"fr-CA","@id":"https:\/\/news.canadamotorjobs.com\/#\/schema\/person\/image\/","url":"https:\/\/secure.gravatar.com\/avatar\/45f3d2eebcccd909668d7ce7ea7267b6?s=96&d=mm&r=g","contentUrl":"https:\/\/secure.gravatar.com\/avatar\/45f3d2eebcccd909668d7ce7ea7267b6?s=96&d=mm&r=g","caption":"Benoit Charette"},"description":"Benoit Charette \/ Propri\u00e9taire et r\u00e9dacteur en chef Benoit Charette pratique le journalisme automobile depuis bient\u00f4t 30 ans. Il a fait ses classes au c\u00f4t\u00e9 de Daniel H\u00e9raud et au Carnet de route de 1992 \u00e0 2001. Il est fondateur, copropri\u00e9taire et r\u00e9dacteur en chef de L\u2019Annuel de l\u2019automobile, qu\u2019il publie depuis 2001. Il a anim\u00e9 les \u00e9missions RPM et RPM+ sur V et les L\u00e9gendes de la route sur Historia. \u00c0 la radio depuis 1986, il reprend l\u2019antenne cette ann\u00e9e sur les ondes de Cogeco et participe pour la deuxi\u00e8me ann\u00e9e \u00e0 l\u2019\u00e9mission Passion Auto sur RDS en plus de mettre en ligne le site Web officiel de L\u2019Annuel de l\u2019automobile sur annuelauto.ca.","sameAs":["https:\/\/annuelauto.ca\/"],"url":"https:\/\/news.canadamotorjobs.com\/fr\/author\/benoit-charette\/"}]}},"_links":{"self":[{"href":"https:\/\/news.canadamotorjobs.com\/fr\/wp-json\/wp\/v2\/posts\/192066"}],"collection":[{"href":"https:\/\/news.canadamotorjobs.com\/fr\/wp-json\/wp\/v2\/posts"}],"about":[{"href":"https:\/\/news.canadamotorjobs.com\/fr\/wp-json\/wp\/v2\/types\/post"}],"author":[{"embeddable":true,"href":"https:\/\/news.canadamotorjobs.com\/fr\/wp-json\/wp\/v2\/users\/8"}],"replies":[{"embeddable":true,"href":"https:\/\/news.canadamotorjobs.com\/fr\/wp-json\/wp\/v2\/comments?post=192066"}],"version-history":[{"count":3,"href":"https:\/\/news.canadamotorjobs.com\/fr\/wp-json\/wp\/v2\/posts\/192066\/revisions"}],"predecessor-version":[{"id":192101,"href":"https:\/\/news.canadamotorjobs.com\/fr\/wp-json\/wp\/v2\/posts\/192066\/revisions\/192101"}],"wp:featuredmedia":[{"embeddable":true,"href":"https:\/\/news.canadamotorjobs.com\/fr\/wp-json\/wp\/v2\/media\/192068"}],"wp:attachment":[{"href":"https:\/\/news.canadamotorjobs.com\/fr\/wp-json\/wp\/v2\/media?parent=192066"}],"wp:term":[{"taxonomy":"category","embeddable":true,"href":"https:\/\/news.canadamotorjobs.com\/fr\/wp-json\/wp\/v2\/categories?post=192066"},{"taxonomy":"post_tag","embeddable":true,"href":"https:\/\/news.canadamotorjobs.com\/fr\/wp-json\/wp\/v2\/tags?post=192066"}],"curies":[{"name":"wp","href":"https:\/\/api.w.org\/{rel}","templated":true}]}}