{"id":192041,"date":"2025-02-01T09:00:09","date_gmt":"2025-02-01T14:00:09","guid":{"rendered":"https:\/\/news.canadamotorjobs.com\/?p=192041"},"modified":"2025-02-01T09:14:21","modified_gmt":"2025-02-01T14:14:21","slug":"subaru-rappelle-le-forester-2025-pour-un-defaut-de-fabrication-des-roues","status":"publish","type":"post","link":"https:\/\/news.canadamotorjobs.com\/fr\/subaru-rappelle-le-forester-2025-pour-un-defaut-de-fabrication-des-roues\/","title":{"rendered":"Subaru rappelle le Forester 2025 pour un d\u00e9faut de fabrication des roues"},"content":{"rendered":"<\/p>\n<p>Alors que Subaru s\u2019appr\u00eate \u00e0 d\u00e9voiler le <strong>Forester Wilderness<\/strong> au <strong>Salon de l\u2019auto de Chicago<\/strong>, la marque doit g\u00e9rer un <strong>rappel de 20 366 unit\u00e9s<\/strong> du Forester 2025. Selon la <strong>National Highway Traffic Safety Administration (NHTSA)<\/strong>, certains exemplaires sont \u00e9quip\u00e9s de <strong>jantes en alliage de 18 pouces pr\u00e9sentant un d\u00e9faut de fabrication<\/strong>. Ces roues, produites par <strong>Kosei Aluminum<\/strong>, poss\u00e8dent une <strong>surface d\u2019appui de boulon incorrectement sp\u00e9cifi\u00e9e<\/strong>, ce qui pourrait <strong>affecter la stabilit\u00e9 du v\u00e9hicule et augmenter le risque d\u2019accident<\/strong>.<\/p>\n<h3><strong>Une d\u00e9tection pr\u00e9coce du probl\u00e8me<\/strong><\/h3>\n<p>\nSubaru a identifi\u00e9 ce d\u00e9faut en octobre dernier apr\u00e8s avoir rencontr\u00e9 un <strong>probl\u00e8me d\u2019attache de roue<\/strong> en production. Une enqu\u00eate interne a r\u00e9v\u00e9l\u00e9 que <strong>les si\u00e8ges de boulons ne r\u00e9pondaient pas aux sp\u00e9cifications<\/strong>.<\/p>\n<p>Bien qu\u2019aucun <strong>accident ni r\u00e9clamation de garantie<\/strong> n\u2019ait \u00e9t\u00e9 signal\u00e9, le constructeur a pris les devants en lan\u00e7ant un <strong>rappel volontaire<\/strong>.<\/p>\n<h3><strong>Inspection et remplacement gratuits des roues<\/strong><\/h3>\n<p>\nLes propri\u00e9taires concern\u00e9s seront <strong>avis\u00e9s en mars<\/strong> et devront <strong>se rendre chez un concessionnaire<\/strong> pour une inspection. Si <strong>l\u2019une des quatre roues est d\u00e9fectueuse<\/strong>, elle sera <strong>remplac\u00e9e gratuitement<\/strong>.<\/p>\n<p>Subaru a \u00e9galement demand\u00e9 aux <strong>concessionnaires d\u2019identifier imm\u00e9diatement les v\u00e9hicules rappel\u00e9s<\/strong> afin de suspendre leur <strong>livraison ou leur utilisation avant r\u00e9paration<\/strong>. Heureusement, l\u2019intervention \u00e9tant rapide, <strong>l\u2019impact de ce rappel devrait \u00eatre limit\u00e9<\/strong>.<\/p>\n<p>Avec des renseignements de Carscoops<\/p>\n<h3><\/h3>\n<p>Le texte <a rel=\"nofollow\" href=\"https:\/\/annuelauto.ca\/ubaru-forester-2025-rappel-roues-defectueuses\/\">Subaru rappelle le Forester 2025 pour un d\u00e9faut de fabrication des roues<\/a> provient de <a rel=\"nofollow\" href=\"https:\/\/annuelauto.ca\">L&#8217;annuel de l&#8217;automobile &#8211; Actualit\u00e9 automobile<\/a><\/p>\n<p><\/p>\n","protected":false},"excerpt":{"rendered":"<p>Alors que Subaru s\u2019appr\u00eate \u00e0 d\u00e9voiler le Forester Wilderness au Salon de l\u2019auto de Chicago, la marque doit g\u00e9rer un rappel de 20 366 unit\u00e9s du Forester 2025. Selon la National Highway Traffic Safety Administration (NHTSA), certains exemplaires sont \u00e9quip\u00e9s de jantes en alliage de 18 pouces pr\u00e9sentant un d\u00e9faut de fabrication. Ces roues, produites [&hellip;]<\/p>\n","protected":false},"author":8,"featured_media":192043,"comment_status":"close","ping_status":"closed","sticky":false,"template":"","format":"standard","meta":{"_monsterinsights_skip_tracking":false,"_monsterinsights_sitenote_active":false,"_monsterinsights_sitenote_note":"","_monsterinsights_sitenote_category":0,"footnotes":""},"categories":[101],"tags":[],"yoast_head":"<!-- This site is optimized with the Yoast SEO plugin v23.2 - https:\/\/yoast.com\/wordpress\/plugins\/seo\/ -->\n<title>Subaru rappelle le Forester 2025 pour un d\u00e9faut de fabrication des roues - CanadaMotorJobs.com<\/title>\n<meta name=\"description\" content=\"Subaru rappelle le Forester 2025 pour un d\u00e9faut de fabrication des roues - Benoit Charette - Annuel automobile - CanadaMotorJobs.com.\" \/>\n<meta name=\"robots\" content=\"index, follow, max-snippet:-1, max-image-preview:large, max-video-preview:-1\" \/>\n<meta property=\"og:locale\" content=\"fr_CA\" \/>\n<meta property=\"og:type\" content=\"article\" \/>\n<meta property=\"og:title\" content=\"Subaru rappelle le Forester 2025 pour un d\u00e9faut de fabrication des roues - CanadaMotorJobs.com\" \/>\n<meta property=\"og:description\" content=\"Subaru rappelle le Forester 2025 pour un d\u00e9faut de fabrication des roues - Benoit Charette - Annuel automobile - CanadaMotorJobs.com.\" \/>\n<meta property=\"og:url\" content=\"https:\/\/news.canadamotorjobs.com\/fr\/subaru-rappelle-le-forester-2025-pour-un-defaut-de-fabrication-des-roues\/\" \/>\n<meta property=\"og:site_name\" content=\"CanadaMotorJobs.com\" \/>\n<meta property=\"article:publisher\" content=\"https:\/\/www.facebook.com\/canadamotorjobs\/\" \/>\n<meta property=\"article:published_time\" content=\"2025-02-01T14:00:09+00:00\" \/>\n<meta property=\"article:modified_time\" content=\"2025-02-01T14:14:21+00:00\" \/>\n<meta property=\"og:image\" content=\"https:\/\/news.canadamotorjobs.com\/wp-content\/uploads\/2025\/02\/IMG_5961.jpg\" \/>\n\t<meta property=\"og:image:width\" content=\"1200\" \/>\n\t<meta property=\"og:image:height\" content=\"800\" \/>\n\t<meta property=\"og:image:type\" content=\"image\/jpeg\" \/>\n<meta name=\"author\" content=\"Benoit Charette\" \/>\n<meta name=\"twitter:card\" content=\"summary_large_image\" \/>\n<meta name=\"twitter:creator\" content=\"@canadamotorjobs\" \/>\n<meta name=\"twitter:site\" content=\"@canadamotorjobs\" \/>\n<meta name=\"twitter:label1\" content=\"\u00c9crit par\" \/>\n\t<meta name=\"twitter:data1\" content=\"Benoit Charette\" \/>\n\t<meta name=\"twitter:label2\" content=\"Estimation du temps de lecture\" \/>\n\t<meta name=\"twitter:data2\" content=\"1 minute\" \/>\n<!-- \/ Yoast SEO plugin. -->","yoast_head_json":{"title":"Subaru rappelle le Forester 2025 pour un d\u00e9faut de fabrication des roues - CanadaMotorJobs.com","description":"Subaru rappelle le Forester 2025 pour un d\u00e9faut de fabrication des roues - Benoit Charette - Annuel automobile - CanadaMotorJobs.com.","robots":{"index":"index","follow":"follow","max-snippet":"max-snippet:-1","max-image-preview":"max-image-preview:large","max-video-preview":"max-video-preview:-1"},"og_locale":"fr_CA","og_type":"article","og_title":"Subaru rappelle le Forester 2025 pour un d\u00e9faut de fabrication des roues - CanadaMotorJobs.com","og_description":"Subaru rappelle le Forester 2025 pour un d\u00e9faut de fabrication des roues - Benoit Charette - Annuel automobile - CanadaMotorJobs.com.","og_url":"https:\/\/news.canadamotorjobs.com\/fr\/subaru-rappelle-le-forester-2025-pour-un-defaut-de-fabrication-des-roues\/","og_site_name":"CanadaMotorJobs.com","article_publisher":"https:\/\/www.facebook.com\/canadamotorjobs\/","article_published_time":"2025-02-01T14:00:09+00:00","article_modified_time":"2025-02-01T14:14:21+00:00","og_image":[{"width":1200,"height":800,"url":"https:\/\/news.canadamotorjobs.com\/wp-content\/uploads\/2025\/02\/IMG_5961.jpg","type":"image\/jpeg"}],"author":"Benoit Charette","twitter_card":"summary_large_image","twitter_creator":"@canadamotorjobs","twitter_site":"@canadamotorjobs","twitter_misc":{"\u00c9crit par":"Benoit Charette","Estimation du temps de lecture":"1 minute"},"schema":{"@context":"https:\/\/schema.org","@graph":[{"@type":"Article","@id":"https:\/\/news.canadamotorjobs.com\/fr\/subaru-rappelle-le-forester-2025-pour-un-defaut-de-fabrication-des-roues\/#article","isPartOf":{"@id":"https:\/\/news.canadamotorjobs.com\/fr\/subaru-rappelle-le-forester-2025-pour-un-defaut-de-fabrication-des-roues\/"},"author":{"name":"Benoit Charette","@id":"https:\/\/news.canadamotorjobs.com\/#\/schema\/person\/51793d1f87d44011d7bcc2ed99269a90"},"headline":"Subaru rappelle le Forester 2025 pour un d\u00e9faut de fabrication des roues","datePublished":"2025-02-01T14:00:09+00:00","dateModified":"2025-02-01T14:14:21+00:00","mainEntityOfPage":{"@id":"https:\/\/news.canadamotorjobs.com\/fr\/subaru-rappelle-le-forester-2025-pour-un-defaut-de-fabrication-des-roues\/"},"wordCount":285,"publisher":{"@id":"https:\/\/news.canadamotorjobs.com\/#organization"},"image":{"@id":"https:\/\/news.canadamotorjobs.com\/fr\/subaru-rappelle-le-forester-2025-pour-un-defaut-de-fabrication-des-roues\/#primaryimage"},"thumbnailUrl":"https:\/\/news.canadamotorjobs.com\/wp-content\/uploads\/2025\/02\/IMG_5961.jpg","articleSection":["Annuel automobile"],"inLanguage":"fr-CA"},{"@type":"WebPage","@id":"https:\/\/news.canadamotorjobs.com\/fr\/subaru-rappelle-le-forester-2025-pour-un-defaut-de-fabrication-des-roues\/","url":"https:\/\/news.canadamotorjobs.com\/fr\/subaru-rappelle-le-forester-2025-pour-un-defaut-de-fabrication-des-roues\/","name":"Subaru rappelle le Forester 2025 pour un d\u00e9faut de fabrication des roues - CanadaMotorJobs.com","isPartOf":{"@id":"https:\/\/news.canadamotorjobs.com\/#website"},"primaryImageOfPage":{"@id":"https:\/\/news.canadamotorjobs.com\/fr\/subaru-rappelle-le-forester-2025-pour-un-defaut-de-fabrication-des-roues\/#primaryimage"},"image":{"@id":"https:\/\/news.canadamotorjobs.com\/fr\/subaru-rappelle-le-forester-2025-pour-un-defaut-de-fabrication-des-roues\/#primaryimage"},"thumbnailUrl":"https:\/\/news.canadamotorjobs.com\/wp-content\/uploads\/2025\/02\/IMG_5961.jpg","datePublished":"2025-02-01T14:00:09+00:00","dateModified":"2025-02-01T14:14:21+00:00","description":"Subaru rappelle le Forester 2025 pour un d\u00e9faut de fabrication des roues - Benoit Charette - Annuel automobile - CanadaMotorJobs.com.","breadcrumb":{"@id":"https:\/\/news.canadamotorjobs.com\/fr\/subaru-rappelle-le-forester-2025-pour-un-defaut-de-fabrication-des-roues\/#breadcrumb"},"inLanguage":"fr-CA","potentialAction":[{"@type":"ReadAction","target":["https:\/\/news.canadamotorjobs.com\/fr\/subaru-rappelle-le-forester-2025-pour-un-defaut-de-fabrication-des-roues\/"]}]},{"@type":"ImageObject","inLanguage":"fr-CA","@id":"https:\/\/news.canadamotorjobs.com\/fr\/subaru-rappelle-le-forester-2025-pour-un-defaut-de-fabrication-des-roues\/#primaryimage","url":"https:\/\/news.canadamotorjobs.com\/wp-content\/uploads\/2025\/02\/IMG_5961.jpg","contentUrl":"https:\/\/news.canadamotorjobs.com\/wp-content\/uploads\/2025\/02\/IMG_5961.jpg","width":1200,"height":800},{"@type":"BreadcrumbList","@id":"https:\/\/news.canadamotorjobs.com\/fr\/subaru-rappelle-le-forester-2025-pour-un-defaut-de-fabrication-des-roues\/#breadcrumb","itemListElement":[{"@type":"ListItem","position":1,"name":"Home","item":"https:\/\/news.canadamotorjobs.com\/fr\/blog\/"},{"@type":"ListItem","position":2,"name":"Subaru rappelle le Forester 2025 pour un d\u00e9faut de fabrication des roues"}]},{"@type":"WebSite","@id":"https:\/\/news.canadamotorjobs.com\/#website","url":"https:\/\/news.canadamotorjobs.com\/","name":"CanadaMotorJobs.com","description":"Automotive Jobs","publisher":{"@id":"https:\/\/news.canadamotorjobs.com\/#organization"},"potentialAction":[{"@type":"SearchAction","target":{"@type":"EntryPoint","urlTemplate":"https:\/\/news.canadamotorjobs.com\/?s={search_term_string}"},"query-input":"required name=search_term_string"}],"inLanguage":"fr-CA"},{"@type":"Organization","@id":"https:\/\/news.canadamotorjobs.com\/#organization","name":"Canada Motor Jobs","url":"https:\/\/news.canadamotorjobs.com\/","logo":{"@type":"ImageObject","inLanguage":"fr-CA","@id":"https:\/\/news.canadamotorjobs.com\/#\/schema\/logo\/image\/","url":"https:\/\/news.canadamotorjobs.com\/wp-content\/uploads\/2022\/10\/logo-canada-motor-jobs-1.png","contentUrl":"https:\/\/news.canadamotorjobs.com\/wp-content\/uploads\/2022\/10\/logo-canada-motor-jobs-1.png","width":800,"height":400,"caption":"Canada Motor Jobs"},"image":{"@id":"https:\/\/news.canadamotorjobs.com\/#\/schema\/logo\/image\/"},"sameAs":["https:\/\/www.facebook.com\/canadamotorjobs\/","https:\/\/x.com\/canadamotorjobs","https:\/\/www.instagram.com\/canadamotorjobs\/","https:\/\/www.linkedin.com\/company\/canadamotorjobs"]},{"@type":"Person","@id":"https:\/\/news.canadamotorjobs.com\/#\/schema\/person\/51793d1f87d44011d7bcc2ed99269a90","name":"Benoit Charette","image":{"@type":"ImageObject","inLanguage":"fr-CA","@id":"https:\/\/news.canadamotorjobs.com\/#\/schema\/person\/image\/","url":"https:\/\/secure.gravatar.com\/avatar\/45f3d2eebcccd909668d7ce7ea7267b6?s=96&d=mm&r=g","contentUrl":"https:\/\/secure.gravatar.com\/avatar\/45f3d2eebcccd909668d7ce7ea7267b6?s=96&d=mm&r=g","caption":"Benoit Charette"},"description":"Benoit Charette \/ Propri\u00e9taire et r\u00e9dacteur en chef Benoit Charette pratique le journalisme automobile depuis bient\u00f4t 30 ans. Il a fait ses classes au c\u00f4t\u00e9 de Daniel H\u00e9raud et au Carnet de route de 1992 \u00e0 2001. Il est fondateur, copropri\u00e9taire et r\u00e9dacteur en chef de L\u2019Annuel de l\u2019automobile, qu\u2019il publie depuis 2001. Il a anim\u00e9 les \u00e9missions RPM et RPM+ sur V et les L\u00e9gendes de la route sur Historia. \u00c0 la radio depuis 1986, il reprend l\u2019antenne cette ann\u00e9e sur les ondes de Cogeco et participe pour la deuxi\u00e8me ann\u00e9e \u00e0 l\u2019\u00e9mission Passion Auto sur RDS en plus de mettre en ligne le site Web officiel de L\u2019Annuel de l\u2019automobile sur annuelauto.ca.","sameAs":["https:\/\/annuelauto.ca\/"],"url":"https:\/\/news.canadamotorjobs.com\/fr\/author\/benoit-charette\/"}]}},"_links":{"self":[{"href":"https:\/\/news.canadamotorjobs.com\/fr\/wp-json\/wp\/v2\/posts\/192041"}],"collection":[{"href":"https:\/\/news.canadamotorjobs.com\/fr\/wp-json\/wp\/v2\/posts"}],"about":[{"href":"https:\/\/news.canadamotorjobs.com\/fr\/wp-json\/wp\/v2\/types\/post"}],"author":[{"embeddable":true,"href":"https:\/\/news.canadamotorjobs.com\/fr\/wp-json\/wp\/v2\/users\/8"}],"replies":[{"embeddable":true,"href":"https:\/\/news.canadamotorjobs.com\/fr\/wp-json\/wp\/v2\/comments?post=192041"}],"version-history":[{"count":2,"href":"https:\/\/news.canadamotorjobs.com\/fr\/wp-json\/wp\/v2\/posts\/192041\/revisions"}],"predecessor-version":[{"id":192045,"href":"https:\/\/news.canadamotorjobs.com\/fr\/wp-json\/wp\/v2\/posts\/192041\/revisions\/192045"}],"wp:featuredmedia":[{"embeddable":true,"href":"https:\/\/news.canadamotorjobs.com\/fr\/wp-json\/wp\/v2\/media\/192043"}],"wp:attachment":[{"href":"https:\/\/news.canadamotorjobs.com\/fr\/wp-json\/wp\/v2\/media?parent=192041"}],"wp:term":[{"taxonomy":"category","embeddable":true,"href":"https:\/\/news.canadamotorjobs.com\/fr\/wp-json\/wp\/v2\/categories?post=192041"},{"taxonomy":"post_tag","embeddable":true,"href":"https:\/\/news.canadamotorjobs.com\/fr\/wp-json\/wp\/v2\/tags?post=192041"}],"curies":[{"name":"wp","href":"https:\/\/api.w.org\/{rel}","templated":true}]}}