{"id":192010,"date":"2025-02-01T08:43:46","date_gmt":"2025-02-01T13:43:46","guid":{"rendered":"https:\/\/news.canadamotorjobs.com\/?p=192010"},"modified":"2025-02-01T08:44:35","modified_gmt":"2025-02-01T13:44:35","slug":"le-kia-ev5-arrive-au-canada-mais-pas-aux-etats-unis","status":"publish","type":"post","link":"https:\/\/news.canadamotorjobs.com\/fr\/le-kia-ev5-arrive-au-canada-mais-pas-aux-etats-unis\/","title":{"rendered":"Le Kia EV5 arrive au Canada, mais pas aux \u00c9tats-Unis"},"content":{"rendered":"<\/p>\n<p>Le Kia EV5, un VUS compact \u00e9lectrique, <strong>sera commercialis\u00e9 au Canada en 2026<\/strong>, renfor\u00e7ant ainsi la gamme z\u00e9ro \u00e9mission du constructeur. Malgr\u00e9 un <strong>ralentissement des ventes de V\u00c9S en Am\u00e9rique du Nord<\/strong>, Kia poursuit son offensive \u00e9lectrique avec ce mod\u00e8le qui se positionne entre le <strong>Niro<\/strong> et le <strong>EV6<\/strong>.<\/p>\n<p>Pr\u00e9sent\u00e9 en Chine en 2023, puis sur d\u2019autres march\u00e9s mondiaux en 2024, l\u2019EV5 arbore un <strong>design inspir\u00e9 du Kia EV9<\/strong>, avec une silhouette plus compacte. Il sera \u00e9quip\u00e9 de s\u00e9rie d\u2019une <strong>batterie de 60,3 kWh<\/strong>.<\/p>\n<h4><strong>Pourquoi le Kia EV5 \u00e9vite les \u00c9tats-Unis ?<\/strong><\/h4>\n<p>\nFait inhabituel pour un mod\u00e8le destin\u00e9 \u00e0 l\u2019Am\u00e9rique du Nord, <strong>le Kia EV5 ne sera pas vendu aux \u00c9tats-Unis<\/strong>, comme l\u2019a confirm\u00e9 le constructeur le 30 janvier.<\/p>\n<p>Selon <strong>Sam Fiorani<\/strong>, analyste chez <strong>AutoForecast Solutions<\/strong>, le march\u00e9 canadien offre un meilleur environnement pour l\u2019adoption des v\u00e9hicules \u00e9lectriques, notamment gr\u00e2ce \u00e0 une <strong>infrastructure de recharge plus d\u00e9velopp\u00e9e<\/strong>, notamment \u00e0 Montr\u00e9al. Il ajoute que <strong>les contraintes de production et d\u2019investissement aux \u00c9tats-Unis<\/strong> sont plus importantes qu\u2019au Canada.<\/p>\n<h4><strong>Un assemblage strat\u00e9gique pour \u00e9viter les taxes<\/strong><\/h4>\n<p>\nInitialement produit en Chine depuis 2023, le Kia EV5 <strong>sera \u00e9galement assembl\u00e9 en Cor\u00e9e du Sud d\u00e8s le troisi\u00e8me trimestre de 2025<\/strong>. Ce choix permet \u00e0 Kia d\u2019\u00e9viter la taxe de <strong>102,5 % impos\u00e9e par le Canada sur les VE fabriqu\u00e9s en Chine<\/strong>.<\/p>\n<p>Kia n\u2019a pas encore confirm\u00e9 ses plans de production pour le march\u00e9 canadien, mais l\u2019EV5 devrait faire ses d\u00e9buts locaux lors du <strong>Salon international de l\u2019auto du Canada<\/strong> \u00e0 Toronto.<\/p>\n<p>Avec des renseignements d&#8217;Automotive News Canada<\/p>\n<p>Le texte <a rel=\"nofollow\" href=\"https:\/\/annuelauto.ca\/kia-ev5-canada-sans-etats-unis\/\">Le Kia EV5 arrive au Canada, mais pas aux \u00c9tats-Unis<\/a> provient de <a rel=\"nofollow\" href=\"https:\/\/annuelauto.ca\">L&#8217;annuel de l&#8217;automobile &#8211; Actualit\u00e9 automobile<\/a><\/p>\n<p><\/p>\n","protected":false},"excerpt":{"rendered":"<p>Le Kia EV5, un VUS compact \u00e9lectrique, sera commercialis\u00e9 au Canada en 2026, renfor\u00e7ant ainsi la gamme z\u00e9ro \u00e9mission du constructeur. Malgr\u00e9 un ralentissement des ventes de V\u00c9S en Am\u00e9rique du Nord, Kia poursuit son offensive \u00e9lectrique avec ce mod\u00e8le qui se positionne entre le Niro et le EV6. Pr\u00e9sent\u00e9 en Chine en 2023, puis [&hellip;]<\/p>\n","protected":false},"author":8,"featured_media":192012,"comment_status":"close","ping_status":"closed","sticky":false,"template":"","format":"standard","meta":{"_monsterinsights_skip_tracking":false,"_monsterinsights_sitenote_active":false,"_monsterinsights_sitenote_note":"","_monsterinsights_sitenote_category":0,"footnotes":""},"categories":[101],"tags":[],"yoast_head":"<!-- This site is optimized with the Yoast SEO plugin v23.2 - https:\/\/yoast.com\/wordpress\/plugins\/seo\/ -->\n<title>Le Kia EV5 arrive au Canada, mais pas aux \u00c9tats-Unis - CanadaMotorJobs.com<\/title>\n<meta name=\"description\" content=\"Le Kia EV5 arrive au Canada, mais pas aux \u00c9tats-Unis - Benoit Charette - Annuel automobile - CanadaMotorJobs.com.\" \/>\n<meta name=\"robots\" content=\"index, follow, max-snippet:-1, max-image-preview:large, max-video-preview:-1\" \/>\n<meta property=\"og:locale\" content=\"fr_CA\" \/>\n<meta property=\"og:type\" content=\"article\" \/>\n<meta property=\"og:title\" content=\"Le Kia EV5 arrive au Canada, mais pas aux \u00c9tats-Unis - CanadaMotorJobs.com\" \/>\n<meta property=\"og:description\" content=\"Le Kia EV5 arrive au Canada, mais pas aux \u00c9tats-Unis - Benoit Charette - Annuel automobile - CanadaMotorJobs.com.\" \/>\n<meta property=\"og:url\" content=\"https:\/\/news.canadamotorjobs.com\/fr\/le-kia-ev5-arrive-au-canada-mais-pas-aux-etats-unis\/\" \/>\n<meta property=\"og:site_name\" content=\"CanadaMotorJobs.com\" \/>\n<meta property=\"article:publisher\" content=\"https:\/\/www.facebook.com\/canadamotorjobs\/\" \/>\n<meta property=\"article:published_time\" content=\"2025-02-01T13:43:46+00:00\" \/>\n<meta property=\"article:modified_time\" content=\"2025-02-01T13:44:35+00:00\" \/>\n<meta property=\"og:image\" content=\"https:\/\/news.canadamotorjobs.com\/wp-content\/uploads\/2025\/02\/2024-Kia-EV5-Carscoops-1s.jpg\" \/>\n\t<meta property=\"og:image:width\" content=\"2500\" \/>\n\t<meta property=\"og:image:height\" content=\"1556\" \/>\n\t<meta property=\"og:image:type\" content=\"image\/jpeg\" \/>\n<meta name=\"author\" content=\"Benoit Charette\" \/>\n<meta name=\"twitter:card\" content=\"summary_large_image\" \/>\n<meta name=\"twitter:creator\" content=\"@canadamotorjobs\" \/>\n<meta name=\"twitter:site\" content=\"@canadamotorjobs\" \/>\n<meta name=\"twitter:label1\" content=\"\u00c9crit par\" \/>\n\t<meta name=\"twitter:data1\" content=\"Benoit Charette\" \/>\n\t<meta name=\"twitter:label2\" content=\"Estimation du temps de lecture\" \/>\n\t<meta name=\"twitter:data2\" content=\"1 minute\" \/>\n<!-- \/ Yoast SEO plugin. -->","yoast_head_json":{"title":"Le Kia EV5 arrive au Canada, mais pas aux \u00c9tats-Unis - CanadaMotorJobs.com","description":"Le Kia EV5 arrive au Canada, mais pas aux \u00c9tats-Unis - Benoit Charette - Annuel automobile - CanadaMotorJobs.com.","robots":{"index":"index","follow":"follow","max-snippet":"max-snippet:-1","max-image-preview":"max-image-preview:large","max-video-preview":"max-video-preview:-1"},"og_locale":"fr_CA","og_type":"article","og_title":"Le Kia EV5 arrive au Canada, mais pas aux \u00c9tats-Unis - CanadaMotorJobs.com","og_description":"Le Kia EV5 arrive au Canada, mais pas aux \u00c9tats-Unis - Benoit Charette - Annuel automobile - CanadaMotorJobs.com.","og_url":"https:\/\/news.canadamotorjobs.com\/fr\/le-kia-ev5-arrive-au-canada-mais-pas-aux-etats-unis\/","og_site_name":"CanadaMotorJobs.com","article_publisher":"https:\/\/www.facebook.com\/canadamotorjobs\/","article_published_time":"2025-02-01T13:43:46+00:00","article_modified_time":"2025-02-01T13:44:35+00:00","og_image":[{"width":2500,"height":1556,"url":"https:\/\/news.canadamotorjobs.com\/wp-content\/uploads\/2025\/02\/2024-Kia-EV5-Carscoops-1s.jpg","type":"image\/jpeg"}],"author":"Benoit Charette","twitter_card":"summary_large_image","twitter_creator":"@canadamotorjobs","twitter_site":"@canadamotorjobs","twitter_misc":{"\u00c9crit par":"Benoit Charette","Estimation du temps de lecture":"1 minute"},"schema":{"@context":"https:\/\/schema.org","@graph":[{"@type":"Article","@id":"https:\/\/news.canadamotorjobs.com\/fr\/le-kia-ev5-arrive-au-canada-mais-pas-aux-etats-unis\/#article","isPartOf":{"@id":"https:\/\/news.canadamotorjobs.com\/fr\/le-kia-ev5-arrive-au-canada-mais-pas-aux-etats-unis\/"},"author":{"name":"Benoit Charette","@id":"https:\/\/news.canadamotorjobs.com\/#\/schema\/person\/51793d1f87d44011d7bcc2ed99269a90"},"headline":"Le Kia EV5 arrive au Canada, mais pas aux \u00c9tats-Unis","datePublished":"2025-02-01T13:43:46+00:00","dateModified":"2025-02-01T13:44:35+00:00","mainEntityOfPage":{"@id":"https:\/\/news.canadamotorjobs.com\/fr\/le-kia-ev5-arrive-au-canada-mais-pas-aux-etats-unis\/"},"wordCount":303,"publisher":{"@id":"https:\/\/news.canadamotorjobs.com\/#organization"},"image":{"@id":"https:\/\/news.canadamotorjobs.com\/fr\/le-kia-ev5-arrive-au-canada-mais-pas-aux-etats-unis\/#primaryimage"},"thumbnailUrl":"https:\/\/news.canadamotorjobs.com\/wp-content\/uploads\/2025\/02\/2024-Kia-EV5-Carscoops-1s.jpg","articleSection":["Annuel automobile"],"inLanguage":"fr-CA"},{"@type":"WebPage","@id":"https:\/\/news.canadamotorjobs.com\/fr\/le-kia-ev5-arrive-au-canada-mais-pas-aux-etats-unis\/","url":"https:\/\/news.canadamotorjobs.com\/fr\/le-kia-ev5-arrive-au-canada-mais-pas-aux-etats-unis\/","name":"Le Kia EV5 arrive au Canada, mais pas aux \u00c9tats-Unis - CanadaMotorJobs.com","isPartOf":{"@id":"https:\/\/news.canadamotorjobs.com\/#website"},"primaryImageOfPage":{"@id":"https:\/\/news.canadamotorjobs.com\/fr\/le-kia-ev5-arrive-au-canada-mais-pas-aux-etats-unis\/#primaryimage"},"image":{"@id":"https:\/\/news.canadamotorjobs.com\/fr\/le-kia-ev5-arrive-au-canada-mais-pas-aux-etats-unis\/#primaryimage"},"thumbnailUrl":"https:\/\/news.canadamotorjobs.com\/wp-content\/uploads\/2025\/02\/2024-Kia-EV5-Carscoops-1s.jpg","datePublished":"2025-02-01T13:43:46+00:00","dateModified":"2025-02-01T13:44:35+00:00","description":"Le Kia EV5 arrive au Canada, mais pas aux \u00c9tats-Unis - Benoit Charette - Annuel automobile - CanadaMotorJobs.com.","breadcrumb":{"@id":"https:\/\/news.canadamotorjobs.com\/fr\/le-kia-ev5-arrive-au-canada-mais-pas-aux-etats-unis\/#breadcrumb"},"inLanguage":"fr-CA","potentialAction":[{"@type":"ReadAction","target":["https:\/\/news.canadamotorjobs.com\/fr\/le-kia-ev5-arrive-au-canada-mais-pas-aux-etats-unis\/"]}]},{"@type":"ImageObject","inLanguage":"fr-CA","@id":"https:\/\/news.canadamotorjobs.com\/fr\/le-kia-ev5-arrive-au-canada-mais-pas-aux-etats-unis\/#primaryimage","url":"https:\/\/news.canadamotorjobs.com\/wp-content\/uploads\/2025\/02\/2024-Kia-EV5-Carscoops-1s.jpg","contentUrl":"https:\/\/news.canadamotorjobs.com\/wp-content\/uploads\/2025\/02\/2024-Kia-EV5-Carscoops-1s.jpg","width":2500,"height":1556},{"@type":"BreadcrumbList","@id":"https:\/\/news.canadamotorjobs.com\/fr\/le-kia-ev5-arrive-au-canada-mais-pas-aux-etats-unis\/#breadcrumb","itemListElement":[{"@type":"ListItem","position":1,"name":"Home","item":"https:\/\/news.canadamotorjobs.com\/fr\/blog\/"},{"@type":"ListItem","position":2,"name":"Le Kia EV5 arrive au Canada, mais pas aux \u00c9tats-Unis"}]},{"@type":"WebSite","@id":"https:\/\/news.canadamotorjobs.com\/#website","url":"https:\/\/news.canadamotorjobs.com\/","name":"CanadaMotorJobs.com","description":"Automotive Jobs","publisher":{"@id":"https:\/\/news.canadamotorjobs.com\/#organization"},"potentialAction":[{"@type":"SearchAction","target":{"@type":"EntryPoint","urlTemplate":"https:\/\/news.canadamotorjobs.com\/?s={search_term_string}"},"query-input":"required name=search_term_string"}],"inLanguage":"fr-CA"},{"@type":"Organization","@id":"https:\/\/news.canadamotorjobs.com\/#organization","name":"Canada Motor Jobs","url":"https:\/\/news.canadamotorjobs.com\/","logo":{"@type":"ImageObject","inLanguage":"fr-CA","@id":"https:\/\/news.canadamotorjobs.com\/#\/schema\/logo\/image\/","url":"https:\/\/news.canadamotorjobs.com\/wp-content\/uploads\/2022\/10\/logo-canada-motor-jobs-1.png","contentUrl":"https:\/\/news.canadamotorjobs.com\/wp-content\/uploads\/2022\/10\/logo-canada-motor-jobs-1.png","width":800,"height":400,"caption":"Canada Motor Jobs"},"image":{"@id":"https:\/\/news.canadamotorjobs.com\/#\/schema\/logo\/image\/"},"sameAs":["https:\/\/www.facebook.com\/canadamotorjobs\/","https:\/\/x.com\/canadamotorjobs","https:\/\/www.instagram.com\/canadamotorjobs\/","https:\/\/www.linkedin.com\/company\/canadamotorjobs"]},{"@type":"Person","@id":"https:\/\/news.canadamotorjobs.com\/#\/schema\/person\/51793d1f87d44011d7bcc2ed99269a90","name":"Benoit Charette","image":{"@type":"ImageObject","inLanguage":"fr-CA","@id":"https:\/\/news.canadamotorjobs.com\/#\/schema\/person\/image\/","url":"https:\/\/secure.gravatar.com\/avatar\/45f3d2eebcccd909668d7ce7ea7267b6?s=96&d=mm&r=g","contentUrl":"https:\/\/secure.gravatar.com\/avatar\/45f3d2eebcccd909668d7ce7ea7267b6?s=96&d=mm&r=g","caption":"Benoit Charette"},"description":"Benoit Charette \/ Propri\u00e9taire et r\u00e9dacteur en chef Benoit Charette pratique le journalisme automobile depuis bient\u00f4t 30 ans. Il a fait ses classes au c\u00f4t\u00e9 de Daniel H\u00e9raud et au Carnet de route de 1992 \u00e0 2001. Il est fondateur, copropri\u00e9taire et r\u00e9dacteur en chef de L\u2019Annuel de l\u2019automobile, qu\u2019il publie depuis 2001. Il a anim\u00e9 les \u00e9missions RPM et RPM+ sur V et les L\u00e9gendes de la route sur Historia. \u00c0 la radio depuis 1986, il reprend l\u2019antenne cette ann\u00e9e sur les ondes de Cogeco et participe pour la deuxi\u00e8me ann\u00e9e \u00e0 l\u2019\u00e9mission Passion Auto sur RDS en plus de mettre en ligne le site Web officiel de L\u2019Annuel de l\u2019automobile sur annuelauto.ca.","sameAs":["https:\/\/annuelauto.ca\/"],"url":"https:\/\/news.canadamotorjobs.com\/fr\/author\/benoit-charette\/"}]}},"_links":{"self":[{"href":"https:\/\/news.canadamotorjobs.com\/fr\/wp-json\/wp\/v2\/posts\/192010"}],"collection":[{"href":"https:\/\/news.canadamotorjobs.com\/fr\/wp-json\/wp\/v2\/posts"}],"about":[{"href":"https:\/\/news.canadamotorjobs.com\/fr\/wp-json\/wp\/v2\/types\/post"}],"author":[{"embeddable":true,"href":"https:\/\/news.canadamotorjobs.com\/fr\/wp-json\/wp\/v2\/users\/8"}],"replies":[{"embeddable":true,"href":"https:\/\/news.canadamotorjobs.com\/fr\/wp-json\/wp\/v2\/comments?post=192010"}],"version-history":[{"count":2,"href":"https:\/\/news.canadamotorjobs.com\/fr\/wp-json\/wp\/v2\/posts\/192010\/revisions"}],"predecessor-version":[{"id":192014,"href":"https:\/\/news.canadamotorjobs.com\/fr\/wp-json\/wp\/v2\/posts\/192010\/revisions\/192014"}],"wp:featuredmedia":[{"embeddable":true,"href":"https:\/\/news.canadamotorjobs.com\/fr\/wp-json\/wp\/v2\/media\/192012"}],"wp:attachment":[{"href":"https:\/\/news.canadamotorjobs.com\/fr\/wp-json\/wp\/v2\/media?parent=192010"}],"wp:term":[{"taxonomy":"category","embeddable":true,"href":"https:\/\/news.canadamotorjobs.com\/fr\/wp-json\/wp\/v2\/categories?post=192010"},{"taxonomy":"post_tag","embeddable":true,"href":"https:\/\/news.canadamotorjobs.com\/fr\/wp-json\/wp\/v2\/tags?post=192010"}],"curies":[{"name":"wp","href":"https:\/\/api.w.org\/{rel}","templated":true}]}}