{"id":191963,"date":"2025-02-01T06:01:40","date_gmt":"2025-02-01T11:01:40","guid":{"rendered":"https:\/\/news.canadamotorjobs.com\/?p=191963"},"modified":"2025-02-01T06:14:01","modified_gmt":"2025-02-01T11:14:01","slug":"les-pointes-ces-mal-aimees","status":"publish","type":"post","link":"https:\/\/news.canadamotorjobs.com\/fr\/les-pointes-ces-mal-aimees\/","title":{"rendered":"Les pointes, ces mal-aim\u00e9es"},"content":{"rendered":"<\/p>\n<p>Pas juste mal aim\u00e9es, mais malmen\u00e9es aussi.<\/p>\n<p>Les pointes sont dans le d\u00e9cor de l\u2019automobile depuis le d\u00e9but et sont disparues au milieu des ann\u00e9es 70. Simple calcul, les pointes ont servie pour une p\u00e9riode de 75 ans. Pas si mal pour un syst\u00e8me dont une grande partie des gens aujourd\u2019hui dans le domaine qualifies de mauvais.<\/p>\n<p><img loading=\"lazy\" decoding=\"async\" class=\"alignnone size-medium wp-image-702545\" src=\"https:\/\/news.canadamotorjobs.com\/wp-content\/uploads\/2025\/02\/3-500x129-2.png\" alt=\"\" width=\"500\" height=\"129\" \/><\/p>\n<p>Pourquoi tant de haine !! Ignorance, mauvais diagnostique, installation amateure, sont quelques-unes des raisons.<\/p>\n<p>Si les compagnies ont d\u00e9pens\u00e9 de l\u2019argent pour leur d\u00e9veloppement et am\u00e9lioration au cours des ann\u00e9es, 75 en fait, c\u2019est que ce syst\u00e8me ne devait pas \u00eatre si mauvais.<\/p>\n<p>Le syst\u00e8me d\u2019allumage de remplacement \u00e9lectronique s\u00e9duit beaucoup de gens. Il pr\u00e9tend remplacer les pointes et plus aucun entretien n\u2019est requis. Pour la petite histoire, il est vrai que ce syst\u00e8me, sur plusieurs mod\u00e8les fonctionne et remplace les pointes. En revanche, ce syst\u00e8me, lorsqu\u2019il tombe en panne, eh oui, il peut tomber en panne, vous laissera sur place avec l\u2019obligation de sortir votre carte CAA.<\/p>\n<p>Les pointes, bien qu\u2019elles aient besoin d\u2019entretien et r\u00e9glages de temps en temps (et pas si souvent\u2026) ne vous laisseront pas tomber. Si par exemple, vous d\u00e9passer la dur\u00e9e de vie de votre jeu de pointes, elles vous le laisseront savoir. Comme des rat\u00e9s \u00e0 l\u2019allumage, mise en route plus difficile, etc. Mais le moteur fonctionnera.<\/p>\n<p>Les pointes sont tributaires du distributeur dans lequel elles sont install\u00e9es. La partie tournante du distributeur, doit imp\u00e9rativement tourner sur elle-m\u00eame sans que son axe se d\u00e9place de gauche \u00e0 droite. Cette usure de l\u2019arbre du distributeur a un effet n\u00e9gatif sur les pointes. Pas tant pour leur causer une certaine usure, mais plut\u00f4t que lorsque l\u2019arbre du distributeur se d\u00e9place \u00e0 gauche ou \u00e0 droite en tournant, il change son \u00e9cartement si soigneusement ajust\u00e9 au d\u00e9part. Pour un r\u00e9glage de 0.016 au d\u00e9part, avec un arbre us\u00e9 de la came du distributeur, vous pouvez passer de 0.012 \u00e0 0.022. Cela va changer le temps de charge du condensateur, et de la bobine d\u2019allumage, mais aussi le point en degr\u00e9 de l\u2019\u00e9tincelle de la bougie par rapport au piston (timing). Tout ces probl\u00e8mes, ne sont pas caus\u00e9 par les pointes elle-m\u00eame.<\/p>\n<p>De plus, la qualit\u00e9 de l\u2019installation est primordiale pour son bon fonctionnement. Les 2 pastilles doivent se faire face sur tous les plans. Des pastilles qui ne se touchent pas bien, ou juste sur le pourtour, ne dureront pas 10000 miles. Eh oui, \u00e7a peut durer autant de miles!<\/p>\n<p>Le manque de graissage de la but\u00e9e qui frotte sur la came du distributeur est aussi prioritaire. \u00c0 l\u2019atelier nous recevons souvent des voitures avec un montage \u00e0 sec. Il ne faut pas esp\u00e9rer, dans ce cas, que la but\u00e9e pourrait durer longtemps. Elle va s\u2019us\u00e9 pr\u00e9matur\u00e9ment, l\u2019\u00e9cartement de d\u00e9part va se r\u00e9tr\u00e9cir, et le moteur tournera mal. Encore une fois, ce ne sera pas directement les pointes le probl\u00e8me, dans ce cas ce sera son installation. Il faut arr\u00eater de d\u00e9moniser le syst\u00e8me d\u2019allumage \u00e0 pointes, \u00e7a fonctionne tr\u00e8s bien, mais il faut quelques petites connaissances pour bien les appr\u00e9cier\u2026<\/p>\n<p>\u00a0<\/p>\n<p>\u00a0<\/p>\n<p>Le texte <a rel=\"nofollow\" href=\"https:\/\/annuelauto.ca\/les-pointes-ces-mal-aimees\/\">Les pointes, ces mal-aim\u00e9es<\/a> provient de <a rel=\"nofollow\" href=\"https:\/\/annuelauto.ca\">L&#8217;annuel de l&#8217;automobile &#8211; Actualit\u00e9 automobile<\/a><\/p>\n<p><\/p>\n","protected":false},"excerpt":{"rendered":"<p>Pas juste mal aim\u00e9es, mais malmen\u00e9es aussi. Les pointes sont dans le d\u00e9cor de l\u2019automobile depuis le d\u00e9but et sont disparues au milieu des ann\u00e9es 70. Simple calcul, les pointes ont servie pour une p\u00e9riode de 75 ans. Pas si mal pour un syst\u00e8me dont une grande partie des gens aujourd\u2019hui dans le domaine qualifies [&hellip;]<\/p>\n","protected":false},"author":8,"featured_media":191965,"comment_status":"close","ping_status":"closed","sticky":false,"template":"","format":"standard","meta":{"_monsterinsights_skip_tracking":false,"_monsterinsights_sitenote_active":false,"_monsterinsights_sitenote_note":"","_monsterinsights_sitenote_category":0,"footnotes":""},"categories":[101],"tags":[],"yoast_head":"<!-- This site is optimized with the Yoast SEO plugin v23.2 - https:\/\/yoast.com\/wordpress\/plugins\/seo\/ -->\n<title>Les pointes, ces mal-aim\u00e9es - CanadaMotorJobs.com<\/title>\n<meta name=\"description\" content=\"Les pointes, ces mal-aim\u00e9es - Benoit Charette - Annuel automobile - CanadaMotorJobs.com.\" \/>\n<meta name=\"robots\" content=\"index, follow, max-snippet:-1, max-image-preview:large, max-video-preview:-1\" \/>\n<meta property=\"og:locale\" content=\"fr_CA\" \/>\n<meta property=\"og:type\" content=\"article\" \/>\n<meta property=\"og:title\" content=\"Les pointes, ces mal-aim\u00e9es - CanadaMotorJobs.com\" \/>\n<meta property=\"og:description\" content=\"Les pointes, ces mal-aim\u00e9es - Benoit Charette - Annuel automobile - CanadaMotorJobs.com.\" \/>\n<meta property=\"og:url\" content=\"https:\/\/news.canadamotorjobs.com\/fr\/les-pointes-ces-mal-aimees\/\" \/>\n<meta property=\"og:site_name\" content=\"CanadaMotorJobs.com\" \/>\n<meta property=\"article:publisher\" content=\"https:\/\/www.facebook.com\/canadamotorjobs\/\" \/>\n<meta property=\"article:published_time\" content=\"2025-02-01T11:01:40+00:00\" \/>\n<meta property=\"article:modified_time\" content=\"2025-02-01T11:14:01+00:00\" \/>\n<meta property=\"og:image\" content=\"https:\/\/news.canadamotorjobs.com\/wp-content\/uploads\/2025\/02\/automobile-ancienne-collection-illustration-960x640-1.jpg\" \/>\n\t<meta property=\"og:image:width\" content=\"960\" \/>\n\t<meta property=\"og:image:height\" content=\"640\" \/>\n\t<meta property=\"og:image:type\" content=\"image\/jpeg\" \/>\n<meta name=\"author\" content=\"Benoit Charette\" \/>\n<meta name=\"twitter:card\" content=\"summary_large_image\" \/>\n<meta name=\"twitter:creator\" content=\"@canadamotorjobs\" \/>\n<meta name=\"twitter:site\" content=\"@canadamotorjobs\" \/>\n<meta name=\"twitter:label1\" content=\"\u00c9crit par\" \/>\n\t<meta name=\"twitter:data1\" content=\"Benoit Charette\" \/>\n\t<meta name=\"twitter:label2\" content=\"Estimation du temps de lecture\" \/>\n\t<meta name=\"twitter:data2\" content=\"3 minutes\" \/>\n<!-- \/ Yoast SEO plugin. -->","yoast_head_json":{"title":"Les pointes, ces mal-aim\u00e9es - CanadaMotorJobs.com","description":"Les pointes, ces mal-aim\u00e9es - Benoit Charette - Annuel automobile - CanadaMotorJobs.com.","robots":{"index":"index","follow":"follow","max-snippet":"max-snippet:-1","max-image-preview":"max-image-preview:large","max-video-preview":"max-video-preview:-1"},"og_locale":"fr_CA","og_type":"article","og_title":"Les pointes, ces mal-aim\u00e9es - CanadaMotorJobs.com","og_description":"Les pointes, ces mal-aim\u00e9es - Benoit Charette - Annuel automobile - CanadaMotorJobs.com.","og_url":"https:\/\/news.canadamotorjobs.com\/fr\/les-pointes-ces-mal-aimees\/","og_site_name":"CanadaMotorJobs.com","article_publisher":"https:\/\/www.facebook.com\/canadamotorjobs\/","article_published_time":"2025-02-01T11:01:40+00:00","article_modified_time":"2025-02-01T11:14:01+00:00","og_image":[{"width":960,"height":640,"url":"https:\/\/news.canadamotorjobs.com\/wp-content\/uploads\/2025\/02\/automobile-ancienne-collection-illustration-960x640-1.jpg","type":"image\/jpeg"}],"author":"Benoit Charette","twitter_card":"summary_large_image","twitter_creator":"@canadamotorjobs","twitter_site":"@canadamotorjobs","twitter_misc":{"\u00c9crit par":"Benoit Charette","Estimation du temps de lecture":"3 minutes"},"schema":{"@context":"https:\/\/schema.org","@graph":[{"@type":"Article","@id":"https:\/\/news.canadamotorjobs.com\/fr\/les-pointes-ces-mal-aimees\/#article","isPartOf":{"@id":"https:\/\/news.canadamotorjobs.com\/fr\/les-pointes-ces-mal-aimees\/"},"author":{"name":"Benoit Charette","@id":"https:\/\/news.canadamotorjobs.com\/#\/schema\/person\/51793d1f87d44011d7bcc2ed99269a90"},"headline":"Les pointes, ces mal-aim\u00e9es","datePublished":"2025-02-01T11:01:40+00:00","dateModified":"2025-02-01T11:14:01+00:00","mainEntityOfPage":{"@id":"https:\/\/news.canadamotorjobs.com\/fr\/les-pointes-ces-mal-aimees\/"},"wordCount":585,"publisher":{"@id":"https:\/\/news.canadamotorjobs.com\/#organization"},"image":{"@id":"https:\/\/news.canadamotorjobs.com\/fr\/les-pointes-ces-mal-aimees\/#primaryimage"},"thumbnailUrl":"https:\/\/news.canadamotorjobs.com\/wp-content\/uploads\/2025\/02\/automobile-ancienne-collection-illustration-960x640-1.jpg","articleSection":["Annuel automobile"],"inLanguage":"fr-CA"},{"@type":"WebPage","@id":"https:\/\/news.canadamotorjobs.com\/fr\/les-pointes-ces-mal-aimees\/","url":"https:\/\/news.canadamotorjobs.com\/fr\/les-pointes-ces-mal-aimees\/","name":"Les pointes, ces mal-aim\u00e9es - CanadaMotorJobs.com","isPartOf":{"@id":"https:\/\/news.canadamotorjobs.com\/#website"},"primaryImageOfPage":{"@id":"https:\/\/news.canadamotorjobs.com\/fr\/les-pointes-ces-mal-aimees\/#primaryimage"},"image":{"@id":"https:\/\/news.canadamotorjobs.com\/fr\/les-pointes-ces-mal-aimees\/#primaryimage"},"thumbnailUrl":"https:\/\/news.canadamotorjobs.com\/wp-content\/uploads\/2025\/02\/automobile-ancienne-collection-illustration-960x640-1.jpg","datePublished":"2025-02-01T11:01:40+00:00","dateModified":"2025-02-01T11:14:01+00:00","description":"Les pointes, ces mal-aim\u00e9es - Benoit Charette - Annuel automobile - CanadaMotorJobs.com.","breadcrumb":{"@id":"https:\/\/news.canadamotorjobs.com\/fr\/les-pointes-ces-mal-aimees\/#breadcrumb"},"inLanguage":"fr-CA","potentialAction":[{"@type":"ReadAction","target":["https:\/\/news.canadamotorjobs.com\/fr\/les-pointes-ces-mal-aimees\/"]}]},{"@type":"ImageObject","inLanguage":"fr-CA","@id":"https:\/\/news.canadamotorjobs.com\/fr\/les-pointes-ces-mal-aimees\/#primaryimage","url":"https:\/\/news.canadamotorjobs.com\/wp-content\/uploads\/2025\/02\/automobile-ancienne-collection-illustration-960x640-1.jpg","contentUrl":"https:\/\/news.canadamotorjobs.com\/wp-content\/uploads\/2025\/02\/automobile-ancienne-collection-illustration-960x640-1.jpg","width":960,"height":640},{"@type":"BreadcrumbList","@id":"https:\/\/news.canadamotorjobs.com\/fr\/les-pointes-ces-mal-aimees\/#breadcrumb","itemListElement":[{"@type":"ListItem","position":1,"name":"Home","item":"https:\/\/news.canadamotorjobs.com\/fr\/blog\/"},{"@type":"ListItem","position":2,"name":"Les pointes, ces mal-aim\u00e9es"}]},{"@type":"WebSite","@id":"https:\/\/news.canadamotorjobs.com\/#website","url":"https:\/\/news.canadamotorjobs.com\/","name":"CanadaMotorJobs.com","description":"Automotive Jobs","publisher":{"@id":"https:\/\/news.canadamotorjobs.com\/#organization"},"potentialAction":[{"@type":"SearchAction","target":{"@type":"EntryPoint","urlTemplate":"https:\/\/news.canadamotorjobs.com\/?s={search_term_string}"},"query-input":"required name=search_term_string"}],"inLanguage":"fr-CA"},{"@type":"Organization","@id":"https:\/\/news.canadamotorjobs.com\/#organization","name":"Canada Motor Jobs","url":"https:\/\/news.canadamotorjobs.com\/","logo":{"@type":"ImageObject","inLanguage":"fr-CA","@id":"https:\/\/news.canadamotorjobs.com\/#\/schema\/logo\/image\/","url":"https:\/\/news.canadamotorjobs.com\/wp-content\/uploads\/2022\/10\/logo-canada-motor-jobs-1.png","contentUrl":"https:\/\/news.canadamotorjobs.com\/wp-content\/uploads\/2022\/10\/logo-canada-motor-jobs-1.png","width":800,"height":400,"caption":"Canada Motor Jobs"},"image":{"@id":"https:\/\/news.canadamotorjobs.com\/#\/schema\/logo\/image\/"},"sameAs":["https:\/\/www.facebook.com\/canadamotorjobs\/","https:\/\/x.com\/canadamotorjobs","https:\/\/www.instagram.com\/canadamotorjobs\/","https:\/\/www.linkedin.com\/company\/canadamotorjobs"]},{"@type":"Person","@id":"https:\/\/news.canadamotorjobs.com\/#\/schema\/person\/51793d1f87d44011d7bcc2ed99269a90","name":"Benoit Charette","image":{"@type":"ImageObject","inLanguage":"fr-CA","@id":"https:\/\/news.canadamotorjobs.com\/#\/schema\/person\/image\/","url":"https:\/\/secure.gravatar.com\/avatar\/45f3d2eebcccd909668d7ce7ea7267b6?s=96&d=mm&r=g","contentUrl":"https:\/\/secure.gravatar.com\/avatar\/45f3d2eebcccd909668d7ce7ea7267b6?s=96&d=mm&r=g","caption":"Benoit Charette"},"description":"Benoit Charette \/ Propri\u00e9taire et r\u00e9dacteur en chef Benoit Charette pratique le journalisme automobile depuis bient\u00f4t 30 ans. Il a fait ses classes au c\u00f4t\u00e9 de Daniel H\u00e9raud et au Carnet de route de 1992 \u00e0 2001. Il est fondateur, copropri\u00e9taire et r\u00e9dacteur en chef de L\u2019Annuel de l\u2019automobile, qu\u2019il publie depuis 2001. Il a anim\u00e9 les \u00e9missions RPM et RPM+ sur V et les L\u00e9gendes de la route sur Historia. \u00c0 la radio depuis 1986, il reprend l\u2019antenne cette ann\u00e9e sur les ondes de Cogeco et participe pour la deuxi\u00e8me ann\u00e9e \u00e0 l\u2019\u00e9mission Passion Auto sur RDS en plus de mettre en ligne le site Web officiel de L\u2019Annuel de l\u2019automobile sur annuelauto.ca.","sameAs":["https:\/\/annuelauto.ca\/"],"url":"https:\/\/news.canadamotorjobs.com\/fr\/author\/benoit-charette\/"}]}},"_links":{"self":[{"href":"https:\/\/news.canadamotorjobs.com\/fr\/wp-json\/wp\/v2\/posts\/191963"}],"collection":[{"href":"https:\/\/news.canadamotorjobs.com\/fr\/wp-json\/wp\/v2\/posts"}],"about":[{"href":"https:\/\/news.canadamotorjobs.com\/fr\/wp-json\/wp\/v2\/types\/post"}],"author":[{"embeddable":true,"href":"https:\/\/news.canadamotorjobs.com\/fr\/wp-json\/wp\/v2\/users\/8"}],"replies":[{"embeddable":true,"href":"https:\/\/news.canadamotorjobs.com\/fr\/wp-json\/wp\/v2\/comments?post=191963"}],"version-history":[{"count":3,"href":"https:\/\/news.canadamotorjobs.com\/fr\/wp-json\/wp\/v2\/posts\/191963\/revisions"}],"predecessor-version":[{"id":191986,"href":"https:\/\/news.canadamotorjobs.com\/fr\/wp-json\/wp\/v2\/posts\/191963\/revisions\/191986"}],"wp:featuredmedia":[{"embeddable":true,"href":"https:\/\/news.canadamotorjobs.com\/fr\/wp-json\/wp\/v2\/media\/191965"}],"wp:attachment":[{"href":"https:\/\/news.canadamotorjobs.com\/fr\/wp-json\/wp\/v2\/media?parent=191963"}],"wp:term":[{"taxonomy":"category","embeddable":true,"href":"https:\/\/news.canadamotorjobs.com\/fr\/wp-json\/wp\/v2\/categories?post=191963"},{"taxonomy":"post_tag","embeddable":true,"href":"https:\/\/news.canadamotorjobs.com\/fr\/wp-json\/wp\/v2\/tags?post=191963"}],"curies":[{"name":"wp","href":"https:\/\/api.w.org\/{rel}","templated":true}]}}