{"id":191890,"date":"2025-02-01T02:24:33","date_gmt":"2025-02-01T07:24:33","guid":{"rendered":"https:\/\/news.canadamotorjobs.com\/?p=191890"},"modified":"2025-02-01T02:30:23","modified_gmt":"2025-02-01T07:30:23","slug":"volvo-va-devoiler-un-ex30-cross-country-le-10-fevrier-prochain","status":"publish","type":"post","link":"https:\/\/news.canadamotorjobs.com\/fr\/volvo-va-devoiler-un-ex30-cross-country-le-10-fevrier-prochain\/","title":{"rendered":"Volvo va d\u00e9voiler un EX30 Cross Country le 10 f\u00e9vrier prochain"},"content":{"rendered":"<\/p>\n<p>Le VUS \u00e9lectrique EX30 a fait ses d\u00e9buts au cours de la derni\u00e8re ann\u00e9e chez nous, mais il vient \u00e0 peine de faire ses d\u00e9buts aux \u00c9tats-Unis. C\u2019est d\u2019importance, car sa pr\u00e9sence sur le march\u00e9 am\u00e9ricain assure une continuit\u00e9 pour le mod\u00e8le chez nous.<\/p>\n<p>Et c\u2019est d\u2019autant plus int\u00e9ressant consid\u00e9rant que la marque a annonc\u00e9 cette semaine qu\u2019elle allait d\u00e9voiler le 10 f\u00e9vrier prochain une version Cross Country du mod\u00e8le. Le v\u00e9hicule sera montr\u00e9 officiellement pour la premi\u00e8re fois lors d\u2019un \u00e9v\u00e9nement sp\u00e9cial qui va se tenir en su\u00e8de. Tout ce qu\u2019on a vu jusqu\u2019\u00e0 maintenant, c\u2019est un concept qui avait \u00e9t\u00e9 pr\u00e9sent\u00e9 en 2023.<\/p>\n<p>On peut s\u2019attendre \u00e0 quelque chose de similaire avec la version de production.<\/p>\n<p><\/p>\n<figure><img decoding=\"async\" src=\"https:\/\/news.canadamotorjobs.com\/wp-content\/uploads\/2025\/02\/volvo_ex30_cross_country_9-5.jpeg\" alt=\"Le concept Volvo EX30 Cross Country, de profil\" \/><figcaption>Le concept Volvo EX30 Cross Country, de profil | Auto123.com<\/figcaption><\/figure>\n<p>Les changements, par rapport au mod\u00e8le r\u00e9gulier, vont concerner la garde au sol qui sera plus \u00e9lev\u00e9e. Des protections en plastique autour des ailes, des jantes noires uniques de 19 pouces, ainsi que des plaques de protection seront vraisemblablement au menu. Lors du d\u00e9voilement du concept, Volvo avait \u00e9galement mentionn\u00e9 que des jantes de 18 pouces seraient offertes en option ; ce sera \u00e0 avoir.<\/p>\n<p>Le mod\u00e8le r\u00e9gulier est propos\u00e9 avec deux configurations m\u00e9caniques, soit une approche \u00e0 un seul moteur (propulsion), ou encore \u00e0 deux moteurs (rouage int\u00e9gral). On peut s\u2019attendre \u00e0 ce que la variante Cross Country profite de cette derni\u00e8re approche, qui offre un niveau de performance plus qu\u2019int\u00e9ressant avec 422 chevaux et 400 livres-pieds de couple, ce qui se traduit par un temps de 3,6 secondes pour le 0-100 km\/h.<\/p>\n<p>Il faudra voir bien s\u00fbr si Volvo va confirmer la venue de cette variante en Am\u00e9rique du Nord. On peut deviner que le march\u00e9 canadien (et la division canadienne de Volvo) souhaite la recevoir, tout comme les \u00c9tats du nord des \u00c9tats-Unis, o\u00f9 les produits de Volvo sont toujours plus populaires.<\/p>\n<p>Nous allons vous revenir avec le plus d\u2019informations possible le 10 f\u00e9vrier prochain, y compris celles concernant le march\u00e9 canadien, si l\u2019on daigne bien nous confirmer la venue de cette version chez nous.<\/p>\n<p>\u00c0 suivre\u2026<\/p>\n<p><\/p>\n<figure><img decoding=\"async\" src=\"https:\/\/news.canadamotorjobs.com\/wp-content\/uploads\/2025\/02\/volvo_ex30_cross_country_5-1.jpeg\" alt=\"Le concept Volvo EX30 Cross Country, arri\u00e8re\" \/><figcaption>Le concept Volvo EX30 Cross Country, arri\u00e8re | Auto123.com<\/figcaption><\/figure>\n<figure><img decoding=\"async\" src=\"https:\/\/news.canadamotorjobs.com\/wp-content\/uploads\/2025\/02\/volvo_ex30_cross_country_3-1.jpeg\" alt=\"Le concept Volvo EX30 Cross Country, de haut\" \/><figcaption>Le concept Volvo EX30 Cross Country, de haut | Auto123.com<\/figcaption><\/figure>\n<p style=\"padding-top: 15px\">Contenu original de <a href=\"https:\/\/www.auto123.com\/fr\/actualites\/volvo-ex30-cross-country-10-fevrier\/72349\/\">auto123<\/a>.<\/p>\n<p>Le texte <a rel=\"nofollow\" href=\"https:\/\/annuelauto.ca\/volvo-va-devoiler-un-ex30-cross-country-le-10-fevrier-prochain\/\">Volvo va d\u00e9voiler un EX30 Cross Country le 10 f\u00e9vrier prochain<\/a> provient de <a rel=\"nofollow\" href=\"https:\/\/annuelauto.ca\">L&#8217;annuel de l&#8217;automobile &#8211; Actualit\u00e9 automobile<\/a><\/p>\n<p><\/p>\n","protected":false},"excerpt":{"rendered":"<p>Le VUS \u00e9lectrique EX30 a fait ses d\u00e9buts au cours de la derni\u00e8re ann\u00e9e chez nous, mais il vient \u00e0 peine de faire ses d\u00e9buts aux \u00c9tats-Unis. C\u2019est d\u2019importance, car sa pr\u00e9sence sur le march\u00e9 am\u00e9ricain assure une continuit\u00e9 pour le mod\u00e8le chez nous. Et c\u2019est d\u2019autant plus int\u00e9ressant consid\u00e9rant que la marque a annonc\u00e9 [&hellip;]<\/p>\n","protected":false},"author":8,"featured_media":191892,"comment_status":"close","ping_status":"closed","sticky":false,"template":"","format":"standard","meta":{"_monsterinsights_skip_tracking":false,"_monsterinsights_sitenote_active":false,"_monsterinsights_sitenote_note":"","_monsterinsights_sitenote_category":0,"footnotes":""},"categories":[101],"tags":[],"yoast_head":"<!-- This site is optimized with the Yoast SEO plugin v23.2 - https:\/\/yoast.com\/wordpress\/plugins\/seo\/ -->\n<title>Volvo va d\u00e9voiler un EX30 Cross Country le 10 f\u00e9vrier prochain - CanadaMotorJobs.com<\/title>\n<meta name=\"description\" content=\"Volvo va d\u00e9voiler un EX30 Cross Country le 10 f\u00e9vrier prochain - Benoit Charette - Annuel automobile - CanadaMotorJobs.com.\" \/>\n<meta name=\"robots\" content=\"index, follow, max-snippet:-1, max-image-preview:large, max-video-preview:-1\" \/>\n<meta property=\"og:locale\" content=\"fr_CA\" \/>\n<meta property=\"og:type\" content=\"article\" \/>\n<meta property=\"og:title\" content=\"Volvo va d\u00e9voiler un EX30 Cross Country le 10 f\u00e9vrier prochain - CanadaMotorJobs.com\" \/>\n<meta property=\"og:description\" content=\"Volvo va d\u00e9voiler un EX30 Cross Country le 10 f\u00e9vrier prochain - Benoit Charette - Annuel automobile - CanadaMotorJobs.com.\" \/>\n<meta property=\"og:url\" content=\"https:\/\/news.canadamotorjobs.com\/fr\/volvo-va-devoiler-un-ex30-cross-country-le-10-fevrier-prochain\/\" \/>\n<meta property=\"og:site_name\" content=\"CanadaMotorJobs.com\" \/>\n<meta property=\"article:publisher\" content=\"https:\/\/www.facebook.com\/canadamotorjobs\/\" \/>\n<meta property=\"article:published_time\" content=\"2025-02-01T07:24:33+00:00\" \/>\n<meta property=\"article:modified_time\" content=\"2025-02-01T07:30:23+00:00\" \/>\n<meta property=\"og:image\" content=\"https:\/\/news.canadamotorjobs.com\/wp-content\/uploads\/2025\/02\/volvo_ex30_cross_country_9.jpeg\" \/>\n\t<meta property=\"og:image:width\" content=\"1200\" \/>\n\t<meta property=\"og:image:height\" content=\"801\" \/>\n\t<meta property=\"og:image:type\" content=\"image\/jpeg\" \/>\n<meta name=\"author\" content=\"Benoit Charette\" \/>\n<meta name=\"twitter:card\" content=\"summary_large_image\" \/>\n<meta name=\"twitter:creator\" content=\"@canadamotorjobs\" \/>\n<meta name=\"twitter:site\" content=\"@canadamotorjobs\" \/>\n<meta name=\"twitter:label1\" content=\"\u00c9crit par\" \/>\n\t<meta name=\"twitter:data1\" content=\"Benoit Charette\" \/>\n\t<meta name=\"twitter:label2\" content=\"Estimation du temps de lecture\" \/>\n\t<meta name=\"twitter:data2\" content=\"2 minutes\" \/>\n<!-- \/ Yoast SEO plugin. -->","yoast_head_json":{"title":"Volvo va d\u00e9voiler un EX30 Cross Country le 10 f\u00e9vrier prochain - CanadaMotorJobs.com","description":"Volvo va d\u00e9voiler un EX30 Cross Country le 10 f\u00e9vrier prochain - Benoit Charette - Annuel automobile - CanadaMotorJobs.com.","robots":{"index":"index","follow":"follow","max-snippet":"max-snippet:-1","max-image-preview":"max-image-preview:large","max-video-preview":"max-video-preview:-1"},"og_locale":"fr_CA","og_type":"article","og_title":"Volvo va d\u00e9voiler un EX30 Cross Country le 10 f\u00e9vrier prochain - CanadaMotorJobs.com","og_description":"Volvo va d\u00e9voiler un EX30 Cross Country le 10 f\u00e9vrier prochain - Benoit Charette - Annuel automobile - CanadaMotorJobs.com.","og_url":"https:\/\/news.canadamotorjobs.com\/fr\/volvo-va-devoiler-un-ex30-cross-country-le-10-fevrier-prochain\/","og_site_name":"CanadaMotorJobs.com","article_publisher":"https:\/\/www.facebook.com\/canadamotorjobs\/","article_published_time":"2025-02-01T07:24:33+00:00","article_modified_time":"2025-02-01T07:30:23+00:00","og_image":[{"width":1200,"height":801,"url":"https:\/\/news.canadamotorjobs.com\/wp-content\/uploads\/2025\/02\/volvo_ex30_cross_country_9.jpeg","type":"image\/jpeg"}],"author":"Benoit Charette","twitter_card":"summary_large_image","twitter_creator":"@canadamotorjobs","twitter_site":"@canadamotorjobs","twitter_misc":{"\u00c9crit par":"Benoit Charette","Estimation du temps de lecture":"2 minutes"},"schema":{"@context":"https:\/\/schema.org","@graph":[{"@type":"Article","@id":"https:\/\/news.canadamotorjobs.com\/fr\/volvo-va-devoiler-un-ex30-cross-country-le-10-fevrier-prochain\/#article","isPartOf":{"@id":"https:\/\/news.canadamotorjobs.com\/fr\/volvo-va-devoiler-un-ex30-cross-country-le-10-fevrier-prochain\/"},"author":{"name":"Benoit Charette","@id":"https:\/\/news.canadamotorjobs.com\/#\/schema\/person\/51793d1f87d44011d7bcc2ed99269a90"},"headline":"Volvo va d\u00e9voiler un EX30 Cross Country le 10 f\u00e9vrier prochain","datePublished":"2025-02-01T07:24:33+00:00","dateModified":"2025-02-01T07:30:23+00:00","mainEntityOfPage":{"@id":"https:\/\/news.canadamotorjobs.com\/fr\/volvo-va-devoiler-un-ex30-cross-country-le-10-fevrier-prochain\/"},"wordCount":437,"publisher":{"@id":"https:\/\/news.canadamotorjobs.com\/#organization"},"image":{"@id":"https:\/\/news.canadamotorjobs.com\/fr\/volvo-va-devoiler-un-ex30-cross-country-le-10-fevrier-prochain\/#primaryimage"},"thumbnailUrl":"https:\/\/news.canadamotorjobs.com\/wp-content\/uploads\/2025\/02\/volvo_ex30_cross_country_9.jpeg","articleSection":["Annuel automobile"],"inLanguage":"fr-CA"},{"@type":"WebPage","@id":"https:\/\/news.canadamotorjobs.com\/fr\/volvo-va-devoiler-un-ex30-cross-country-le-10-fevrier-prochain\/","url":"https:\/\/news.canadamotorjobs.com\/fr\/volvo-va-devoiler-un-ex30-cross-country-le-10-fevrier-prochain\/","name":"Volvo va d\u00e9voiler un EX30 Cross Country le 10 f\u00e9vrier prochain - CanadaMotorJobs.com","isPartOf":{"@id":"https:\/\/news.canadamotorjobs.com\/#website"},"primaryImageOfPage":{"@id":"https:\/\/news.canadamotorjobs.com\/fr\/volvo-va-devoiler-un-ex30-cross-country-le-10-fevrier-prochain\/#primaryimage"},"image":{"@id":"https:\/\/news.canadamotorjobs.com\/fr\/volvo-va-devoiler-un-ex30-cross-country-le-10-fevrier-prochain\/#primaryimage"},"thumbnailUrl":"https:\/\/news.canadamotorjobs.com\/wp-content\/uploads\/2025\/02\/volvo_ex30_cross_country_9.jpeg","datePublished":"2025-02-01T07:24:33+00:00","dateModified":"2025-02-01T07:30:23+00:00","description":"Volvo va d\u00e9voiler un EX30 Cross Country le 10 f\u00e9vrier prochain - Benoit Charette - Annuel automobile - CanadaMotorJobs.com.","breadcrumb":{"@id":"https:\/\/news.canadamotorjobs.com\/fr\/volvo-va-devoiler-un-ex30-cross-country-le-10-fevrier-prochain\/#breadcrumb"},"inLanguage":"fr-CA","potentialAction":[{"@type":"ReadAction","target":["https:\/\/news.canadamotorjobs.com\/fr\/volvo-va-devoiler-un-ex30-cross-country-le-10-fevrier-prochain\/"]}]},{"@type":"ImageObject","inLanguage":"fr-CA","@id":"https:\/\/news.canadamotorjobs.com\/fr\/volvo-va-devoiler-un-ex30-cross-country-le-10-fevrier-prochain\/#primaryimage","url":"https:\/\/news.canadamotorjobs.com\/wp-content\/uploads\/2025\/02\/volvo_ex30_cross_country_9.jpeg","contentUrl":"https:\/\/news.canadamotorjobs.com\/wp-content\/uploads\/2025\/02\/volvo_ex30_cross_country_9.jpeg","width":1200,"height":801},{"@type":"BreadcrumbList","@id":"https:\/\/news.canadamotorjobs.com\/fr\/volvo-va-devoiler-un-ex30-cross-country-le-10-fevrier-prochain\/#breadcrumb","itemListElement":[{"@type":"ListItem","position":1,"name":"Home","item":"https:\/\/news.canadamotorjobs.com\/fr\/blog\/"},{"@type":"ListItem","position":2,"name":"Volvo va d\u00e9voiler un EX30 Cross Country le 10 f\u00e9vrier prochain"}]},{"@type":"WebSite","@id":"https:\/\/news.canadamotorjobs.com\/#website","url":"https:\/\/news.canadamotorjobs.com\/","name":"CanadaMotorJobs.com","description":"Automotive Jobs","publisher":{"@id":"https:\/\/news.canadamotorjobs.com\/#organization"},"potentialAction":[{"@type":"SearchAction","target":{"@type":"EntryPoint","urlTemplate":"https:\/\/news.canadamotorjobs.com\/?s={search_term_string}"},"query-input":"required name=search_term_string"}],"inLanguage":"fr-CA"},{"@type":"Organization","@id":"https:\/\/news.canadamotorjobs.com\/#organization","name":"Canada Motor Jobs","url":"https:\/\/news.canadamotorjobs.com\/","logo":{"@type":"ImageObject","inLanguage":"fr-CA","@id":"https:\/\/news.canadamotorjobs.com\/#\/schema\/logo\/image\/","url":"https:\/\/news.canadamotorjobs.com\/wp-content\/uploads\/2022\/10\/logo-canada-motor-jobs-1.png","contentUrl":"https:\/\/news.canadamotorjobs.com\/wp-content\/uploads\/2022\/10\/logo-canada-motor-jobs-1.png","width":800,"height":400,"caption":"Canada Motor Jobs"},"image":{"@id":"https:\/\/news.canadamotorjobs.com\/#\/schema\/logo\/image\/"},"sameAs":["https:\/\/www.facebook.com\/canadamotorjobs\/","https:\/\/x.com\/canadamotorjobs","https:\/\/www.instagram.com\/canadamotorjobs\/","https:\/\/www.linkedin.com\/company\/canadamotorjobs"]},{"@type":"Person","@id":"https:\/\/news.canadamotorjobs.com\/#\/schema\/person\/51793d1f87d44011d7bcc2ed99269a90","name":"Benoit Charette","image":{"@type":"ImageObject","inLanguage":"fr-CA","@id":"https:\/\/news.canadamotorjobs.com\/#\/schema\/person\/image\/","url":"https:\/\/secure.gravatar.com\/avatar\/45f3d2eebcccd909668d7ce7ea7267b6?s=96&d=mm&r=g","contentUrl":"https:\/\/secure.gravatar.com\/avatar\/45f3d2eebcccd909668d7ce7ea7267b6?s=96&d=mm&r=g","caption":"Benoit Charette"},"description":"Benoit Charette \/ Propri\u00e9taire et r\u00e9dacteur en chef Benoit Charette pratique le journalisme automobile depuis bient\u00f4t 30 ans. Il a fait ses classes au c\u00f4t\u00e9 de Daniel H\u00e9raud et au Carnet de route de 1992 \u00e0 2001. Il est fondateur, copropri\u00e9taire et r\u00e9dacteur en chef de L\u2019Annuel de l\u2019automobile, qu\u2019il publie depuis 2001. Il a anim\u00e9 les \u00e9missions RPM et RPM+ sur V et les L\u00e9gendes de la route sur Historia. \u00c0 la radio depuis 1986, il reprend l\u2019antenne cette ann\u00e9e sur les ondes de Cogeco et participe pour la deuxi\u00e8me ann\u00e9e \u00e0 l\u2019\u00e9mission Passion Auto sur RDS en plus de mettre en ligne le site Web officiel de L\u2019Annuel de l\u2019automobile sur annuelauto.ca.","sameAs":["https:\/\/annuelauto.ca\/"],"url":"https:\/\/news.canadamotorjobs.com\/fr\/author\/benoit-charette\/"}]}},"_links":{"self":[{"href":"https:\/\/news.canadamotorjobs.com\/fr\/wp-json\/wp\/v2\/posts\/191890"}],"collection":[{"href":"https:\/\/news.canadamotorjobs.com\/fr\/wp-json\/wp\/v2\/posts"}],"about":[{"href":"https:\/\/news.canadamotorjobs.com\/fr\/wp-json\/wp\/v2\/types\/post"}],"author":[{"embeddable":true,"href":"https:\/\/news.canadamotorjobs.com\/fr\/wp-json\/wp\/v2\/users\/8"}],"replies":[{"embeddable":true,"href":"https:\/\/news.canadamotorjobs.com\/fr\/wp-json\/wp\/v2\/comments?post=191890"}],"version-history":[{"count":3,"href":"https:\/\/news.canadamotorjobs.com\/fr\/wp-json\/wp\/v2\/posts\/191890\/revisions"}],"predecessor-version":[{"id":191925,"href":"https:\/\/news.canadamotorjobs.com\/fr\/wp-json\/wp\/v2\/posts\/191890\/revisions\/191925"}],"wp:featuredmedia":[{"embeddable":true,"href":"https:\/\/news.canadamotorjobs.com\/fr\/wp-json\/wp\/v2\/media\/191892"}],"wp:attachment":[{"href":"https:\/\/news.canadamotorjobs.com\/fr\/wp-json\/wp\/v2\/media?parent=191890"}],"wp:term":[{"taxonomy":"category","embeddable":true,"href":"https:\/\/news.canadamotorjobs.com\/fr\/wp-json\/wp\/v2\/categories?post=191890"},{"taxonomy":"post_tag","embeddable":true,"href":"https:\/\/news.canadamotorjobs.com\/fr\/wp-json\/wp\/v2\/tags?post=191890"}],"curies":[{"name":"wp","href":"https:\/\/api.w.org\/{rel}","templated":true}]}}