{"id":191844,"date":"2025-01-31T08:10:24","date_gmt":"2025-01-31T13:10:24","guid":{"rendered":"https:\/\/news.canadamotorjobs.com\/?p=191844"},"modified":"2025-01-31T08:13:58","modified_gmt":"2025-01-31T13:13:58","slug":"volvo-xc60-black-edition","status":"publish","type":"post","link":"https:\/\/news.canadamotorjobs.com\/fr\/volvo-xc60-black-edition\/","title":{"rendered":"Volvo XC60 Black Edition"},"content":{"rendered":"<\/p>\n<p>La XC60 Black Edition est un coup de c\u0153ur hivernal. Et comme bien des coups de c\u0153ur, \u00e7a se peut qu\u2019on confonde \u00ab\u00a0coup de c\u0153ur\u00a0\u00bb avec \u00ab\u00a0crise cardiaque\u00a0\u00bb, puisque c\u2019est aussi une r\u00e9action susceptible d\u2019\u00eatre provoqu\u00e9e par son prix de d\u00e9tail\u2026 24\u00a0000 $ au-dessus du prix de base de la XC60 branchable de base.<\/p>\n<p>Bref, pendant que notre c\u0153ur balance, voyons pourquoi ce v\u00e9hicule \u00e0 quatre roues motrices et \u00e0 deux moteurs vaut le d\u00e9tour. D\u2019abord, on peut penser que c\u2019est une familiale. Elle est plus haute que la V60 et un peu plus longue, cela dit. Et son coffre est un peu moins volumineux. \u00c9videmment, Volvo veut vous convaincre que c\u2019est un VUS. Mais si c\u2019\u00e9tait une Subaru, on parlerait d\u2019une Outback Crosstrek, ou quelque chose dans le genre.<\/p>\n<h3>Et \u00e7a, c\u2019est un gros plus.<\/h3>\n<p>\nLa m\u00e9canique n\u2019est pas mal non plus. On a bien aim\u00e9 la combinaison \u00e9lectrique-thermique durant la petite temp\u00eate de neige qui a eu lieu en d\u00e9but de semaine. Le hic avec la propulsion \u00e9lectrique est qu\u2019elle est contr\u00f4l\u00e9e de tr\u00e8s pr\u00e8s par l\u2019\u00e9lectronique embarqu\u00e9e. D\u00e8s que les roues glissent un peu, le moteur cale. Le r\u00e9sultat est qu\u2019on peut rester coinc\u00e9 dans 2 centim\u00e8tres de neige. On peut \u00e9videmment d\u00e9sactiver l\u2019antipatinage, ce qui r\u00e8gle le probl\u00e8me la plupart du temps. Ou dans ce cas-ci, on appuie un peu plus sur l\u2019acc\u00e9l\u00e9rateur et le moteur \u00e0 essence turbo met l\u2019\u00e9paule \u00e0 la roue.<\/p>\n<p>Disons que les 455 chevaux et les 523 livres-pied qu\u2019on obtient en jumelant les deux m\u00e9caniques sont pas mal plus impressionnants que les 143 chevaux et 228 livres-pied du moteur \u00e9lectrique seul. Ce dernier est la motorisation par d\u00e9faut du XC60, et il est pr\u00e9f\u00e9rable de charger le v\u00e9hicule pour en profiter pleinement. On a obtenu entre 45 et 50 km d\u2019autonomie par charge cet hiver, \u00e0 une temp\u00e9rature sous le point de cong\u00e9lation. En oubliant de se brancher \u00e0 quelques reprises, on a fini avec une consommation moyenne de 5,6 litres aux 100 kilom\u00e8tres, ce qui est acceptable.<\/p>\n<h3>Le moteur\u00a0: un autre gros plus, donc.<\/h3>\n<p>\nLe gros moins, \u00e9videmment, c\u2019est son prix, qui est un poil sous les 84 000$. La Black Edition ajoute quelques \u00e9l\u00e9ments exclusifs, pour la peine.<\/p>\n<p>Sa carrosserie est Noir Onyx et ses jantes exclusives de 21 pouces \u00e0 5 rayons doubles, sont noires elles aussi. La calandre, les coques de r\u00e9troviseurs et les longerons de toit arborent un noir brillant qui ajoute au c\u00f4t\u00e9 sombre, un peu badass, de ce mod\u00e8le. Le logo Volvo noir sur fond noir compl\u00e8te cette esth\u00e9tique monochrome et audacieuse.<\/p>\n<p>L&#8217;habitacle de la Black Edition est tr\u00e8s joli \u00e9galement. On a \u00e9t\u00e9 surpris. Les si\u00e8ges sport en cuir Nappa anthracite comprennent des vibromasseurs. Des incrustations d\u00e9coratives en maillage m\u00e9tallique d&#8217;aluminium ajoutent une touche de luxe au tableau de bord. Le volant sport gain\u00e9 de cuir anthracite et le pommeau de levier de vitesses en cristal fait \u00e0 la main en font un v\u00e9hicule haut de gamme pour vrai. C\u2019est du tape \u00e0 l\u2019\u0153il qui touche la cible. On a aussi du bois mur \u00e0 mur, sur le tableau de bord, et c\u2019est de tr\u00e8s bon go\u00fbt.<\/p>\n<p>On l\u2019a d\u00e9j\u00e0 dit et on va le r\u00e9p\u00e9ter, le plus gros d\u00e9faut chez Volvo ces jours-ci est le syst\u00e8me multim\u00e9dia Android Auto, qui est capricieux, qui n\u2019a pas CarPlay sans fil embarqu\u00e9 et qui n\u2019offre \u00e0 peu pr\u00e8s aucune des applications promises par l\u2019int\u00e9gration d\u2019Android directement dans le syst\u00e8me.<\/p>\n<p>Ajoutons que l\u2019aide avanc\u00e9e \u00e0 la conduite de Volvo commence \u00e0 prendre de l\u2019\u00e2ge. On parle d\u2019un syst\u00e8me vieillot, qui d\u00e9croche souvent, et qui s\u2019av\u00e8re plus dangereux que reposant, m\u00eame sur l\u2019autoroute. Volvo inclut quand m\u00eame beaucoup de syst\u00e8mes de s\u00e9curit\u00e9, comme son syst\u00e8me d&#8217;information sur les angles morts BLIS avec alerte de circulation transversale, et une cam\u00e9ra \u00e0 360 degr\u00e9s qui facilite le stationnement.<\/p>\n<p>Bref, le XC60 n\u2019est pas un v\u00e9hicule parfait. La Black Edtiion n\u2019est pas un mod\u00e8le abordable. Mais si vous avez le genre de budget qui fait que \u00e7a ne vous d\u00e9range pas trop de payer plus cher, c\u2019est certainement une familiale (ou un VUS!) qui devrait vous int\u00e9resser, si vous ne voulez pas passer au tout-\u00e9lectrique imm\u00e9diatement.<\/p>\n<p>\u00a0<\/p>\n<p>Le texte <a rel=\"nofollow\" href=\"https:\/\/annuelauto.ca\/volvo-xc60-black-edition\/\">Volvo XC60 Black Edition<\/a> provient de <a rel=\"nofollow\" href=\"https:\/\/annuelauto.ca\">L&#8217;annuel de l&#8217;automobile &#8211; Actualit\u00e9 automobile<\/a><\/p>\n<p><\/p>\n","protected":false},"excerpt":{"rendered":"<p>La XC60 Black Edition est un coup de c\u0153ur hivernal. Et comme bien des coups de c\u0153ur, \u00e7a se peut qu\u2019on confonde \u00ab\u00a0coup de c\u0153ur\u00a0\u00bb avec \u00ab\u00a0crise cardiaque\u00a0\u00bb, puisque c\u2019est aussi une r\u00e9action susceptible d\u2019\u00eatre provoqu\u00e9e par son prix de d\u00e9tail\u2026 24\u00a0000 $ au-dessus du prix de base de la XC60 branchable de base. Bref, [&hellip;]<\/p>\n","protected":false},"author":8,"featured_media":191846,"comment_status":"close","ping_status":"closed","sticky":false,"template":"","format":"standard","meta":{"_monsterinsights_skip_tracking":false,"_monsterinsights_sitenote_active":false,"_monsterinsights_sitenote_note":"","_monsterinsights_sitenote_category":0,"footnotes":""},"categories":[101],"tags":[],"yoast_head":"<!-- This site is optimized with the Yoast SEO plugin v23.2 - https:\/\/yoast.com\/wordpress\/plugins\/seo\/ -->\n<title>Volvo XC60 Black Edition - CanadaMotorJobs.com<\/title>\n<meta name=\"description\" content=\"Volvo XC60 Black Edition - Benoit Charette - Annuel automobile - CanadaMotorJobs.com.\" \/>\n<meta name=\"robots\" content=\"index, follow, max-snippet:-1, max-image-preview:large, max-video-preview:-1\" \/>\n<meta property=\"og:locale\" content=\"fr_CA\" \/>\n<meta property=\"og:type\" content=\"article\" \/>\n<meta property=\"og:title\" content=\"Volvo XC60 Black Edition - CanadaMotorJobs.com\" \/>\n<meta property=\"og:description\" content=\"Volvo XC60 Black Edition - Benoit Charette - Annuel automobile - CanadaMotorJobs.com.\" \/>\n<meta property=\"og:url\" content=\"https:\/\/news.canadamotorjobs.com\/fr\/volvo-xc60-black-edition\/\" \/>\n<meta property=\"og:site_name\" content=\"CanadaMotorJobs.com\" \/>\n<meta property=\"article:publisher\" content=\"https:\/\/www.facebook.com\/canadamotorjobs\/\" \/>\n<meta property=\"article:published_time\" content=\"2025-01-31T13:10:24+00:00\" \/>\n<meta property=\"article:modified_time\" content=\"2025-01-31T13:13:58+00:00\" \/>\n<meta property=\"og:image\" content=\"https:\/\/news.canadamotorjobs.com\/wp-content\/uploads\/2025\/01\/317101_XC60_Black_Edition.jpg\" \/>\n\t<meta property=\"og:image:width\" content=\"1920\" \/>\n\t<meta property=\"og:image:height\" content=\"1080\" \/>\n\t<meta property=\"og:image:type\" content=\"image\/jpeg\" \/>\n<meta name=\"author\" content=\"Benoit Charette\" \/>\n<meta name=\"twitter:card\" content=\"summary_large_image\" \/>\n<meta name=\"twitter:creator\" content=\"@canadamotorjobs\" \/>\n<meta name=\"twitter:site\" content=\"@canadamotorjobs\" \/>\n<meta name=\"twitter:label1\" content=\"\u00c9crit par\" \/>\n\t<meta name=\"twitter:data1\" content=\"Benoit Charette\" \/>\n\t<meta name=\"twitter:label2\" content=\"Estimation du temps de lecture\" \/>\n\t<meta name=\"twitter:data2\" content=\"4 minutes\" \/>\n<!-- \/ Yoast SEO plugin. -->","yoast_head_json":{"title":"Volvo XC60 Black Edition - CanadaMotorJobs.com","description":"Volvo XC60 Black Edition - Benoit Charette - Annuel automobile - CanadaMotorJobs.com.","robots":{"index":"index","follow":"follow","max-snippet":"max-snippet:-1","max-image-preview":"max-image-preview:large","max-video-preview":"max-video-preview:-1"},"og_locale":"fr_CA","og_type":"article","og_title":"Volvo XC60 Black Edition - CanadaMotorJobs.com","og_description":"Volvo XC60 Black Edition - Benoit Charette - Annuel automobile - CanadaMotorJobs.com.","og_url":"https:\/\/news.canadamotorjobs.com\/fr\/volvo-xc60-black-edition\/","og_site_name":"CanadaMotorJobs.com","article_publisher":"https:\/\/www.facebook.com\/canadamotorjobs\/","article_published_time":"2025-01-31T13:10:24+00:00","article_modified_time":"2025-01-31T13:13:58+00:00","og_image":[{"width":1920,"height":1080,"url":"https:\/\/news.canadamotorjobs.com\/wp-content\/uploads\/2025\/01\/317101_XC60_Black_Edition.jpg","type":"image\/jpeg"}],"author":"Benoit Charette","twitter_card":"summary_large_image","twitter_creator":"@canadamotorjobs","twitter_site":"@canadamotorjobs","twitter_misc":{"\u00c9crit par":"Benoit Charette","Estimation du temps de lecture":"4 minutes"},"schema":{"@context":"https:\/\/schema.org","@graph":[{"@type":"Article","@id":"https:\/\/news.canadamotorjobs.com\/fr\/volvo-xc60-black-edition\/#article","isPartOf":{"@id":"https:\/\/news.canadamotorjobs.com\/fr\/volvo-xc60-black-edition\/"},"author":{"name":"Benoit Charette","@id":"https:\/\/news.canadamotorjobs.com\/#\/schema\/person\/51793d1f87d44011d7bcc2ed99269a90"},"headline":"Volvo XC60 Black Edition","datePublished":"2025-01-31T13:10:24+00:00","dateModified":"2025-01-31T13:13:58+00:00","mainEntityOfPage":{"@id":"https:\/\/news.canadamotorjobs.com\/fr\/volvo-xc60-black-edition\/"},"wordCount":796,"publisher":{"@id":"https:\/\/news.canadamotorjobs.com\/#organization"},"image":{"@id":"https:\/\/news.canadamotorjobs.com\/fr\/volvo-xc60-black-edition\/#primaryimage"},"thumbnailUrl":"https:\/\/news.canadamotorjobs.com\/wp-content\/uploads\/2025\/01\/317101_XC60_Black_Edition.jpg","articleSection":["Annuel automobile"],"inLanguage":"fr-CA"},{"@type":"WebPage","@id":"https:\/\/news.canadamotorjobs.com\/fr\/volvo-xc60-black-edition\/","url":"https:\/\/news.canadamotorjobs.com\/fr\/volvo-xc60-black-edition\/","name":"Volvo XC60 Black Edition - CanadaMotorJobs.com","isPartOf":{"@id":"https:\/\/news.canadamotorjobs.com\/#website"},"primaryImageOfPage":{"@id":"https:\/\/news.canadamotorjobs.com\/fr\/volvo-xc60-black-edition\/#primaryimage"},"image":{"@id":"https:\/\/news.canadamotorjobs.com\/fr\/volvo-xc60-black-edition\/#primaryimage"},"thumbnailUrl":"https:\/\/news.canadamotorjobs.com\/wp-content\/uploads\/2025\/01\/317101_XC60_Black_Edition.jpg","datePublished":"2025-01-31T13:10:24+00:00","dateModified":"2025-01-31T13:13:58+00:00","description":"Volvo XC60 Black Edition - Benoit Charette - Annuel automobile - CanadaMotorJobs.com.","breadcrumb":{"@id":"https:\/\/news.canadamotorjobs.com\/fr\/volvo-xc60-black-edition\/#breadcrumb"},"inLanguage":"fr-CA","potentialAction":[{"@type":"ReadAction","target":["https:\/\/news.canadamotorjobs.com\/fr\/volvo-xc60-black-edition\/"]}]},{"@type":"ImageObject","inLanguage":"fr-CA","@id":"https:\/\/news.canadamotorjobs.com\/fr\/volvo-xc60-black-edition\/#primaryimage","url":"https:\/\/news.canadamotorjobs.com\/wp-content\/uploads\/2025\/01\/317101_XC60_Black_Edition.jpg","contentUrl":"https:\/\/news.canadamotorjobs.com\/wp-content\/uploads\/2025\/01\/317101_XC60_Black_Edition.jpg","width":1920,"height":1080},{"@type":"BreadcrumbList","@id":"https:\/\/news.canadamotorjobs.com\/fr\/volvo-xc60-black-edition\/#breadcrumb","itemListElement":[{"@type":"ListItem","position":1,"name":"Home","item":"https:\/\/news.canadamotorjobs.com\/fr\/blog\/"},{"@type":"ListItem","position":2,"name":"Volvo XC60 Black Edition"}]},{"@type":"WebSite","@id":"https:\/\/news.canadamotorjobs.com\/#website","url":"https:\/\/news.canadamotorjobs.com\/","name":"CanadaMotorJobs.com","description":"Automotive Jobs","publisher":{"@id":"https:\/\/news.canadamotorjobs.com\/#organization"},"potentialAction":[{"@type":"SearchAction","target":{"@type":"EntryPoint","urlTemplate":"https:\/\/news.canadamotorjobs.com\/?s={search_term_string}"},"query-input":"required name=search_term_string"}],"inLanguage":"fr-CA"},{"@type":"Organization","@id":"https:\/\/news.canadamotorjobs.com\/#organization","name":"Canada Motor Jobs","url":"https:\/\/news.canadamotorjobs.com\/","logo":{"@type":"ImageObject","inLanguage":"fr-CA","@id":"https:\/\/news.canadamotorjobs.com\/#\/schema\/logo\/image\/","url":"https:\/\/news.canadamotorjobs.com\/wp-content\/uploads\/2022\/10\/logo-canada-motor-jobs-1.png","contentUrl":"https:\/\/news.canadamotorjobs.com\/wp-content\/uploads\/2022\/10\/logo-canada-motor-jobs-1.png","width":800,"height":400,"caption":"Canada Motor Jobs"},"image":{"@id":"https:\/\/news.canadamotorjobs.com\/#\/schema\/logo\/image\/"},"sameAs":["https:\/\/www.facebook.com\/canadamotorjobs\/","https:\/\/x.com\/canadamotorjobs","https:\/\/www.instagram.com\/canadamotorjobs\/","https:\/\/www.linkedin.com\/company\/canadamotorjobs"]},{"@type":"Person","@id":"https:\/\/news.canadamotorjobs.com\/#\/schema\/person\/51793d1f87d44011d7bcc2ed99269a90","name":"Benoit Charette","image":{"@type":"ImageObject","inLanguage":"fr-CA","@id":"https:\/\/news.canadamotorjobs.com\/#\/schema\/person\/image\/","url":"https:\/\/secure.gravatar.com\/avatar\/45f3d2eebcccd909668d7ce7ea7267b6?s=96&d=mm&r=g","contentUrl":"https:\/\/secure.gravatar.com\/avatar\/45f3d2eebcccd909668d7ce7ea7267b6?s=96&d=mm&r=g","caption":"Benoit Charette"},"description":"Benoit Charette \/ Propri\u00e9taire et r\u00e9dacteur en chef Benoit Charette pratique le journalisme automobile depuis bient\u00f4t 30 ans. Il a fait ses classes au c\u00f4t\u00e9 de Daniel H\u00e9raud et au Carnet de route de 1992 \u00e0 2001. Il est fondateur, copropri\u00e9taire et r\u00e9dacteur en chef de L\u2019Annuel de l\u2019automobile, qu\u2019il publie depuis 2001. Il a anim\u00e9 les \u00e9missions RPM et RPM+ sur V et les L\u00e9gendes de la route sur Historia. \u00c0 la radio depuis 1986, il reprend l\u2019antenne cette ann\u00e9e sur les ondes de Cogeco et participe pour la deuxi\u00e8me ann\u00e9e \u00e0 l\u2019\u00e9mission Passion Auto sur RDS en plus de mettre en ligne le site Web officiel de L\u2019Annuel de l\u2019automobile sur annuelauto.ca.","sameAs":["https:\/\/annuelauto.ca\/"],"url":"https:\/\/news.canadamotorjobs.com\/fr\/author\/benoit-charette\/"}]}},"_links":{"self":[{"href":"https:\/\/news.canadamotorjobs.com\/fr\/wp-json\/wp\/v2\/posts\/191844"}],"collection":[{"href":"https:\/\/news.canadamotorjobs.com\/fr\/wp-json\/wp\/v2\/posts"}],"about":[{"href":"https:\/\/news.canadamotorjobs.com\/fr\/wp-json\/wp\/v2\/types\/post"}],"author":[{"embeddable":true,"href":"https:\/\/news.canadamotorjobs.com\/fr\/wp-json\/wp\/v2\/users\/8"}],"replies":[{"embeddable":true,"href":"https:\/\/news.canadamotorjobs.com\/fr\/wp-json\/wp\/v2\/comments?post=191844"}],"version-history":[{"count":2,"href":"https:\/\/news.canadamotorjobs.com\/fr\/wp-json\/wp\/v2\/posts\/191844\/revisions"}],"predecessor-version":[{"id":191848,"href":"https:\/\/news.canadamotorjobs.com\/fr\/wp-json\/wp\/v2\/posts\/191844\/revisions\/191848"}],"wp:featuredmedia":[{"embeddable":true,"href":"https:\/\/news.canadamotorjobs.com\/fr\/wp-json\/wp\/v2\/media\/191846"}],"wp:attachment":[{"href":"https:\/\/news.canadamotorjobs.com\/fr\/wp-json\/wp\/v2\/media?parent=191844"}],"wp:term":[{"taxonomy":"category","embeddable":true,"href":"https:\/\/news.canadamotorjobs.com\/fr\/wp-json\/wp\/v2\/categories?post=191844"},{"taxonomy":"post_tag","embeddable":true,"href":"https:\/\/news.canadamotorjobs.com\/fr\/wp-json\/wp\/v2\/tags?post=191844"}],"curies":[{"name":"wp","href":"https:\/\/api.w.org\/{rel}","templated":true}]}}