{"id":191788,"date":"2025-01-31T02:24:51","date_gmt":"2025-01-31T07:24:51","guid":{"rendered":"https:\/\/news.canadamotorjobs.com\/?p=191788"},"modified":"2025-01-31T02:30:32","modified_gmt":"2025-01-31T07:30:32","slug":"polestar-devoile-une-serie-exclusive-de-vehicules-electriques-arctic-circle","status":"publish","type":"post","link":"https:\/\/news.canadamotorjobs.com\/fr\/polestar-devoile-une-serie-exclusive-de-vehicules-electriques-arctic-circle\/","title":{"rendered":"Polestar d\u00e9voile une s\u00e9rie exclusive de v\u00e9hicules \u00e9lectriques \u00ab\u2009Arctic Circle\u2009\u00bb"},"content":{"rendered":"<\/p>\n<p>Polestar repousse les limites de la performance en conditions extr\u00eames avec une nouvelle s\u00e9rie de v\u00e9hicules \u00e9lectriques inspir\u00e9s du rallye. Apr\u00e8s le succ\u00e8s de la Polestar 2 Arctic Circle en 2022, la marque su\u00e9doise d\u00e9voile des versions exclusives Arctic Circle des Polestar 3 et Polestar 4. Ces mod\u00e8les uniques feront leurs d\u00e9buts le 1er f\u00e9vrier 2025 lors de la FAT Ice Race \u00e0 Zell am See, en Autriche.<\/p>\n<p><strong>Une pr\u00e9paration de rallye pour des performances extr\u00eames<\/strong><\/p>\n<p>Con\u00e7us sous la supervision de Joakim Rydholm, chef de la dynamique de conduite chez Polestar, ces v\u00e9hicules adoptent une approche inspir\u00e9e du rallye. Fort de plus de 30 ans d\u2019exp\u00e9rience en sport automobile et plusieurs podiums en rallye su\u00e9dois, Rydholm a appliqu\u00e9 son expertise pour perfectionner ces mod\u00e8les dans les conditions arctiques.<\/p>\n<blockquote><p><\/p>\n<p>\u00ab Nous avons cr\u00e9\u00e9 quelque chose d\u2019exceptionnel avec la Polestar 2 Arctic Circle. \u00c9tendre cette formule \u00e0 nos deux nouveaux VUS a \u00e9t\u00e9 un d\u00e9fi passionnant. Gr\u00e2ce \u00e0 nos partenaires technologiques, nous avons d\u00e9velopp\u00e9 des solutions d\u2019ing\u00e9nierie sur mesure qui accentuent notre ADN de performance et rendent ces v\u00e9hicules incroyablement amusants \u00e0 piloter. \u00bb<\/p>\n<p>\u2013 Joakim Rydholm, chef de la dynamique de conduite chez Polestar<\/p>\n<p>\n<\/p><\/blockquote>\n<p><\/p>\n<figure><img decoding=\"async\" src=\"https:\/\/news.canadamotorjobs.com\/wp-content\/uploads\/2025\/01\/687418_20250130_Polestar_2_Arctic_Circle-5.jpg\" alt=\"Le Polestar 2 Arctic Circle\" \/><figcaption>Le Polestar 2 Arctic Circle | Auto123.com<\/figcaption><\/figure>\n<p><strong>Des \u00e9quipements sur mesure pour dominer la glace<\/strong><\/p>\n<p>Construits dans l\u2019un des centres de recherche et de d\u00e9veloppement de Polestar en Su\u00e8de, ces v\u00e9hicules profitent d\u2019une attention particuli\u00e8re :<\/p>\n<ul><\/p>\n<li>\u2022\u00a0\u00a0\u00a0 Suspensions rehauss\u00e9es avec amortisseurs \u00d6hlins r\u00e9glables en trois voies et r\u00e9servoirs de gaz externes<\/li>\n<p><\/p>\n<li>\u2022\u00a0\u00a0\u00a0 Pneus Pirelli clout\u00e9s, con\u00e7us pour une adh\u00e9rence maximale sur la glace<\/li>\n<p><\/p>\n<li>\u2022\u00a0\u00a0\u00a0 Jantes OZ Racing Rally Legend (premi\u00e8re mondiale)<\/li>\n<p><\/p>\n<li>\u2022\u00a0\u00a0\u00a0 Si\u00e8ges baquets Recaro Pole Position pour un maintien optimal<\/li>\n<p><\/p>\n<li>\u2022\u00a0\u00a0\u00a0 Feux de rallye Stedi Quad Pro \u00e0 DEL et barres lumineuses pour une visibilit\u00e9 accrue<\/li>\n<p><\/p>\n<li>\u2022\u00a0\u00a0\u00a0 Accessoires sp\u00e9cialis\u00e9s, dont supports de ski Thule, coffres de rangement et \u00e9quipements de r\u00e9cup\u00e9ration<\/li>\n<p>\n<\/ul>\n<p><\/p>\n<figure><img decoding=\"async\" src=\"https:\/\/news.canadamotorjobs.com\/wp-content\/uploads\/2025\/01\/687405_20250130_Polestar_3_Arctic_Circle-1.jpg\" alt=\"Le Polestar 3 Arctic Circle\" \/><figcaption>Le Polestar 3 Arctic Circle | Auto123.com<\/figcaption><\/figure>\n<p><strong>Caract\u00e9ristiques techniques des mod\u00e8les Arctic Circle<\/strong><\/p>\n<p><strong>Polestar 2 Arctic Circle (G\u00e9n\u00e9ration 2021) \u2014<\/strong> Long Range Dual Motor + Performance Pack, 469 chevaux, 502 lb-pi (350 kW), hauteur de caisse +30 mm, pneus Pirelli Scorpion All Terrain Plus (19 pouces \u00bb, 250 clous 4 mm), contr\u00f4le de lancement \u00e0 l\u2019aide de palettes, panier de toit Thule, Blackcrow.<\/p>\n<p><strong>Polestar 3 Arctic Circle (G\u00e9n\u00e9ration 2024) \u2014 <\/strong>Long Range Dual Motor + Performance Pack, 517 chevaux, 671 lb-pi (380 kW), hauteur de caisse +40 mm, pneus Pirelli Scorpion All Terrain Plus (20 pouces, 300 clous 4 mm), barre lumi\u00e8re Stedi ST4K, panier de toit Thule, Pelle Fiskars SnowXpert.<\/p>\n<p><strong>Polestar 4 Arctic Circle (G\u00e9n\u00e9ration 2024) \u2014<\/strong> Long Range Dual Motor + Performance Pack, 544 chevaux, 506 lb-pi (400 kW), hauteur de caisse +20 mm, pneus Pirelli Scorpion All Terrain Plus (20 pouces \u00bb, 300 clous 4 mm), frein \u00e0 main hydraulique inspir\u00e9 du rallye, supports de ski sp\u00e9cialis\u00e9s.<\/p>\n<p>Avec cette collection Arctic Circle, Polestar veut mettre en lumi\u00e8re son expertise en performance sous conditions extr\u00eames. Ces mod\u00e8les uniques devraient faire sensation lors de la FAT Ice Race 2025, un \u00e9v\u00e9nement incontournable c\u00e9l\u00e9brant la culture automobile et l\u2019exp\u00e9rience de conduite sur glace.<\/p>\n<p><\/p>\n<figure><img decoding=\"async\" src=\"https:\/\/news.canadamotorjobs.com\/wp-content\/uploads\/2025\/01\/687415_20250130_Polestar_4_Arctic_Circle-1.jpg\" alt=\"Le Polestar 4 Arctic Circle\" \/><figcaption>Le Polestar 4 Arctic Circle | Auto123.com<\/figcaption><\/figure>\n<figure><img decoding=\"async\" src=\"https:\/\/news.canadamotorjobs.com\/wp-content\/uploads\/2025\/01\/687409_20250130_Polestar_2_Arctic_Circle-1.jpg\" alt=\"Le Polestar 2 Arctic Circle, roue\" \/><figcaption>Le Polestar 2 Arctic Circle, roue | Auto123.com<\/figcaption><\/figure>\n<figure><img decoding=\"async\" src=\"https:\/\/news.canadamotorjobs.com\/wp-content\/uploads\/2025\/01\/687401_20250130_Polestar_4_Arctic_Circle-1.jpg\" alt=\"Le Polestar 4 Arctic Circle, avant\" \/><figcaption>Le Polestar 4 Arctic Circle, avant | Auto123.com<\/figcaption><\/figure>\n<figure><img decoding=\"async\" src=\"https:\/\/news.canadamotorjobs.com\/wp-content\/uploads\/2025\/01\/687416_20250130_Polestar_3_Arctic_Circle-1.jpg\" alt=\"Le Polestar 3 Arctic Circle, sur la glace\" \/><figcaption>Le Polestar 3 Arctic Circle, sur la glace | Auto123.com<\/figcaption><\/figure>\n<figure><img decoding=\"async\" src=\"https:\/\/news.canadamotorjobs.com\/wp-content\/uploads\/2025\/01\/687411_20250130_Polestar_4_Arctic_Circle-1.jpg\" alt=\"Le Polestar 3 Arctic Circle, int\u00e9rieur\" \/><figcaption>Le Polestar 3 Arctic Circle, int\u00e9rieur | Auto123.com<\/figcaption><\/figure>\n<figure><img decoding=\"async\" src=\"https:\/\/news.canadamotorjobs.com\/wp-content\/uploads\/2025\/01\/687413_20250130_Polestar_2_Arctic_Circle-1.jpg\" alt=\"Le Polestar 2 Arctic Circle, si\u00e8ges\" \/><figcaption>Le Polestar 2 Arctic Circle, si\u00e8ges | Auto123.com<\/figcaption><\/figure>\n<p style=\"padding-top: 15px\">Contenu original de <a href=\"https:\/\/www.auto123.com\/fr\/actualites\/polestar-arctic-circle-electriques-course-glace\/72348\/\">auto123<\/a>.<\/p>\n<p>Le texte <a rel=\"nofollow\" href=\"https:\/\/annuelauto.ca\/polestar-devoile-une-serie-exclusive-de-vehicules-electriques-%e2%80%89arctic-circle%e2%80%89\/\">Polestar d\u00e9voile une s\u00e9rie exclusive de v\u00e9hicules \u00e9lectriques \u00ab\u2009Arctic Circle\u2009\u00bb<\/a> provient de <a rel=\"nofollow\" href=\"https:\/\/annuelauto.ca\">L&#8217;annuel de l&#8217;automobile &#8211; Actualit\u00e9 automobile<\/a><\/p>\n<p><\/p>\n","protected":false},"excerpt":{"rendered":"<p>Polestar repousse les limites de la performance en conditions extr\u00eames avec une nouvelle s\u00e9rie de v\u00e9hicules \u00e9lectriques inspir\u00e9s du rallye. Apr\u00e8s le succ\u00e8s de la Polestar 2 Arctic Circle en 2022, la marque su\u00e9doise d\u00e9voile des versions exclusives Arctic Circle des Polestar 3 et Polestar 4. Ces mod\u00e8les uniques feront leurs d\u00e9buts le 1er f\u00e9vrier [&hellip;]<\/p>\n","protected":false},"author":8,"featured_media":191790,"comment_status":"close","ping_status":"closed","sticky":false,"template":"","format":"standard","meta":{"_monsterinsights_skip_tracking":false,"_monsterinsights_sitenote_active":false,"_monsterinsights_sitenote_note":"","_monsterinsights_sitenote_category":0,"footnotes":""},"categories":[101],"tags":[],"yoast_head":"<!-- This site is optimized with the Yoast SEO plugin v23.2 - https:\/\/yoast.com\/wordpress\/plugins\/seo\/ -->\n<title>Polestar d\u00e9voile une s\u00e9rie exclusive de v\u00e9hicules \u00e9lectriques \u00ab\u2009Arctic Circle\u2009\u00bb - CanadaMotorJobs.com<\/title>\n<meta name=\"description\" content=\"Polestar d\u00e9voile une s\u00e9rie exclusive de v\u00e9hicules \u00e9lectriques \u00ab\u2009Arctic Circle\u2009\u00bb - Benoit Charette - Annuel automobile - CanadaMotorJobs.com.\" \/>\n<meta name=\"robots\" content=\"index, follow, max-snippet:-1, max-image-preview:large, max-video-preview:-1\" \/>\n<meta property=\"og:locale\" content=\"fr_CA\" \/>\n<meta property=\"og:type\" content=\"article\" \/>\n<meta property=\"og:title\" content=\"Polestar d\u00e9voile une s\u00e9rie exclusive de v\u00e9hicules \u00e9lectriques \u00ab\u2009Arctic Circle\u2009\u00bb - CanadaMotorJobs.com\" \/>\n<meta property=\"og:description\" content=\"Polestar d\u00e9voile une s\u00e9rie exclusive de v\u00e9hicules \u00e9lectriques \u00ab\u2009Arctic Circle\u2009\u00bb - Benoit Charette - Annuel automobile - CanadaMotorJobs.com.\" \/>\n<meta property=\"og:url\" content=\"https:\/\/news.canadamotorjobs.com\/fr\/polestar-devoile-une-serie-exclusive-de-vehicules-electriques-arctic-circle\/\" \/>\n<meta property=\"og:site_name\" content=\"CanadaMotorJobs.com\" \/>\n<meta property=\"article:publisher\" content=\"https:\/\/www.facebook.com\/canadamotorjobs\/\" \/>\n<meta property=\"article:published_time\" content=\"2025-01-31T07:24:51+00:00\" \/>\n<meta property=\"article:modified_time\" content=\"2025-01-31T07:30:32+00:00\" \/>\n<meta property=\"og:image\" content=\"https:\/\/news.canadamotorjobs.com\/wp-content\/uploads\/2025\/01\/687418_20250130_Polestar_2_Arctic_Circle.jpg\" \/>\n\t<meta property=\"og:image:width\" content=\"1200\" \/>\n\t<meta property=\"og:image:height\" content=\"800\" \/>\n\t<meta property=\"og:image:type\" content=\"image\/jpeg\" \/>\n<meta name=\"author\" content=\"Benoit Charette\" \/>\n<meta name=\"twitter:card\" content=\"summary_large_image\" \/>\n<meta name=\"twitter:creator\" content=\"@canadamotorjobs\" \/>\n<meta name=\"twitter:site\" content=\"@canadamotorjobs\" \/>\n<meta name=\"twitter:label1\" content=\"\u00c9crit par\" \/>\n\t<meta name=\"twitter:data1\" content=\"Benoit Charette\" \/>\n\t<meta name=\"twitter:label2\" content=\"Estimation du temps de lecture\" \/>\n\t<meta name=\"twitter:data2\" content=\"3 minutes\" \/>\n<!-- \/ Yoast SEO plugin. -->","yoast_head_json":{"title":"Polestar d\u00e9voile une s\u00e9rie exclusive de v\u00e9hicules \u00e9lectriques \u00ab\u2009Arctic Circle\u2009\u00bb - CanadaMotorJobs.com","description":"Polestar d\u00e9voile une s\u00e9rie exclusive de v\u00e9hicules \u00e9lectriques \u00ab\u2009Arctic Circle\u2009\u00bb - Benoit Charette - Annuel automobile - CanadaMotorJobs.com.","robots":{"index":"index","follow":"follow","max-snippet":"max-snippet:-1","max-image-preview":"max-image-preview:large","max-video-preview":"max-video-preview:-1"},"og_locale":"fr_CA","og_type":"article","og_title":"Polestar d\u00e9voile une s\u00e9rie exclusive de v\u00e9hicules \u00e9lectriques \u00ab\u2009Arctic Circle\u2009\u00bb - CanadaMotorJobs.com","og_description":"Polestar d\u00e9voile une s\u00e9rie exclusive de v\u00e9hicules \u00e9lectriques \u00ab\u2009Arctic Circle\u2009\u00bb - Benoit Charette - Annuel automobile - CanadaMotorJobs.com.","og_url":"https:\/\/news.canadamotorjobs.com\/fr\/polestar-devoile-une-serie-exclusive-de-vehicules-electriques-arctic-circle\/","og_site_name":"CanadaMotorJobs.com","article_publisher":"https:\/\/www.facebook.com\/canadamotorjobs\/","article_published_time":"2025-01-31T07:24:51+00:00","article_modified_time":"2025-01-31T07:30:32+00:00","og_image":[{"width":1200,"height":800,"url":"https:\/\/news.canadamotorjobs.com\/wp-content\/uploads\/2025\/01\/687418_20250130_Polestar_2_Arctic_Circle.jpg","type":"image\/jpeg"}],"author":"Benoit Charette","twitter_card":"summary_large_image","twitter_creator":"@canadamotorjobs","twitter_site":"@canadamotorjobs","twitter_misc":{"\u00c9crit par":"Benoit Charette","Estimation du temps de lecture":"3 minutes"},"schema":{"@context":"https:\/\/schema.org","@graph":[{"@type":"Article","@id":"https:\/\/news.canadamotorjobs.com\/fr\/polestar-devoile-une-serie-exclusive-de-vehicules-electriques-arctic-circle\/#article","isPartOf":{"@id":"https:\/\/news.canadamotorjobs.com\/fr\/polestar-devoile-une-serie-exclusive-de-vehicules-electriques-arctic-circle\/"},"author":{"name":"Benoit Charette","@id":"https:\/\/news.canadamotorjobs.com\/#\/schema\/person\/51793d1f87d44011d7bcc2ed99269a90"},"headline":"Polestar d\u00e9voile une s\u00e9rie exclusive de v\u00e9hicules \u00e9lectriques \u00ab\u2009Arctic Circle\u2009\u00bb","datePublished":"2025-01-31T07:24:51+00:00","dateModified":"2025-01-31T07:30:32+00:00","mainEntityOfPage":{"@id":"https:\/\/news.canadamotorjobs.com\/fr\/polestar-devoile-une-serie-exclusive-de-vehicules-electriques-arctic-circle\/"},"wordCount":600,"publisher":{"@id":"https:\/\/news.canadamotorjobs.com\/#organization"},"image":{"@id":"https:\/\/news.canadamotorjobs.com\/fr\/polestar-devoile-une-serie-exclusive-de-vehicules-electriques-arctic-circle\/#primaryimage"},"thumbnailUrl":"https:\/\/news.canadamotorjobs.com\/wp-content\/uploads\/2025\/01\/687418_20250130_Polestar_2_Arctic_Circle.jpg","articleSection":["Annuel automobile"],"inLanguage":"fr-CA"},{"@type":"WebPage","@id":"https:\/\/news.canadamotorjobs.com\/fr\/polestar-devoile-une-serie-exclusive-de-vehicules-electriques-arctic-circle\/","url":"https:\/\/news.canadamotorjobs.com\/fr\/polestar-devoile-une-serie-exclusive-de-vehicules-electriques-arctic-circle\/","name":"Polestar d\u00e9voile une s\u00e9rie exclusive de v\u00e9hicules \u00e9lectriques \u00ab\u2009Arctic Circle\u2009\u00bb - CanadaMotorJobs.com","isPartOf":{"@id":"https:\/\/news.canadamotorjobs.com\/#website"},"primaryImageOfPage":{"@id":"https:\/\/news.canadamotorjobs.com\/fr\/polestar-devoile-une-serie-exclusive-de-vehicules-electriques-arctic-circle\/#primaryimage"},"image":{"@id":"https:\/\/news.canadamotorjobs.com\/fr\/polestar-devoile-une-serie-exclusive-de-vehicules-electriques-arctic-circle\/#primaryimage"},"thumbnailUrl":"https:\/\/news.canadamotorjobs.com\/wp-content\/uploads\/2025\/01\/687418_20250130_Polestar_2_Arctic_Circle.jpg","datePublished":"2025-01-31T07:24:51+00:00","dateModified":"2025-01-31T07:30:32+00:00","description":"Polestar d\u00e9voile une s\u00e9rie exclusive de v\u00e9hicules \u00e9lectriques \u00ab\u2009Arctic Circle\u2009\u00bb - Benoit Charette - Annuel automobile - CanadaMotorJobs.com.","breadcrumb":{"@id":"https:\/\/news.canadamotorjobs.com\/fr\/polestar-devoile-une-serie-exclusive-de-vehicules-electriques-arctic-circle\/#breadcrumb"},"inLanguage":"fr-CA","potentialAction":[{"@type":"ReadAction","target":["https:\/\/news.canadamotorjobs.com\/fr\/polestar-devoile-une-serie-exclusive-de-vehicules-electriques-arctic-circle\/"]}]},{"@type":"ImageObject","inLanguage":"fr-CA","@id":"https:\/\/news.canadamotorjobs.com\/fr\/polestar-devoile-une-serie-exclusive-de-vehicules-electriques-arctic-circle\/#primaryimage","url":"https:\/\/news.canadamotorjobs.com\/wp-content\/uploads\/2025\/01\/687418_20250130_Polestar_2_Arctic_Circle.jpg","contentUrl":"https:\/\/news.canadamotorjobs.com\/wp-content\/uploads\/2025\/01\/687418_20250130_Polestar_2_Arctic_Circle.jpg","width":1200,"height":800},{"@type":"BreadcrumbList","@id":"https:\/\/news.canadamotorjobs.com\/fr\/polestar-devoile-une-serie-exclusive-de-vehicules-electriques-arctic-circle\/#breadcrumb","itemListElement":[{"@type":"ListItem","position":1,"name":"Home","item":"https:\/\/news.canadamotorjobs.com\/fr\/blog\/"},{"@type":"ListItem","position":2,"name":"Polestar d\u00e9voile une s\u00e9rie exclusive de v\u00e9hicules \u00e9lectriques \u00ab\u2009Arctic Circle\u2009\u00bb"}]},{"@type":"WebSite","@id":"https:\/\/news.canadamotorjobs.com\/#website","url":"https:\/\/news.canadamotorjobs.com\/","name":"CanadaMotorJobs.com","description":"Automotive Jobs","publisher":{"@id":"https:\/\/news.canadamotorjobs.com\/#organization"},"potentialAction":[{"@type":"SearchAction","target":{"@type":"EntryPoint","urlTemplate":"https:\/\/news.canadamotorjobs.com\/?s={search_term_string}"},"query-input":"required name=search_term_string"}],"inLanguage":"fr-CA"},{"@type":"Organization","@id":"https:\/\/news.canadamotorjobs.com\/#organization","name":"Canada Motor Jobs","url":"https:\/\/news.canadamotorjobs.com\/","logo":{"@type":"ImageObject","inLanguage":"fr-CA","@id":"https:\/\/news.canadamotorjobs.com\/#\/schema\/logo\/image\/","url":"https:\/\/news.canadamotorjobs.com\/wp-content\/uploads\/2022\/10\/logo-canada-motor-jobs-1.png","contentUrl":"https:\/\/news.canadamotorjobs.com\/wp-content\/uploads\/2022\/10\/logo-canada-motor-jobs-1.png","width":800,"height":400,"caption":"Canada Motor Jobs"},"image":{"@id":"https:\/\/news.canadamotorjobs.com\/#\/schema\/logo\/image\/"},"sameAs":["https:\/\/www.facebook.com\/canadamotorjobs\/","https:\/\/x.com\/canadamotorjobs","https:\/\/www.instagram.com\/canadamotorjobs\/","https:\/\/www.linkedin.com\/company\/canadamotorjobs"]},{"@type":"Person","@id":"https:\/\/news.canadamotorjobs.com\/#\/schema\/person\/51793d1f87d44011d7bcc2ed99269a90","name":"Benoit Charette","image":{"@type":"ImageObject","inLanguage":"fr-CA","@id":"https:\/\/news.canadamotorjobs.com\/#\/schema\/person\/image\/","url":"https:\/\/secure.gravatar.com\/avatar\/45f3d2eebcccd909668d7ce7ea7267b6?s=96&d=mm&r=g","contentUrl":"https:\/\/secure.gravatar.com\/avatar\/45f3d2eebcccd909668d7ce7ea7267b6?s=96&d=mm&r=g","caption":"Benoit Charette"},"description":"Benoit Charette \/ Propri\u00e9taire et r\u00e9dacteur en chef Benoit Charette pratique le journalisme automobile depuis bient\u00f4t 30 ans. Il a fait ses classes au c\u00f4t\u00e9 de Daniel H\u00e9raud et au Carnet de route de 1992 \u00e0 2001. Il est fondateur, copropri\u00e9taire et r\u00e9dacteur en chef de L\u2019Annuel de l\u2019automobile, qu\u2019il publie depuis 2001. Il a anim\u00e9 les \u00e9missions RPM et RPM+ sur V et les L\u00e9gendes de la route sur Historia. \u00c0 la radio depuis 1986, il reprend l\u2019antenne cette ann\u00e9e sur les ondes de Cogeco et participe pour la deuxi\u00e8me ann\u00e9e \u00e0 l\u2019\u00e9mission Passion Auto sur RDS en plus de mettre en ligne le site Web officiel de L\u2019Annuel de l\u2019automobile sur annuelauto.ca.","sameAs":["https:\/\/annuelauto.ca\/"],"url":"https:\/\/news.canadamotorjobs.com\/fr\/author\/benoit-charette\/"}]}},"_links":{"self":[{"href":"https:\/\/news.canadamotorjobs.com\/fr\/wp-json\/wp\/v2\/posts\/191788"}],"collection":[{"href":"https:\/\/news.canadamotorjobs.com\/fr\/wp-json\/wp\/v2\/posts"}],"about":[{"href":"https:\/\/news.canadamotorjobs.com\/fr\/wp-json\/wp\/v2\/types\/post"}],"author":[{"embeddable":true,"href":"https:\/\/news.canadamotorjobs.com\/fr\/wp-json\/wp\/v2\/users\/8"}],"replies":[{"embeddable":true,"href":"https:\/\/news.canadamotorjobs.com\/fr\/wp-json\/wp\/v2\/comments?post=191788"}],"version-history":[{"count":3,"href":"https:\/\/news.canadamotorjobs.com\/fr\/wp-json\/wp\/v2\/posts\/191788\/revisions"}],"predecessor-version":[{"id":191843,"href":"https:\/\/news.canadamotorjobs.com\/fr\/wp-json\/wp\/v2\/posts\/191788\/revisions\/191843"}],"wp:featuredmedia":[{"embeddable":true,"href":"https:\/\/news.canadamotorjobs.com\/fr\/wp-json\/wp\/v2\/media\/191790"}],"wp:attachment":[{"href":"https:\/\/news.canadamotorjobs.com\/fr\/wp-json\/wp\/v2\/media?parent=191788"}],"wp:term":[{"taxonomy":"category","embeddable":true,"href":"https:\/\/news.canadamotorjobs.com\/fr\/wp-json\/wp\/v2\/categories?post=191788"},{"taxonomy":"post_tag","embeddable":true,"href":"https:\/\/news.canadamotorjobs.com\/fr\/wp-json\/wp\/v2\/tags?post=191788"}],"curies":[{"name":"wp","href":"https:\/\/api.w.org\/{rel}","templated":true}]}}