{"id":191756,"date":"2025-01-31T02:24:54","date_gmt":"2025-01-31T07:24:54","guid":{"rendered":"https:\/\/news.canadamotorjobs.com\/?p=191756"},"modified":"2025-01-31T02:30:06","modified_gmt":"2025-01-31T07:30:06","slug":"nissan-reduit-sa-production-et-ses-effectifs-aux-etats-unis-face-a-un-marche-difficile","status":"publish","type":"post","link":"https:\/\/news.canadamotorjobs.com\/fr\/nissan-reduit-sa-production-et-ses-effectifs-aux-etats-unis-face-a-un-marche-difficile\/","title":{"rendered":"Nissan r\u00e9duit sa production et ses effectifs aux \u00c9tats-Unis face \u00e0 un march\u00e9 difficile"},"content":{"rendered":"<\/p>\n<p>Nissan annonce une restructuration majeure de ses activit\u00e9s aux \u00c9tats-Unis en raison d\u2019une baisse des ventes. L\u2019entreprise r\u00e9duira la production de ses mod\u00e8les phares et proposera des d\u00e9parts volontaires \u00e0 plus de 1500 employ\u00e9s.<\/p>\n<p><strong>Fermeture d\u2019une \u00e9quipe sur les cha\u00eenes d\u2019assemblage<\/strong><\/p>\n<p>D\u00e8s avril, Nissan supprimera le deuxi\u00e8me quart de travail sur les cha\u00eenes de montage des Rogue et Altima \u00e0 Smyrna (Tennessee) et Canton (Mississippi). L\u2019usine de moteurs de Decherd (Tennessee) verra \u00e9galement sa production diminuer, mais sans suppression de postes.<\/p>\n<p>Selon AutoForecast Solutions, cette restructuration entra\u00eenerait une baisse de production d\u2019environ 63 000 v\u00e9hicules en 2025, soit 12 % de la production am\u00e9ricaine de Nissan.<\/p>\n<p><\/p>\n<figure><img decoding=\"async\" src=\"https:\/\/news.canadamotorjobs.com\/wp-content\/uploads\/2025\/01\/LC1_8299_2-5.jpg\" alt=\"Le Nissan Rogue 2024\" \/><figcaption>Le Nissan Rogue 2024 | Auto123.com<\/figcaption><\/figure>\n<p><strong>Chute des ventes du Rogue et de l\u2019Altima<\/strong><\/p>\n<p>Les Rogue et Altima ont repr\u00e9sent\u00e9 42 % des 865 938 v\u00e9hicules vendus par Nissan aux \u00c9tats-Unis en 2023. Toutefois, les ventes du Rogue ont chut\u00e9 de 9,5 %, tandis que l\u2019Altima a enregistr\u00e9 une baisse de 11 %. Un retard dans le lancement du Rogue 2024 et l\u2019absence de version hybride ont frein\u00e9 la demande.<\/p>\n<p>Au Canada, les ventes de Nissan ont suivi une tendance similaire.<\/p>\n<p><strong>Impact sur les fournisseurs et l\u2019industrie automobile<\/strong><\/p>\n<p>Les fournisseurs de Nissan ressentiront rapidement cette baisse de production. Certains d\u00e9pendent fortement de ces deux mod\u00e8les pour maintenir leur rentabilit\u00e9. Nissan a annonc\u00e9 qu\u2019elle ren\u00e9gocierait ses contrats avec ses fournisseurs au cas par cas en fonction des volumes de production.<\/p>\n<p><\/p>\n<figure><img decoding=\"async\" src=\"https:\/\/news.canadamotorjobs.com\/wp-content\/uploads\/2025\/01\/nissan-plant-smyrna-01-1.jpg\" alt=\"L&#039;usine de Smyrna, au Tennessee\" \/><figcaption>L&#8217;usine de Smyrna, au Tennessee | Auto123.com<\/figcaption><\/figure>\n<p><strong>R\u00e9duction d\u2019effectifs : des d\u00e9parts volontaires sans licenciements forc\u00e9s<\/strong><\/p>\n<p>Pour limiter les licenciements, Nissan propose des indemnit\u00e9s de d\u00e9part aux employ\u00e9s les plus anciens. L\u2019entreprise assure qu\u2019aucune suppression forc\u00e9e de poste n\u2019est pr\u00e9vue et que les travailleurs qui ne souhaitent pas partir seront r\u00e9affect\u00e9s \u00e0 d\u2019autres fonctions.<\/p>\n<p><strong>Production future : Nissan mise sur l\u2019\u00e9lectrique<\/strong><\/p>\n<p>Malgr\u00e9 cette r\u00e9duction de production, Nissan maintient ses plans de fabrication de v\u00e9hicules \u00e9lectriques. L\u2019usine de Canton devrait commencer \u00e0 assembler des VUS d\u2019ici 2028, suivis de berlines. En parall\u00e8le, un Rogue hybride rechargeable sera produit \u00e0 Smyrna en 2027, marquant un retour \u00e0 un fonctionnement \u00e0 deux \u00e9quipes dans cette usine.<\/p>\n<p>Face \u00e0 un march\u00e9 automobile en mutation, Nissan ajuste sa production et ses effectifs tout en pr\u00e9parant la transition vers l\u2019\u00e9lectrification. Ces changements impacteront non seulement les employ\u00e9s, mais aussi l\u2019ensemble de la cha\u00eene d\u2019approvisionnement. Reste \u00e0 voir comment le march\u00e9 r\u00e9agira \u00e0 cette strat\u00e9gie.<\/p>\n<p><\/p>\n<p style=\"padding-top: 15px\">Contenu original de <a href=\"https:\/\/www.auto123.com\/fr\/actualites\/nissan-reductions-production-emplois-etats-unis\/72347\/\">auto123<\/a>.<\/p>\n<p>Le texte <a rel=\"nofollow\" href=\"https:\/\/annuelauto.ca\/nissan-reduit-sa-production-et-ses-effectifs-aux-etats-unis-face-a-un-marche-difficile\/\">Nissan r\u00e9duit sa production et ses effectifs aux \u00c9tats-Unis face \u00e0 un march\u00e9 difficile<\/a> provient de <a rel=\"nofollow\" href=\"https:\/\/annuelauto.ca\">L&#8217;annuel de l&#8217;automobile &#8211; Actualit\u00e9 automobile<\/a><\/p>\n<p><\/p>\n","protected":false},"excerpt":{"rendered":"<p>Nissan annonce une restructuration majeure de ses activit\u00e9s aux \u00c9tats-Unis en raison d\u2019une baisse des ventes. L\u2019entreprise r\u00e9duira la production de ses mod\u00e8les phares et proposera des d\u00e9parts volontaires \u00e0 plus de 1500 employ\u00e9s. Fermeture d\u2019une \u00e9quipe sur les cha\u00eenes d\u2019assemblage D\u00e8s avril, Nissan supprimera le deuxi\u00e8me quart de travail sur les cha\u00eenes de montage [&hellip;]<\/p>\n","protected":false},"author":8,"featured_media":191758,"comment_status":"close","ping_status":"closed","sticky":false,"template":"","format":"standard","meta":{"_monsterinsights_skip_tracking":false,"_monsterinsights_sitenote_active":false,"_monsterinsights_sitenote_note":"","_monsterinsights_sitenote_category":0,"footnotes":""},"categories":[101],"tags":[],"yoast_head":"<!-- This site is optimized with the Yoast SEO plugin v23.2 - https:\/\/yoast.com\/wordpress\/plugins\/seo\/ -->\n<title>Nissan r\u00e9duit sa production et ses effectifs aux \u00c9tats-Unis face \u00e0 un march\u00e9 difficile - CanadaMotorJobs.com<\/title>\n<meta name=\"description\" content=\"Nissan r\u00e9duit sa production et ses effectifs aux \u00c9tats-Unis face \u00e0 un march\u00e9 difficile - Benoit Charette - Annuel automobile - CanadaMotorJobs.com.\" \/>\n<meta name=\"robots\" content=\"index, follow, max-snippet:-1, max-image-preview:large, max-video-preview:-1\" \/>\n<meta property=\"og:locale\" content=\"fr_CA\" \/>\n<meta property=\"og:type\" content=\"article\" \/>\n<meta property=\"og:title\" content=\"Nissan r\u00e9duit sa production et ses effectifs aux \u00c9tats-Unis face \u00e0 un march\u00e9 difficile - CanadaMotorJobs.com\" \/>\n<meta property=\"og:description\" content=\"Nissan r\u00e9duit sa production et ses effectifs aux \u00c9tats-Unis face \u00e0 un march\u00e9 difficile - Benoit Charette - Annuel automobile - CanadaMotorJobs.com.\" \/>\n<meta property=\"og:url\" content=\"https:\/\/news.canadamotorjobs.com\/fr\/nissan-reduit-sa-production-et-ses-effectifs-aux-etats-unis-face-a-un-marche-difficile\/\" \/>\n<meta property=\"og:site_name\" content=\"CanadaMotorJobs.com\" \/>\n<meta property=\"article:publisher\" content=\"https:\/\/www.facebook.com\/canadamotorjobs\/\" \/>\n<meta property=\"article:published_time\" content=\"2025-01-31T07:24:54+00:00\" \/>\n<meta property=\"article:modified_time\" content=\"2025-01-31T07:30:06+00:00\" \/>\n<meta property=\"og:image\" content=\"https:\/\/news.canadamotorjobs.com\/wp-content\/uploads\/2025\/01\/LC1_8299_2.jpg\" \/>\n\t<meta property=\"og:image:width\" content=\"1200\" \/>\n\t<meta property=\"og:image:height\" content=\"800\" \/>\n\t<meta property=\"og:image:type\" content=\"image\/jpeg\" \/>\n<meta name=\"author\" content=\"Benoit Charette\" \/>\n<meta name=\"twitter:card\" content=\"summary_large_image\" \/>\n<meta name=\"twitter:creator\" content=\"@canadamotorjobs\" \/>\n<meta name=\"twitter:site\" content=\"@canadamotorjobs\" \/>\n<meta name=\"twitter:label1\" content=\"\u00c9crit par\" \/>\n\t<meta name=\"twitter:data1\" content=\"Benoit Charette\" \/>\n\t<meta name=\"twitter:label2\" content=\"Estimation du temps de lecture\" \/>\n\t<meta name=\"twitter:data2\" content=\"2 minutes\" \/>\n<!-- \/ Yoast SEO plugin. -->","yoast_head_json":{"title":"Nissan r\u00e9duit sa production et ses effectifs aux \u00c9tats-Unis face \u00e0 un march\u00e9 difficile - CanadaMotorJobs.com","description":"Nissan r\u00e9duit sa production et ses effectifs aux \u00c9tats-Unis face \u00e0 un march\u00e9 difficile - Benoit Charette - Annuel automobile - CanadaMotorJobs.com.","robots":{"index":"index","follow":"follow","max-snippet":"max-snippet:-1","max-image-preview":"max-image-preview:large","max-video-preview":"max-video-preview:-1"},"og_locale":"fr_CA","og_type":"article","og_title":"Nissan r\u00e9duit sa production et ses effectifs aux \u00c9tats-Unis face \u00e0 un march\u00e9 difficile - CanadaMotorJobs.com","og_description":"Nissan r\u00e9duit sa production et ses effectifs aux \u00c9tats-Unis face \u00e0 un march\u00e9 difficile - Benoit Charette - Annuel automobile - CanadaMotorJobs.com.","og_url":"https:\/\/news.canadamotorjobs.com\/fr\/nissan-reduit-sa-production-et-ses-effectifs-aux-etats-unis-face-a-un-marche-difficile\/","og_site_name":"CanadaMotorJobs.com","article_publisher":"https:\/\/www.facebook.com\/canadamotorjobs\/","article_published_time":"2025-01-31T07:24:54+00:00","article_modified_time":"2025-01-31T07:30:06+00:00","og_image":[{"width":1200,"height":800,"url":"https:\/\/news.canadamotorjobs.com\/wp-content\/uploads\/2025\/01\/LC1_8299_2.jpg","type":"image\/jpeg"}],"author":"Benoit Charette","twitter_card":"summary_large_image","twitter_creator":"@canadamotorjobs","twitter_site":"@canadamotorjobs","twitter_misc":{"\u00c9crit par":"Benoit Charette","Estimation du temps de lecture":"2 minutes"},"schema":{"@context":"https:\/\/schema.org","@graph":[{"@type":"Article","@id":"https:\/\/news.canadamotorjobs.com\/fr\/nissan-reduit-sa-production-et-ses-effectifs-aux-etats-unis-face-a-un-marche-difficile\/#article","isPartOf":{"@id":"https:\/\/news.canadamotorjobs.com\/fr\/nissan-reduit-sa-production-et-ses-effectifs-aux-etats-unis-face-a-un-marche-difficile\/"},"author":{"name":"Benoit Charette","@id":"https:\/\/news.canadamotorjobs.com\/#\/schema\/person\/51793d1f87d44011d7bcc2ed99269a90"},"headline":"Nissan r\u00e9duit sa production et ses effectifs aux \u00c9tats-Unis face \u00e0 un march\u00e9 difficile","datePublished":"2025-01-31T07:24:54+00:00","dateModified":"2025-01-31T07:30:06+00:00","mainEntityOfPage":{"@id":"https:\/\/news.canadamotorjobs.com\/fr\/nissan-reduit-sa-production-et-ses-effectifs-aux-etats-unis-face-a-un-marche-difficile\/"},"wordCount":464,"publisher":{"@id":"https:\/\/news.canadamotorjobs.com\/#organization"},"image":{"@id":"https:\/\/news.canadamotorjobs.com\/fr\/nissan-reduit-sa-production-et-ses-effectifs-aux-etats-unis-face-a-un-marche-difficile\/#primaryimage"},"thumbnailUrl":"https:\/\/news.canadamotorjobs.com\/wp-content\/uploads\/2025\/01\/LC1_8299_2.jpg","articleSection":["Annuel automobile"],"inLanguage":"fr-CA"},{"@type":"WebPage","@id":"https:\/\/news.canadamotorjobs.com\/fr\/nissan-reduit-sa-production-et-ses-effectifs-aux-etats-unis-face-a-un-marche-difficile\/","url":"https:\/\/news.canadamotorjobs.com\/fr\/nissan-reduit-sa-production-et-ses-effectifs-aux-etats-unis-face-a-un-marche-difficile\/","name":"Nissan r\u00e9duit sa production et ses effectifs aux \u00c9tats-Unis face \u00e0 un march\u00e9 difficile - CanadaMotorJobs.com","isPartOf":{"@id":"https:\/\/news.canadamotorjobs.com\/#website"},"primaryImageOfPage":{"@id":"https:\/\/news.canadamotorjobs.com\/fr\/nissan-reduit-sa-production-et-ses-effectifs-aux-etats-unis-face-a-un-marche-difficile\/#primaryimage"},"image":{"@id":"https:\/\/news.canadamotorjobs.com\/fr\/nissan-reduit-sa-production-et-ses-effectifs-aux-etats-unis-face-a-un-marche-difficile\/#primaryimage"},"thumbnailUrl":"https:\/\/news.canadamotorjobs.com\/wp-content\/uploads\/2025\/01\/LC1_8299_2.jpg","datePublished":"2025-01-31T07:24:54+00:00","dateModified":"2025-01-31T07:30:06+00:00","description":"Nissan r\u00e9duit sa production et ses effectifs aux \u00c9tats-Unis face \u00e0 un march\u00e9 difficile - Benoit Charette - Annuel automobile - CanadaMotorJobs.com.","breadcrumb":{"@id":"https:\/\/news.canadamotorjobs.com\/fr\/nissan-reduit-sa-production-et-ses-effectifs-aux-etats-unis-face-a-un-marche-difficile\/#breadcrumb"},"inLanguage":"fr-CA","potentialAction":[{"@type":"ReadAction","target":["https:\/\/news.canadamotorjobs.com\/fr\/nissan-reduit-sa-production-et-ses-effectifs-aux-etats-unis-face-a-un-marche-difficile\/"]}]},{"@type":"ImageObject","inLanguage":"fr-CA","@id":"https:\/\/news.canadamotorjobs.com\/fr\/nissan-reduit-sa-production-et-ses-effectifs-aux-etats-unis-face-a-un-marche-difficile\/#primaryimage","url":"https:\/\/news.canadamotorjobs.com\/wp-content\/uploads\/2025\/01\/LC1_8299_2.jpg","contentUrl":"https:\/\/news.canadamotorjobs.com\/wp-content\/uploads\/2025\/01\/LC1_8299_2.jpg","width":1200,"height":800},{"@type":"BreadcrumbList","@id":"https:\/\/news.canadamotorjobs.com\/fr\/nissan-reduit-sa-production-et-ses-effectifs-aux-etats-unis-face-a-un-marche-difficile\/#breadcrumb","itemListElement":[{"@type":"ListItem","position":1,"name":"Home","item":"https:\/\/news.canadamotorjobs.com\/fr\/blog\/"},{"@type":"ListItem","position":2,"name":"Nissan r\u00e9duit sa production et ses effectifs aux \u00c9tats-Unis face \u00e0 un march\u00e9 difficile"}]},{"@type":"WebSite","@id":"https:\/\/news.canadamotorjobs.com\/#website","url":"https:\/\/news.canadamotorjobs.com\/","name":"CanadaMotorJobs.com","description":"Automotive Jobs","publisher":{"@id":"https:\/\/news.canadamotorjobs.com\/#organization"},"potentialAction":[{"@type":"SearchAction","target":{"@type":"EntryPoint","urlTemplate":"https:\/\/news.canadamotorjobs.com\/?s={search_term_string}"},"query-input":"required name=search_term_string"}],"inLanguage":"fr-CA"},{"@type":"Organization","@id":"https:\/\/news.canadamotorjobs.com\/#organization","name":"Canada Motor Jobs","url":"https:\/\/news.canadamotorjobs.com\/","logo":{"@type":"ImageObject","inLanguage":"fr-CA","@id":"https:\/\/news.canadamotorjobs.com\/#\/schema\/logo\/image\/","url":"https:\/\/news.canadamotorjobs.com\/wp-content\/uploads\/2022\/10\/logo-canada-motor-jobs-1.png","contentUrl":"https:\/\/news.canadamotorjobs.com\/wp-content\/uploads\/2022\/10\/logo-canada-motor-jobs-1.png","width":800,"height":400,"caption":"Canada Motor Jobs"},"image":{"@id":"https:\/\/news.canadamotorjobs.com\/#\/schema\/logo\/image\/"},"sameAs":["https:\/\/www.facebook.com\/canadamotorjobs\/","https:\/\/x.com\/canadamotorjobs","https:\/\/www.instagram.com\/canadamotorjobs\/","https:\/\/www.linkedin.com\/company\/canadamotorjobs"]},{"@type":"Person","@id":"https:\/\/news.canadamotorjobs.com\/#\/schema\/person\/51793d1f87d44011d7bcc2ed99269a90","name":"Benoit Charette","image":{"@type":"ImageObject","inLanguage":"fr-CA","@id":"https:\/\/news.canadamotorjobs.com\/#\/schema\/person\/image\/","url":"https:\/\/secure.gravatar.com\/avatar\/45f3d2eebcccd909668d7ce7ea7267b6?s=96&d=mm&r=g","contentUrl":"https:\/\/secure.gravatar.com\/avatar\/45f3d2eebcccd909668d7ce7ea7267b6?s=96&d=mm&r=g","caption":"Benoit Charette"},"description":"Benoit Charette \/ Propri\u00e9taire et r\u00e9dacteur en chef Benoit Charette pratique le journalisme automobile depuis bient\u00f4t 30 ans. Il a fait ses classes au c\u00f4t\u00e9 de Daniel H\u00e9raud et au Carnet de route de 1992 \u00e0 2001. Il est fondateur, copropri\u00e9taire et r\u00e9dacteur en chef de L\u2019Annuel de l\u2019automobile, qu\u2019il publie depuis 2001. Il a anim\u00e9 les \u00e9missions RPM et RPM+ sur V et les L\u00e9gendes de la route sur Historia. \u00c0 la radio depuis 1986, il reprend l\u2019antenne cette ann\u00e9e sur les ondes de Cogeco et participe pour la deuxi\u00e8me ann\u00e9e \u00e0 l\u2019\u00e9mission Passion Auto sur RDS en plus de mettre en ligne le site Web officiel de L\u2019Annuel de l\u2019automobile sur annuelauto.ca.","sameAs":["https:\/\/annuelauto.ca\/"],"url":"https:\/\/news.canadamotorjobs.com\/fr\/author\/benoit-charette\/"}]}},"_links":{"self":[{"href":"https:\/\/news.canadamotorjobs.com\/fr\/wp-json\/wp\/v2\/posts\/191756"}],"collection":[{"href":"https:\/\/news.canadamotorjobs.com\/fr\/wp-json\/wp\/v2\/posts"}],"about":[{"href":"https:\/\/news.canadamotorjobs.com\/fr\/wp-json\/wp\/v2\/types\/post"}],"author":[{"embeddable":true,"href":"https:\/\/news.canadamotorjobs.com\/fr\/wp-json\/wp\/v2\/users\/8"}],"replies":[{"embeddable":true,"href":"https:\/\/news.canadamotorjobs.com\/fr\/wp-json\/wp\/v2\/comments?post=191756"}],"version-history":[{"count":3,"href":"https:\/\/news.canadamotorjobs.com\/fr\/wp-json\/wp\/v2\/posts\/191756\/revisions"}],"predecessor-version":[{"id":191787,"href":"https:\/\/news.canadamotorjobs.com\/fr\/wp-json\/wp\/v2\/posts\/191756\/revisions\/191787"}],"wp:featuredmedia":[{"embeddable":true,"href":"https:\/\/news.canadamotorjobs.com\/fr\/wp-json\/wp\/v2\/media\/191758"}],"wp:attachment":[{"href":"https:\/\/news.canadamotorjobs.com\/fr\/wp-json\/wp\/v2\/media?parent=191756"}],"wp:term":[{"taxonomy":"category","embeddable":true,"href":"https:\/\/news.canadamotorjobs.com\/fr\/wp-json\/wp\/v2\/categories?post=191756"},{"taxonomy":"post_tag","embeddable":true,"href":"https:\/\/news.canadamotorjobs.com\/fr\/wp-json\/wp\/v2\/tags?post=191756"}],"curies":[{"name":"wp","href":"https:\/\/api.w.org\/{rel}","templated":true}]}}