{"id":191728,"date":"2025-01-31T02:24:55","date_gmt":"2025-01-31T07:24:55","guid":{"rendered":"https:\/\/news.canadamotorjobs.com\/?p=191728"},"modified":"2025-01-31T02:29:51","modified_gmt":"2025-01-31T07:29:51","slug":"volkswagen-pourrait-construire-des-porsche-et-des-audi-aux-etats-unis","status":"publish","type":"post","link":"https:\/\/news.canadamotorjobs.com\/fr\/volkswagen-pourrait-construire-des-porsche-et-des-audi-aux-etats-unis\/","title":{"rendered":"Volkswagen pourrait construire des Porsche et des Audi aux \u00c9tats-Unis"},"content":{"rendered":"<\/p>\n<p>Avec la menace des tarifs que propose d\u2019imposer l\u2019administration am\u00e9ricaine \u00e0 de nombreux pays et r\u00e9gions, y compris l\u2019Europe et le Mexique, le groupe Volkswagen envisagerait de construire des mod\u00e8les de ses marques Audi et Porsche aux \u00c9tats-Unis.<\/p>\n<p>Le tout pourrait se produire si les droits de douane envisag\u00e9s sont \u00e9lev\u00e9s, selon ce que rapporte le journal \u00e9conomique allemand Handelsblatt, nous apprend le site Automotive News.<\/p>\n<p>Contrairement \u00e0 Volkswagen, ni Porsche ni Audi n\u2019assemblent actuellement de mod\u00e8les en Am\u00e9rique du Nord. Les deux principaux rivaux d\u2019Audi, Mercedes-Benz et BMW, construisent des v\u00e9hicules aux \u00c9tats-Unis (Tuscaloosa, en Alabama, ainsi que Spartanburg, en Caroline du Sud, respectivement).<\/p>\n<p><\/p>\n<figure><img decoding=\"async\" src=\"https:\/\/news.canadamotorjobs.com\/wp-content\/uploads\/2025\/01\/A243464_large-5.jpg\" alt=\"Production de la Audi A5, en Allemagne\" \/><figcaption>Production de la Audi A5, en Allemagne | Auto123.com<\/figcaption><\/figure>\n<p>Ce qui serait possible, c\u2019est que l\u2019usine Volkswagen de Chattanooga, au Tennessee, pourrait \u00eatre agrandie pour accueillir la construction de mod\u00e8les Audi et Porsche. \u00c0 ce propos, le journal Handelsblatt cite plusieurs sources de l\u2019entreprise qui avancent cette hypoth\u00e8se.<\/p>\n<p>Quant \u00e0 la nouvelle usine de Volkswagen qui est pr\u00e9vue en Caroline du Sud pour la marque Scout, elle repr\u00e9sente une autre option pour la production d\u2019Audi, selon le journal.<\/p>\n<p>Audi assemble son mod\u00e8le le plus populaire, le VUS Q5, \u00e0 San Jose Chiapa, au Mexique. Tous les mod\u00e8les Porsche vendus aux \u00c9tats-Unis sont construits en Europe.<\/p>\n<p>L\u2019usine de Chattanooga, qui fabrique le moteur \u00e0 essence du VUS Atlas, ainsi que le VUS \u00e9lectrique ID.4, dispose d\u2019une capacit\u00e9 exc\u00e9dentaire et d\u2019une grande marge de man\u0153uvre pour l\u2019expansion, toujours selon Handelsblatt.<\/p>\n<p>Et comme le cite Automotive News, selon l\u2019agence de notation Moody\u2019s, les profits du groupe Volkswagen pourraient \u00eatre r\u00e9duits de 5 \u00e0 10 % avec des droits de douane am\u00e9ricains de 10 % sur les importations europ\u00e9ennes et de 15 % par les tarifs douaniers de 25 % concernant les importations en provenance du Mexique.<\/p>\n<p><\/p>\n<p style=\"padding-top: 15px\">Contenu original de <a href=\"https:\/\/www.auto123.com\/fr\/actualites\/volkswagen-porsche -audi-assemblage-\u00e9tats-unis\/72346\/\">auto123<\/a>.<\/p>\n<p>Le texte <a rel=\"nofollow\" href=\"https:\/\/annuelauto.ca\/volkswagen-pourrait-construire-des-porsche-et-des-audi-aux-etats-unis\/\">Volkswagen pourrait construire des Porsche et des Audi aux \u00c9tats-Unis<\/a> provient de <a rel=\"nofollow\" href=\"https:\/\/annuelauto.ca\">L&#8217;annuel de l&#8217;automobile &#8211; Actualit\u00e9 automobile<\/a><\/p>\n<p><\/p>\n","protected":false},"excerpt":{"rendered":"<p>Avec la menace des tarifs que propose d\u2019imposer l\u2019administration am\u00e9ricaine \u00e0 de nombreux pays et r\u00e9gions, y compris l\u2019Europe et le Mexique, le groupe Volkswagen envisagerait de construire des mod\u00e8les de ses marques Audi et Porsche aux \u00c9tats-Unis. Le tout pourrait se produire si les droits de douane envisag\u00e9s sont \u00e9lev\u00e9s, selon ce que rapporte [&hellip;]<\/p>\n","protected":false},"author":8,"featured_media":191730,"comment_status":"close","ping_status":"closed","sticky":false,"template":"","format":"standard","meta":{"_monsterinsights_skip_tracking":false,"_monsterinsights_sitenote_active":false,"_monsterinsights_sitenote_note":"","_monsterinsights_sitenote_category":0,"footnotes":""},"categories":[101],"tags":[],"yoast_head":"<!-- This site is optimized with the Yoast SEO plugin v23.2 - https:\/\/yoast.com\/wordpress\/plugins\/seo\/ -->\n<title>Volkswagen pourrait construire des Porsche et des Audi aux \u00c9tats-Unis - CanadaMotorJobs.com<\/title>\n<meta name=\"description\" content=\"Volkswagen pourrait construire des Porsche et des Audi aux \u00c9tats-Unis - Benoit Charette - Annuel automobile - CanadaMotorJobs.com.\" \/>\n<meta name=\"robots\" content=\"index, follow, max-snippet:-1, max-image-preview:large, max-video-preview:-1\" \/>\n<meta property=\"og:locale\" content=\"fr_CA\" \/>\n<meta property=\"og:type\" content=\"article\" \/>\n<meta property=\"og:title\" content=\"Volkswagen pourrait construire des Porsche et des Audi aux \u00c9tats-Unis - CanadaMotorJobs.com\" \/>\n<meta property=\"og:description\" content=\"Volkswagen pourrait construire des Porsche et des Audi aux \u00c9tats-Unis - Benoit Charette - Annuel automobile - CanadaMotorJobs.com.\" \/>\n<meta property=\"og:url\" content=\"https:\/\/news.canadamotorjobs.com\/fr\/volkswagen-pourrait-construire-des-porsche-et-des-audi-aux-etats-unis\/\" \/>\n<meta property=\"og:site_name\" content=\"CanadaMotorJobs.com\" \/>\n<meta property=\"article:publisher\" content=\"https:\/\/www.facebook.com\/canadamotorjobs\/\" \/>\n<meta property=\"article:published_time\" content=\"2025-01-31T07:24:55+00:00\" \/>\n<meta property=\"article:modified_time\" content=\"2025-01-31T07:29:51+00:00\" \/>\n<meta property=\"og:image\" content=\"https:\/\/news.canadamotorjobs.com\/wp-content\/uploads\/2025\/01\/A243464_large.jpg\" \/>\n\t<meta property=\"og:image:width\" content=\"1200\" \/>\n\t<meta property=\"og:image:height\" content=\"799\" \/>\n\t<meta property=\"og:image:type\" content=\"image\/jpeg\" \/>\n<meta name=\"author\" content=\"Benoit Charette\" \/>\n<meta name=\"twitter:card\" content=\"summary_large_image\" \/>\n<meta name=\"twitter:creator\" content=\"@canadamotorjobs\" \/>\n<meta name=\"twitter:site\" content=\"@canadamotorjobs\" \/>\n<meta name=\"twitter:label1\" content=\"\u00c9crit par\" \/>\n\t<meta name=\"twitter:data1\" content=\"Benoit Charette\" \/>\n\t<meta name=\"twitter:label2\" content=\"Estimation du temps de lecture\" \/>\n\t<meta name=\"twitter:data2\" content=\"2 minutes\" \/>\n<!-- \/ Yoast SEO plugin. -->","yoast_head_json":{"title":"Volkswagen pourrait construire des Porsche et des Audi aux \u00c9tats-Unis - CanadaMotorJobs.com","description":"Volkswagen pourrait construire des Porsche et des Audi aux \u00c9tats-Unis - Benoit Charette - Annuel automobile - CanadaMotorJobs.com.","robots":{"index":"index","follow":"follow","max-snippet":"max-snippet:-1","max-image-preview":"max-image-preview:large","max-video-preview":"max-video-preview:-1"},"og_locale":"fr_CA","og_type":"article","og_title":"Volkswagen pourrait construire des Porsche et des Audi aux \u00c9tats-Unis - CanadaMotorJobs.com","og_description":"Volkswagen pourrait construire des Porsche et des Audi aux \u00c9tats-Unis - Benoit Charette - Annuel automobile - CanadaMotorJobs.com.","og_url":"https:\/\/news.canadamotorjobs.com\/fr\/volkswagen-pourrait-construire-des-porsche-et-des-audi-aux-etats-unis\/","og_site_name":"CanadaMotorJobs.com","article_publisher":"https:\/\/www.facebook.com\/canadamotorjobs\/","article_published_time":"2025-01-31T07:24:55+00:00","article_modified_time":"2025-01-31T07:29:51+00:00","og_image":[{"width":1200,"height":799,"url":"https:\/\/news.canadamotorjobs.com\/wp-content\/uploads\/2025\/01\/A243464_large.jpg","type":"image\/jpeg"}],"author":"Benoit Charette","twitter_card":"summary_large_image","twitter_creator":"@canadamotorjobs","twitter_site":"@canadamotorjobs","twitter_misc":{"\u00c9crit par":"Benoit Charette","Estimation du temps de lecture":"2 minutes"},"schema":{"@context":"https:\/\/schema.org","@graph":[{"@type":"Article","@id":"https:\/\/news.canadamotorjobs.com\/fr\/volkswagen-pourrait-construire-des-porsche-et-des-audi-aux-etats-unis\/#article","isPartOf":{"@id":"https:\/\/news.canadamotorjobs.com\/fr\/volkswagen-pourrait-construire-des-porsche-et-des-audi-aux-etats-unis\/"},"author":{"name":"Benoit Charette","@id":"https:\/\/news.canadamotorjobs.com\/#\/schema\/person\/51793d1f87d44011d7bcc2ed99269a90"},"headline":"Volkswagen pourrait construire des Porsche et des Audi aux \u00c9tats-Unis","datePublished":"2025-01-31T07:24:55+00:00","dateModified":"2025-01-31T07:29:51+00:00","mainEntityOfPage":{"@id":"https:\/\/news.canadamotorjobs.com\/fr\/volkswagen-pourrait-construire-des-porsche-et-des-audi-aux-etats-unis\/"},"wordCount":352,"publisher":{"@id":"https:\/\/news.canadamotorjobs.com\/#organization"},"image":{"@id":"https:\/\/news.canadamotorjobs.com\/fr\/volkswagen-pourrait-construire-des-porsche-et-des-audi-aux-etats-unis\/#primaryimage"},"thumbnailUrl":"https:\/\/news.canadamotorjobs.com\/wp-content\/uploads\/2025\/01\/A243464_large.jpg","articleSection":["Annuel automobile"],"inLanguage":"fr-CA"},{"@type":"WebPage","@id":"https:\/\/news.canadamotorjobs.com\/fr\/volkswagen-pourrait-construire-des-porsche-et-des-audi-aux-etats-unis\/","url":"https:\/\/news.canadamotorjobs.com\/fr\/volkswagen-pourrait-construire-des-porsche-et-des-audi-aux-etats-unis\/","name":"Volkswagen pourrait construire des Porsche et des Audi aux \u00c9tats-Unis - CanadaMotorJobs.com","isPartOf":{"@id":"https:\/\/news.canadamotorjobs.com\/#website"},"primaryImageOfPage":{"@id":"https:\/\/news.canadamotorjobs.com\/fr\/volkswagen-pourrait-construire-des-porsche-et-des-audi-aux-etats-unis\/#primaryimage"},"image":{"@id":"https:\/\/news.canadamotorjobs.com\/fr\/volkswagen-pourrait-construire-des-porsche-et-des-audi-aux-etats-unis\/#primaryimage"},"thumbnailUrl":"https:\/\/news.canadamotorjobs.com\/wp-content\/uploads\/2025\/01\/A243464_large.jpg","datePublished":"2025-01-31T07:24:55+00:00","dateModified":"2025-01-31T07:29:51+00:00","description":"Volkswagen pourrait construire des Porsche et des Audi aux \u00c9tats-Unis - Benoit Charette - Annuel automobile - CanadaMotorJobs.com.","breadcrumb":{"@id":"https:\/\/news.canadamotorjobs.com\/fr\/volkswagen-pourrait-construire-des-porsche-et-des-audi-aux-etats-unis\/#breadcrumb"},"inLanguage":"fr-CA","potentialAction":[{"@type":"ReadAction","target":["https:\/\/news.canadamotorjobs.com\/fr\/volkswagen-pourrait-construire-des-porsche-et-des-audi-aux-etats-unis\/"]}]},{"@type":"ImageObject","inLanguage":"fr-CA","@id":"https:\/\/news.canadamotorjobs.com\/fr\/volkswagen-pourrait-construire-des-porsche-et-des-audi-aux-etats-unis\/#primaryimage","url":"https:\/\/news.canadamotorjobs.com\/wp-content\/uploads\/2025\/01\/A243464_large.jpg","contentUrl":"https:\/\/news.canadamotorjobs.com\/wp-content\/uploads\/2025\/01\/A243464_large.jpg","width":1200,"height":799},{"@type":"BreadcrumbList","@id":"https:\/\/news.canadamotorjobs.com\/fr\/volkswagen-pourrait-construire-des-porsche-et-des-audi-aux-etats-unis\/#breadcrumb","itemListElement":[{"@type":"ListItem","position":1,"name":"Home","item":"https:\/\/news.canadamotorjobs.com\/fr\/blog\/"},{"@type":"ListItem","position":2,"name":"Volkswagen pourrait construire des Porsche et des Audi aux \u00c9tats-Unis"}]},{"@type":"WebSite","@id":"https:\/\/news.canadamotorjobs.com\/#website","url":"https:\/\/news.canadamotorjobs.com\/","name":"CanadaMotorJobs.com","description":"Automotive Jobs","publisher":{"@id":"https:\/\/news.canadamotorjobs.com\/#organization"},"potentialAction":[{"@type":"SearchAction","target":{"@type":"EntryPoint","urlTemplate":"https:\/\/news.canadamotorjobs.com\/?s={search_term_string}"},"query-input":"required name=search_term_string"}],"inLanguage":"fr-CA"},{"@type":"Organization","@id":"https:\/\/news.canadamotorjobs.com\/#organization","name":"Canada Motor Jobs","url":"https:\/\/news.canadamotorjobs.com\/","logo":{"@type":"ImageObject","inLanguage":"fr-CA","@id":"https:\/\/news.canadamotorjobs.com\/#\/schema\/logo\/image\/","url":"https:\/\/news.canadamotorjobs.com\/wp-content\/uploads\/2022\/10\/logo-canada-motor-jobs-1.png","contentUrl":"https:\/\/news.canadamotorjobs.com\/wp-content\/uploads\/2022\/10\/logo-canada-motor-jobs-1.png","width":800,"height":400,"caption":"Canada Motor Jobs"},"image":{"@id":"https:\/\/news.canadamotorjobs.com\/#\/schema\/logo\/image\/"},"sameAs":["https:\/\/www.facebook.com\/canadamotorjobs\/","https:\/\/x.com\/canadamotorjobs","https:\/\/www.instagram.com\/canadamotorjobs\/","https:\/\/www.linkedin.com\/company\/canadamotorjobs"]},{"@type":"Person","@id":"https:\/\/news.canadamotorjobs.com\/#\/schema\/person\/51793d1f87d44011d7bcc2ed99269a90","name":"Benoit Charette","image":{"@type":"ImageObject","inLanguage":"fr-CA","@id":"https:\/\/news.canadamotorjobs.com\/#\/schema\/person\/image\/","url":"https:\/\/secure.gravatar.com\/avatar\/45f3d2eebcccd909668d7ce7ea7267b6?s=96&d=mm&r=g","contentUrl":"https:\/\/secure.gravatar.com\/avatar\/45f3d2eebcccd909668d7ce7ea7267b6?s=96&d=mm&r=g","caption":"Benoit Charette"},"description":"Benoit Charette \/ Propri\u00e9taire et r\u00e9dacteur en chef Benoit Charette pratique le journalisme automobile depuis bient\u00f4t 30 ans. Il a fait ses classes au c\u00f4t\u00e9 de Daniel H\u00e9raud et au Carnet de route de 1992 \u00e0 2001. Il est fondateur, copropri\u00e9taire et r\u00e9dacteur en chef de L\u2019Annuel de l\u2019automobile, qu\u2019il publie depuis 2001. Il a anim\u00e9 les \u00e9missions RPM et RPM+ sur V et les L\u00e9gendes de la route sur Historia. \u00c0 la radio depuis 1986, il reprend l\u2019antenne cette ann\u00e9e sur les ondes de Cogeco et participe pour la deuxi\u00e8me ann\u00e9e \u00e0 l\u2019\u00e9mission Passion Auto sur RDS en plus de mettre en ligne le site Web officiel de L\u2019Annuel de l\u2019automobile sur annuelauto.ca.","sameAs":["https:\/\/annuelauto.ca\/"],"url":"https:\/\/news.canadamotorjobs.com\/fr\/author\/benoit-charette\/"}]}},"_links":{"self":[{"href":"https:\/\/news.canadamotorjobs.com\/fr\/wp-json\/wp\/v2\/posts\/191728"}],"collection":[{"href":"https:\/\/news.canadamotorjobs.com\/fr\/wp-json\/wp\/v2\/posts"}],"about":[{"href":"https:\/\/news.canadamotorjobs.com\/fr\/wp-json\/wp\/v2\/types\/post"}],"author":[{"embeddable":true,"href":"https:\/\/news.canadamotorjobs.com\/fr\/wp-json\/wp\/v2\/users\/8"}],"replies":[{"embeddable":true,"href":"https:\/\/news.canadamotorjobs.com\/fr\/wp-json\/wp\/v2\/comments?post=191728"}],"version-history":[{"count":3,"href":"https:\/\/news.canadamotorjobs.com\/fr\/wp-json\/wp\/v2\/posts\/191728\/revisions"}],"predecessor-version":[{"id":191755,"href":"https:\/\/news.canadamotorjobs.com\/fr\/wp-json\/wp\/v2\/posts\/191728\/revisions\/191755"}],"wp:featuredmedia":[{"embeddable":true,"href":"https:\/\/news.canadamotorjobs.com\/fr\/wp-json\/wp\/v2\/media\/191730"}],"wp:attachment":[{"href":"https:\/\/news.canadamotorjobs.com\/fr\/wp-json\/wp\/v2\/media?parent=191728"}],"wp:term":[{"taxonomy":"category","embeddable":true,"href":"https:\/\/news.canadamotorjobs.com\/fr\/wp-json\/wp\/v2\/categories?post=191728"},{"taxonomy":"post_tag","embeddable":true,"href":"https:\/\/news.canadamotorjobs.com\/fr\/wp-json\/wp\/v2\/tags?post=191728"}],"curies":[{"name":"wp","href":"https:\/\/api.w.org\/{rel}","templated":true}]}}