{"id":191696,"date":"2025-01-30T14:24:34","date_gmt":"2025-01-30T19:24:34","guid":{"rendered":"https:\/\/news.canadamotorjobs.com\/?p=191696"},"modified":"2025-01-30T14:29:45","modified_gmt":"2025-01-30T19:29:45","slug":"la-polestar-6-est-reportee-priorite-au-polestar-7","status":"publish","type":"post","link":"https:\/\/news.canadamotorjobs.com\/fr\/la-polestar-6-est-reportee-priorite-au-polestar-7\/","title":{"rendered":"La Polestar 6 est report\u00e9e : priorit\u00e9 au Polestar 7"},"content":{"rendered":"<\/p>\n<p>Les amateurs de voitures sportives devront patienter : Polestar repousse le lancement de son roadster \u00e9lectrique Polestar 6. Initialement pr\u00e9vu pour 2026, le mod\u00e8le sera retard\u00e9 afin de donner la priorit\u00e9 au VUS Polestar 7.<\/p>\n<p>Un changement de strat\u00e9gie pour Polestar<\/p>\n<p>L\u2019information, d\u2019abord r\u00e9v\u00e9l\u00e9e par le site australien CarExpert, a \u00e9t\u00e9 confirm\u00e9e au site Motor Authority par un porte-parole de Polestar. \u00ab Le tr\u00e8s attendu Polestar 6 arrivera \u00e0 une date ult\u00e9rieure \u00bb, a d\u00e9clar\u00e9 Mike Ofiara, pr\u00e9cisant que la marque poursuivra d\u2019abord le d\u00e9ploiement des mod\u00e8les Polestar 3 et 4, suivi du coup\u00e9 Polestar 5, du VUS Polestar 7, puis enfin de la Polestar 6.<\/p>\n<p><\/p>\n<figure><img decoding=\"async\" src=\"https:\/\/news.canadamotorjobs.com\/wp-content\/uploads\/2025\/01\/656735_20220816_Polestar_electric_roadster_concept-5.jpg\" alt=\"Le concept Polestar 6\" \/><figcaption>Le concept Polestar 6 | Auto123.com<\/figcaption><\/figure>\n<p><strong>Un roadster \u00e9lectrique prometteur<\/strong><\/p>\n<p>Le Polestar 6 avait \u00e9t\u00e9 pr\u00e9sent\u00e9 sous forme de concept (O2) en mars 2022, avec une confirmation de production dans la foul\u00e9e. Ce roadster devait int\u00e9grer plusieurs innovations :<\/p>\n<ul><\/p>\n<li>\u2022\u00a0\u00a0\u00a0 le toit rigide r\u00e9tractable qui avait \u00e9t\u00e9 vu sur le concept.<\/li>\n<p><\/p>\n<li>\u2022\u00a0\u00a0\u00a0 La plateforme en aluminium coll\u00e9 raccourcie, issue du Polestar 5.<\/li>\n<p><\/p>\n<li>\u2022\u00a0\u00a0\u00a0 Une capacit\u00e9 de recharge ultrarapide en 800 volts.<\/li>\n<p><\/p>\n<li>\u2022\u00a0\u00a0\u00a0 Un groupe motopropulseur de 884 chevaux et 664 lb-ft de couple, offrant un 0 \u00e0 100 km\/h en 3,2 secondes et une vitesse de pointe de 250 km\/h.<\/li>\n<p>\n<\/ul>\n<p><strong>Le Polestar 7 : un VUS strat\u00e9gique<\/strong><\/p>\n<p>\u00c0 l\u2019inverse, le Polestar 7 sera un VUS compact, potentiellement destin\u00e9 \u00e0 remplacer le Polestar 2 comme mod\u00e8le d\u2019entr\u00e9e de gamme. Son principal atout ? Une fabrication en Europe, lui permettant d\u2019\u00e9chapper \u00e0 la taxe de 102,5 % impos\u00e9e aux v\u00e9hicules produits en Chine.<\/p>\n<p>Ce VUS \u00e9lectrique a un potentiel commercial nettement sup\u00e9rieur \u00e0 la Polestar 6, gr\u00e2ce \u00e0 :<\/p>\n<ul><\/p>\n<li>\u2013 Un format plus populaire aupr\u00e8s du grand public ;<\/li>\n<p><\/p>\n<li>\u2013 Une production locale optimisant les co\u00fbts ;<\/li>\n<p><\/p>\n<li>\u2013 Des volumes de ventes attendus plus \u00e9lev\u00e9s, garantissant une meilleure rentabilit\u00e9.<\/li>\n<p>\n<\/ul>\n<p>Polestar fait un choix strat\u00e9gique en favorisant le volume et la rentabilit\u00e9 avec le Polestar 7 avant de lancer son exclusive Polestar 6. Si ce report peut d\u00e9cevoir les passionn\u00e9s de sportives \u00e9lectriques, il illustre les priorit\u00e9s du march\u00e9 actuel des v\u00e9hicules \u00e9lectriques.<\/p>\n<p><\/p>\n<figure><img decoding=\"async\" src=\"https:\/\/news.canadamotorjobs.com\/wp-content\/uploads\/2025\/01\/polestar-models-001-1.jpg\" alt=\"Les Polestar 2, 3, 4, 5 et 6\" \/><figcaption>Les Polestar 2, 3, 4, 5 et 6 | Auto123.com<\/figcaption><\/figure>\n<p style=\"padding-top: 15px\">Contenu original de <a href=\"https:\/\/www.auto123.com\/fr\/actualites\/polestar-6-repousse-polestar-7-priorite\/72340\/\">auto123<\/a>.<\/p>\n<p>Le texte <a rel=\"nofollow\" href=\"https:\/\/annuelauto.ca\/la-polestar-6-est-reportee-priorite-au-polestar-7\/\">La Polestar 6 est report\u00e9e : priorit\u00e9 au Polestar 7<\/a> provient de <a rel=\"nofollow\" href=\"https:\/\/annuelauto.ca\">L&#8217;annuel de l&#8217;automobile &#8211; Actualit\u00e9 automobile<\/a><\/p>\n<p><\/p>\n","protected":false},"excerpt":{"rendered":"<p>Les amateurs de voitures sportives devront patienter : Polestar repousse le lancement de son roadster \u00e9lectrique Polestar 6. Initialement pr\u00e9vu pour 2026, le mod\u00e8le sera retard\u00e9 afin de donner la priorit\u00e9 au VUS Polestar 7. Un changement de strat\u00e9gie pour Polestar L\u2019information, d\u2019abord r\u00e9v\u00e9l\u00e9e par le site australien CarExpert, a \u00e9t\u00e9 confirm\u00e9e au site Motor [&hellip;]<\/p>\n","protected":false},"author":8,"featured_media":191698,"comment_status":"close","ping_status":"closed","sticky":false,"template":"","format":"standard","meta":{"_monsterinsights_skip_tracking":false,"_monsterinsights_sitenote_active":false,"_monsterinsights_sitenote_note":"","_monsterinsights_sitenote_category":0,"footnotes":""},"categories":[101],"tags":[],"yoast_head":"<!-- This site is optimized with the Yoast SEO plugin v23.2 - https:\/\/yoast.com\/wordpress\/plugins\/seo\/ -->\n<title>La Polestar 6 est report\u00e9e : priorit\u00e9 au Polestar 7 - CanadaMotorJobs.com<\/title>\n<meta name=\"description\" content=\"La Polestar 6 est report\u00e9e : priorit\u00e9 au Polestar 7 - Benoit Charette - Annuel automobile - CanadaMotorJobs.com.\" \/>\n<meta name=\"robots\" content=\"index, follow, max-snippet:-1, max-image-preview:large, max-video-preview:-1\" \/>\n<meta property=\"og:locale\" content=\"fr_CA\" \/>\n<meta property=\"og:type\" content=\"article\" \/>\n<meta property=\"og:title\" content=\"La Polestar 6 est report\u00e9e : priorit\u00e9 au Polestar 7 - CanadaMotorJobs.com\" \/>\n<meta property=\"og:description\" content=\"La Polestar 6 est report\u00e9e : priorit\u00e9 au Polestar 7 - Benoit Charette - Annuel automobile - CanadaMotorJobs.com.\" \/>\n<meta property=\"og:url\" content=\"https:\/\/news.canadamotorjobs.com\/fr\/la-polestar-6-est-reportee-priorite-au-polestar-7\/\" \/>\n<meta property=\"og:site_name\" content=\"CanadaMotorJobs.com\" \/>\n<meta property=\"article:publisher\" content=\"https:\/\/www.facebook.com\/canadamotorjobs\/\" \/>\n<meta property=\"article:published_time\" content=\"2025-01-30T19:24:34+00:00\" \/>\n<meta property=\"article:modified_time\" content=\"2025-01-30T19:29:45+00:00\" \/>\n<meta property=\"og:image\" content=\"https:\/\/news.canadamotorjobs.com\/wp-content\/uploads\/2025\/01\/656735_20220816_Polestar_electric_roadster_concept.jpg\" \/>\n\t<meta property=\"og:image:width\" content=\"1200\" \/>\n\t<meta property=\"og:image:height\" content=\"800\" \/>\n\t<meta property=\"og:image:type\" content=\"image\/jpeg\" \/>\n<meta name=\"author\" content=\"Benoit Charette\" \/>\n<meta name=\"twitter:card\" content=\"summary_large_image\" \/>\n<meta name=\"twitter:creator\" content=\"@canadamotorjobs\" \/>\n<meta name=\"twitter:site\" content=\"@canadamotorjobs\" \/>\n<meta name=\"twitter:label1\" content=\"\u00c9crit par\" \/>\n\t<meta name=\"twitter:data1\" content=\"Benoit Charette\" \/>\n\t<meta name=\"twitter:label2\" content=\"Estimation du temps de lecture\" \/>\n\t<meta name=\"twitter:data2\" content=\"2 minutes\" \/>\n<!-- \/ Yoast SEO plugin. -->","yoast_head_json":{"title":"La Polestar 6 est report\u00e9e : priorit\u00e9 au Polestar 7 - CanadaMotorJobs.com","description":"La Polestar 6 est report\u00e9e : priorit\u00e9 au Polestar 7 - Benoit Charette - Annuel automobile - CanadaMotorJobs.com.","robots":{"index":"index","follow":"follow","max-snippet":"max-snippet:-1","max-image-preview":"max-image-preview:large","max-video-preview":"max-video-preview:-1"},"og_locale":"fr_CA","og_type":"article","og_title":"La Polestar 6 est report\u00e9e : priorit\u00e9 au Polestar 7 - CanadaMotorJobs.com","og_description":"La Polestar 6 est report\u00e9e : priorit\u00e9 au Polestar 7 - Benoit Charette - Annuel automobile - CanadaMotorJobs.com.","og_url":"https:\/\/news.canadamotorjobs.com\/fr\/la-polestar-6-est-reportee-priorite-au-polestar-7\/","og_site_name":"CanadaMotorJobs.com","article_publisher":"https:\/\/www.facebook.com\/canadamotorjobs\/","article_published_time":"2025-01-30T19:24:34+00:00","article_modified_time":"2025-01-30T19:29:45+00:00","og_image":[{"width":1200,"height":800,"url":"https:\/\/news.canadamotorjobs.com\/wp-content\/uploads\/2025\/01\/656735_20220816_Polestar_electric_roadster_concept.jpg","type":"image\/jpeg"}],"author":"Benoit Charette","twitter_card":"summary_large_image","twitter_creator":"@canadamotorjobs","twitter_site":"@canadamotorjobs","twitter_misc":{"\u00c9crit par":"Benoit Charette","Estimation du temps de lecture":"2 minutes"},"schema":{"@context":"https:\/\/schema.org","@graph":[{"@type":"Article","@id":"https:\/\/news.canadamotorjobs.com\/fr\/la-polestar-6-est-reportee-priorite-au-polestar-7\/#article","isPartOf":{"@id":"https:\/\/news.canadamotorjobs.com\/fr\/la-polestar-6-est-reportee-priorite-au-polestar-7\/"},"author":{"name":"Benoit Charette","@id":"https:\/\/news.canadamotorjobs.com\/#\/schema\/person\/51793d1f87d44011d7bcc2ed99269a90"},"headline":"La Polestar 6 est report\u00e9e : priorit\u00e9 au Polestar 7","datePublished":"2025-01-30T19:24:34+00:00","dateModified":"2025-01-30T19:29:45+00:00","mainEntityOfPage":{"@id":"https:\/\/news.canadamotorjobs.com\/fr\/la-polestar-6-est-reportee-priorite-au-polestar-7\/"},"wordCount":372,"publisher":{"@id":"https:\/\/news.canadamotorjobs.com\/#organization"},"image":{"@id":"https:\/\/news.canadamotorjobs.com\/fr\/la-polestar-6-est-reportee-priorite-au-polestar-7\/#primaryimage"},"thumbnailUrl":"https:\/\/news.canadamotorjobs.com\/wp-content\/uploads\/2025\/01\/656735_20220816_Polestar_electric_roadster_concept.jpg","articleSection":["Annuel automobile"],"inLanguage":"fr-CA"},{"@type":"WebPage","@id":"https:\/\/news.canadamotorjobs.com\/fr\/la-polestar-6-est-reportee-priorite-au-polestar-7\/","url":"https:\/\/news.canadamotorjobs.com\/fr\/la-polestar-6-est-reportee-priorite-au-polestar-7\/","name":"La Polestar 6 est report\u00e9e : priorit\u00e9 au Polestar 7 - CanadaMotorJobs.com","isPartOf":{"@id":"https:\/\/news.canadamotorjobs.com\/#website"},"primaryImageOfPage":{"@id":"https:\/\/news.canadamotorjobs.com\/fr\/la-polestar-6-est-reportee-priorite-au-polestar-7\/#primaryimage"},"image":{"@id":"https:\/\/news.canadamotorjobs.com\/fr\/la-polestar-6-est-reportee-priorite-au-polestar-7\/#primaryimage"},"thumbnailUrl":"https:\/\/news.canadamotorjobs.com\/wp-content\/uploads\/2025\/01\/656735_20220816_Polestar_electric_roadster_concept.jpg","datePublished":"2025-01-30T19:24:34+00:00","dateModified":"2025-01-30T19:29:45+00:00","description":"La Polestar 6 est report\u00e9e : priorit\u00e9 au Polestar 7 - Benoit Charette - Annuel automobile - CanadaMotorJobs.com.","breadcrumb":{"@id":"https:\/\/news.canadamotorjobs.com\/fr\/la-polestar-6-est-reportee-priorite-au-polestar-7\/#breadcrumb"},"inLanguage":"fr-CA","potentialAction":[{"@type":"ReadAction","target":["https:\/\/news.canadamotorjobs.com\/fr\/la-polestar-6-est-reportee-priorite-au-polestar-7\/"]}]},{"@type":"ImageObject","inLanguage":"fr-CA","@id":"https:\/\/news.canadamotorjobs.com\/fr\/la-polestar-6-est-reportee-priorite-au-polestar-7\/#primaryimage","url":"https:\/\/news.canadamotorjobs.com\/wp-content\/uploads\/2025\/01\/656735_20220816_Polestar_electric_roadster_concept.jpg","contentUrl":"https:\/\/news.canadamotorjobs.com\/wp-content\/uploads\/2025\/01\/656735_20220816_Polestar_electric_roadster_concept.jpg","width":1200,"height":800},{"@type":"BreadcrumbList","@id":"https:\/\/news.canadamotorjobs.com\/fr\/la-polestar-6-est-reportee-priorite-au-polestar-7\/#breadcrumb","itemListElement":[{"@type":"ListItem","position":1,"name":"Home","item":"https:\/\/news.canadamotorjobs.com\/fr\/blog\/"},{"@type":"ListItem","position":2,"name":"La Polestar 6 est report\u00e9e : priorit\u00e9 au Polestar 7"}]},{"@type":"WebSite","@id":"https:\/\/news.canadamotorjobs.com\/#website","url":"https:\/\/news.canadamotorjobs.com\/","name":"CanadaMotorJobs.com","description":"Automotive Jobs","publisher":{"@id":"https:\/\/news.canadamotorjobs.com\/#organization"},"potentialAction":[{"@type":"SearchAction","target":{"@type":"EntryPoint","urlTemplate":"https:\/\/news.canadamotorjobs.com\/?s={search_term_string}"},"query-input":"required name=search_term_string"}],"inLanguage":"fr-CA"},{"@type":"Organization","@id":"https:\/\/news.canadamotorjobs.com\/#organization","name":"Canada Motor Jobs","url":"https:\/\/news.canadamotorjobs.com\/","logo":{"@type":"ImageObject","inLanguage":"fr-CA","@id":"https:\/\/news.canadamotorjobs.com\/#\/schema\/logo\/image\/","url":"https:\/\/news.canadamotorjobs.com\/wp-content\/uploads\/2022\/10\/logo-canada-motor-jobs-1.png","contentUrl":"https:\/\/news.canadamotorjobs.com\/wp-content\/uploads\/2022\/10\/logo-canada-motor-jobs-1.png","width":800,"height":400,"caption":"Canada Motor Jobs"},"image":{"@id":"https:\/\/news.canadamotorjobs.com\/#\/schema\/logo\/image\/"},"sameAs":["https:\/\/www.facebook.com\/canadamotorjobs\/","https:\/\/x.com\/canadamotorjobs","https:\/\/www.instagram.com\/canadamotorjobs\/","https:\/\/www.linkedin.com\/company\/canadamotorjobs"]},{"@type":"Person","@id":"https:\/\/news.canadamotorjobs.com\/#\/schema\/person\/51793d1f87d44011d7bcc2ed99269a90","name":"Benoit Charette","image":{"@type":"ImageObject","inLanguage":"fr-CA","@id":"https:\/\/news.canadamotorjobs.com\/#\/schema\/person\/image\/","url":"https:\/\/secure.gravatar.com\/avatar\/45f3d2eebcccd909668d7ce7ea7267b6?s=96&d=mm&r=g","contentUrl":"https:\/\/secure.gravatar.com\/avatar\/45f3d2eebcccd909668d7ce7ea7267b6?s=96&d=mm&r=g","caption":"Benoit Charette"},"description":"Benoit Charette \/ Propri\u00e9taire et r\u00e9dacteur en chef Benoit Charette pratique le journalisme automobile depuis bient\u00f4t 30 ans. Il a fait ses classes au c\u00f4t\u00e9 de Daniel H\u00e9raud et au Carnet de route de 1992 \u00e0 2001. Il est fondateur, copropri\u00e9taire et r\u00e9dacteur en chef de L\u2019Annuel de l\u2019automobile, qu\u2019il publie depuis 2001. Il a anim\u00e9 les \u00e9missions RPM et RPM+ sur V et les L\u00e9gendes de la route sur Historia. \u00c0 la radio depuis 1986, il reprend l\u2019antenne cette ann\u00e9e sur les ondes de Cogeco et participe pour la deuxi\u00e8me ann\u00e9e \u00e0 l\u2019\u00e9mission Passion Auto sur RDS en plus de mettre en ligne le site Web officiel de L\u2019Annuel de l\u2019automobile sur annuelauto.ca.","sameAs":["https:\/\/annuelauto.ca\/"],"url":"https:\/\/news.canadamotorjobs.com\/fr\/author\/benoit-charette\/"}]}},"_links":{"self":[{"href":"https:\/\/news.canadamotorjobs.com\/fr\/wp-json\/wp\/v2\/posts\/191696"}],"collection":[{"href":"https:\/\/news.canadamotorjobs.com\/fr\/wp-json\/wp\/v2\/posts"}],"about":[{"href":"https:\/\/news.canadamotorjobs.com\/fr\/wp-json\/wp\/v2\/types\/post"}],"author":[{"embeddable":true,"href":"https:\/\/news.canadamotorjobs.com\/fr\/wp-json\/wp\/v2\/users\/8"}],"replies":[{"embeddable":true,"href":"https:\/\/news.canadamotorjobs.com\/fr\/wp-json\/wp\/v2\/comments?post=191696"}],"version-history":[{"count":3,"href":"https:\/\/news.canadamotorjobs.com\/fr\/wp-json\/wp\/v2\/posts\/191696\/revisions"}],"predecessor-version":[{"id":191727,"href":"https:\/\/news.canadamotorjobs.com\/fr\/wp-json\/wp\/v2\/posts\/191696\/revisions\/191727"}],"wp:featuredmedia":[{"embeddable":true,"href":"https:\/\/news.canadamotorjobs.com\/fr\/wp-json\/wp\/v2\/media\/191698"}],"wp:attachment":[{"href":"https:\/\/news.canadamotorjobs.com\/fr\/wp-json\/wp\/v2\/media?parent=191696"}],"wp:term":[{"taxonomy":"category","embeddable":true,"href":"https:\/\/news.canadamotorjobs.com\/fr\/wp-json\/wp\/v2\/categories?post=191696"},{"taxonomy":"post_tag","embeddable":true,"href":"https:\/\/news.canadamotorjobs.com\/fr\/wp-json\/wp\/v2\/tags?post=191696"}],"curies":[{"name":"wp","href":"https:\/\/api.w.org\/{rel}","templated":true}]}}