{"id":191664,"date":"2025-01-30T14:24:37","date_gmt":"2025-01-30T19:24:37","guid":{"rendered":"https:\/\/news.canadamotorjobs.com\/?p=191664"},"modified":"2025-01-30T14:29:31","modified_gmt":"2025-01-30T19:29:31","slug":"les-ventes-de-vehicules-electrifies-pourraient-atteindre-20-millions-dunites-en-2025","status":"publish","type":"post","link":"https:\/\/news.canadamotorjobs.com\/fr\/les-ventes-de-vehicules-electrifies-pourraient-atteindre-20-millions-dunites-en-2025\/","title":{"rendered":"Les ventes de v\u00e9hicules \u00e9lectrifi\u00e9s pourraient atteindre 20 millions d\u2019unit\u00e9s en 2025"},"content":{"rendered":"<\/p>\n<p>Selon la firme d\u2019\u00e9tudes Rho Motion, les ventes mondiales de v\u00e9hicules \u00e9lectriques et hybrides rechargeables vont augmenter d\u2019au moins 17 % en 2025 pour atteindre plus de 20 millions d\u2019unit\u00e9s.<\/p>\n<p><strong>La Chine<\/strong><\/p>\n<p>Un des \u00e9l\u00e9ments qui va y contribuer est la prolongation du programme de subventions chinoises qui est pr\u00e9vu lorsqu\u2019un consommateur \u00e9change son vieux v\u00e9hicule \u00e0 l\u2019achat d\u2019un neuf hybride rechargeable ou tout \u00e9lectrique.<\/p>\n<p><\/p>\n<figure><img decoding=\"async\" src=\"https:\/\/news.canadamotorjobs.com\/wp-content\/uploads\/2025\/01\/A241318_large-5.jpg\" alt=\"L&#039;Audi Q6 e-tron\" \/><figcaption>L&#8217;Audi Q6 e-tron | Auto123.com<\/figcaption><\/figure>\n<p><strong>L\u2019Europe<\/strong><\/p>\n<p>Le deuxi\u00e8me march\u00e9 mondial pour les v\u00e9hicules \u00e9lectriques renouera avec la croissance de ses ventes au fur et \u00e0 mesure que les objectifs en mati\u00e8re d\u2019\u00e9missions de CO2 entreront en vigueur et que des mod\u00e8les moins chers seront accessibles au public. Toutefois, pr\u00e9vient Lola Hughes, responsable de la recherche chez Rho Motion, le rythme sera plus lent qu\u2019en 2023.<\/p>\n<p><strong>Une ann\u00e9e cl\u00e9<\/strong><\/p>\n<p>Les constructeurs consid\u00e8rent l\u2019ann\u00e9e 2025 comme une de transformation alors que l\u2019Europe introduit de nouveaux objectifs pour encourager l\u2019adoption des mod\u00e8les \u00e9lectriques et que la Chine prolonge son programme de subventions, alors que du c\u00f4t\u00e9 des \u00c9tats-Unis, on revient sur les objectifs d\u2019\u00e9lectrification sous la nouvelle administration.<\/p>\n<p>Rho Motion estime que les ventes de v\u00e9hicules \u00e9lectriques en Chine pourraient augmenter plus rapidement que la pr\u00e9vision de 17 % de croissance en 2025 et renforceront sa position dominante sur le march\u00e9. En 2024, elles ont fait un bond record de 40 % pour atteindre 11 millions d\u2019unit\u00e9s.<\/p>\n<p>Les ventes de v\u00e9hicules \u00e9lectriques fabriqu\u00e9s en Chine confirmeront les tendances de 2024 en Am\u00e9rique latine, o\u00f9 elles ont repr\u00e9sent\u00e9 80 % des parts de march\u00e9. Elles continueront d\u2019augmenter dans la r\u00e9gion de l\u2019Asie-Pacifique et sur les march\u00e9s \u00e9mergents, selon la firme.<\/p>\n<p>En Europe, la croissance des v\u00e9hicules \u00e9lectriques permettra d\u2019\u00e9viter les amendes de l\u2019UE pour les \u00e9missions. Le groupe pr\u00e9voit une augmentation globale des ventes de 15 % par rapport aux trois millions de mod\u00e8les \u00e9lectriques et hybrides rechargeables vendus l\u2019ann\u00e9e derni\u00e8re.<\/p>\n<p>Les constructeurs risquent encore des amendes d\u2019environ 10 milliards d\u2019euros pour ne pas avoir atteint les objectifs de l\u2019Union europ\u00e9enne en mati\u00e8re d\u2019\u00e9missions, m\u00eame s\u2019ils ach\u00e8tent des cr\u00e9dits aux fabricants de v\u00e9hicules \u00e9lectriques.<\/p>\n<p>\u00a0<\/p>\n<p><\/p>\n<figure><img decoding=\"async\" src=\"https:\/\/news.canadamotorjobs.com\/wp-content\/uploads\/2025\/01\/2024-cadillac-lyriq_5-1.jpg\" alt=\"Le Cadillac Lyriq Sport\" \/><figcaption>Le Cadillac Lyriq Sport | Auto123.com<\/figcaption><\/figure>\n<p><strong>Les \u00c9tats-Unis<\/strong><\/p>\n<p>Enfin, malgr\u00e9 la situation politique aux \u00c9tats-Unis, Rho Motion pr\u00e9voit une croissance des ventes de v\u00e9hicules \u00e9lectriques de 16 % en 2025. Toutefois, elle s\u2019attend \u00e0 des cons\u00e9quences \u00e0 long terme, notamment une chute de 47 % de la demande de V\u00c9 d\u2019ici \u00e0 2040, dans le pire des sc\u00e9narios.<\/p>\n<p>On avoue candidement que la situation est plus difficile \u00e0 pr\u00e9dire aux \u00c9tats-Unis, car on ne sait pas trop comment le march\u00e9 va r\u00e9agir aux nouvelles politiques.<\/p>\n<p><\/p>\n<p style=\"padding-top: 15px\">Contenu original de <a href=\"https:\/\/www.auto123.com\/fr\/actualites\/ventes-vehicules-electriques-phev-20-millions-2025\/72339\/\">auto123<\/a>.<\/p>\n<p>Le texte <a rel=\"nofollow\" href=\"https:\/\/annuelauto.ca\/les-ventes-de-vehicules-electrifies-pourraient-atteindre-20-millions-dunites-en-2025\/\">Les ventes de v\u00e9hicules \u00e9lectrifi\u00e9s pourraient atteindre 20 millions d\u2019unit\u00e9s en 2025<\/a> provient de <a rel=\"nofollow\" href=\"https:\/\/annuelauto.ca\">L&#8217;annuel de l&#8217;automobile &#8211; Actualit\u00e9 automobile<\/a><\/p>\n<p><\/p>\n","protected":false},"excerpt":{"rendered":"<p>Selon la firme d\u2019\u00e9tudes Rho Motion, les ventes mondiales de v\u00e9hicules \u00e9lectriques et hybrides rechargeables vont augmenter d\u2019au moins 17 % en 2025 pour atteindre plus de 20 millions d\u2019unit\u00e9s. La Chine Un des \u00e9l\u00e9ments qui va y contribuer est la prolongation du programme de subventions chinoises qui est pr\u00e9vu lorsqu\u2019un consommateur \u00e9change son vieux [&hellip;]<\/p>\n","protected":false},"author":8,"featured_media":191666,"comment_status":"close","ping_status":"closed","sticky":false,"template":"","format":"standard","meta":{"_monsterinsights_skip_tracking":false,"_monsterinsights_sitenote_active":false,"_monsterinsights_sitenote_note":"","_monsterinsights_sitenote_category":0,"footnotes":""},"categories":[101],"tags":[],"yoast_head":"<!-- This site is optimized with the Yoast SEO plugin v23.2 - https:\/\/yoast.com\/wordpress\/plugins\/seo\/ -->\n<title>Les ventes de v\u00e9hicules \u00e9lectrifi\u00e9s pourraient atteindre 20 millions d\u2019unit\u00e9s en 2025 - CanadaMotorJobs.com<\/title>\n<meta name=\"description\" content=\"Les ventes de v\u00e9hicules \u00e9lectrifi\u00e9s pourraient atteindre 20 millions d\u2019unit\u00e9s en 2025 - Benoit Charette - Annuel automobile - CanadaMotorJobs.com.\" \/>\n<meta name=\"robots\" content=\"index, follow, max-snippet:-1, max-image-preview:large, max-video-preview:-1\" \/>\n<meta property=\"og:locale\" content=\"fr_CA\" \/>\n<meta property=\"og:type\" content=\"article\" \/>\n<meta property=\"og:title\" content=\"Les ventes de v\u00e9hicules \u00e9lectrifi\u00e9s pourraient atteindre 20 millions d\u2019unit\u00e9s en 2025 - CanadaMotorJobs.com\" \/>\n<meta property=\"og:description\" content=\"Les ventes de v\u00e9hicules \u00e9lectrifi\u00e9s pourraient atteindre 20 millions d\u2019unit\u00e9s en 2025 - Benoit Charette - Annuel automobile - CanadaMotorJobs.com.\" \/>\n<meta property=\"og:url\" content=\"https:\/\/news.canadamotorjobs.com\/fr\/les-ventes-de-vehicules-electrifies-pourraient-atteindre-20-millions-dunites-en-2025\/\" \/>\n<meta property=\"og:site_name\" content=\"CanadaMotorJobs.com\" \/>\n<meta property=\"article:publisher\" content=\"https:\/\/www.facebook.com\/canadamotorjobs\/\" \/>\n<meta property=\"article:published_time\" content=\"2025-01-30T19:24:37+00:00\" \/>\n<meta property=\"article:modified_time\" content=\"2025-01-30T19:29:31+00:00\" \/>\n<meta property=\"og:image\" content=\"https:\/\/news.canadamotorjobs.com\/wp-content\/uploads\/2025\/01\/A241318_large.jpg\" \/>\n\t<meta property=\"og:image:width\" content=\"1200\" \/>\n\t<meta property=\"og:image:height\" content=\"801\" \/>\n\t<meta property=\"og:image:type\" content=\"image\/jpeg\" \/>\n<meta name=\"author\" content=\"Benoit Charette\" \/>\n<meta name=\"twitter:card\" content=\"summary_large_image\" \/>\n<meta name=\"twitter:creator\" content=\"@canadamotorjobs\" \/>\n<meta name=\"twitter:site\" content=\"@canadamotorjobs\" \/>\n<meta name=\"twitter:label1\" content=\"\u00c9crit par\" \/>\n\t<meta name=\"twitter:data1\" content=\"Benoit Charette\" \/>\n\t<meta name=\"twitter:label2\" content=\"Estimation du temps de lecture\" \/>\n\t<meta name=\"twitter:data2\" content=\"2 minutes\" \/>\n<!-- \/ Yoast SEO plugin. -->","yoast_head_json":{"title":"Les ventes de v\u00e9hicules \u00e9lectrifi\u00e9s pourraient atteindre 20 millions d\u2019unit\u00e9s en 2025 - CanadaMotorJobs.com","description":"Les ventes de v\u00e9hicules \u00e9lectrifi\u00e9s pourraient atteindre 20 millions d\u2019unit\u00e9s en 2025 - Benoit Charette - Annuel automobile - CanadaMotorJobs.com.","robots":{"index":"index","follow":"follow","max-snippet":"max-snippet:-1","max-image-preview":"max-image-preview:large","max-video-preview":"max-video-preview:-1"},"og_locale":"fr_CA","og_type":"article","og_title":"Les ventes de v\u00e9hicules \u00e9lectrifi\u00e9s pourraient atteindre 20 millions d\u2019unit\u00e9s en 2025 - CanadaMotorJobs.com","og_description":"Les ventes de v\u00e9hicules \u00e9lectrifi\u00e9s pourraient atteindre 20 millions d\u2019unit\u00e9s en 2025 - Benoit Charette - Annuel automobile - CanadaMotorJobs.com.","og_url":"https:\/\/news.canadamotorjobs.com\/fr\/les-ventes-de-vehicules-electrifies-pourraient-atteindre-20-millions-dunites-en-2025\/","og_site_name":"CanadaMotorJobs.com","article_publisher":"https:\/\/www.facebook.com\/canadamotorjobs\/","article_published_time":"2025-01-30T19:24:37+00:00","article_modified_time":"2025-01-30T19:29:31+00:00","og_image":[{"width":1200,"height":801,"url":"https:\/\/news.canadamotorjobs.com\/wp-content\/uploads\/2025\/01\/A241318_large.jpg","type":"image\/jpeg"}],"author":"Benoit Charette","twitter_card":"summary_large_image","twitter_creator":"@canadamotorjobs","twitter_site":"@canadamotorjobs","twitter_misc":{"\u00c9crit par":"Benoit Charette","Estimation du temps de lecture":"2 minutes"},"schema":{"@context":"https:\/\/schema.org","@graph":[{"@type":"Article","@id":"https:\/\/news.canadamotorjobs.com\/fr\/les-ventes-de-vehicules-electrifies-pourraient-atteindre-20-millions-dunites-en-2025\/#article","isPartOf":{"@id":"https:\/\/news.canadamotorjobs.com\/fr\/les-ventes-de-vehicules-electrifies-pourraient-atteindre-20-millions-dunites-en-2025\/"},"author":{"name":"Benoit Charette","@id":"https:\/\/news.canadamotorjobs.com\/#\/schema\/person\/51793d1f87d44011d7bcc2ed99269a90"},"headline":"Les ventes de v\u00e9hicules \u00e9lectrifi\u00e9s pourraient atteindre 20 millions d\u2019unit\u00e9s en 2025","datePublished":"2025-01-30T19:24:37+00:00","dateModified":"2025-01-30T19:29:31+00:00","mainEntityOfPage":{"@id":"https:\/\/news.canadamotorjobs.com\/fr\/les-ventes-de-vehicules-electrifies-pourraient-atteindre-20-millions-dunites-en-2025\/"},"wordCount":511,"publisher":{"@id":"https:\/\/news.canadamotorjobs.com\/#organization"},"image":{"@id":"https:\/\/news.canadamotorjobs.com\/fr\/les-ventes-de-vehicules-electrifies-pourraient-atteindre-20-millions-dunites-en-2025\/#primaryimage"},"thumbnailUrl":"https:\/\/news.canadamotorjobs.com\/wp-content\/uploads\/2025\/01\/A241318_large.jpg","articleSection":["Annuel automobile"],"inLanguage":"fr-CA"},{"@type":"WebPage","@id":"https:\/\/news.canadamotorjobs.com\/fr\/les-ventes-de-vehicules-electrifies-pourraient-atteindre-20-millions-dunites-en-2025\/","url":"https:\/\/news.canadamotorjobs.com\/fr\/les-ventes-de-vehicules-electrifies-pourraient-atteindre-20-millions-dunites-en-2025\/","name":"Les ventes de v\u00e9hicules \u00e9lectrifi\u00e9s pourraient atteindre 20 millions d\u2019unit\u00e9s en 2025 - CanadaMotorJobs.com","isPartOf":{"@id":"https:\/\/news.canadamotorjobs.com\/#website"},"primaryImageOfPage":{"@id":"https:\/\/news.canadamotorjobs.com\/fr\/les-ventes-de-vehicules-electrifies-pourraient-atteindre-20-millions-dunites-en-2025\/#primaryimage"},"image":{"@id":"https:\/\/news.canadamotorjobs.com\/fr\/les-ventes-de-vehicules-electrifies-pourraient-atteindre-20-millions-dunites-en-2025\/#primaryimage"},"thumbnailUrl":"https:\/\/news.canadamotorjobs.com\/wp-content\/uploads\/2025\/01\/A241318_large.jpg","datePublished":"2025-01-30T19:24:37+00:00","dateModified":"2025-01-30T19:29:31+00:00","description":"Les ventes de v\u00e9hicules \u00e9lectrifi\u00e9s pourraient atteindre 20 millions d\u2019unit\u00e9s en 2025 - Benoit Charette - Annuel automobile - CanadaMotorJobs.com.","breadcrumb":{"@id":"https:\/\/news.canadamotorjobs.com\/fr\/les-ventes-de-vehicules-electrifies-pourraient-atteindre-20-millions-dunites-en-2025\/#breadcrumb"},"inLanguage":"fr-CA","potentialAction":[{"@type":"ReadAction","target":["https:\/\/news.canadamotorjobs.com\/fr\/les-ventes-de-vehicules-electrifies-pourraient-atteindre-20-millions-dunites-en-2025\/"]}]},{"@type":"ImageObject","inLanguage":"fr-CA","@id":"https:\/\/news.canadamotorjobs.com\/fr\/les-ventes-de-vehicules-electrifies-pourraient-atteindre-20-millions-dunites-en-2025\/#primaryimage","url":"https:\/\/news.canadamotorjobs.com\/wp-content\/uploads\/2025\/01\/A241318_large.jpg","contentUrl":"https:\/\/news.canadamotorjobs.com\/wp-content\/uploads\/2025\/01\/A241318_large.jpg","width":1200,"height":801},{"@type":"BreadcrumbList","@id":"https:\/\/news.canadamotorjobs.com\/fr\/les-ventes-de-vehicules-electrifies-pourraient-atteindre-20-millions-dunites-en-2025\/#breadcrumb","itemListElement":[{"@type":"ListItem","position":1,"name":"Home","item":"https:\/\/news.canadamotorjobs.com\/fr\/blog\/"},{"@type":"ListItem","position":2,"name":"Les ventes de v\u00e9hicules \u00e9lectrifi\u00e9s pourraient atteindre 20 millions d\u2019unit\u00e9s en 2025"}]},{"@type":"WebSite","@id":"https:\/\/news.canadamotorjobs.com\/#website","url":"https:\/\/news.canadamotorjobs.com\/","name":"CanadaMotorJobs.com","description":"Automotive Jobs","publisher":{"@id":"https:\/\/news.canadamotorjobs.com\/#organization"},"potentialAction":[{"@type":"SearchAction","target":{"@type":"EntryPoint","urlTemplate":"https:\/\/news.canadamotorjobs.com\/?s={search_term_string}"},"query-input":"required name=search_term_string"}],"inLanguage":"fr-CA"},{"@type":"Organization","@id":"https:\/\/news.canadamotorjobs.com\/#organization","name":"Canada Motor Jobs","url":"https:\/\/news.canadamotorjobs.com\/","logo":{"@type":"ImageObject","inLanguage":"fr-CA","@id":"https:\/\/news.canadamotorjobs.com\/#\/schema\/logo\/image\/","url":"https:\/\/news.canadamotorjobs.com\/wp-content\/uploads\/2022\/10\/logo-canada-motor-jobs-1.png","contentUrl":"https:\/\/news.canadamotorjobs.com\/wp-content\/uploads\/2022\/10\/logo-canada-motor-jobs-1.png","width":800,"height":400,"caption":"Canada Motor Jobs"},"image":{"@id":"https:\/\/news.canadamotorjobs.com\/#\/schema\/logo\/image\/"},"sameAs":["https:\/\/www.facebook.com\/canadamotorjobs\/","https:\/\/x.com\/canadamotorjobs","https:\/\/www.instagram.com\/canadamotorjobs\/","https:\/\/www.linkedin.com\/company\/canadamotorjobs"]},{"@type":"Person","@id":"https:\/\/news.canadamotorjobs.com\/#\/schema\/person\/51793d1f87d44011d7bcc2ed99269a90","name":"Benoit Charette","image":{"@type":"ImageObject","inLanguage":"fr-CA","@id":"https:\/\/news.canadamotorjobs.com\/#\/schema\/person\/image\/","url":"https:\/\/secure.gravatar.com\/avatar\/45f3d2eebcccd909668d7ce7ea7267b6?s=96&d=mm&r=g","contentUrl":"https:\/\/secure.gravatar.com\/avatar\/45f3d2eebcccd909668d7ce7ea7267b6?s=96&d=mm&r=g","caption":"Benoit Charette"},"description":"Benoit Charette \/ Propri\u00e9taire et r\u00e9dacteur en chef Benoit Charette pratique le journalisme automobile depuis bient\u00f4t 30 ans. Il a fait ses classes au c\u00f4t\u00e9 de Daniel H\u00e9raud et au Carnet de route de 1992 \u00e0 2001. Il est fondateur, copropri\u00e9taire et r\u00e9dacteur en chef de L\u2019Annuel de l\u2019automobile, qu\u2019il publie depuis 2001. Il a anim\u00e9 les \u00e9missions RPM et RPM+ sur V et les L\u00e9gendes de la route sur Historia. \u00c0 la radio depuis 1986, il reprend l\u2019antenne cette ann\u00e9e sur les ondes de Cogeco et participe pour la deuxi\u00e8me ann\u00e9e \u00e0 l\u2019\u00e9mission Passion Auto sur RDS en plus de mettre en ligne le site Web officiel de L\u2019Annuel de l\u2019automobile sur annuelauto.ca.","sameAs":["https:\/\/annuelauto.ca\/"],"url":"https:\/\/news.canadamotorjobs.com\/fr\/author\/benoit-charette\/"}]}},"_links":{"self":[{"href":"https:\/\/news.canadamotorjobs.com\/fr\/wp-json\/wp\/v2\/posts\/191664"}],"collection":[{"href":"https:\/\/news.canadamotorjobs.com\/fr\/wp-json\/wp\/v2\/posts"}],"about":[{"href":"https:\/\/news.canadamotorjobs.com\/fr\/wp-json\/wp\/v2\/types\/post"}],"author":[{"embeddable":true,"href":"https:\/\/news.canadamotorjobs.com\/fr\/wp-json\/wp\/v2\/users\/8"}],"replies":[{"embeddable":true,"href":"https:\/\/news.canadamotorjobs.com\/fr\/wp-json\/wp\/v2\/comments?post=191664"}],"version-history":[{"count":3,"href":"https:\/\/news.canadamotorjobs.com\/fr\/wp-json\/wp\/v2\/posts\/191664\/revisions"}],"predecessor-version":[{"id":191695,"href":"https:\/\/news.canadamotorjobs.com\/fr\/wp-json\/wp\/v2\/posts\/191664\/revisions\/191695"}],"wp:featuredmedia":[{"embeddable":true,"href":"https:\/\/news.canadamotorjobs.com\/fr\/wp-json\/wp\/v2\/media\/191666"}],"wp:attachment":[{"href":"https:\/\/news.canadamotorjobs.com\/fr\/wp-json\/wp\/v2\/media?parent=191664"}],"wp:term":[{"taxonomy":"category","embeddable":true,"href":"https:\/\/news.canadamotorjobs.com\/fr\/wp-json\/wp\/v2\/categories?post=191664"},{"taxonomy":"post_tag","embeddable":true,"href":"https:\/\/news.canadamotorjobs.com\/fr\/wp-json\/wp\/v2\/tags?post=191664"}],"curies":[{"name":"wp","href":"https:\/\/api.w.org\/{rel}","templated":true}]}}