{"id":191624,"date":"2025-01-30T14:24:38","date_gmt":"2025-01-30T19:24:38","guid":{"rendered":"https:\/\/news.canadamotorjobs.com\/?p=191624"},"modified":"2025-01-30T14:29:16","modified_gmt":"2025-01-30T19:29:16","slug":"alfa-romeo-giulia-requiem-pour-une-berline-legendaire","status":"publish","type":"post","link":"https:\/\/news.canadamotorjobs.com\/fr\/alfa-romeo-giulia-requiem-pour-une-berline-legendaire\/","title":{"rendered":"Alfa Romeo Giulia : requiem pour une berline l\u00e9gendaire"},"content":{"rendered":"<\/p>\n<p>C\u2019est avec une pointe de tristesse que nous assistons \u00e0 la m\u00e9tamorphose d\u00e9finitive de l\u2019Alfa Romeo Giulia. La berline au charme latin, symbole du plaisir de conduire \u00e0 l\u2019italienne, abandonne ses racines sportives pour rena\u00eetre sous la forme d\u2019un VUS. Un destin scell\u00e9 par la strat\u00e9gie du constructeur, qui privil\u00e9gie d\u00e9sormais les silhouettes sur\u00e9lev\u00e9es pour s\u00e9duire une client\u00e8le avide de polyvalence.<\/p>\n<p><\/p>\n<figure><img decoding=\"async\" src=\"https:\/\/news.canadamotorjobs.com\/wp-content\/uploads\/2025\/01\/DSCF2542a-5.jpg\" alt=\"L&#039;Alfa Romeo Giulia, arri\u00e8re\" \/><figcaption>L&#8217;Alfa Romeo Giulia, arri\u00e8re | Auto123.com<\/figcaption><\/figure>\n<p><strong>Un dernier regard sur une ic\u00f4ne<\/strong><\/p>\n<p>La Giulia, dans son habit de berline rac\u00e9e, fut l\u2019incarnation du dynamisme et de l\u2019\u00e9l\u00e9gance depuis son retour en 2016. Avec ses lignes aff\u00fbt\u00e9es, son ch\u00e2ssis inspir\u00e9, et son ADN Alfa pur jus, elle a su conqu\u00e9rir les puristes. Mais la page se tourne. Santo Ficili, nouveau PDG d\u2019Alfa Romeo, a confirm\u00e9 que la prochaine g\u00e9n\u00e9ration de Giulia changera radicalement de silhouette, partageant la plateforme STLA Large de Stellantis avec le futur Stelvio.<\/p>\n<p>Difficile d\u2019imaginer une Giulia sans son assise basse, son train arri\u00e8re joueur et son moteur rugissant. Pourtant, ce changement n\u2019est pas un abandon total du style Alfa Romeo. Selon les premi\u00e8res fuites, ce VUS coup\u00e9 s\u2019inspirera de mod\u00e8les comme la Peugeot 408, la Citro\u00ebn C5 X et la future Lancia Gamma, avec un design fluide et sportif.<\/p>\n<p><strong>Un hommage modernis\u00e9 : technologie et \u00e9lectrification<\/strong><\/p>\n<p>L\u2019\u00e8re du carbone et de l\u2019essence pure laisse place \u00e0 celle du num\u00e9rique et de l\u2019\u00e9lectrification. La nouvelle Giulia b\u00e9n\u00e9ficiera d\u2019un syst\u00e8me multim\u00e9dia \u00e0 intelligence artificielle, d\u2019aides \u00e0 la conduite et de caract\u00e9ristique de s\u00e9curit\u00e9 plus sophistiqu\u00e9es et d\u2019une calandre \u00ab scudetto \u00bb repens\u00e9e pour les besoins des motorisations \u00e9lectriques.<\/p>\n<p>Sous le capot, les options 100 % \u00e9lectriques et hybrides devraient coexister, Alfa Romeo ayant renonc\u00e9 \u00e0 son projet de transition vers une gamme exclusivement \u00e9lectrique. Une strat\u00e9gie dict\u00e9e par le pragmatisme, alors que le march\u00e9 europ\u00e9en montre, \u00e0 court terme, des signes de ralentissement pour les v\u00e9hicules \u00e9lectriques.<\/p>\n<p><\/p>\n<figure><img decoding=\"async\" src=\"https:\/\/news.canadamotorjobs.com\/wp-content\/uploads\/2025\/01\/DSCF2527a-1.jpg\" alt=\"L&#039;Alfa Romeo Giulia, de profil\" \/><figcaption>L&#8217;Alfa Romeo Giulia, de profil | Auto123.com<\/figcaption><\/figure>\n<p><strong>Un au revoir, mais pas un adieu<\/strong><\/p>\n<p>La production des nouvelles Stelvio et Giulia restera dans les murs du site historique de Cassino, en Italie. Le Stelvio ouvrira le bal en juillet 2025, suivi par le VUS Giulia en 2026. Le changement est in\u00e9vitable, mais une question demeure : cette nouvelle formule saura-t-elle pr\u00e9server l\u2019\u00e2me d\u2019Alfa Romeo ou signer son entr\u00e9e d\u00e9finitive dans l\u2019uniformisation des VUS modernes ?<\/p>\n<p>L\u2019avenir nous le dira. Mais aujourd\u2019hui, prenons un instant pour saluer la Giulia telle que nous l\u2019avons connue : passionn\u00e9e, vibrante, intemporelle. Repose en paix, ch\u00e8re berline.<\/p>\n<p><\/p>\n<figure><img decoding=\"async\" src=\"https:\/\/news.canadamotorjobs.com\/wp-content\/uploads\/2025\/01\/DSCF2516-1.jpg\" alt=\"L&#039;Alfa Romeo Giulia, avant\" \/><figcaption>L&#8217;Alfa Romeo Giulia, avant | Auto123.com<\/figcaption><\/figure>\n<figure><img decoding=\"async\" src=\"https:\/\/news.canadamotorjobs.com\/wp-content\/uploads\/2025\/01\/alfa_romeo_giulia_quadrifoglio_2019_auto123.com_68-1.jpg\" alt=\"L&#039;Alfa Romeo Giulia, \u00e9cussons Alfa Romeo et Giulia\" \/><figcaption>L&#8217;Alfa Romeo Giulia, \u00e9cussons Alfa Romeo et Giulia | Auto123.com<\/figcaption><\/figure>\n<p style=\"padding-top: 15px\">Contenu original de <a href=\"https:\/\/www.auto123.com\/fr\/actualites\/alfa-romeo-giulia-fin-berline\/72337\/\">auto123<\/a>.<\/p>\n<p>Le texte <a rel=\"nofollow\" href=\"https:\/\/annuelauto.ca\/alfa-romeo-giulia-requiem-pour-une-berline-legendaire\/\">Alfa Romeo Giulia : requiem pour une berline l\u00e9gendaire<\/a> provient de <a rel=\"nofollow\" href=\"https:\/\/annuelauto.ca\">L&#8217;annuel de l&#8217;automobile &#8211; Actualit\u00e9 automobile<\/a><\/p>\n<p><\/p>\n","protected":false},"excerpt":{"rendered":"<p>C\u2019est avec une pointe de tristesse que nous assistons \u00e0 la m\u00e9tamorphose d\u00e9finitive de l\u2019Alfa Romeo Giulia. La berline au charme latin, symbole du plaisir de conduire \u00e0 l\u2019italienne, abandonne ses racines sportives pour rena\u00eetre sous la forme d\u2019un VUS. Un destin scell\u00e9 par la strat\u00e9gie du constructeur, qui privil\u00e9gie d\u00e9sormais les silhouettes sur\u00e9lev\u00e9es pour [&hellip;]<\/p>\n","protected":false},"author":8,"featured_media":191626,"comment_status":"close","ping_status":"closed","sticky":false,"template":"","format":"standard","meta":{"_monsterinsights_skip_tracking":false,"_monsterinsights_sitenote_active":false,"_monsterinsights_sitenote_note":"","_monsterinsights_sitenote_category":0,"footnotes":""},"categories":[101],"tags":[],"yoast_head":"<!-- This site is optimized with the Yoast SEO plugin v23.2 - https:\/\/yoast.com\/wordpress\/plugins\/seo\/ -->\n<title>Alfa Romeo Giulia : requiem pour une berline l\u00e9gendaire - CanadaMotorJobs.com<\/title>\n<meta name=\"description\" content=\"Alfa Romeo Giulia : requiem pour une berline l\u00e9gendaire - Benoit Charette - Annuel automobile - CanadaMotorJobs.com.\" \/>\n<meta name=\"robots\" content=\"index, follow, max-snippet:-1, max-image-preview:large, max-video-preview:-1\" \/>\n<meta property=\"og:locale\" content=\"fr_CA\" \/>\n<meta property=\"og:type\" content=\"article\" \/>\n<meta property=\"og:title\" content=\"Alfa Romeo Giulia : requiem pour une berline l\u00e9gendaire - CanadaMotorJobs.com\" \/>\n<meta property=\"og:description\" content=\"Alfa Romeo Giulia : requiem pour une berline l\u00e9gendaire - Benoit Charette - Annuel automobile - CanadaMotorJobs.com.\" \/>\n<meta property=\"og:url\" content=\"https:\/\/news.canadamotorjobs.com\/fr\/alfa-romeo-giulia-requiem-pour-une-berline-legendaire\/\" \/>\n<meta property=\"og:site_name\" content=\"CanadaMotorJobs.com\" \/>\n<meta property=\"article:publisher\" content=\"https:\/\/www.facebook.com\/canadamotorjobs\/\" \/>\n<meta property=\"article:published_time\" content=\"2025-01-30T19:24:38+00:00\" \/>\n<meta property=\"article:modified_time\" content=\"2025-01-30T19:29:16+00:00\" \/>\n<meta property=\"og:image\" content=\"https:\/\/news.canadamotorjobs.com\/wp-content\/uploads\/2025\/01\/DSCF2542a.jpg\" \/>\n\t<meta property=\"og:image:width\" content=\"1200\" \/>\n\t<meta property=\"og:image:height\" content=\"800\" \/>\n\t<meta property=\"og:image:type\" content=\"image\/jpeg\" \/>\n<meta name=\"author\" content=\"Benoit Charette\" \/>\n<meta name=\"twitter:card\" content=\"summary_large_image\" \/>\n<meta name=\"twitter:creator\" content=\"@canadamotorjobs\" \/>\n<meta name=\"twitter:site\" content=\"@canadamotorjobs\" \/>\n<meta name=\"twitter:label1\" content=\"\u00c9crit par\" \/>\n\t<meta name=\"twitter:data1\" content=\"Benoit Charette\" \/>\n\t<meta name=\"twitter:label2\" content=\"Estimation du temps de lecture\" \/>\n\t<meta name=\"twitter:data2\" content=\"2 minutes\" \/>\n<!-- \/ Yoast SEO plugin. -->","yoast_head_json":{"title":"Alfa Romeo Giulia : requiem pour une berline l\u00e9gendaire - CanadaMotorJobs.com","description":"Alfa Romeo Giulia : requiem pour une berline l\u00e9gendaire - Benoit Charette - Annuel automobile - CanadaMotorJobs.com.","robots":{"index":"index","follow":"follow","max-snippet":"max-snippet:-1","max-image-preview":"max-image-preview:large","max-video-preview":"max-video-preview:-1"},"og_locale":"fr_CA","og_type":"article","og_title":"Alfa Romeo Giulia : requiem pour une berline l\u00e9gendaire - CanadaMotorJobs.com","og_description":"Alfa Romeo Giulia : requiem pour une berline l\u00e9gendaire - Benoit Charette - Annuel automobile - CanadaMotorJobs.com.","og_url":"https:\/\/news.canadamotorjobs.com\/fr\/alfa-romeo-giulia-requiem-pour-une-berline-legendaire\/","og_site_name":"CanadaMotorJobs.com","article_publisher":"https:\/\/www.facebook.com\/canadamotorjobs\/","article_published_time":"2025-01-30T19:24:38+00:00","article_modified_time":"2025-01-30T19:29:16+00:00","og_image":[{"width":1200,"height":800,"url":"https:\/\/news.canadamotorjobs.com\/wp-content\/uploads\/2025\/01\/DSCF2542a.jpg","type":"image\/jpeg"}],"author":"Benoit Charette","twitter_card":"summary_large_image","twitter_creator":"@canadamotorjobs","twitter_site":"@canadamotorjobs","twitter_misc":{"\u00c9crit par":"Benoit Charette","Estimation du temps de lecture":"2 minutes"},"schema":{"@context":"https:\/\/schema.org","@graph":[{"@type":"Article","@id":"https:\/\/news.canadamotorjobs.com\/fr\/alfa-romeo-giulia-requiem-pour-une-berline-legendaire\/#article","isPartOf":{"@id":"https:\/\/news.canadamotorjobs.com\/fr\/alfa-romeo-giulia-requiem-pour-une-berline-legendaire\/"},"author":{"name":"Benoit Charette","@id":"https:\/\/news.canadamotorjobs.com\/#\/schema\/person\/51793d1f87d44011d7bcc2ed99269a90"},"headline":"Alfa Romeo Giulia : requiem pour une berline l\u00e9gendaire","datePublished":"2025-01-30T19:24:38+00:00","dateModified":"2025-01-30T19:29:16+00:00","mainEntityOfPage":{"@id":"https:\/\/news.canadamotorjobs.com\/fr\/alfa-romeo-giulia-requiem-pour-une-berline-legendaire\/"},"wordCount":511,"publisher":{"@id":"https:\/\/news.canadamotorjobs.com\/#organization"},"image":{"@id":"https:\/\/news.canadamotorjobs.com\/fr\/alfa-romeo-giulia-requiem-pour-une-berline-legendaire\/#primaryimage"},"thumbnailUrl":"https:\/\/news.canadamotorjobs.com\/wp-content\/uploads\/2025\/01\/DSCF2542a.jpg","articleSection":["Annuel automobile"],"inLanguage":"fr-CA"},{"@type":"WebPage","@id":"https:\/\/news.canadamotorjobs.com\/fr\/alfa-romeo-giulia-requiem-pour-une-berline-legendaire\/","url":"https:\/\/news.canadamotorjobs.com\/fr\/alfa-romeo-giulia-requiem-pour-une-berline-legendaire\/","name":"Alfa Romeo Giulia : requiem pour une berline l\u00e9gendaire - CanadaMotorJobs.com","isPartOf":{"@id":"https:\/\/news.canadamotorjobs.com\/#website"},"primaryImageOfPage":{"@id":"https:\/\/news.canadamotorjobs.com\/fr\/alfa-romeo-giulia-requiem-pour-une-berline-legendaire\/#primaryimage"},"image":{"@id":"https:\/\/news.canadamotorjobs.com\/fr\/alfa-romeo-giulia-requiem-pour-une-berline-legendaire\/#primaryimage"},"thumbnailUrl":"https:\/\/news.canadamotorjobs.com\/wp-content\/uploads\/2025\/01\/DSCF2542a.jpg","datePublished":"2025-01-30T19:24:38+00:00","dateModified":"2025-01-30T19:29:16+00:00","description":"Alfa Romeo Giulia : requiem pour une berline l\u00e9gendaire - Benoit Charette - Annuel automobile - CanadaMotorJobs.com.","breadcrumb":{"@id":"https:\/\/news.canadamotorjobs.com\/fr\/alfa-romeo-giulia-requiem-pour-une-berline-legendaire\/#breadcrumb"},"inLanguage":"fr-CA","potentialAction":[{"@type":"ReadAction","target":["https:\/\/news.canadamotorjobs.com\/fr\/alfa-romeo-giulia-requiem-pour-une-berline-legendaire\/"]}]},{"@type":"ImageObject","inLanguage":"fr-CA","@id":"https:\/\/news.canadamotorjobs.com\/fr\/alfa-romeo-giulia-requiem-pour-une-berline-legendaire\/#primaryimage","url":"https:\/\/news.canadamotorjobs.com\/wp-content\/uploads\/2025\/01\/DSCF2542a.jpg","contentUrl":"https:\/\/news.canadamotorjobs.com\/wp-content\/uploads\/2025\/01\/DSCF2542a.jpg","width":1200,"height":800},{"@type":"BreadcrumbList","@id":"https:\/\/news.canadamotorjobs.com\/fr\/alfa-romeo-giulia-requiem-pour-une-berline-legendaire\/#breadcrumb","itemListElement":[{"@type":"ListItem","position":1,"name":"Home","item":"https:\/\/news.canadamotorjobs.com\/fr\/blog\/"},{"@type":"ListItem","position":2,"name":"Alfa Romeo Giulia : requiem pour une berline l\u00e9gendaire"}]},{"@type":"WebSite","@id":"https:\/\/news.canadamotorjobs.com\/#website","url":"https:\/\/news.canadamotorjobs.com\/","name":"CanadaMotorJobs.com","description":"Automotive Jobs","publisher":{"@id":"https:\/\/news.canadamotorjobs.com\/#organization"},"potentialAction":[{"@type":"SearchAction","target":{"@type":"EntryPoint","urlTemplate":"https:\/\/news.canadamotorjobs.com\/?s={search_term_string}"},"query-input":"required name=search_term_string"}],"inLanguage":"fr-CA"},{"@type":"Organization","@id":"https:\/\/news.canadamotorjobs.com\/#organization","name":"Canada Motor Jobs","url":"https:\/\/news.canadamotorjobs.com\/","logo":{"@type":"ImageObject","inLanguage":"fr-CA","@id":"https:\/\/news.canadamotorjobs.com\/#\/schema\/logo\/image\/","url":"https:\/\/news.canadamotorjobs.com\/wp-content\/uploads\/2022\/10\/logo-canada-motor-jobs-1.png","contentUrl":"https:\/\/news.canadamotorjobs.com\/wp-content\/uploads\/2022\/10\/logo-canada-motor-jobs-1.png","width":800,"height":400,"caption":"Canada Motor Jobs"},"image":{"@id":"https:\/\/news.canadamotorjobs.com\/#\/schema\/logo\/image\/"},"sameAs":["https:\/\/www.facebook.com\/canadamotorjobs\/","https:\/\/x.com\/canadamotorjobs","https:\/\/www.instagram.com\/canadamotorjobs\/","https:\/\/www.linkedin.com\/company\/canadamotorjobs"]},{"@type":"Person","@id":"https:\/\/news.canadamotorjobs.com\/#\/schema\/person\/51793d1f87d44011d7bcc2ed99269a90","name":"Benoit Charette","image":{"@type":"ImageObject","inLanguage":"fr-CA","@id":"https:\/\/news.canadamotorjobs.com\/#\/schema\/person\/image\/","url":"https:\/\/secure.gravatar.com\/avatar\/45f3d2eebcccd909668d7ce7ea7267b6?s=96&d=mm&r=g","contentUrl":"https:\/\/secure.gravatar.com\/avatar\/45f3d2eebcccd909668d7ce7ea7267b6?s=96&d=mm&r=g","caption":"Benoit Charette"},"description":"Benoit Charette \/ Propri\u00e9taire et r\u00e9dacteur en chef Benoit Charette pratique le journalisme automobile depuis bient\u00f4t 30 ans. Il a fait ses classes au c\u00f4t\u00e9 de Daniel H\u00e9raud et au Carnet de route de 1992 \u00e0 2001. Il est fondateur, copropri\u00e9taire et r\u00e9dacteur en chef de L\u2019Annuel de l\u2019automobile, qu\u2019il publie depuis 2001. Il a anim\u00e9 les \u00e9missions RPM et RPM+ sur V et les L\u00e9gendes de la route sur Historia. \u00c0 la radio depuis 1986, il reprend l\u2019antenne cette ann\u00e9e sur les ondes de Cogeco et participe pour la deuxi\u00e8me ann\u00e9e \u00e0 l\u2019\u00e9mission Passion Auto sur RDS en plus de mettre en ligne le site Web officiel de L\u2019Annuel de l\u2019automobile sur annuelauto.ca.","sameAs":["https:\/\/annuelauto.ca\/"],"url":"https:\/\/news.canadamotorjobs.com\/fr\/author\/benoit-charette\/"}]}},"_links":{"self":[{"href":"https:\/\/news.canadamotorjobs.com\/fr\/wp-json\/wp\/v2\/posts\/191624"}],"collection":[{"href":"https:\/\/news.canadamotorjobs.com\/fr\/wp-json\/wp\/v2\/posts"}],"about":[{"href":"https:\/\/news.canadamotorjobs.com\/fr\/wp-json\/wp\/v2\/types\/post"}],"author":[{"embeddable":true,"href":"https:\/\/news.canadamotorjobs.com\/fr\/wp-json\/wp\/v2\/users\/8"}],"replies":[{"embeddable":true,"href":"https:\/\/news.canadamotorjobs.com\/fr\/wp-json\/wp\/v2\/comments?post=191624"}],"version-history":[{"count":3,"href":"https:\/\/news.canadamotorjobs.com\/fr\/wp-json\/wp\/v2\/posts\/191624\/revisions"}],"predecessor-version":[{"id":191663,"href":"https:\/\/news.canadamotorjobs.com\/fr\/wp-json\/wp\/v2\/posts\/191624\/revisions\/191663"}],"wp:featuredmedia":[{"embeddable":true,"href":"https:\/\/news.canadamotorjobs.com\/fr\/wp-json\/wp\/v2\/media\/191626"}],"wp:attachment":[{"href":"https:\/\/news.canadamotorjobs.com\/fr\/wp-json\/wp\/v2\/media?parent=191624"}],"wp:term":[{"taxonomy":"category","embeddable":true,"href":"https:\/\/news.canadamotorjobs.com\/fr\/wp-json\/wp\/v2\/categories?post=191624"},{"taxonomy":"post_tag","embeddable":true,"href":"https:\/\/news.canadamotorjobs.com\/fr\/wp-json\/wp\/v2\/tags?post=191624"}],"curies":[{"name":"wp","href":"https:\/\/api.w.org\/{rel}","templated":true}]}}