{"id":191596,"date":"2025-01-30T14:24:39","date_gmt":"2025-01-30T19:24:39","guid":{"rendered":"https:\/\/news.canadamotorjobs.com\/?p=191596"},"modified":"2025-01-30T14:28:59","modified_gmt":"2025-01-30T19:28:59","slug":"ford-rappelle-150-000-bronco-en-raison-dun-probleme-damortisseurs","status":"publish","type":"post","link":"https:\/\/news.canadamotorjobs.com\/fr\/ford-rappelle-150-000-bronco-en-raison-dun-probleme-damortisseurs\/","title":{"rendered":"Ford rappelle 150\u2009000 Bronco en raison d\u2019un probl\u00e8me d\u2019amortisseurs"},"content":{"rendered":"<\/p>\n<p>Ford doit proc\u00e9der au rappel de quelque 150 000 exemplaires de son VUS Bronco (des ann\u00e9es 2021-2024) en raison d\u2019un probl\u00e8me potentiel avec les amortisseurs arri\u00e8re. Ce sont les unit\u00e9s dot\u00e9es d\u2019un r\u00e9servoir externe qui sont concern\u00e9es.<\/p>\n<p><strong>Le probl\u00e8me<\/strong><\/p>\n<p>Ces r\u00e9servoirs externes sont \u00e0 risque de se rompre en raison de la corrosion. Leur s\u00e9paration du corps de l\u2019amortisseur principal peut entra\u00eener leur rupture et cr\u00e9er ainsi un danger pour les autres usagers de la route. Et pour les propri\u00e9taires qui vivent \u00e0 des endroits o\u00f9 la corrosion est une r\u00e9alit\u00e9 en raison des rigueurs de l\u2019hiver, leur v\u00e9hicule est encore plus \u00e0 risque.<\/p>\n<p>Les amortisseurs \u00e0 r\u00e9servoir externe ne sont pas pr\u00e9sents sur tous les Bronco. De fait, si votre v\u00e9hicule n\u2019est pas une version Badlands ou n\u2019est pas \u00e9quip\u00e9 de l\u2019ensemble Sasquatch, il n\u2019est pas concern\u00e9 par cette campagne.<\/p>\n<p>N\u2019emp\u00eache, on parle de pr\u00e8s de 150 000 v\u00e9hicules vis\u00e9s, ce qui d\u00e9montre que l\u2019ensemble Sasquatch, livrable \u00e0 travers la gamme, a \u00e9t\u00e9 et demeure une option populaire.<\/p>\n<p>Selon la NHTSA (National Highway Traffic Safety Administration) am\u00e9ricaine, l\u2019\u00e9quivalent de Transports Canada, Ford a re\u00e7u 551 demandes de garanties en lien avec ce probl\u00e8me.<\/p>\n<p><\/p>\n<figure><img decoding=\"async\" src=\"https:\/\/news.canadamotorjobs.com\/wp-content\/uploads\/2025\/01\/ford-bronco-badlands-2025-5.jpeg\" alt=\"Ford Bronco Badlands 2025\" \/><figcaption>Ford Bronco Badlands 2025 | Auto123.com<\/figcaption><\/figure>\n<p><strong>La solution<\/strong><\/p>\n<p>La compagnie travaille toujours sur une solution \u00e0 ce probl\u00e8me. Toutefois, des lettres seront envoy\u00e9es aux propri\u00e9taires \u00e0 partir du 3 f\u00e9vrier prochain pour leur expliquer les risques s\u2019ils conduisent leur Bronco. Lorsque la solution aura \u00e9t\u00e9 trouv\u00e9e et qu\u2019une r\u00e9paration sera possible, Ford va envoyer alors une deuxi\u00e8me lettre aux propri\u00e9taires.<\/p>\n<p>Selon le rapport du rappel, aucun accident ou de blessure n\u2019a \u00e9t\u00e9 associ\u00e9 \u00e0 ce probl\u00e8me.<\/p>\n<p><\/p>\n<p style=\"padding-top: 15px\">Contenu original de <a href=\"https:\/\/www.auto123.com\/fr\/actualites\/ford-bronco-rappel-amortisseur\/72338\/\">auto123<\/a>.<\/p>\n<p>Le texte <a rel=\"nofollow\" href=\"https:\/\/annuelauto.ca\/ford-rappelle-150%e2%80%89000-bronco-en-raison-dun-probleme-damortisseurs\/\">Ford rappelle 150\u2009000 Bronco en raison d\u2019un probl\u00e8me d\u2019amortisseurs<\/a> provient de <a rel=\"nofollow\" href=\"https:\/\/annuelauto.ca\">L&#8217;annuel de l&#8217;automobile &#8211; Actualit\u00e9 automobile<\/a><\/p>\n<p><\/p>\n","protected":false},"excerpt":{"rendered":"<p>Ford doit proc\u00e9der au rappel de quelque 150 000 exemplaires de son VUS Bronco (des ann\u00e9es 2021-2024) en raison d\u2019un probl\u00e8me potentiel avec les amortisseurs arri\u00e8re. Ce sont les unit\u00e9s dot\u00e9es d\u2019un r\u00e9servoir externe qui sont concern\u00e9es. Le probl\u00e8me Ces r\u00e9servoirs externes sont \u00e0 risque de se rompre en raison de la corrosion. Leur s\u00e9paration [&hellip;]<\/p>\n","protected":false},"author":8,"featured_media":191598,"comment_status":"close","ping_status":"closed","sticky":false,"template":"","format":"standard","meta":{"_monsterinsights_skip_tracking":false,"_monsterinsights_sitenote_active":false,"_monsterinsights_sitenote_note":"","_monsterinsights_sitenote_category":0,"footnotes":""},"categories":[101],"tags":[],"yoast_head":"<!-- This site is optimized with the Yoast SEO plugin v23.2 - https:\/\/yoast.com\/wordpress\/plugins\/seo\/ -->\n<title>Ford rappelle 150\u2009000 Bronco en raison d\u2019un probl\u00e8me d\u2019amortisseurs - CanadaMotorJobs.com<\/title>\n<meta name=\"description\" content=\"Ford rappelle 150\u2009000 Bronco en raison d\u2019un probl\u00e8me d\u2019amortisseurs - Benoit Charette - Annuel automobile - CanadaMotorJobs.com.\" \/>\n<meta name=\"robots\" content=\"index, follow, max-snippet:-1, max-image-preview:large, max-video-preview:-1\" \/>\n<meta property=\"og:locale\" content=\"fr_CA\" \/>\n<meta property=\"og:type\" content=\"article\" \/>\n<meta property=\"og:title\" content=\"Ford rappelle 150\u2009000 Bronco en raison d\u2019un probl\u00e8me d\u2019amortisseurs - CanadaMotorJobs.com\" \/>\n<meta property=\"og:description\" content=\"Ford rappelle 150\u2009000 Bronco en raison d\u2019un probl\u00e8me d\u2019amortisseurs - Benoit Charette - Annuel automobile - CanadaMotorJobs.com.\" \/>\n<meta property=\"og:url\" content=\"https:\/\/news.canadamotorjobs.com\/fr\/ford-rappelle-150-000-bronco-en-raison-dun-probleme-damortisseurs\/\" \/>\n<meta property=\"og:site_name\" content=\"CanadaMotorJobs.com\" \/>\n<meta property=\"article:publisher\" content=\"https:\/\/www.facebook.com\/canadamotorjobs\/\" \/>\n<meta property=\"article:published_time\" content=\"2025-01-30T19:24:39+00:00\" \/>\n<meta property=\"article:modified_time\" content=\"2025-01-30T19:28:59+00:00\" \/>\n<meta property=\"og:image\" content=\"https:\/\/news.canadamotorjobs.com\/wp-content\/uploads\/2025\/01\/ford-bronco-badlands-2025.jpeg\" \/>\n\t<meta property=\"og:image:width\" content=\"1200\" \/>\n\t<meta property=\"og:image:height\" content=\"800\" \/>\n\t<meta property=\"og:image:type\" content=\"image\/jpeg\" \/>\n<meta name=\"author\" content=\"Benoit Charette\" \/>\n<meta name=\"twitter:card\" content=\"summary_large_image\" \/>\n<meta name=\"twitter:creator\" content=\"@canadamotorjobs\" \/>\n<meta name=\"twitter:site\" content=\"@canadamotorjobs\" \/>\n<meta name=\"twitter:label1\" content=\"\u00c9crit par\" \/>\n\t<meta name=\"twitter:data1\" content=\"Benoit Charette\" \/>\n\t<meta name=\"twitter:label2\" content=\"Estimation du temps de lecture\" \/>\n\t<meta name=\"twitter:data2\" content=\"2 minutes\" \/>\n<!-- \/ Yoast SEO plugin. -->","yoast_head_json":{"title":"Ford rappelle 150\u2009000 Bronco en raison d\u2019un probl\u00e8me d\u2019amortisseurs - CanadaMotorJobs.com","description":"Ford rappelle 150\u2009000 Bronco en raison d\u2019un probl\u00e8me d\u2019amortisseurs - Benoit Charette - Annuel automobile - CanadaMotorJobs.com.","robots":{"index":"index","follow":"follow","max-snippet":"max-snippet:-1","max-image-preview":"max-image-preview:large","max-video-preview":"max-video-preview:-1"},"og_locale":"fr_CA","og_type":"article","og_title":"Ford rappelle 150\u2009000 Bronco en raison d\u2019un probl\u00e8me d\u2019amortisseurs - CanadaMotorJobs.com","og_description":"Ford rappelle 150\u2009000 Bronco en raison d\u2019un probl\u00e8me d\u2019amortisseurs - Benoit Charette - Annuel automobile - CanadaMotorJobs.com.","og_url":"https:\/\/news.canadamotorjobs.com\/fr\/ford-rappelle-150-000-bronco-en-raison-dun-probleme-damortisseurs\/","og_site_name":"CanadaMotorJobs.com","article_publisher":"https:\/\/www.facebook.com\/canadamotorjobs\/","article_published_time":"2025-01-30T19:24:39+00:00","article_modified_time":"2025-01-30T19:28:59+00:00","og_image":[{"width":1200,"height":800,"url":"https:\/\/news.canadamotorjobs.com\/wp-content\/uploads\/2025\/01\/ford-bronco-badlands-2025.jpeg","type":"image\/jpeg"}],"author":"Benoit Charette","twitter_card":"summary_large_image","twitter_creator":"@canadamotorjobs","twitter_site":"@canadamotorjobs","twitter_misc":{"\u00c9crit par":"Benoit Charette","Estimation du temps de lecture":"2 minutes"},"schema":{"@context":"https:\/\/schema.org","@graph":[{"@type":"Article","@id":"https:\/\/news.canadamotorjobs.com\/fr\/ford-rappelle-150-000-bronco-en-raison-dun-probleme-damortisseurs\/#article","isPartOf":{"@id":"https:\/\/news.canadamotorjobs.com\/fr\/ford-rappelle-150-000-bronco-en-raison-dun-probleme-damortisseurs\/"},"author":{"name":"Benoit Charette","@id":"https:\/\/news.canadamotorjobs.com\/#\/schema\/person\/51793d1f87d44011d7bcc2ed99269a90"},"headline":"Ford rappelle 150\u2009000 Bronco en raison d\u2019un probl\u00e8me d\u2019amortisseurs","datePublished":"2025-01-30T19:24:39+00:00","dateModified":"2025-01-30T19:28:59+00:00","mainEntityOfPage":{"@id":"https:\/\/news.canadamotorjobs.com\/fr\/ford-rappelle-150-000-bronco-en-raison-dun-probleme-damortisseurs\/"},"wordCount":343,"publisher":{"@id":"https:\/\/news.canadamotorjobs.com\/#organization"},"image":{"@id":"https:\/\/news.canadamotorjobs.com\/fr\/ford-rappelle-150-000-bronco-en-raison-dun-probleme-damortisseurs\/#primaryimage"},"thumbnailUrl":"https:\/\/news.canadamotorjobs.com\/wp-content\/uploads\/2025\/01\/ford-bronco-badlands-2025.jpeg","articleSection":["Annuel automobile"],"inLanguage":"fr-CA"},{"@type":"WebPage","@id":"https:\/\/news.canadamotorjobs.com\/fr\/ford-rappelle-150-000-bronco-en-raison-dun-probleme-damortisseurs\/","url":"https:\/\/news.canadamotorjobs.com\/fr\/ford-rappelle-150-000-bronco-en-raison-dun-probleme-damortisseurs\/","name":"Ford rappelle 150\u2009000 Bronco en raison d\u2019un probl\u00e8me d\u2019amortisseurs - CanadaMotorJobs.com","isPartOf":{"@id":"https:\/\/news.canadamotorjobs.com\/#website"},"primaryImageOfPage":{"@id":"https:\/\/news.canadamotorjobs.com\/fr\/ford-rappelle-150-000-bronco-en-raison-dun-probleme-damortisseurs\/#primaryimage"},"image":{"@id":"https:\/\/news.canadamotorjobs.com\/fr\/ford-rappelle-150-000-bronco-en-raison-dun-probleme-damortisseurs\/#primaryimage"},"thumbnailUrl":"https:\/\/news.canadamotorjobs.com\/wp-content\/uploads\/2025\/01\/ford-bronco-badlands-2025.jpeg","datePublished":"2025-01-30T19:24:39+00:00","dateModified":"2025-01-30T19:28:59+00:00","description":"Ford rappelle 150\u2009000 Bronco en raison d\u2019un probl\u00e8me d\u2019amortisseurs - Benoit Charette - Annuel automobile - CanadaMotorJobs.com.","breadcrumb":{"@id":"https:\/\/news.canadamotorjobs.com\/fr\/ford-rappelle-150-000-bronco-en-raison-dun-probleme-damortisseurs\/#breadcrumb"},"inLanguage":"fr-CA","potentialAction":[{"@type":"ReadAction","target":["https:\/\/news.canadamotorjobs.com\/fr\/ford-rappelle-150-000-bronco-en-raison-dun-probleme-damortisseurs\/"]}]},{"@type":"ImageObject","inLanguage":"fr-CA","@id":"https:\/\/news.canadamotorjobs.com\/fr\/ford-rappelle-150-000-bronco-en-raison-dun-probleme-damortisseurs\/#primaryimage","url":"https:\/\/news.canadamotorjobs.com\/wp-content\/uploads\/2025\/01\/ford-bronco-badlands-2025.jpeg","contentUrl":"https:\/\/news.canadamotorjobs.com\/wp-content\/uploads\/2025\/01\/ford-bronco-badlands-2025.jpeg","width":1200,"height":800},{"@type":"BreadcrumbList","@id":"https:\/\/news.canadamotorjobs.com\/fr\/ford-rappelle-150-000-bronco-en-raison-dun-probleme-damortisseurs\/#breadcrumb","itemListElement":[{"@type":"ListItem","position":1,"name":"Home","item":"https:\/\/news.canadamotorjobs.com\/fr\/blog\/"},{"@type":"ListItem","position":2,"name":"Ford rappelle 150\u2009000 Bronco en raison d\u2019un probl\u00e8me d\u2019amortisseurs"}]},{"@type":"WebSite","@id":"https:\/\/news.canadamotorjobs.com\/#website","url":"https:\/\/news.canadamotorjobs.com\/","name":"CanadaMotorJobs.com","description":"Automotive Jobs","publisher":{"@id":"https:\/\/news.canadamotorjobs.com\/#organization"},"potentialAction":[{"@type":"SearchAction","target":{"@type":"EntryPoint","urlTemplate":"https:\/\/news.canadamotorjobs.com\/?s={search_term_string}"},"query-input":"required name=search_term_string"}],"inLanguage":"fr-CA"},{"@type":"Organization","@id":"https:\/\/news.canadamotorjobs.com\/#organization","name":"Canada Motor Jobs","url":"https:\/\/news.canadamotorjobs.com\/","logo":{"@type":"ImageObject","inLanguage":"fr-CA","@id":"https:\/\/news.canadamotorjobs.com\/#\/schema\/logo\/image\/","url":"https:\/\/news.canadamotorjobs.com\/wp-content\/uploads\/2022\/10\/logo-canada-motor-jobs-1.png","contentUrl":"https:\/\/news.canadamotorjobs.com\/wp-content\/uploads\/2022\/10\/logo-canada-motor-jobs-1.png","width":800,"height":400,"caption":"Canada Motor Jobs"},"image":{"@id":"https:\/\/news.canadamotorjobs.com\/#\/schema\/logo\/image\/"},"sameAs":["https:\/\/www.facebook.com\/canadamotorjobs\/","https:\/\/x.com\/canadamotorjobs","https:\/\/www.instagram.com\/canadamotorjobs\/","https:\/\/www.linkedin.com\/company\/canadamotorjobs"]},{"@type":"Person","@id":"https:\/\/news.canadamotorjobs.com\/#\/schema\/person\/51793d1f87d44011d7bcc2ed99269a90","name":"Benoit Charette","image":{"@type":"ImageObject","inLanguage":"fr-CA","@id":"https:\/\/news.canadamotorjobs.com\/#\/schema\/person\/image\/","url":"https:\/\/secure.gravatar.com\/avatar\/45f3d2eebcccd909668d7ce7ea7267b6?s=96&d=mm&r=g","contentUrl":"https:\/\/secure.gravatar.com\/avatar\/45f3d2eebcccd909668d7ce7ea7267b6?s=96&d=mm&r=g","caption":"Benoit Charette"},"description":"Benoit Charette \/ Propri\u00e9taire et r\u00e9dacteur en chef Benoit Charette pratique le journalisme automobile depuis bient\u00f4t 30 ans. Il a fait ses classes au c\u00f4t\u00e9 de Daniel H\u00e9raud et au Carnet de route de 1992 \u00e0 2001. Il est fondateur, copropri\u00e9taire et r\u00e9dacteur en chef de L\u2019Annuel de l\u2019automobile, qu\u2019il publie depuis 2001. Il a anim\u00e9 les \u00e9missions RPM et RPM+ sur V et les L\u00e9gendes de la route sur Historia. \u00c0 la radio depuis 1986, il reprend l\u2019antenne cette ann\u00e9e sur les ondes de Cogeco et participe pour la deuxi\u00e8me ann\u00e9e \u00e0 l\u2019\u00e9mission Passion Auto sur RDS en plus de mettre en ligne le site Web officiel de L\u2019Annuel de l\u2019automobile sur annuelauto.ca.","sameAs":["https:\/\/annuelauto.ca\/"],"url":"https:\/\/news.canadamotorjobs.com\/fr\/author\/benoit-charette\/"}]}},"_links":{"self":[{"href":"https:\/\/news.canadamotorjobs.com\/fr\/wp-json\/wp\/v2\/posts\/191596"}],"collection":[{"href":"https:\/\/news.canadamotorjobs.com\/fr\/wp-json\/wp\/v2\/posts"}],"about":[{"href":"https:\/\/news.canadamotorjobs.com\/fr\/wp-json\/wp\/v2\/types\/post"}],"author":[{"embeddable":true,"href":"https:\/\/news.canadamotorjobs.com\/fr\/wp-json\/wp\/v2\/users\/8"}],"replies":[{"embeddable":true,"href":"https:\/\/news.canadamotorjobs.com\/fr\/wp-json\/wp\/v2\/comments?post=191596"}],"version-history":[{"count":3,"href":"https:\/\/news.canadamotorjobs.com\/fr\/wp-json\/wp\/v2\/posts\/191596\/revisions"}],"predecessor-version":[{"id":191623,"href":"https:\/\/news.canadamotorjobs.com\/fr\/wp-json\/wp\/v2\/posts\/191596\/revisions\/191623"}],"wp:featuredmedia":[{"embeddable":true,"href":"https:\/\/news.canadamotorjobs.com\/fr\/wp-json\/wp\/v2\/media\/191598"}],"wp:attachment":[{"href":"https:\/\/news.canadamotorjobs.com\/fr\/wp-json\/wp\/v2\/media?parent=191596"}],"wp:term":[{"taxonomy":"category","embeddable":true,"href":"https:\/\/news.canadamotorjobs.com\/fr\/wp-json\/wp\/v2\/categories?post=191596"},{"taxonomy":"post_tag","embeddable":true,"href":"https:\/\/news.canadamotorjobs.com\/fr\/wp-json\/wp\/v2\/tags?post=191596"}],"curies":[{"name":"wp","href":"https:\/\/api.w.org\/{rel}","templated":true}]}}