{"id":191558,"date":"2025-01-30T07:49:50","date_gmt":"2025-01-30T12:49:50","guid":{"rendered":"https:\/\/news.canadamotorjobs.com\/?p=191558"},"modified":"2025-01-30T07:58:51","modified_gmt":"2025-01-30T12:58:51","slug":"quebec-pourrait-revoir-linterdiction-des-vehicules-a-essence-en-2035","status":"publish","type":"post","link":"https:\/\/news.canadamotorjobs.com\/fr\/quebec-pourrait-revoir-linterdiction-des-vehicules-a-essence-en-2035\/","title":{"rendered":"Qu\u00e9bec pourrait revoir l\u2019interdiction des v\u00e9hicules \u00e0 essence en 2035"},"content":{"rendered":"<\/p>\n<p>Depuis le retour de Donald Trump \u00e0 la Maison-Blanche, plusieurs politiques environnementales ont \u00e9t\u00e9 r\u00e9vis\u00e9es, notamment celles favorisant les v\u00e9hicules \u00e9lectriques. Parmi les mesures phares, l\u2019administration Trump a annul\u00e9 le d\u00e9cret pr\u00e9sidentiel de Joe Biden qui visait une adoption \u00e0 50 % des v\u00e9hicules \u00e9lectrifi\u00e9s d\u2019ici 2030.<\/p>\n<p>Cette d\u00e9cision, combin\u00e9e \u00e0 l\u2019abolition des cr\u00e9dits d\u2019imp\u00f4t pour l\u2019achat de voitures \u00e9lectriques, pourrait ralentir leur adoption en raison d\u2019une hausse des co\u00fbts et d\u2019une diminution des investissements des constructeurs.<\/p>\n<h3>Qu\u00e9bec pourrait ajuster sa cible de 2035<\/h3>\n<p>\nL\u2019impact de ces changements se fera ressentir au Canada, et particuli\u00e8rement au Qu\u00e9bec, o\u00f9 l\u2019\u00e9lectrification des transports est une priorit\u00e9. La province a adopt\u00e9 un r\u00e8glement interdisant la vente de nouveaux v\u00e9hicules \u00e0 essence \u00e0 partir de 2035, une cible parmi les plus ambitieuses au pays.<\/p>\n<p>Cependant, le ministre qu\u00e9b\u00e9cois de l\u2019Environnement, Benoit Charette, a reconnu que la province devra s\u2019adapter aux conditions du march\u00e9. Interrog\u00e9 par CBC, il a ouvert la porte \u00e0 une r\u00e9\u00e9valuation des objectifs, soulignant que des ajustements \u00e9taient d\u00e9j\u00e0 pr\u00e9vus pour 2026 et 2030 afin d\u2019assurer la faisabilit\u00e9 du plan.<\/p>\n<p>En plus des d\u00e9cisions am\u00e9ricaines, l\u2019\u00e9volution des subventions aux v\u00e9hicules \u00e9lectriques au Qu\u00e9bec jouera un r\u00f4le cl\u00e9 dans ces r\u00e9visions. En effet, le programme Roulez Vert, qui offre des incitatifs financiers de 3 500 $ \u00e0 7 500 $ pour l\u2019achat ou la location d\u2019un v\u00e9hicule \u00e9lectrifi\u00e9, sera suspendu temporairement \u00e0 compter du 1er f\u00e9vrier.<\/p>\n<h3>2025 : une ann\u00e9e charni\u00e8re pour l\u2019\u00e9lectrification<\/h3>\n<p>\nBien que les ventes de v\u00e9hicules \u00e9lectriques aient atteint un sommet en 2024, le ministre Charette admet que 2025 sera une ann\u00e9e d\u2019ajustement. Malgr\u00e9 le fait que le Qu\u00e9bec soit le plus grand march\u00e9 canadien pour les v\u00e9hicules \u00e9lectrifi\u00e9s, son influence demeure limit\u00e9e face aux d\u00e9cisions des \u00c9tats am\u00e9ricains, qui dictent en grande partie les strat\u00e9gies des constructeurs automobiles.<\/p>\n<p>\u00ab Nous ne pouvons pas \u00eatre seuls sur notre \u00eele \u00bb, a d\u00e9clar\u00e9 le ministre, insistant sur la n\u00e9cessit\u00e9 d\u2019un cadre r\u00e9glementaire align\u00e9 avec les r\u00e9alit\u00e9s du march\u00e9 nord-am\u00e9ricain.<\/p>\n<p>Reste \u00e0 voir comment le Qu\u00e9bec adaptera sa strat\u00e9gie d\u2019ici 2035, alors que les politiques environnementales et \u00e9conomiques continuent d\u2019\u00e9voluer.<\/p>\n<p>Avec des renseignements de Motor Illustrated<\/p>\n<p>Le texte <a rel=\"nofollow\" href=\"https:\/\/annuelauto.ca\/quebec-interdiction-vehicules-essence-2035\/\">Qu\u00e9bec pourrait revoir l\u2019interdiction des v\u00e9hicules \u00e0 essence en 2035<\/a> provient de <a rel=\"nofollow\" href=\"https:\/\/annuelauto.ca\">L&#8217;annuel de l&#8217;automobile &#8211; Actualit\u00e9 automobile<\/a><\/p>\n<p><\/p>\n","protected":false},"excerpt":{"rendered":"<p>Depuis le retour de Donald Trump \u00e0 la Maison-Blanche, plusieurs politiques environnementales ont \u00e9t\u00e9 r\u00e9vis\u00e9es, notamment celles favorisant les v\u00e9hicules \u00e9lectriques. Parmi les mesures phares, l\u2019administration Trump a annul\u00e9 le d\u00e9cret pr\u00e9sidentiel de Joe Biden qui visait une adoption \u00e0 50 % des v\u00e9hicules \u00e9lectrifi\u00e9s d\u2019ici 2030. Cette d\u00e9cision, combin\u00e9e \u00e0 l\u2019abolition des cr\u00e9dits d\u2019imp\u00f4t [&hellip;]<\/p>\n","protected":false},"author":8,"featured_media":191560,"comment_status":"close","ping_status":"closed","sticky":false,"template":"","format":"standard","meta":{"_monsterinsights_skip_tracking":false,"_monsterinsights_sitenote_active":false,"_monsterinsights_sitenote_note":"","_monsterinsights_sitenote_category":0,"footnotes":""},"categories":[101],"tags":[],"yoast_head":"<!-- This site is optimized with the Yoast SEO plugin v23.2 - https:\/\/yoast.com\/wordpress\/plugins\/seo\/ -->\n<title>Qu\u00e9bec pourrait revoir l\u2019interdiction des v\u00e9hicules \u00e0 essence en 2035 - CanadaMotorJobs.com<\/title>\n<meta name=\"description\" content=\"Qu\u00e9bec pourrait revoir l\u2019interdiction des v\u00e9hicules \u00e0 essence en 2035 - Benoit Charette - Annuel automobile - CanadaMotorJobs.com.\" \/>\n<meta name=\"robots\" content=\"index, follow, max-snippet:-1, max-image-preview:large, max-video-preview:-1\" \/>\n<meta property=\"og:locale\" content=\"fr_CA\" \/>\n<meta property=\"og:type\" content=\"article\" \/>\n<meta property=\"og:title\" content=\"Qu\u00e9bec pourrait revoir l\u2019interdiction des v\u00e9hicules \u00e0 essence en 2035 - CanadaMotorJobs.com\" \/>\n<meta property=\"og:description\" content=\"Qu\u00e9bec pourrait revoir l\u2019interdiction des v\u00e9hicules \u00e0 essence en 2035 - Benoit Charette - Annuel automobile - CanadaMotorJobs.com.\" \/>\n<meta property=\"og:url\" content=\"https:\/\/news.canadamotorjobs.com\/fr\/quebec-pourrait-revoir-linterdiction-des-vehicules-a-essence-en-2035\/\" \/>\n<meta property=\"og:site_name\" content=\"CanadaMotorJobs.com\" \/>\n<meta property=\"article:publisher\" content=\"https:\/\/www.facebook.com\/canadamotorjobs\/\" \/>\n<meta property=\"article:published_time\" content=\"2025-01-30T12:49:50+00:00\" \/>\n<meta property=\"article:modified_time\" content=\"2025-01-30T12:58:51+00:00\" \/>\n<meta property=\"og:image\" content=\"https:\/\/news.canadamotorjobs.com\/wp-content\/uploads\/2025\/01\/VinFast-VF-8-2024-1.jpg\" \/>\n\t<meta property=\"og:image:width\" content=\"1024\" \/>\n\t<meta property=\"og:image:height\" content=\"683\" \/>\n\t<meta property=\"og:image:type\" content=\"image\/jpeg\" \/>\n<meta name=\"author\" content=\"Benoit Charette\" \/>\n<meta name=\"twitter:card\" content=\"summary_large_image\" \/>\n<meta name=\"twitter:creator\" content=\"@canadamotorjobs\" \/>\n<meta name=\"twitter:site\" content=\"@canadamotorjobs\" \/>\n<meta name=\"twitter:label1\" content=\"\u00c9crit par\" \/>\n\t<meta name=\"twitter:data1\" content=\"Benoit Charette\" \/>\n\t<meta name=\"twitter:label2\" content=\"Estimation du temps de lecture\" \/>\n\t<meta name=\"twitter:data2\" content=\"2 minutes\" \/>\n<!-- \/ Yoast SEO plugin. -->","yoast_head_json":{"title":"Qu\u00e9bec pourrait revoir l\u2019interdiction des v\u00e9hicules \u00e0 essence en 2035 - CanadaMotorJobs.com","description":"Qu\u00e9bec pourrait revoir l\u2019interdiction des v\u00e9hicules \u00e0 essence en 2035 - Benoit Charette - Annuel automobile - CanadaMotorJobs.com.","robots":{"index":"index","follow":"follow","max-snippet":"max-snippet:-1","max-image-preview":"max-image-preview:large","max-video-preview":"max-video-preview:-1"},"og_locale":"fr_CA","og_type":"article","og_title":"Qu\u00e9bec pourrait revoir l\u2019interdiction des v\u00e9hicules \u00e0 essence en 2035 - CanadaMotorJobs.com","og_description":"Qu\u00e9bec pourrait revoir l\u2019interdiction des v\u00e9hicules \u00e0 essence en 2035 - Benoit Charette - Annuel automobile - CanadaMotorJobs.com.","og_url":"https:\/\/news.canadamotorjobs.com\/fr\/quebec-pourrait-revoir-linterdiction-des-vehicules-a-essence-en-2035\/","og_site_name":"CanadaMotorJobs.com","article_publisher":"https:\/\/www.facebook.com\/canadamotorjobs\/","article_published_time":"2025-01-30T12:49:50+00:00","article_modified_time":"2025-01-30T12:58:51+00:00","og_image":[{"width":1024,"height":683,"url":"https:\/\/news.canadamotorjobs.com\/wp-content\/uploads\/2025\/01\/VinFast-VF-8-2024-1.jpg","type":"image\/jpeg"}],"author":"Benoit Charette","twitter_card":"summary_large_image","twitter_creator":"@canadamotorjobs","twitter_site":"@canadamotorjobs","twitter_misc":{"\u00c9crit par":"Benoit Charette","Estimation du temps de lecture":"2 minutes"},"schema":{"@context":"https:\/\/schema.org","@graph":[{"@type":"Article","@id":"https:\/\/news.canadamotorjobs.com\/fr\/quebec-pourrait-revoir-linterdiction-des-vehicules-a-essence-en-2035\/#article","isPartOf":{"@id":"https:\/\/news.canadamotorjobs.com\/fr\/quebec-pourrait-revoir-linterdiction-des-vehicules-a-essence-en-2035\/"},"author":{"name":"Benoit Charette","@id":"https:\/\/news.canadamotorjobs.com\/#\/schema\/person\/51793d1f87d44011d7bcc2ed99269a90"},"headline":"Qu\u00e9bec pourrait revoir l\u2019interdiction des v\u00e9hicules \u00e0 essence en 2035","datePublished":"2025-01-30T12:49:50+00:00","dateModified":"2025-01-30T12:58:51+00:00","mainEntityOfPage":{"@id":"https:\/\/news.canadamotorjobs.com\/fr\/quebec-pourrait-revoir-linterdiction-des-vehicules-a-essence-en-2035\/"},"wordCount":428,"publisher":{"@id":"https:\/\/news.canadamotorjobs.com\/#organization"},"image":{"@id":"https:\/\/news.canadamotorjobs.com\/fr\/quebec-pourrait-revoir-linterdiction-des-vehicules-a-essence-en-2035\/#primaryimage"},"thumbnailUrl":"https:\/\/news.canadamotorjobs.com\/wp-content\/uploads\/2025\/01\/VinFast-VF-8-2024-1.jpg","articleSection":["Annuel automobile"],"inLanguage":"fr-CA"},{"@type":"WebPage","@id":"https:\/\/news.canadamotorjobs.com\/fr\/quebec-pourrait-revoir-linterdiction-des-vehicules-a-essence-en-2035\/","url":"https:\/\/news.canadamotorjobs.com\/fr\/quebec-pourrait-revoir-linterdiction-des-vehicules-a-essence-en-2035\/","name":"Qu\u00e9bec pourrait revoir l\u2019interdiction des v\u00e9hicules \u00e0 essence en 2035 - CanadaMotorJobs.com","isPartOf":{"@id":"https:\/\/news.canadamotorjobs.com\/#website"},"primaryImageOfPage":{"@id":"https:\/\/news.canadamotorjobs.com\/fr\/quebec-pourrait-revoir-linterdiction-des-vehicules-a-essence-en-2035\/#primaryimage"},"image":{"@id":"https:\/\/news.canadamotorjobs.com\/fr\/quebec-pourrait-revoir-linterdiction-des-vehicules-a-essence-en-2035\/#primaryimage"},"thumbnailUrl":"https:\/\/news.canadamotorjobs.com\/wp-content\/uploads\/2025\/01\/VinFast-VF-8-2024-1.jpg","datePublished":"2025-01-30T12:49:50+00:00","dateModified":"2025-01-30T12:58:51+00:00","description":"Qu\u00e9bec pourrait revoir l\u2019interdiction des v\u00e9hicules \u00e0 essence en 2035 - Benoit Charette - Annuel automobile - CanadaMotorJobs.com.","breadcrumb":{"@id":"https:\/\/news.canadamotorjobs.com\/fr\/quebec-pourrait-revoir-linterdiction-des-vehicules-a-essence-en-2035\/#breadcrumb"},"inLanguage":"fr-CA","potentialAction":[{"@type":"ReadAction","target":["https:\/\/news.canadamotorjobs.com\/fr\/quebec-pourrait-revoir-linterdiction-des-vehicules-a-essence-en-2035\/"]}]},{"@type":"ImageObject","inLanguage":"fr-CA","@id":"https:\/\/news.canadamotorjobs.com\/fr\/quebec-pourrait-revoir-linterdiction-des-vehicules-a-essence-en-2035\/#primaryimage","url":"https:\/\/news.canadamotorjobs.com\/wp-content\/uploads\/2025\/01\/VinFast-VF-8-2024-1.jpg","contentUrl":"https:\/\/news.canadamotorjobs.com\/wp-content\/uploads\/2025\/01\/VinFast-VF-8-2024-1.jpg","width":1024,"height":683},{"@type":"BreadcrumbList","@id":"https:\/\/news.canadamotorjobs.com\/fr\/quebec-pourrait-revoir-linterdiction-des-vehicules-a-essence-en-2035\/#breadcrumb","itemListElement":[{"@type":"ListItem","position":1,"name":"Home","item":"https:\/\/news.canadamotorjobs.com\/fr\/blog\/"},{"@type":"ListItem","position":2,"name":"Qu\u00e9bec pourrait revoir l\u2019interdiction des v\u00e9hicules \u00e0 essence en 2035"}]},{"@type":"WebSite","@id":"https:\/\/news.canadamotorjobs.com\/#website","url":"https:\/\/news.canadamotorjobs.com\/","name":"CanadaMotorJobs.com","description":"Automotive Jobs","publisher":{"@id":"https:\/\/news.canadamotorjobs.com\/#organization"},"potentialAction":[{"@type":"SearchAction","target":{"@type":"EntryPoint","urlTemplate":"https:\/\/news.canadamotorjobs.com\/?s={search_term_string}"},"query-input":"required name=search_term_string"}],"inLanguage":"fr-CA"},{"@type":"Organization","@id":"https:\/\/news.canadamotorjobs.com\/#organization","name":"Canada Motor Jobs","url":"https:\/\/news.canadamotorjobs.com\/","logo":{"@type":"ImageObject","inLanguage":"fr-CA","@id":"https:\/\/news.canadamotorjobs.com\/#\/schema\/logo\/image\/","url":"https:\/\/news.canadamotorjobs.com\/wp-content\/uploads\/2022\/10\/logo-canada-motor-jobs-1.png","contentUrl":"https:\/\/news.canadamotorjobs.com\/wp-content\/uploads\/2022\/10\/logo-canada-motor-jobs-1.png","width":800,"height":400,"caption":"Canada Motor Jobs"},"image":{"@id":"https:\/\/news.canadamotorjobs.com\/#\/schema\/logo\/image\/"},"sameAs":["https:\/\/www.facebook.com\/canadamotorjobs\/","https:\/\/x.com\/canadamotorjobs","https:\/\/www.instagram.com\/canadamotorjobs\/","https:\/\/www.linkedin.com\/company\/canadamotorjobs"]},{"@type":"Person","@id":"https:\/\/news.canadamotorjobs.com\/#\/schema\/person\/51793d1f87d44011d7bcc2ed99269a90","name":"Benoit Charette","image":{"@type":"ImageObject","inLanguage":"fr-CA","@id":"https:\/\/news.canadamotorjobs.com\/#\/schema\/person\/image\/","url":"https:\/\/secure.gravatar.com\/avatar\/45f3d2eebcccd909668d7ce7ea7267b6?s=96&d=mm&r=g","contentUrl":"https:\/\/secure.gravatar.com\/avatar\/45f3d2eebcccd909668d7ce7ea7267b6?s=96&d=mm&r=g","caption":"Benoit Charette"},"description":"Benoit Charette \/ Propri\u00e9taire et r\u00e9dacteur en chef Benoit Charette pratique le journalisme automobile depuis bient\u00f4t 30 ans. Il a fait ses classes au c\u00f4t\u00e9 de Daniel H\u00e9raud et au Carnet de route de 1992 \u00e0 2001. Il est fondateur, copropri\u00e9taire et r\u00e9dacteur en chef de L\u2019Annuel de l\u2019automobile, qu\u2019il publie depuis 2001. Il a anim\u00e9 les \u00e9missions RPM et RPM+ sur V et les L\u00e9gendes de la route sur Historia. \u00c0 la radio depuis 1986, il reprend l\u2019antenne cette ann\u00e9e sur les ondes de Cogeco et participe pour la deuxi\u00e8me ann\u00e9e \u00e0 l\u2019\u00e9mission Passion Auto sur RDS en plus de mettre en ligne le site Web officiel de L\u2019Annuel de l\u2019automobile sur annuelauto.ca.","sameAs":["https:\/\/annuelauto.ca\/"],"url":"https:\/\/news.canadamotorjobs.com\/fr\/author\/benoit-charette\/"}]}},"_links":{"self":[{"href":"https:\/\/news.canadamotorjobs.com\/fr\/wp-json\/wp\/v2\/posts\/191558"}],"collection":[{"href":"https:\/\/news.canadamotorjobs.com\/fr\/wp-json\/wp\/v2\/posts"}],"about":[{"href":"https:\/\/news.canadamotorjobs.com\/fr\/wp-json\/wp\/v2\/types\/post"}],"author":[{"embeddable":true,"href":"https:\/\/news.canadamotorjobs.com\/fr\/wp-json\/wp\/v2\/users\/8"}],"replies":[{"embeddable":true,"href":"https:\/\/news.canadamotorjobs.com\/fr\/wp-json\/wp\/v2\/comments?post=191558"}],"version-history":[{"count":2,"href":"https:\/\/news.canadamotorjobs.com\/fr\/wp-json\/wp\/v2\/posts\/191558\/revisions"}],"predecessor-version":[{"id":191562,"href":"https:\/\/news.canadamotorjobs.com\/fr\/wp-json\/wp\/v2\/posts\/191558\/revisions\/191562"}],"wp:featuredmedia":[{"embeddable":true,"href":"https:\/\/news.canadamotorjobs.com\/fr\/wp-json\/wp\/v2\/media\/191560"}],"wp:attachment":[{"href":"https:\/\/news.canadamotorjobs.com\/fr\/wp-json\/wp\/v2\/media?parent=191558"}],"wp:term":[{"taxonomy":"category","embeddable":true,"href":"https:\/\/news.canadamotorjobs.com\/fr\/wp-json\/wp\/v2\/categories?post=191558"},{"taxonomy":"post_tag","embeddable":true,"href":"https:\/\/news.canadamotorjobs.com\/fr\/wp-json\/wp\/v2\/tags?post=191558"}],"curies":[{"name":"wp","href":"https:\/\/api.w.org\/{rel}","templated":true}]}}