{"id":191504,"date":"2025-01-30T07:23:12","date_gmt":"2025-01-30T12:23:12","guid":{"rendered":"https:\/\/news.canadamotorjobs.com\/?p=191504"},"modified":"2025-01-30T07:29:35","modified_gmt":"2025-01-30T12:29:35","slug":"les-mineraux-critiques-du-canada-face-aux-menaces-de-trump","status":"publish","type":"post","link":"https:\/\/news.canadamotorjobs.com\/fr\/les-mineraux-critiques-du-canada-face-aux-menaces-de-trump\/","title":{"rendered":"Les min\u00e9raux critiques du Canada face aux menaces de Trump"},"content":{"rendered":"<\/p>\n<p>Le vent de l\u2019incertitude souffle sur l\u2019\u00e9conomie canadienne. <strong>Les min\u00e9raux critiques, colonne vert\u00e9brale de l\u2019industrie des v\u00e9hicules \u00e9lectriques (V\u00c9), de la d\u00e9fense et de l\u2019\u00e9nergie, sont-ils les derniers remparts du Canada dans une potentielle guerre commerciale avec les \u00c9tats-Unis ?<\/strong><\/p>\n<p>Alors que <strong>Donald Trump brandit la menace de tarifs de 25 % sur les importations canadiennes<\/strong>, la r\u00e9alit\u00e9 du commerce nord-am\u00e9ricain s\u2019impose comme une \u00e9pitaphe \u00e0 ses d\u00e9clarations. <strong>Le Canada fournit chaque ann\u00e9e pour 40 milliards de dollars de min\u00e9raux critiques aux \u00c9tats-Unis<\/strong>, incluant <strong>le nickel, le cuivre et l\u2019aluminium<\/strong>, essentiels aux cha\u00eenes d\u2019approvisionnement industrielles am\u00e9ricaines.<\/p>\n<h3><strong>Une d\u00e9pendance impossible \u00e0 ignorer<\/strong><\/h3>\n<p>\nSi le pr\u00e9sident am\u00e9ricain affirme que son pays peut se passer des ressources canadiennes, les chiffres racontent une tout autre histoire. <strong>Les \u00c9tats-Unis importent plus de la moiti\u00e9 de leur nickel, zinc, tellure et vanadium du Canada<\/strong>, selon un rapport de la TD Bank. Plus encore, <strong>la Chine demeure leur premier fournisseur de min\u00e9raux critiques<\/strong>, une situation que Washington tente d\u2019att\u00e9nuer.<\/p>\n<p>Le Canada, <strong>riche en cobalt, graphite, lithium et terres rares<\/strong>, repr\u00e9sente <strong>une alternative strat\u00e9gique \u00e0 cette d\u00e9pendance chinoise<\/strong>. Une donn\u00e9e que l\u2019administration Trump ne peut ignorer, malgr\u00e9 ses discours protectionnistes.<\/p>\n<h3><strong>Les menaces tarifaires : un jeu risqu\u00e9 pour les \u00c9tats-Unis<\/strong><\/h3>\n<p>\nL\u2019administration Trump, entr\u00e9e en fonction le <strong>20 janvier 2025<\/strong>, a rapidement agit\u00e9 le spectre des tarifs punitifs contre le Canada. Pourtant, l\u2019id\u00e9e d\u2019une rupture brutale des \u00e9changes commerciaux semble plus rh\u00e9torique que r\u00e9aliste.<\/p>\n<p>En coulisses, <strong>des voix am\u00e9ricaines s\u2019\u00e9l\u00e8vent<\/strong> pour rappeler que le Canada n\u2019est pas une menace, mais un partenaire cl\u00e9. <strong>Matthew Fortier, PDG d\u2019Accelerate<\/strong>, une alliance industrielle du V\u00c9, insiste sur le fait que les \u00c9tats-Unis <strong>ne peuvent se permettre d\u2019ignorer la valeur canadienne<\/strong> :<\/p>\n<blockquote><p><em>\u00ab Peu importe ce que quelqu\u2019un pense pouvoir faire seul, nous leur rappelons que nous avons les ressources pour les aider \u00e0 atteindre leurs objectifs. \u00bb<\/em><\/p><\/blockquote>\n<p><\/p>\n<h3><strong>Une riposte canadienne en pr\u00e9paration<\/strong><\/h3>\n<p>\nFace \u00e0 la menace tarifaire, <strong>le Canada ne reste pas les bras crois\u00e9s<\/strong>. Le ministre des Ressources naturelles, <strong>Jonathan Wilkinson<\/strong>, a confirm\u00e9 que le pays pr\u00e9pare <strong>une liste de contre-mesures<\/strong>, qui pourrait inclure <strong>des restrictions sur les min\u00e9raux critiques destin\u00e9s aux \u00c9tats-Unis<\/strong>.<\/p>\n<p>Dans cette bataille commerciale imminente, <strong>le d\u00e9fi du Canada sera de renforcer son industrie mini\u00e8re<\/strong>. Actuellement, <strong>seule une mine de lithium \u00e0 grande \u00e9chelle est en production<\/strong>, et une dizaine d\u2019autres projets avanc\u00e9s peinent \u00e0 obtenir des financements. <strong>L\u2019urgence impos\u00e9e par Trump pourrait cependant acc\u00e9l\u00e9rer le d\u00e9veloppement de ces mines,<\/strong> offrant ainsi au Canada une arme de n\u00e9gociation suppl\u00e9mentaire.<\/p>\n<h3><strong>Un ultimatum pour l\u2019avenir<\/strong><\/h3>\n<p>\n<strong>L\u2019heure n\u2019est plus aux h\u00e9sitations.<\/strong> Comme le souligne Fortier,<\/p>\n<blockquote><p><em>\u00ab Peu importe comment nous le faisons, l\u2019essentiel est que nous devons le faire. \u00bb<\/em><\/p><\/blockquote>\n<p>\nLes d\u00e9cisions prises aujourd\u2019hui <strong>d\u00e9termineront si le Canada restera un fournisseur incontournable des min\u00e9raux critiques mondiaux, ou s\u2019il laissera d\u2019autres nations dicter les r\u00e8gles du jeu<\/strong>.<\/p>\n<p>Dans cette lutte pour l\u2019ind\u00e9pendance \u00e9conomique et strat\u00e9gique, <strong>les min\u00e9raux critiques sont plus qu\u2019une ressource : ils sont le testament de la place du Canada dans l\u2019\u00e9chiquier mondial.<\/strong><\/p>\n<p>Avec des renseignements d&#8217;Automotive News Canada<\/p>\n<p>Le texte <a rel=\"nofollow\" href=\"https:\/\/annuelauto.ca\/canada-mineraux-critiques-tarifs-trump\/\">Les min\u00e9raux critiques du Canada face aux menaces de Trump<\/a> provient de <a rel=\"nofollow\" href=\"https:\/\/annuelauto.ca\">L&#8217;annuel de l&#8217;automobile &#8211; Actualit\u00e9 automobile<\/a><\/p>\n<p><\/p>\n","protected":false},"excerpt":{"rendered":"<p>Le vent de l\u2019incertitude souffle sur l\u2019\u00e9conomie canadienne. Les min\u00e9raux critiques, colonne vert\u00e9brale de l\u2019industrie des v\u00e9hicules \u00e9lectriques (V\u00c9), de la d\u00e9fense et de l\u2019\u00e9nergie, sont-ils les derniers remparts du Canada dans une potentielle guerre commerciale avec les \u00c9tats-Unis ? Alors que Donald Trump brandit la menace de tarifs de 25 % sur les importations [&hellip;]<\/p>\n","protected":false},"author":8,"featured_media":191506,"comment_status":"close","ping_status":"closed","sticky":false,"template":"","format":"standard","meta":{"_monsterinsights_skip_tracking":false,"_monsterinsights_sitenote_active":false,"_monsterinsights_sitenote_note":"","_monsterinsights_sitenote_category":0,"footnotes":""},"categories":[101],"tags":[],"yoast_head":"<!-- This site is optimized with the Yoast SEO plugin v23.2 - https:\/\/yoast.com\/wordpress\/plugins\/seo\/ -->\n<title>Les min\u00e9raux critiques du Canada face aux menaces de Trump - CanadaMotorJobs.com<\/title>\n<meta name=\"description\" content=\"Les min\u00e9raux critiques du Canada face aux menaces de Trump - Benoit Charette - Annuel automobile - CanadaMotorJobs.com.\" \/>\n<meta name=\"robots\" content=\"index, follow, max-snippet:-1, max-image-preview:large, max-video-preview:-1\" \/>\n<meta property=\"og:locale\" content=\"fr_CA\" \/>\n<meta property=\"og:type\" content=\"article\" \/>\n<meta property=\"og:title\" content=\"Les min\u00e9raux critiques du Canada face aux menaces de Trump - CanadaMotorJobs.com\" \/>\n<meta property=\"og:description\" content=\"Les min\u00e9raux critiques du Canada face aux menaces de Trump - Benoit Charette - Annuel automobile - CanadaMotorJobs.com.\" \/>\n<meta property=\"og:url\" content=\"https:\/\/news.canadamotorjobs.com\/fr\/les-mineraux-critiques-du-canada-face-aux-menaces-de-trump\/\" \/>\n<meta property=\"og:site_name\" content=\"CanadaMotorJobs.com\" \/>\n<meta property=\"article:publisher\" content=\"https:\/\/www.facebook.com\/canadamotorjobs\/\" \/>\n<meta property=\"article:published_time\" content=\"2025-01-30T12:23:12+00:00\" \/>\n<meta property=\"article:modified_time\" content=\"2025-01-30T12:29:35+00:00\" \/>\n<meta property=\"og:image\" content=\"https:\/\/news.canadamotorjobs.com\/wp-content\/uploads\/2025\/01\/lithium-or-blanc-31.jpg\" \/>\n\t<meta property=\"og:image:width\" content=\"1200\" \/>\n\t<meta property=\"og:image:height\" content=\"771\" \/>\n\t<meta property=\"og:image:type\" content=\"image\/jpeg\" \/>\n<meta name=\"author\" content=\"Benoit Charette\" \/>\n<meta name=\"twitter:card\" content=\"summary_large_image\" \/>\n<meta name=\"twitter:creator\" content=\"@canadamotorjobs\" \/>\n<meta name=\"twitter:site\" content=\"@canadamotorjobs\" \/>\n<meta name=\"twitter:label1\" content=\"\u00c9crit par\" \/>\n\t<meta name=\"twitter:data1\" content=\"Benoit Charette\" \/>\n\t<meta name=\"twitter:label2\" content=\"Estimation du temps de lecture\" \/>\n\t<meta name=\"twitter:data2\" content=\"3 minutes\" \/>\n<!-- \/ Yoast SEO plugin. -->","yoast_head_json":{"title":"Les min\u00e9raux critiques du Canada face aux menaces de Trump - CanadaMotorJobs.com","description":"Les min\u00e9raux critiques du Canada face aux menaces de Trump - Benoit Charette - Annuel automobile - CanadaMotorJobs.com.","robots":{"index":"index","follow":"follow","max-snippet":"max-snippet:-1","max-image-preview":"max-image-preview:large","max-video-preview":"max-video-preview:-1"},"og_locale":"fr_CA","og_type":"article","og_title":"Les min\u00e9raux critiques du Canada face aux menaces de Trump - CanadaMotorJobs.com","og_description":"Les min\u00e9raux critiques du Canada face aux menaces de Trump - Benoit Charette - Annuel automobile - CanadaMotorJobs.com.","og_url":"https:\/\/news.canadamotorjobs.com\/fr\/les-mineraux-critiques-du-canada-face-aux-menaces-de-trump\/","og_site_name":"CanadaMotorJobs.com","article_publisher":"https:\/\/www.facebook.com\/canadamotorjobs\/","article_published_time":"2025-01-30T12:23:12+00:00","article_modified_time":"2025-01-30T12:29:35+00:00","og_image":[{"width":1200,"height":771,"url":"https:\/\/news.canadamotorjobs.com\/wp-content\/uploads\/2025\/01\/lithium-or-blanc-31.jpg","type":"image\/jpeg"}],"author":"Benoit Charette","twitter_card":"summary_large_image","twitter_creator":"@canadamotorjobs","twitter_site":"@canadamotorjobs","twitter_misc":{"\u00c9crit par":"Benoit Charette","Estimation du temps de lecture":"3 minutes"},"schema":{"@context":"https:\/\/schema.org","@graph":[{"@type":"Article","@id":"https:\/\/news.canadamotorjobs.com\/fr\/les-mineraux-critiques-du-canada-face-aux-menaces-de-trump\/#article","isPartOf":{"@id":"https:\/\/news.canadamotorjobs.com\/fr\/les-mineraux-critiques-du-canada-face-aux-menaces-de-trump\/"},"author":{"name":"Benoit Charette","@id":"https:\/\/news.canadamotorjobs.com\/#\/schema\/person\/51793d1f87d44011d7bcc2ed99269a90"},"headline":"Les min\u00e9raux critiques du Canada face aux menaces de Trump","datePublished":"2025-01-30T12:23:12+00:00","dateModified":"2025-01-30T12:29:35+00:00","mainEntityOfPage":{"@id":"https:\/\/news.canadamotorjobs.com\/fr\/les-mineraux-critiques-du-canada-face-aux-menaces-de-trump\/"},"wordCount":590,"publisher":{"@id":"https:\/\/news.canadamotorjobs.com\/#organization"},"image":{"@id":"https:\/\/news.canadamotorjobs.com\/fr\/les-mineraux-critiques-du-canada-face-aux-menaces-de-trump\/#primaryimage"},"thumbnailUrl":"https:\/\/news.canadamotorjobs.com\/wp-content\/uploads\/2025\/01\/lithium-or-blanc-31.jpg","articleSection":["Annuel automobile"],"inLanguage":"fr-CA"},{"@type":"WebPage","@id":"https:\/\/news.canadamotorjobs.com\/fr\/les-mineraux-critiques-du-canada-face-aux-menaces-de-trump\/","url":"https:\/\/news.canadamotorjobs.com\/fr\/les-mineraux-critiques-du-canada-face-aux-menaces-de-trump\/","name":"Les min\u00e9raux critiques du Canada face aux menaces de Trump - CanadaMotorJobs.com","isPartOf":{"@id":"https:\/\/news.canadamotorjobs.com\/#website"},"primaryImageOfPage":{"@id":"https:\/\/news.canadamotorjobs.com\/fr\/les-mineraux-critiques-du-canada-face-aux-menaces-de-trump\/#primaryimage"},"image":{"@id":"https:\/\/news.canadamotorjobs.com\/fr\/les-mineraux-critiques-du-canada-face-aux-menaces-de-trump\/#primaryimage"},"thumbnailUrl":"https:\/\/news.canadamotorjobs.com\/wp-content\/uploads\/2025\/01\/lithium-or-blanc-31.jpg","datePublished":"2025-01-30T12:23:12+00:00","dateModified":"2025-01-30T12:29:35+00:00","description":"Les min\u00e9raux critiques du Canada face aux menaces de Trump - Benoit Charette - Annuel automobile - CanadaMotorJobs.com.","breadcrumb":{"@id":"https:\/\/news.canadamotorjobs.com\/fr\/les-mineraux-critiques-du-canada-face-aux-menaces-de-trump\/#breadcrumb"},"inLanguage":"fr-CA","potentialAction":[{"@type":"ReadAction","target":["https:\/\/news.canadamotorjobs.com\/fr\/les-mineraux-critiques-du-canada-face-aux-menaces-de-trump\/"]}]},{"@type":"ImageObject","inLanguage":"fr-CA","@id":"https:\/\/news.canadamotorjobs.com\/fr\/les-mineraux-critiques-du-canada-face-aux-menaces-de-trump\/#primaryimage","url":"https:\/\/news.canadamotorjobs.com\/wp-content\/uploads\/2025\/01\/lithium-or-blanc-31.jpg","contentUrl":"https:\/\/news.canadamotorjobs.com\/wp-content\/uploads\/2025\/01\/lithium-or-blanc-31.jpg","width":1200,"height":771},{"@type":"BreadcrumbList","@id":"https:\/\/news.canadamotorjobs.com\/fr\/les-mineraux-critiques-du-canada-face-aux-menaces-de-trump\/#breadcrumb","itemListElement":[{"@type":"ListItem","position":1,"name":"Home","item":"https:\/\/news.canadamotorjobs.com\/fr\/blog\/"},{"@type":"ListItem","position":2,"name":"Les min\u00e9raux critiques du Canada face aux menaces de Trump"}]},{"@type":"WebSite","@id":"https:\/\/news.canadamotorjobs.com\/#website","url":"https:\/\/news.canadamotorjobs.com\/","name":"CanadaMotorJobs.com","description":"Automotive Jobs","publisher":{"@id":"https:\/\/news.canadamotorjobs.com\/#organization"},"potentialAction":[{"@type":"SearchAction","target":{"@type":"EntryPoint","urlTemplate":"https:\/\/news.canadamotorjobs.com\/?s={search_term_string}"},"query-input":"required name=search_term_string"}],"inLanguage":"fr-CA"},{"@type":"Organization","@id":"https:\/\/news.canadamotorjobs.com\/#organization","name":"Canada Motor Jobs","url":"https:\/\/news.canadamotorjobs.com\/","logo":{"@type":"ImageObject","inLanguage":"fr-CA","@id":"https:\/\/news.canadamotorjobs.com\/#\/schema\/logo\/image\/","url":"https:\/\/news.canadamotorjobs.com\/wp-content\/uploads\/2022\/10\/logo-canada-motor-jobs-1.png","contentUrl":"https:\/\/news.canadamotorjobs.com\/wp-content\/uploads\/2022\/10\/logo-canada-motor-jobs-1.png","width":800,"height":400,"caption":"Canada Motor Jobs"},"image":{"@id":"https:\/\/news.canadamotorjobs.com\/#\/schema\/logo\/image\/"},"sameAs":["https:\/\/www.facebook.com\/canadamotorjobs\/","https:\/\/x.com\/canadamotorjobs","https:\/\/www.instagram.com\/canadamotorjobs\/","https:\/\/www.linkedin.com\/company\/canadamotorjobs"]},{"@type":"Person","@id":"https:\/\/news.canadamotorjobs.com\/#\/schema\/person\/51793d1f87d44011d7bcc2ed99269a90","name":"Benoit Charette","image":{"@type":"ImageObject","inLanguage":"fr-CA","@id":"https:\/\/news.canadamotorjobs.com\/#\/schema\/person\/image\/","url":"https:\/\/secure.gravatar.com\/avatar\/45f3d2eebcccd909668d7ce7ea7267b6?s=96&d=mm&r=g","contentUrl":"https:\/\/secure.gravatar.com\/avatar\/45f3d2eebcccd909668d7ce7ea7267b6?s=96&d=mm&r=g","caption":"Benoit Charette"},"description":"Benoit Charette \/ Propri\u00e9taire et r\u00e9dacteur en chef Benoit Charette pratique le journalisme automobile depuis bient\u00f4t 30 ans. Il a fait ses classes au c\u00f4t\u00e9 de Daniel H\u00e9raud et au Carnet de route de 1992 \u00e0 2001. Il est fondateur, copropri\u00e9taire et r\u00e9dacteur en chef de L\u2019Annuel de l\u2019automobile, qu\u2019il publie depuis 2001. Il a anim\u00e9 les \u00e9missions RPM et RPM+ sur V et les L\u00e9gendes de la route sur Historia. \u00c0 la radio depuis 1986, il reprend l\u2019antenne cette ann\u00e9e sur les ondes de Cogeco et participe pour la deuxi\u00e8me ann\u00e9e \u00e0 l\u2019\u00e9mission Passion Auto sur RDS en plus de mettre en ligne le site Web officiel de L\u2019Annuel de l\u2019automobile sur annuelauto.ca.","sameAs":["https:\/\/annuelauto.ca\/"],"url":"https:\/\/news.canadamotorjobs.com\/fr\/author\/benoit-charette\/"}]}},"_links":{"self":[{"href":"https:\/\/news.canadamotorjobs.com\/fr\/wp-json\/wp\/v2\/posts\/191504"}],"collection":[{"href":"https:\/\/news.canadamotorjobs.com\/fr\/wp-json\/wp\/v2\/posts"}],"about":[{"href":"https:\/\/news.canadamotorjobs.com\/fr\/wp-json\/wp\/v2\/types\/post"}],"author":[{"embeddable":true,"href":"https:\/\/news.canadamotorjobs.com\/fr\/wp-json\/wp\/v2\/users\/8"}],"replies":[{"embeddable":true,"href":"https:\/\/news.canadamotorjobs.com\/fr\/wp-json\/wp\/v2\/comments?post=191504"}],"version-history":[{"count":2,"href":"https:\/\/news.canadamotorjobs.com\/fr\/wp-json\/wp\/v2\/posts\/191504\/revisions"}],"predecessor-version":[{"id":191508,"href":"https:\/\/news.canadamotorjobs.com\/fr\/wp-json\/wp\/v2\/posts\/191504\/revisions\/191508"}],"wp:featuredmedia":[{"embeddable":true,"href":"https:\/\/news.canadamotorjobs.com\/fr\/wp-json\/wp\/v2\/media\/191506"}],"wp:attachment":[{"href":"https:\/\/news.canadamotorjobs.com\/fr\/wp-json\/wp\/v2\/media?parent=191504"}],"wp:term":[{"taxonomy":"category","embeddable":true,"href":"https:\/\/news.canadamotorjobs.com\/fr\/wp-json\/wp\/v2\/categories?post=191504"},{"taxonomy":"post_tag","embeddable":true,"href":"https:\/\/news.canadamotorjobs.com\/fr\/wp-json\/wp\/v2\/tags?post=191504"}],"curies":[{"name":"wp","href":"https:\/\/api.w.org\/{rel}","templated":true}]}}