{"id":191481,"date":"2025-01-30T06:48:01","date_gmt":"2025-01-30T11:48:01","guid":{"rendered":"https:\/\/news.canadamotorjobs.com\/?p=191481"},"modified":"2025-01-30T07:00:28","modified_gmt":"2025-01-30T12:00:28","slug":"tesla-cap-sur-les-robotaxis-et-les-robots-tout-court","status":"publish","type":"post","link":"https:\/\/news.canadamotorjobs.com\/fr\/tesla-cap-sur-les-robotaxis-et-les-robots-tout-court\/","title":{"rendered":"Tesla\u00a0: cap sur les robotaxis et les robots tout court!"},"content":{"rendered":"<\/p>\n<p>Elon Musk promet de faire de Tesla la plus grande multinationale sur la plan\u00e8te. En vendant plus de v\u00e9hicules \u00e9lectriques, vous dites? Eh bien non. Ou en fait, pas que. Car le grand patron du constructeur californien mise avant tout sur les v\u00e9hicules autonomes et les robots humano\u00efdes pour propulser Tesla dans sa prochaine grande courbe de croissance.<\/p>\n<p>En tout cas, c\u2019est le message qu\u2019il aimerait que \u00ables m\u00e9dias\u00bb v\u00e9hiculent \u00e0 propos de Tesla, plut\u00f4t que se concentrer sur les r\u00e9sultats trimestriels que l\u2019entreprise publiait justement quelques instants avant que Musk ne se lance dans sa vision du futur.<\/p>\n<p>Et pour tout vous dire, les r\u00e9sultats ne sont pas bons. Ses revenus ont augment\u00e9 d\u2019un maigre 2% par rapport au m\u00eame trimestre, un an plus t\u00f4t. Ses revenus provenant de la vente d\u2019autos seulement ont baiss\u00e9 de 8%, eux, sur la m\u00eame p\u00e9riode.<\/p>\n<p>Rappelons que les douze derniers mois ont vu les v\u00e9hicules \u00e9lectriques atteindre un sommet de popularit\u00e9 qui aurait normalement d\u00fb faire bondir les ventes de Tesla. \u00c7a n\u2019a pas trop \u00e9t\u00e9 le cas.<\/p>\n<p>Tesla a aussi baiss\u00e9 le prix de ses v\u00e9hicules durant le trimestre, ce qui a r\u00e9duit sa marge de profit. Le r\u00e9sultat est que son b\u00e9n\u00e9fice d\u2019exploitation a chut\u00e9 de 23%, \u00e0 1,6 milliard $US. Son b\u00e9n\u00e9fice net a baiss\u00e9 de 71%, en un an, mais \u00e7a, \u00e7a s\u2019explique par un retour d\u2019imp\u00f4t de 5,6 milliards $US survenu au m\u00eame trimestre, un an plus t\u00f4t.<\/p>\n<p>Bref, c\u2019est un trimestre \u00e0 oublier. Pour la suite, Tesla pr\u00e9voit toujours lancer un mod\u00e8le plus abordable avant la fin de l\u2019ann\u00e9e, et Musk a h\u00e2te de mettre sur la route ses premiers v\u00e9hicules autonomes. Tesla planche aussi sur des robots de forme humaine qui pourraient remplacer des gens dans ses usines. Mais tout \u00e7a ne devrait pas se traduire par une meilleure sant\u00e9 financi\u00e8re \u00e0 court terme.<\/p>\n<p>Peut-\u00eatre que Musk a la t\u00eate ailleurs, ces jours-ci\u2026?<\/p>\n<p>Le texte <a rel=\"nofollow\" href=\"https:\/\/annuelauto.ca\/tesla-cap-sur-les-robotaxis-et-les-robots-tout-court\/\">Tesla\u00a0: cap sur les robotaxis et les robots tout court!<\/a> provient de <a rel=\"nofollow\" href=\"https:\/\/annuelauto.ca\">L&#8217;annuel de l&#8217;automobile &#8211; Actualit\u00e9 automobile<\/a><\/p>\n<p><\/p>\n","protected":false},"excerpt":{"rendered":"<p>Elon Musk promet de faire de Tesla la plus grande multinationale sur la plan\u00e8te. En vendant plus de v\u00e9hicules \u00e9lectriques, vous dites? Eh bien non. Ou en fait, pas que. Car le grand patron du constructeur californien mise avant tout sur les v\u00e9hicules autonomes et les robots humano\u00efdes pour propulser Tesla dans sa prochaine grande [&hellip;]<\/p>\n","protected":false},"author":8,"featured_media":191483,"comment_status":"close","ping_status":"closed","sticky":false,"template":"","format":"standard","meta":{"_monsterinsights_skip_tracking":false,"_monsterinsights_sitenote_active":false,"_monsterinsights_sitenote_note":"","_monsterinsights_sitenote_category":0,"footnotes":""},"categories":[101],"tags":[],"yoast_head":"<!-- This site is optimized with the Yoast SEO plugin v23.2 - https:\/\/yoast.com\/wordpress\/plugins\/seo\/ -->\n<title>Tesla\u00a0: cap sur les robotaxis et les robots tout court! - CanadaMotorJobs.com<\/title>\n<meta name=\"description\" content=\"Tesla\u00a0: cap sur les robotaxis et les robots tout court! - Benoit Charette - Annuel automobile - CanadaMotorJobs.com.\" \/>\n<meta name=\"robots\" content=\"index, follow, max-snippet:-1, max-image-preview:large, max-video-preview:-1\" \/>\n<meta property=\"og:locale\" content=\"fr_CA\" \/>\n<meta property=\"og:type\" content=\"article\" \/>\n<meta property=\"og:title\" content=\"Tesla\u00a0: cap sur les robotaxis et les robots tout court! - CanadaMotorJobs.com\" \/>\n<meta property=\"og:description\" content=\"Tesla\u00a0: cap sur les robotaxis et les robots tout court! - Benoit Charette - Annuel automobile - CanadaMotorJobs.com.\" \/>\n<meta property=\"og:url\" content=\"https:\/\/news.canadamotorjobs.com\/fr\/tesla-cap-sur-les-robotaxis-et-les-robots-tout-court\/\" \/>\n<meta property=\"og:site_name\" content=\"CanadaMotorJobs.com\" \/>\n<meta property=\"article:publisher\" content=\"https:\/\/www.facebook.com\/canadamotorjobs\/\" \/>\n<meta property=\"article:published_time\" content=\"2025-01-30T11:48:01+00:00\" \/>\n<meta property=\"article:modified_time\" content=\"2025-01-30T12:00:28+00:00\" \/>\n<meta property=\"og:image\" content=\"https:\/\/news.canadamotorjobs.com\/wp-content\/uploads\/2025\/01\/tesla_blog.jpg\" \/>\n\t<meta property=\"og:image:width\" content=\"1200\" \/>\n\t<meta property=\"og:image:height\" content=\"630\" \/>\n\t<meta property=\"og:image:type\" content=\"image\/jpeg\" \/>\n<meta name=\"author\" content=\"Benoit Charette\" \/>\n<meta name=\"twitter:card\" content=\"summary_large_image\" \/>\n<meta name=\"twitter:creator\" content=\"@canadamotorjobs\" \/>\n<meta name=\"twitter:site\" content=\"@canadamotorjobs\" \/>\n<meta name=\"twitter:label1\" content=\"\u00c9crit par\" \/>\n\t<meta name=\"twitter:data1\" content=\"Benoit Charette\" \/>\n\t<meta name=\"twitter:label2\" content=\"Estimation du temps de lecture\" \/>\n\t<meta name=\"twitter:data2\" content=\"2 minutes\" \/>\n<!-- \/ Yoast SEO plugin. -->","yoast_head_json":{"title":"Tesla\u00a0: cap sur les robotaxis et les robots tout court! - CanadaMotorJobs.com","description":"Tesla\u00a0: cap sur les robotaxis et les robots tout court! - Benoit Charette - Annuel automobile - CanadaMotorJobs.com.","robots":{"index":"index","follow":"follow","max-snippet":"max-snippet:-1","max-image-preview":"max-image-preview:large","max-video-preview":"max-video-preview:-1"},"og_locale":"fr_CA","og_type":"article","og_title":"Tesla\u00a0: cap sur les robotaxis et les robots tout court! - CanadaMotorJobs.com","og_description":"Tesla\u00a0: cap sur les robotaxis et les robots tout court! - Benoit Charette - Annuel automobile - CanadaMotorJobs.com.","og_url":"https:\/\/news.canadamotorjobs.com\/fr\/tesla-cap-sur-les-robotaxis-et-les-robots-tout-court\/","og_site_name":"CanadaMotorJobs.com","article_publisher":"https:\/\/www.facebook.com\/canadamotorjobs\/","article_published_time":"2025-01-30T11:48:01+00:00","article_modified_time":"2025-01-30T12:00:28+00:00","og_image":[{"width":1200,"height":630,"url":"https:\/\/news.canadamotorjobs.com\/wp-content\/uploads\/2025\/01\/tesla_blog.jpg","type":"image\/jpeg"}],"author":"Benoit Charette","twitter_card":"summary_large_image","twitter_creator":"@canadamotorjobs","twitter_site":"@canadamotorjobs","twitter_misc":{"\u00c9crit par":"Benoit Charette","Estimation du temps de lecture":"2 minutes"},"schema":{"@context":"https:\/\/schema.org","@graph":[{"@type":"Article","@id":"https:\/\/news.canadamotorjobs.com\/fr\/tesla-cap-sur-les-robotaxis-et-les-robots-tout-court\/#article","isPartOf":{"@id":"https:\/\/news.canadamotorjobs.com\/fr\/tesla-cap-sur-les-robotaxis-et-les-robots-tout-court\/"},"author":{"name":"Benoit Charette","@id":"https:\/\/news.canadamotorjobs.com\/#\/schema\/person\/51793d1f87d44011d7bcc2ed99269a90"},"headline":"Tesla\u00a0: cap sur les robotaxis et les robots tout court!","datePublished":"2025-01-30T11:48:01+00:00","dateModified":"2025-01-30T12:00:28+00:00","mainEntityOfPage":{"@id":"https:\/\/news.canadamotorjobs.com\/fr\/tesla-cap-sur-les-robotaxis-et-les-robots-tout-court\/"},"wordCount":383,"publisher":{"@id":"https:\/\/news.canadamotorjobs.com\/#organization"},"image":{"@id":"https:\/\/news.canadamotorjobs.com\/fr\/tesla-cap-sur-les-robotaxis-et-les-robots-tout-court\/#primaryimage"},"thumbnailUrl":"https:\/\/news.canadamotorjobs.com\/wp-content\/uploads\/2025\/01\/tesla_blog.jpg","articleSection":["Annuel automobile"],"inLanguage":"fr-CA"},{"@type":"WebPage","@id":"https:\/\/news.canadamotorjobs.com\/fr\/tesla-cap-sur-les-robotaxis-et-les-robots-tout-court\/","url":"https:\/\/news.canadamotorjobs.com\/fr\/tesla-cap-sur-les-robotaxis-et-les-robots-tout-court\/","name":"Tesla\u00a0: cap sur les robotaxis et les robots tout court! - CanadaMotorJobs.com","isPartOf":{"@id":"https:\/\/news.canadamotorjobs.com\/#website"},"primaryImageOfPage":{"@id":"https:\/\/news.canadamotorjobs.com\/fr\/tesla-cap-sur-les-robotaxis-et-les-robots-tout-court\/#primaryimage"},"image":{"@id":"https:\/\/news.canadamotorjobs.com\/fr\/tesla-cap-sur-les-robotaxis-et-les-robots-tout-court\/#primaryimage"},"thumbnailUrl":"https:\/\/news.canadamotorjobs.com\/wp-content\/uploads\/2025\/01\/tesla_blog.jpg","datePublished":"2025-01-30T11:48:01+00:00","dateModified":"2025-01-30T12:00:28+00:00","description":"Tesla\u00a0: cap sur les robotaxis et les robots tout court! - Benoit Charette - Annuel automobile - CanadaMotorJobs.com.","breadcrumb":{"@id":"https:\/\/news.canadamotorjobs.com\/fr\/tesla-cap-sur-les-robotaxis-et-les-robots-tout-court\/#breadcrumb"},"inLanguage":"fr-CA","potentialAction":[{"@type":"ReadAction","target":["https:\/\/news.canadamotorjobs.com\/fr\/tesla-cap-sur-les-robotaxis-et-les-robots-tout-court\/"]}]},{"@type":"ImageObject","inLanguage":"fr-CA","@id":"https:\/\/news.canadamotorjobs.com\/fr\/tesla-cap-sur-les-robotaxis-et-les-robots-tout-court\/#primaryimage","url":"https:\/\/news.canadamotorjobs.com\/wp-content\/uploads\/2025\/01\/tesla_blog.jpg","contentUrl":"https:\/\/news.canadamotorjobs.com\/wp-content\/uploads\/2025\/01\/tesla_blog.jpg","width":1200,"height":630},{"@type":"BreadcrumbList","@id":"https:\/\/news.canadamotorjobs.com\/fr\/tesla-cap-sur-les-robotaxis-et-les-robots-tout-court\/#breadcrumb","itemListElement":[{"@type":"ListItem","position":1,"name":"Home","item":"https:\/\/news.canadamotorjobs.com\/fr\/blog\/"},{"@type":"ListItem","position":2,"name":"Tesla\u00a0: cap sur les robotaxis et les robots tout court!"}]},{"@type":"WebSite","@id":"https:\/\/news.canadamotorjobs.com\/#website","url":"https:\/\/news.canadamotorjobs.com\/","name":"CanadaMotorJobs.com","description":"Automotive Jobs","publisher":{"@id":"https:\/\/news.canadamotorjobs.com\/#organization"},"potentialAction":[{"@type":"SearchAction","target":{"@type":"EntryPoint","urlTemplate":"https:\/\/news.canadamotorjobs.com\/?s={search_term_string}"},"query-input":"required name=search_term_string"}],"inLanguage":"fr-CA"},{"@type":"Organization","@id":"https:\/\/news.canadamotorjobs.com\/#organization","name":"Canada Motor Jobs","url":"https:\/\/news.canadamotorjobs.com\/","logo":{"@type":"ImageObject","inLanguage":"fr-CA","@id":"https:\/\/news.canadamotorjobs.com\/#\/schema\/logo\/image\/","url":"https:\/\/news.canadamotorjobs.com\/wp-content\/uploads\/2022\/10\/logo-canada-motor-jobs-1.png","contentUrl":"https:\/\/news.canadamotorjobs.com\/wp-content\/uploads\/2022\/10\/logo-canada-motor-jobs-1.png","width":800,"height":400,"caption":"Canada Motor Jobs"},"image":{"@id":"https:\/\/news.canadamotorjobs.com\/#\/schema\/logo\/image\/"},"sameAs":["https:\/\/www.facebook.com\/canadamotorjobs\/","https:\/\/x.com\/canadamotorjobs","https:\/\/www.instagram.com\/canadamotorjobs\/","https:\/\/www.linkedin.com\/company\/canadamotorjobs"]},{"@type":"Person","@id":"https:\/\/news.canadamotorjobs.com\/#\/schema\/person\/51793d1f87d44011d7bcc2ed99269a90","name":"Benoit Charette","image":{"@type":"ImageObject","inLanguage":"fr-CA","@id":"https:\/\/news.canadamotorjobs.com\/#\/schema\/person\/image\/","url":"https:\/\/secure.gravatar.com\/avatar\/45f3d2eebcccd909668d7ce7ea7267b6?s=96&d=mm&r=g","contentUrl":"https:\/\/secure.gravatar.com\/avatar\/45f3d2eebcccd909668d7ce7ea7267b6?s=96&d=mm&r=g","caption":"Benoit Charette"},"description":"Benoit Charette \/ Propri\u00e9taire et r\u00e9dacteur en chef Benoit Charette pratique le journalisme automobile depuis bient\u00f4t 30 ans. Il a fait ses classes au c\u00f4t\u00e9 de Daniel H\u00e9raud et au Carnet de route de 1992 \u00e0 2001. Il est fondateur, copropri\u00e9taire et r\u00e9dacteur en chef de L\u2019Annuel de l\u2019automobile, qu\u2019il publie depuis 2001. Il a anim\u00e9 les \u00e9missions RPM et RPM+ sur V et les L\u00e9gendes de la route sur Historia. \u00c0 la radio depuis 1986, il reprend l\u2019antenne cette ann\u00e9e sur les ondes de Cogeco et participe pour la deuxi\u00e8me ann\u00e9e \u00e0 l\u2019\u00e9mission Passion Auto sur RDS en plus de mettre en ligne le site Web officiel de L\u2019Annuel de l\u2019automobile sur annuelauto.ca.","sameAs":["https:\/\/annuelauto.ca\/"],"url":"https:\/\/news.canadamotorjobs.com\/fr\/author\/benoit-charette\/"}]}},"_links":{"self":[{"href":"https:\/\/news.canadamotorjobs.com\/fr\/wp-json\/wp\/v2\/posts\/191481"}],"collection":[{"href":"https:\/\/news.canadamotorjobs.com\/fr\/wp-json\/wp\/v2\/posts"}],"about":[{"href":"https:\/\/news.canadamotorjobs.com\/fr\/wp-json\/wp\/v2\/types\/post"}],"author":[{"embeddable":true,"href":"https:\/\/news.canadamotorjobs.com\/fr\/wp-json\/wp\/v2\/users\/8"}],"replies":[{"embeddable":true,"href":"https:\/\/news.canadamotorjobs.com\/fr\/wp-json\/wp\/v2\/comments?post=191481"}],"version-history":[{"count":2,"href":"https:\/\/news.canadamotorjobs.com\/fr\/wp-json\/wp\/v2\/posts\/191481\/revisions"}],"predecessor-version":[{"id":191485,"href":"https:\/\/news.canadamotorjobs.com\/fr\/wp-json\/wp\/v2\/posts\/191481\/revisions\/191485"}],"wp:featuredmedia":[{"embeddable":true,"href":"https:\/\/news.canadamotorjobs.com\/fr\/wp-json\/wp\/v2\/media\/191483"}],"wp:attachment":[{"href":"https:\/\/news.canadamotorjobs.com\/fr\/wp-json\/wp\/v2\/media?parent=191481"}],"wp:term":[{"taxonomy":"category","embeddable":true,"href":"https:\/\/news.canadamotorjobs.com\/fr\/wp-json\/wp\/v2\/categories?post=191481"},{"taxonomy":"post_tag","embeddable":true,"href":"https:\/\/news.canadamotorjobs.com\/fr\/wp-json\/wp\/v2\/tags?post=191481"}],"curies":[{"name":"wp","href":"https:\/\/api.w.org\/{rel}","templated":true}]}}