{"id":191458,"date":"2025-01-30T07:00:00","date_gmt":"2025-01-30T12:00:00","guid":{"rendered":"https:\/\/news.canadamotorjobs.com\/?p=191458"},"modified":"2025-01-30T07:00:21","modified_gmt":"2025-01-30T12:00:21","slug":"le-toyota-rav4-va-changer-du-tout-au-tout-en-2025","status":"publish","type":"post","link":"https:\/\/news.canadamotorjobs.com\/fr\/le-toyota-rav4-va-changer-du-tout-au-tout-en-2025\/","title":{"rendered":"Le Toyota Rav4 va changer du tout au tout en 2025"},"content":{"rendered":"<\/p>\n<p>Toyota est en train de finaliser les d\u00e9tails de ce qui sera la sixi\u00e8me g\u00e9n\u00e9ration du Rav4, son VUS qui est de loin le plus populaire au pays, et qui, \u00e7a tombe bien, est d\u2019ailleurs produit au pays. Et la bonne nouvelle, c\u2019est que le nouveau Rav4 devrait \u00eatre vendu en version \u00e0 moteur hybride uniquement, ce qui r\u00e9duira la longueur des listes d\u2019attente pour ce mod\u00e8le.<\/p>\n<p>Si on se fie aux rumeurs, on devrait voir le nouveau Rav4 \u00e0 moteur hybride \u00eatre mis en vente \u00e0 un prix de base de sera tr\u00e8s pr\u00e8s de celui du mod\u00e8le actuel, soit sous les 40 000 $.<\/p>\n<p>Esp\u00e9rons seulement que le fameux c\u00e2ble qui relie le moteur aux batteries ne sera pas expos\u00e9 aux intemp\u00e9ries, comme \u00e7a a \u00e9t\u00e9 le cas sur les Rav4 pr\u00e9c\u00e9dents, qui ce qui a men\u00e9 des clients de Toyota au Qu\u00e9bec \u00e0 poursuivre le constructeur.<\/p>\n<p>C\u00f4t\u00e9 design, on a vu des photos espions circuler sur Internet ces derniers jours, et on a l\u2019impression que le nouveau Rav4 sera un m\u00e9lange de la camionnette Tundra, du nouveau 4Runner et du Crown Signia. Sa forme est tr\u00e8s carr\u00e9e, de l\u2019avant jusqu\u2019\u00e0 l\u2019arri\u00e8re, ce qui laisse croire que l\u2019espace utile sera maximis\u00e9. La calandre pourrait s\u2019inspirer du Crown Signia, qui ressemble aussi \u00e0 celle de la Prius.<\/p>\n<p>Il semble que Toyota remplacerait plusieurs composants d\u2019acier par de l\u2019aluminium, pour rendre le Rav4 plus l\u00e9ger, ce qui aiderait \u00e0 r\u00e9duire sa consommation d\u2019essence. Mais dans l\u2019ensemble, on retrouve la m\u00eame plateforme qu\u2019avant, appel\u00e9e TNGA-K, et qui se trouve aussi sous une vingtaine d\u2019autres mod\u00e8les Toyota un peu partout dans le monde.<\/p>\n<p>\u00c7a aussi, \u00e7a devrait aider \u00e0 garder le prix de vente du Rav4 un peu plus bas, ce qui, on va se le dire, n\u2019est pas gagn\u00e9 d\u2019avance, \u00e9tant donn\u00e9 que le dollar canadien, qui a d\u00e9j\u00e0 perdu beaucoup de sa valeur dans les derniers mois, devrait continuer \u00e0 baisser par rapport au dollar am\u00e9ricain et \u00e0 l\u2019euro au moins jusqu\u2019\u00e0 l\u2019automne prochain.<\/p>\n<p>\u00a0<\/p>\n<p>\u00a0<\/p>\n<p>Le texte <a rel=\"nofollow\" href=\"https:\/\/annuelauto.ca\/le-toyota-rav4-va-changer-du-tout-au-tout-en-2025\/\">Le Toyota Rav4 va changer du tout au tout en 2025<\/a> provient de <a rel=\"nofollow\" href=\"https:\/\/annuelauto.ca\">L&#8217;annuel de l&#8217;automobile &#8211; Actualit\u00e9 automobile<\/a><\/p>\n<p><\/p>\n","protected":false},"excerpt":{"rendered":"<p>Toyota est en train de finaliser les d\u00e9tails de ce qui sera la sixi\u00e8me g\u00e9n\u00e9ration du Rav4, son VUS qui est de loin le plus populaire au pays, et qui, \u00e7a tombe bien, est d\u2019ailleurs produit au pays. Et la bonne nouvelle, c\u2019est que le nouveau Rav4 devrait \u00eatre vendu en version \u00e0 moteur hybride [&hellip;]<\/p>\n","protected":false},"author":8,"featured_media":191460,"comment_status":"close","ping_status":"closed","sticky":false,"template":"","format":"standard","meta":{"_monsterinsights_skip_tracking":false,"_monsterinsights_sitenote_active":false,"_monsterinsights_sitenote_note":"","_monsterinsights_sitenote_category":0,"footnotes":""},"categories":[101],"tags":[],"yoast_head":"<!-- This site is optimized with the Yoast SEO plugin v23.2 - https:\/\/yoast.com\/wordpress\/plugins\/seo\/ -->\n<title>Le Toyota Rav4 va changer du tout au tout en 2025 - CanadaMotorJobs.com<\/title>\n<meta name=\"description\" content=\"Le Toyota Rav4 va changer du tout au tout en 2025 - Benoit Charette - Annuel automobile - CanadaMotorJobs.com.\" \/>\n<meta name=\"robots\" content=\"index, follow, max-snippet:-1, max-image-preview:large, max-video-preview:-1\" \/>\n<meta property=\"og:locale\" content=\"fr_CA\" \/>\n<meta property=\"og:type\" content=\"article\" \/>\n<meta property=\"og:title\" content=\"Le Toyota Rav4 va changer du tout au tout en 2025 - CanadaMotorJobs.com\" \/>\n<meta property=\"og:description\" content=\"Le Toyota Rav4 va changer du tout au tout en 2025 - Benoit Charette - Annuel automobile - CanadaMotorJobs.com.\" \/>\n<meta property=\"og:url\" content=\"https:\/\/news.canadamotorjobs.com\/fr\/le-toyota-rav4-va-changer-du-tout-au-tout-en-2025\/\" \/>\n<meta property=\"og:site_name\" content=\"CanadaMotorJobs.com\" \/>\n<meta property=\"article:publisher\" content=\"https:\/\/www.facebook.com\/canadamotorjobs\/\" \/>\n<meta property=\"article:published_time\" content=\"2025-01-30T12:00:00+00:00\" \/>\n<meta property=\"article:modified_time\" content=\"2025-01-30T12:00:21+00:00\" \/>\n<meta property=\"og:image\" content=\"https:\/\/news.canadamotorjobs.com\/wp-content\/uploads\/2025\/01\/toyota-2025-rav4-limited.jpg\" \/>\n\t<meta property=\"og:image:width\" content=\"1200\" \/>\n\t<meta property=\"og:image:height\" content=\"729\" \/>\n\t<meta property=\"og:image:type\" content=\"image\/jpeg\" \/>\n<meta name=\"author\" content=\"Benoit Charette\" \/>\n<meta name=\"twitter:card\" content=\"summary_large_image\" \/>\n<meta name=\"twitter:creator\" content=\"@canadamotorjobs\" \/>\n<meta name=\"twitter:site\" content=\"@canadamotorjobs\" \/>\n<meta name=\"twitter:label1\" content=\"\u00c9crit par\" \/>\n\t<meta name=\"twitter:data1\" content=\"Benoit Charette\" \/>\n\t<meta name=\"twitter:label2\" content=\"Estimation du temps de lecture\" \/>\n\t<meta name=\"twitter:data2\" content=\"2 minutes\" \/>\n<!-- \/ Yoast SEO plugin. -->","yoast_head_json":{"title":"Le Toyota Rav4 va changer du tout au tout en 2025 - CanadaMotorJobs.com","description":"Le Toyota Rav4 va changer du tout au tout en 2025 - Benoit Charette - Annuel automobile - CanadaMotorJobs.com.","robots":{"index":"index","follow":"follow","max-snippet":"max-snippet:-1","max-image-preview":"max-image-preview:large","max-video-preview":"max-video-preview:-1"},"og_locale":"fr_CA","og_type":"article","og_title":"Le Toyota Rav4 va changer du tout au tout en 2025 - CanadaMotorJobs.com","og_description":"Le Toyota Rav4 va changer du tout au tout en 2025 - Benoit Charette - Annuel automobile - CanadaMotorJobs.com.","og_url":"https:\/\/news.canadamotorjobs.com\/fr\/le-toyota-rav4-va-changer-du-tout-au-tout-en-2025\/","og_site_name":"CanadaMotorJobs.com","article_publisher":"https:\/\/www.facebook.com\/canadamotorjobs\/","article_published_time":"2025-01-30T12:00:00+00:00","article_modified_time":"2025-01-30T12:00:21+00:00","og_image":[{"width":1200,"height":729,"url":"https:\/\/news.canadamotorjobs.com\/wp-content\/uploads\/2025\/01\/toyota-2025-rav4-limited.jpg","type":"image\/jpeg"}],"author":"Benoit Charette","twitter_card":"summary_large_image","twitter_creator":"@canadamotorjobs","twitter_site":"@canadamotorjobs","twitter_misc":{"\u00c9crit par":"Benoit Charette","Estimation du temps de lecture":"2 minutes"},"schema":{"@context":"https:\/\/schema.org","@graph":[{"@type":"Article","@id":"https:\/\/news.canadamotorjobs.com\/fr\/le-toyota-rav4-va-changer-du-tout-au-tout-en-2025\/#article","isPartOf":{"@id":"https:\/\/news.canadamotorjobs.com\/fr\/le-toyota-rav4-va-changer-du-tout-au-tout-en-2025\/"},"author":{"name":"Benoit Charette","@id":"https:\/\/news.canadamotorjobs.com\/#\/schema\/person\/51793d1f87d44011d7bcc2ed99269a90"},"headline":"Le Toyota Rav4 va changer du tout au tout en 2025","datePublished":"2025-01-30T12:00:00+00:00","dateModified":"2025-01-30T12:00:21+00:00","mainEntityOfPage":{"@id":"https:\/\/news.canadamotorjobs.com\/fr\/le-toyota-rav4-va-changer-du-tout-au-tout-en-2025\/"},"wordCount":399,"publisher":{"@id":"https:\/\/news.canadamotorjobs.com\/#organization"},"image":{"@id":"https:\/\/news.canadamotorjobs.com\/fr\/le-toyota-rav4-va-changer-du-tout-au-tout-en-2025\/#primaryimage"},"thumbnailUrl":"https:\/\/news.canadamotorjobs.com\/wp-content\/uploads\/2025\/01\/toyota-2025-rav4-limited.jpg","articleSection":["Annuel automobile"],"inLanguage":"fr-CA"},{"@type":"WebPage","@id":"https:\/\/news.canadamotorjobs.com\/fr\/le-toyota-rav4-va-changer-du-tout-au-tout-en-2025\/","url":"https:\/\/news.canadamotorjobs.com\/fr\/le-toyota-rav4-va-changer-du-tout-au-tout-en-2025\/","name":"Le Toyota Rav4 va changer du tout au tout en 2025 - CanadaMotorJobs.com","isPartOf":{"@id":"https:\/\/news.canadamotorjobs.com\/#website"},"primaryImageOfPage":{"@id":"https:\/\/news.canadamotorjobs.com\/fr\/le-toyota-rav4-va-changer-du-tout-au-tout-en-2025\/#primaryimage"},"image":{"@id":"https:\/\/news.canadamotorjobs.com\/fr\/le-toyota-rav4-va-changer-du-tout-au-tout-en-2025\/#primaryimage"},"thumbnailUrl":"https:\/\/news.canadamotorjobs.com\/wp-content\/uploads\/2025\/01\/toyota-2025-rav4-limited.jpg","datePublished":"2025-01-30T12:00:00+00:00","dateModified":"2025-01-30T12:00:21+00:00","description":"Le Toyota Rav4 va changer du tout au tout en 2025 - Benoit Charette - Annuel automobile - CanadaMotorJobs.com.","breadcrumb":{"@id":"https:\/\/news.canadamotorjobs.com\/fr\/le-toyota-rav4-va-changer-du-tout-au-tout-en-2025\/#breadcrumb"},"inLanguage":"fr-CA","potentialAction":[{"@type":"ReadAction","target":["https:\/\/news.canadamotorjobs.com\/fr\/le-toyota-rav4-va-changer-du-tout-au-tout-en-2025\/"]}]},{"@type":"ImageObject","inLanguage":"fr-CA","@id":"https:\/\/news.canadamotorjobs.com\/fr\/le-toyota-rav4-va-changer-du-tout-au-tout-en-2025\/#primaryimage","url":"https:\/\/news.canadamotorjobs.com\/wp-content\/uploads\/2025\/01\/toyota-2025-rav4-limited.jpg","contentUrl":"https:\/\/news.canadamotorjobs.com\/wp-content\/uploads\/2025\/01\/toyota-2025-rav4-limited.jpg","width":1200,"height":729},{"@type":"BreadcrumbList","@id":"https:\/\/news.canadamotorjobs.com\/fr\/le-toyota-rav4-va-changer-du-tout-au-tout-en-2025\/#breadcrumb","itemListElement":[{"@type":"ListItem","position":1,"name":"Home","item":"https:\/\/news.canadamotorjobs.com\/fr\/blog\/"},{"@type":"ListItem","position":2,"name":"Le Toyota Rav4 va changer du tout au tout en 2025"}]},{"@type":"WebSite","@id":"https:\/\/news.canadamotorjobs.com\/#website","url":"https:\/\/news.canadamotorjobs.com\/","name":"CanadaMotorJobs.com","description":"Automotive Jobs","publisher":{"@id":"https:\/\/news.canadamotorjobs.com\/#organization"},"potentialAction":[{"@type":"SearchAction","target":{"@type":"EntryPoint","urlTemplate":"https:\/\/news.canadamotorjobs.com\/?s={search_term_string}"},"query-input":"required name=search_term_string"}],"inLanguage":"fr-CA"},{"@type":"Organization","@id":"https:\/\/news.canadamotorjobs.com\/#organization","name":"Canada Motor Jobs","url":"https:\/\/news.canadamotorjobs.com\/","logo":{"@type":"ImageObject","inLanguage":"fr-CA","@id":"https:\/\/news.canadamotorjobs.com\/#\/schema\/logo\/image\/","url":"https:\/\/news.canadamotorjobs.com\/wp-content\/uploads\/2022\/10\/logo-canada-motor-jobs-1.png","contentUrl":"https:\/\/news.canadamotorjobs.com\/wp-content\/uploads\/2022\/10\/logo-canada-motor-jobs-1.png","width":800,"height":400,"caption":"Canada Motor Jobs"},"image":{"@id":"https:\/\/news.canadamotorjobs.com\/#\/schema\/logo\/image\/"},"sameAs":["https:\/\/www.facebook.com\/canadamotorjobs\/","https:\/\/x.com\/canadamotorjobs","https:\/\/www.instagram.com\/canadamotorjobs\/","https:\/\/www.linkedin.com\/company\/canadamotorjobs"]},{"@type":"Person","@id":"https:\/\/news.canadamotorjobs.com\/#\/schema\/person\/51793d1f87d44011d7bcc2ed99269a90","name":"Benoit Charette","image":{"@type":"ImageObject","inLanguage":"fr-CA","@id":"https:\/\/news.canadamotorjobs.com\/#\/schema\/person\/image\/","url":"https:\/\/secure.gravatar.com\/avatar\/45f3d2eebcccd909668d7ce7ea7267b6?s=96&d=mm&r=g","contentUrl":"https:\/\/secure.gravatar.com\/avatar\/45f3d2eebcccd909668d7ce7ea7267b6?s=96&d=mm&r=g","caption":"Benoit Charette"},"description":"Benoit Charette \/ Propri\u00e9taire et r\u00e9dacteur en chef Benoit Charette pratique le journalisme automobile depuis bient\u00f4t 30 ans. Il a fait ses classes au c\u00f4t\u00e9 de Daniel H\u00e9raud et au Carnet de route de 1992 \u00e0 2001. Il est fondateur, copropri\u00e9taire et r\u00e9dacteur en chef de L\u2019Annuel de l\u2019automobile, qu\u2019il publie depuis 2001. Il a anim\u00e9 les \u00e9missions RPM et RPM+ sur V et les L\u00e9gendes de la route sur Historia. \u00c0 la radio depuis 1986, il reprend l\u2019antenne cette ann\u00e9e sur les ondes de Cogeco et participe pour la deuxi\u00e8me ann\u00e9e \u00e0 l\u2019\u00e9mission Passion Auto sur RDS en plus de mettre en ligne le site Web officiel de L\u2019Annuel de l\u2019automobile sur annuelauto.ca.","sameAs":["https:\/\/annuelauto.ca\/"],"url":"https:\/\/news.canadamotorjobs.com\/fr\/author\/benoit-charette\/"}]}},"_links":{"self":[{"href":"https:\/\/news.canadamotorjobs.com\/fr\/wp-json\/wp\/v2\/posts\/191458"}],"collection":[{"href":"https:\/\/news.canadamotorjobs.com\/fr\/wp-json\/wp\/v2\/posts"}],"about":[{"href":"https:\/\/news.canadamotorjobs.com\/fr\/wp-json\/wp\/v2\/types\/post"}],"author":[{"embeddable":true,"href":"https:\/\/news.canadamotorjobs.com\/fr\/wp-json\/wp\/v2\/users\/8"}],"replies":[{"embeddable":true,"href":"https:\/\/news.canadamotorjobs.com\/fr\/wp-json\/wp\/v2\/comments?post=191458"}],"version-history":[{"count":2,"href":"https:\/\/news.canadamotorjobs.com\/fr\/wp-json\/wp\/v2\/posts\/191458\/revisions"}],"predecessor-version":[{"id":191462,"href":"https:\/\/news.canadamotorjobs.com\/fr\/wp-json\/wp\/v2\/posts\/191458\/revisions\/191462"}],"wp:featuredmedia":[{"embeddable":true,"href":"https:\/\/news.canadamotorjobs.com\/fr\/wp-json\/wp\/v2\/media\/191460"}],"wp:attachment":[{"href":"https:\/\/news.canadamotorjobs.com\/fr\/wp-json\/wp\/v2\/media?parent=191458"}],"wp:term":[{"taxonomy":"category","embeddable":true,"href":"https:\/\/news.canadamotorjobs.com\/fr\/wp-json\/wp\/v2\/categories?post=191458"},{"taxonomy":"post_tag","embeddable":true,"href":"https:\/\/news.canadamotorjobs.com\/fr\/wp-json\/wp\/v2\/tags?post=191458"}],"curies":[{"name":"wp","href":"https:\/\/api.w.org\/{rel}","templated":true}]}}