{"id":191398,"date":"2025-01-29T14:24:28","date_gmt":"2025-01-29T19:24:28","guid":{"rendered":"https:\/\/news.canadamotorjobs.com\/?p=191398"},"modified":"2025-01-29T14:29:46","modified_gmt":"2025-01-29T19:29:46","slug":"la-porsche-cayman-electrique-sera-prete-pour-2026","status":"publish","type":"post","link":"https:\/\/news.canadamotorjobs.com\/fr\/la-porsche-cayman-electrique-sera-prete-pour-2026\/","title":{"rendered":"La Porsche Cayman \u00e9lectrique sera pr\u00eate pour 2026"},"content":{"rendered":"<\/p>\n<p>Porsche s\u2019appr\u00eate \u00e0 franchir une \u00e9tape majeure dans l\u2019\u00e9lectrification de ses mod\u00e8les sportifs. Apr\u00e8s plus d\u2019un an de tests sur le prototype de la 718 Boxster \u00e9lectrique, un prototype de la 718 Cayman \u00e9lectrique a \u00e9t\u00e9 rep\u00e9r\u00e9 pour la premi\u00e8re fois. Porsche pr\u00e9voit de lancer la 718 Boxster \u00e9lectrique en 2025, suivi de la 718 Cayman fin 2026.<\/p>\n<p><strong>Design inspir\u00e9 et technologie de pointe<\/strong><\/p>\n<p>Les prototypes observ\u00e9s r\u00e9v\u00e8lent des \u00e9l\u00e9ments de design similaires au concept Porsche Mission R, qui avait \u00e9t\u00e9 pr\u00e9sent\u00e9 au Salon de Munich 2021. Ce concept annon\u00e7ait l\u2019arriv\u00e9e d\u2019une sportive \u00e9lectrique orient\u00e9e vers la course, avec des technologies test\u00e9es sur un prototype connu sous le nom de 718 Cayman GT4 ePerformance.<\/p>\n<p><\/p>\n<figure><img decoding=\"async\" src=\"https:\/\/news.canadamotorjobs.com\/wp-content\/uploads\/2025\/01\/GT4_ePerformance_Porsche_Weissach_2022_V2A4081_high-5.jpeg\" alt=\"Le concept 718 Cayman GT4 ePerformance\" \/><figcaption>Le concept 718 Cayman GT4 ePerformance | Auto123.com<\/figcaption><\/figure>\n<p>Contrairement aux plateformes modulaires classiques des v\u00e9hicules \u00e9lectriques, la Cayman \u00e9lectrique adoptera une disposition sp\u00e9cifique en \u00ab T \u00bb pour ses batteries. Cette configuration, int\u00e9grant le tunnel central et la zone derri\u00e8re les si\u00e8ges, permet de conserver une hauteur r\u00e9duite et une r\u00e9partition de poids pr\u00e8s de celui d\u2019une voiture \u00e0 moteur central.<\/p>\n<p><strong>Performances impressionnantes<\/strong><\/p>\n<p>La Cayman \u00e9lectrique pourrait \u00eatre propos\u00e9e en configuration \u00e0 propulsion ou \u00e0 transmission int\u00e9grale. Le concept Mission R int\u00e9grait une transmission int\u00e9grale \u00e0 deux moteurs, offrant 670 chevaux en mode course, et jusqu\u2019\u00e0 1073 chevaux pour des performances maximales en qualification. La vitesse de pointe d\u00e9passait les 300 km\/h gr\u00e2ce \u00e0 une transmission \u00e0 vitesse unique. Porsche vise \u00e9galement un poids maximal de 1650 kg pour maintenir la maniabilit\u00e9 et les performances attendues.<\/p>\n<p><strong>Fin de l\u2019\u00e8re thermique pour les 718 Boxster et Cayman<\/strong><\/p>\n<p>La production des mod\u00e8les thermiques actuels des 718 Boxster et 718 Cayman cessera \u00e0 la fin de 2025, autour du mois d\u2019octobre. Toutefois, Porsche pourrait revoir ses plans pour prolonger la dur\u00e9e de vie des versions thermiques, comme pour le Macan, en raison du ralentissement du march\u00e9 des v\u00e9hicules \u00e9lectriques.<\/p>\n<p><strong>Une nouvelle \u00e8re pour Porsche<\/strong><\/p>\n<p>Avec cette 718 Cayman \u00e9lectrique, Porsche r\u00e9affirme sa strat\u00e9gie d\u2019\u00e9lectrification tout en pr\u00e9servant les performances qui font sa renomm\u00e9e. Bien que l\u2019autonomie soit encore une simple estimation, le concept Mission R poss\u00e9dait une batterie de 80 kWh offrant environ 400 km d\u2019autonomie. Cette nouvelle g\u00e9n\u00e9ration de sportives \u00e9lectriques pourrait red\u00e9finir l\u2019\u00e9quilibre entre tradition et innovation chez Porsche.<\/p>\n<p><\/p>\n<figure><img decoding=\"async\" src=\"https:\/\/news.canadamotorjobs.com\/wp-content\/uploads\/2025\/01\/porsche_mission_r_2-1.jpeg\" alt=\"Le concept Porsche Mission R\" \/><figcaption>Le concept Porsche Mission R | Auto123.com<\/figcaption><\/figure>\n<p style=\"padding-top: 15px\">Contenu original de <a href=\"https:\/\/www.auto123.com\/fr\/actualites\/porsche-718-cayman-electrique-2026\/72335\/\">auto123<\/a>.<\/p>\n<p>Le texte <a rel=\"nofollow\" href=\"https:\/\/annuelauto.ca\/la-porsche-cayman-electrique-sera-prete-pour-2026\/\">La Porsche Cayman \u00e9lectrique sera pr\u00eate pour 2026<\/a> provient de <a rel=\"nofollow\" href=\"https:\/\/annuelauto.ca\">L&#8217;annuel de l&#8217;automobile &#8211; Actualit\u00e9 automobile<\/a><\/p>\n<p><\/p>\n","protected":false},"excerpt":{"rendered":"<p>Porsche s\u2019appr\u00eate \u00e0 franchir une \u00e9tape majeure dans l\u2019\u00e9lectrification de ses mod\u00e8les sportifs. Apr\u00e8s plus d\u2019un an de tests sur le prototype de la 718 Boxster \u00e9lectrique, un prototype de la 718 Cayman \u00e9lectrique a \u00e9t\u00e9 rep\u00e9r\u00e9 pour la premi\u00e8re fois. Porsche pr\u00e9voit de lancer la 718 Boxster \u00e9lectrique en 2025, suivi de la 718 [&hellip;]<\/p>\n","protected":false},"author":8,"featured_media":191400,"comment_status":"close","ping_status":"closed","sticky":false,"template":"","format":"standard","meta":{"_monsterinsights_skip_tracking":false,"_monsterinsights_sitenote_active":false,"_monsterinsights_sitenote_note":"","_monsterinsights_sitenote_category":0,"footnotes":""},"categories":[101],"tags":[],"yoast_head":"<!-- This site is optimized with the Yoast SEO plugin v23.2 - https:\/\/yoast.com\/wordpress\/plugins\/seo\/ -->\n<title>La Porsche Cayman \u00e9lectrique sera pr\u00eate pour 2026 - CanadaMotorJobs.com<\/title>\n<meta name=\"description\" content=\"La Porsche Cayman \u00e9lectrique sera pr\u00eate pour 2026 - Benoit Charette - Annuel automobile - CanadaMotorJobs.com.\" \/>\n<meta name=\"robots\" content=\"index, follow, max-snippet:-1, max-image-preview:large, max-video-preview:-1\" \/>\n<meta property=\"og:locale\" content=\"fr_CA\" \/>\n<meta property=\"og:type\" content=\"article\" \/>\n<meta property=\"og:title\" content=\"La Porsche Cayman \u00e9lectrique sera pr\u00eate pour 2026 - CanadaMotorJobs.com\" \/>\n<meta property=\"og:description\" content=\"La Porsche Cayman \u00e9lectrique sera pr\u00eate pour 2026 - Benoit Charette - Annuel automobile - CanadaMotorJobs.com.\" \/>\n<meta property=\"og:url\" content=\"https:\/\/news.canadamotorjobs.com\/fr\/la-porsche-cayman-electrique-sera-prete-pour-2026\/\" \/>\n<meta property=\"og:site_name\" content=\"CanadaMotorJobs.com\" \/>\n<meta property=\"article:publisher\" content=\"https:\/\/www.facebook.com\/canadamotorjobs\/\" \/>\n<meta property=\"article:published_time\" content=\"2025-01-29T19:24:28+00:00\" \/>\n<meta property=\"article:modified_time\" content=\"2025-01-29T19:29:46+00:00\" \/>\n<meta property=\"og:image\" content=\"https:\/\/news.canadamotorjobs.com\/wp-content\/uploads\/2025\/01\/GT4_ePerformance_Porsche_Weissach_2022_V2A4081_high.jpeg\" \/>\n\t<meta property=\"og:image:width\" content=\"1200\" \/>\n\t<meta property=\"og:image:height\" content=\"675\" \/>\n\t<meta property=\"og:image:type\" content=\"image\/jpeg\" \/>\n<meta name=\"author\" content=\"Benoit Charette\" \/>\n<meta name=\"twitter:card\" content=\"summary_large_image\" \/>\n<meta name=\"twitter:creator\" content=\"@canadamotorjobs\" \/>\n<meta name=\"twitter:site\" content=\"@canadamotorjobs\" \/>\n<meta name=\"twitter:label1\" content=\"\u00c9crit par\" \/>\n\t<meta name=\"twitter:data1\" content=\"Benoit Charette\" \/>\n\t<meta name=\"twitter:label2\" content=\"Estimation du temps de lecture\" \/>\n\t<meta name=\"twitter:data2\" content=\"2 minutes\" \/>\n<!-- \/ Yoast SEO plugin. -->","yoast_head_json":{"title":"La Porsche Cayman \u00e9lectrique sera pr\u00eate pour 2026 - CanadaMotorJobs.com","description":"La Porsche Cayman \u00e9lectrique sera pr\u00eate pour 2026 - Benoit Charette - Annuel automobile - CanadaMotorJobs.com.","robots":{"index":"index","follow":"follow","max-snippet":"max-snippet:-1","max-image-preview":"max-image-preview:large","max-video-preview":"max-video-preview:-1"},"og_locale":"fr_CA","og_type":"article","og_title":"La Porsche Cayman \u00e9lectrique sera pr\u00eate pour 2026 - CanadaMotorJobs.com","og_description":"La Porsche Cayman \u00e9lectrique sera pr\u00eate pour 2026 - Benoit Charette - Annuel automobile - CanadaMotorJobs.com.","og_url":"https:\/\/news.canadamotorjobs.com\/fr\/la-porsche-cayman-electrique-sera-prete-pour-2026\/","og_site_name":"CanadaMotorJobs.com","article_publisher":"https:\/\/www.facebook.com\/canadamotorjobs\/","article_published_time":"2025-01-29T19:24:28+00:00","article_modified_time":"2025-01-29T19:29:46+00:00","og_image":[{"width":1200,"height":675,"url":"https:\/\/news.canadamotorjobs.com\/wp-content\/uploads\/2025\/01\/GT4_ePerformance_Porsche_Weissach_2022_V2A4081_high.jpeg","type":"image\/jpeg"}],"author":"Benoit Charette","twitter_card":"summary_large_image","twitter_creator":"@canadamotorjobs","twitter_site":"@canadamotorjobs","twitter_misc":{"\u00c9crit par":"Benoit Charette","Estimation du temps de lecture":"2 minutes"},"schema":{"@context":"https:\/\/schema.org","@graph":[{"@type":"Article","@id":"https:\/\/news.canadamotorjobs.com\/fr\/la-porsche-cayman-electrique-sera-prete-pour-2026\/#article","isPartOf":{"@id":"https:\/\/news.canadamotorjobs.com\/fr\/la-porsche-cayman-electrique-sera-prete-pour-2026\/"},"author":{"name":"Benoit Charette","@id":"https:\/\/news.canadamotorjobs.com\/#\/schema\/person\/51793d1f87d44011d7bcc2ed99269a90"},"headline":"La Porsche Cayman \u00e9lectrique sera pr\u00eate pour 2026","datePublished":"2025-01-29T19:24:28+00:00","dateModified":"2025-01-29T19:29:46+00:00","mainEntityOfPage":{"@id":"https:\/\/news.canadamotorjobs.com\/fr\/la-porsche-cayman-electrique-sera-prete-pour-2026\/"},"wordCount":434,"publisher":{"@id":"https:\/\/news.canadamotorjobs.com\/#organization"},"image":{"@id":"https:\/\/news.canadamotorjobs.com\/fr\/la-porsche-cayman-electrique-sera-prete-pour-2026\/#primaryimage"},"thumbnailUrl":"https:\/\/news.canadamotorjobs.com\/wp-content\/uploads\/2025\/01\/GT4_ePerformance_Porsche_Weissach_2022_V2A4081_high.jpeg","articleSection":["Annuel automobile"],"inLanguage":"fr-CA"},{"@type":"WebPage","@id":"https:\/\/news.canadamotorjobs.com\/fr\/la-porsche-cayman-electrique-sera-prete-pour-2026\/","url":"https:\/\/news.canadamotorjobs.com\/fr\/la-porsche-cayman-electrique-sera-prete-pour-2026\/","name":"La Porsche Cayman \u00e9lectrique sera pr\u00eate pour 2026 - CanadaMotorJobs.com","isPartOf":{"@id":"https:\/\/news.canadamotorjobs.com\/#website"},"primaryImageOfPage":{"@id":"https:\/\/news.canadamotorjobs.com\/fr\/la-porsche-cayman-electrique-sera-prete-pour-2026\/#primaryimage"},"image":{"@id":"https:\/\/news.canadamotorjobs.com\/fr\/la-porsche-cayman-electrique-sera-prete-pour-2026\/#primaryimage"},"thumbnailUrl":"https:\/\/news.canadamotorjobs.com\/wp-content\/uploads\/2025\/01\/GT4_ePerformance_Porsche_Weissach_2022_V2A4081_high.jpeg","datePublished":"2025-01-29T19:24:28+00:00","dateModified":"2025-01-29T19:29:46+00:00","description":"La Porsche Cayman \u00e9lectrique sera pr\u00eate pour 2026 - Benoit Charette - Annuel automobile - CanadaMotorJobs.com.","breadcrumb":{"@id":"https:\/\/news.canadamotorjobs.com\/fr\/la-porsche-cayman-electrique-sera-prete-pour-2026\/#breadcrumb"},"inLanguage":"fr-CA","potentialAction":[{"@type":"ReadAction","target":["https:\/\/news.canadamotorjobs.com\/fr\/la-porsche-cayman-electrique-sera-prete-pour-2026\/"]}]},{"@type":"ImageObject","inLanguage":"fr-CA","@id":"https:\/\/news.canadamotorjobs.com\/fr\/la-porsche-cayman-electrique-sera-prete-pour-2026\/#primaryimage","url":"https:\/\/news.canadamotorjobs.com\/wp-content\/uploads\/2025\/01\/GT4_ePerformance_Porsche_Weissach_2022_V2A4081_high.jpeg","contentUrl":"https:\/\/news.canadamotorjobs.com\/wp-content\/uploads\/2025\/01\/GT4_ePerformance_Porsche_Weissach_2022_V2A4081_high.jpeg","width":1200,"height":675},{"@type":"BreadcrumbList","@id":"https:\/\/news.canadamotorjobs.com\/fr\/la-porsche-cayman-electrique-sera-prete-pour-2026\/#breadcrumb","itemListElement":[{"@type":"ListItem","position":1,"name":"Home","item":"https:\/\/news.canadamotorjobs.com\/fr\/blog\/"},{"@type":"ListItem","position":2,"name":"La Porsche Cayman \u00e9lectrique sera pr\u00eate pour 2026"}]},{"@type":"WebSite","@id":"https:\/\/news.canadamotorjobs.com\/#website","url":"https:\/\/news.canadamotorjobs.com\/","name":"CanadaMotorJobs.com","description":"Automotive Jobs","publisher":{"@id":"https:\/\/news.canadamotorjobs.com\/#organization"},"potentialAction":[{"@type":"SearchAction","target":{"@type":"EntryPoint","urlTemplate":"https:\/\/news.canadamotorjobs.com\/?s={search_term_string}"},"query-input":"required name=search_term_string"}],"inLanguage":"fr-CA"},{"@type":"Organization","@id":"https:\/\/news.canadamotorjobs.com\/#organization","name":"Canada Motor Jobs","url":"https:\/\/news.canadamotorjobs.com\/","logo":{"@type":"ImageObject","inLanguage":"fr-CA","@id":"https:\/\/news.canadamotorjobs.com\/#\/schema\/logo\/image\/","url":"https:\/\/news.canadamotorjobs.com\/wp-content\/uploads\/2022\/10\/logo-canada-motor-jobs-1.png","contentUrl":"https:\/\/news.canadamotorjobs.com\/wp-content\/uploads\/2022\/10\/logo-canada-motor-jobs-1.png","width":800,"height":400,"caption":"Canada Motor Jobs"},"image":{"@id":"https:\/\/news.canadamotorjobs.com\/#\/schema\/logo\/image\/"},"sameAs":["https:\/\/www.facebook.com\/canadamotorjobs\/","https:\/\/x.com\/canadamotorjobs","https:\/\/www.instagram.com\/canadamotorjobs\/","https:\/\/www.linkedin.com\/company\/canadamotorjobs"]},{"@type":"Person","@id":"https:\/\/news.canadamotorjobs.com\/#\/schema\/person\/51793d1f87d44011d7bcc2ed99269a90","name":"Benoit Charette","image":{"@type":"ImageObject","inLanguage":"fr-CA","@id":"https:\/\/news.canadamotorjobs.com\/#\/schema\/person\/image\/","url":"https:\/\/secure.gravatar.com\/avatar\/45f3d2eebcccd909668d7ce7ea7267b6?s=96&d=mm&r=g","contentUrl":"https:\/\/secure.gravatar.com\/avatar\/45f3d2eebcccd909668d7ce7ea7267b6?s=96&d=mm&r=g","caption":"Benoit Charette"},"description":"Benoit Charette \/ Propri\u00e9taire et r\u00e9dacteur en chef Benoit Charette pratique le journalisme automobile depuis bient\u00f4t 30 ans. Il a fait ses classes au c\u00f4t\u00e9 de Daniel H\u00e9raud et au Carnet de route de 1992 \u00e0 2001. Il est fondateur, copropri\u00e9taire et r\u00e9dacteur en chef de L\u2019Annuel de l\u2019automobile, qu\u2019il publie depuis 2001. Il a anim\u00e9 les \u00e9missions RPM et RPM+ sur V et les L\u00e9gendes de la route sur Historia. \u00c0 la radio depuis 1986, il reprend l\u2019antenne cette ann\u00e9e sur les ondes de Cogeco et participe pour la deuxi\u00e8me ann\u00e9e \u00e0 l\u2019\u00e9mission Passion Auto sur RDS en plus de mettre en ligne le site Web officiel de L\u2019Annuel de l\u2019automobile sur annuelauto.ca.","sameAs":["https:\/\/annuelauto.ca\/"],"url":"https:\/\/news.canadamotorjobs.com\/fr\/author\/benoit-charette\/"}]}},"_links":{"self":[{"href":"https:\/\/news.canadamotorjobs.com\/fr\/wp-json\/wp\/v2\/posts\/191398"}],"collection":[{"href":"https:\/\/news.canadamotorjobs.com\/fr\/wp-json\/wp\/v2\/posts"}],"about":[{"href":"https:\/\/news.canadamotorjobs.com\/fr\/wp-json\/wp\/v2\/types\/post"}],"author":[{"embeddable":true,"href":"https:\/\/news.canadamotorjobs.com\/fr\/wp-json\/wp\/v2\/users\/8"}],"replies":[{"embeddable":true,"href":"https:\/\/news.canadamotorjobs.com\/fr\/wp-json\/wp\/v2\/comments?post=191398"}],"version-history":[{"count":3,"href":"https:\/\/news.canadamotorjobs.com\/fr\/wp-json\/wp\/v2\/posts\/191398\/revisions"}],"predecessor-version":[{"id":191429,"href":"https:\/\/news.canadamotorjobs.com\/fr\/wp-json\/wp\/v2\/posts\/191398\/revisions\/191429"}],"wp:featuredmedia":[{"embeddable":true,"href":"https:\/\/news.canadamotorjobs.com\/fr\/wp-json\/wp\/v2\/media\/191400"}],"wp:attachment":[{"href":"https:\/\/news.canadamotorjobs.com\/fr\/wp-json\/wp\/v2\/media?parent=191398"}],"wp:term":[{"taxonomy":"category","embeddable":true,"href":"https:\/\/news.canadamotorjobs.com\/fr\/wp-json\/wp\/v2\/categories?post=191398"},{"taxonomy":"post_tag","embeddable":true,"href":"https:\/\/news.canadamotorjobs.com\/fr\/wp-json\/wp\/v2\/tags?post=191398"}],"curies":[{"name":"wp","href":"https:\/\/api.w.org\/{rel}","templated":true}]}}