{"id":191366,"date":"2025-01-29T14:24:28","date_gmt":"2025-01-29T19:24:28","guid":{"rendered":"https:\/\/news.canadamotorjobs.com\/?p=191366"},"modified":"2025-01-29T14:29:33","modified_gmt":"2025-01-29T19:29:33","slug":"volkswagen-prevoit-introduire-des-modeles-hybrides-en-amerique-du-nord","status":"publish","type":"post","link":"https:\/\/news.canadamotorjobs.com\/fr\/volkswagen-prevoit-introduire-des-modeles-hybrides-en-amerique-du-nord\/","title":{"rendered":"Volkswagen pr\u00e9voit introduire des mod\u00e8les hybrides en Am\u00e9rique du Nord"},"content":{"rendered":"<\/p>\n<p>En ce moment, Volkswagen ne propose pas de mod\u00e8les hybrides au Canada ou aux \u00c9tats-Unis, seulement des versions \u00e0 essence ou tout \u00e9lectriques. Les choses vont changer, car la compagnie pr\u00e9voit d\u2019introduire des mod\u00e8les hybrides sur nos march\u00e9s, selon ce que rapporte le site Reuters.<\/p>\n<p>C\u2019est le directeur financier de la compagnie, Arno Antlitz, qui y est all\u00e9 de cette d\u00e9claration au Forum \u00e9conomique mondial de Davos, en Suisse. La d\u00e9cision s\u2019inscrit dans le cadre d\u2019un plan plus vaste de l\u2019entreprise qui vise \u00e0 doubler les parts de march\u00e9 de la marque aux \u00c9tats-Unis, le tout d\u2019ici 2030. On souhaite en fait les faire passer de 4 % \u00e0 8 %.<\/p>\n<p>On sait que Volkswagen a connu sa part de difficult\u00e9s en 2024, notamment avec des pertes financi\u00e8res importantes, accompagn\u00e9es de menaces de fermetures d\u2019usines du c\u00f4t\u00e9 de l\u2019Allemagne. Bref, des d\u00e9cisions doivent \u00eatre prises.<\/p>\n<p>Qui plus est, la compagnie a vu les ventes de son VUS \u00e9lectrique ID.4 \u00eatre mises \u00e0 l\u2019arr\u00eat l\u2019automne dernier en raison d\u2019un probl\u00e8me avec les poign\u00e9es de porte. Le p\u00e9pin a \u00e9t\u00e9 r\u00e9gl\u00e9 et la production a repris r\u00e9cemment.<\/p>\n<p>Et comme on l\u2019a vu avec d\u2019autres constructeurs, une croissance moins forte qu\u2019anticip\u00e9e des ventes de v\u00e9hicules \u00e9lectriques sur certains march\u00e9s fait en sorte qu\u2019on doit revoir certaines strat\u00e9gies. Le but premier est la rentabilit\u00e9 et Volkswagen croit que des solutions hybrides pourraient repr\u00e9senter une solution int\u00e9ressante pour faire cro\u00eetre les ventes.<\/p>\n<p>Ce que l\u2019on ne sait pas pour le moment, c\u2019est l\u2019identit\u00e9 des mod\u00e8les qui pourraient \u00eatre propos\u00e9s sous configuration hybride rechargeable.<\/p>\n<p><\/p>\n<figure><img decoding=\"async\" src=\"https:\/\/news.canadamotorjobs.com\/wp-content\/uploads\/2025\/01\/Volkswagen-Atlas-2024-25-5.jpg\" alt=\"Le Volkswagen Atlas 2025\" \/><figcaption>Le Volkswagen Atlas 2025 | Auto123.com<\/figcaption><\/figure>\n<p>Le VUS Tiguan est certes un candidat int\u00e9ressant, et des rumeurs le concernant ont d\u00e9j\u00e0 \u00e9man\u00e9 \u00e0 ce sujet. Il ne faudrait pas \u00e9carter l\u2019Atlas de l\u2019\u00e9quation, lui qui conna\u00eet du succ\u00e8s en Am\u00e9rique du Nord. Il faut se rappeler qu\u2019en novembre dernier, le chef de la direction de Volkswagen, Thomas Sch\u00e4fer, avait d\u00e9clar\u00e9 que la compagnie pr\u00e9voyait de vendre une version hybride de l\u2019Atlas ainsi que du Tiguan en Am\u00e9rique du Nord. Ce qu\u2019on ne sait pas, c\u2019est s\u2019il faisait r\u00e9f\u00e9rence \u00e0 un mod\u00e8le hybride ou \u00e0 une solution rechargeable.<\/p>\n<p>On ne devrait pas trop tarder \u00e0 en apprendre plus ; Volkswagen voudra agir plus t\u00f4t que tard.<\/p>\n<p><\/p>\n<figure><img decoding=\"async\" src=\"https:\/\/news.canadamotorjobs.com\/wp-content\/uploads\/2025\/01\/2024-volkswagen-golf-gte-001-1.jpg\" alt=\"La Volkswagen Golf GTE 2024 (Europe)\" \/><figcaption>La Volkswagen Golf GTE 2024 (Europe) | Auto123.com<\/figcaption><\/figure>\n<p style=\"padding-top: 15px\">Contenu original de <a href=\"https:\/\/www.auto123.com\/fr\/actualites\/volkswagen-hybrides-amerique-du-nord\/72334\/\">auto123<\/a>.<\/p>\n<p>Le texte <a rel=\"nofollow\" href=\"https:\/\/annuelauto.ca\/volkswagen-prevoit-introduire-des-modeles-hybrides-en-amerique-du-nord\/\">Volkswagen pr\u00e9voit introduire des mod\u00e8les hybrides en Am\u00e9rique du Nord<\/a> provient de <a rel=\"nofollow\" href=\"https:\/\/annuelauto.ca\">L&#8217;annuel de l&#8217;automobile &#8211; Actualit\u00e9 automobile<\/a><\/p>\n<p><\/p>\n","protected":false},"excerpt":{"rendered":"<p>En ce moment, Volkswagen ne propose pas de mod\u00e8les hybrides au Canada ou aux \u00c9tats-Unis, seulement des versions \u00e0 essence ou tout \u00e9lectriques. Les choses vont changer, car la compagnie pr\u00e9voit d\u2019introduire des mod\u00e8les hybrides sur nos march\u00e9s, selon ce que rapporte le site Reuters. C\u2019est le directeur financier de la compagnie, Arno Antlitz, qui [&hellip;]<\/p>\n","protected":false},"author":8,"featured_media":191368,"comment_status":"close","ping_status":"closed","sticky":false,"template":"","format":"standard","meta":{"_monsterinsights_skip_tracking":false,"_monsterinsights_sitenote_active":false,"_monsterinsights_sitenote_note":"","_monsterinsights_sitenote_category":0,"footnotes":""},"categories":[101],"tags":[],"yoast_head":"<!-- This site is optimized with the Yoast SEO plugin v23.2 - https:\/\/yoast.com\/wordpress\/plugins\/seo\/ -->\n<title>Volkswagen pr\u00e9voit introduire des mod\u00e8les hybrides en Am\u00e9rique du Nord - CanadaMotorJobs.com<\/title>\n<meta name=\"description\" content=\"Volkswagen pr\u00e9voit introduire des mod\u00e8les hybrides en Am\u00e9rique du Nord - Benoit Charette - Annuel automobile - CanadaMotorJobs.com.\" \/>\n<meta name=\"robots\" content=\"index, follow, max-snippet:-1, max-image-preview:large, max-video-preview:-1\" \/>\n<meta property=\"og:locale\" content=\"fr_CA\" \/>\n<meta property=\"og:type\" content=\"article\" \/>\n<meta property=\"og:title\" content=\"Volkswagen pr\u00e9voit introduire des mod\u00e8les hybrides en Am\u00e9rique du Nord - CanadaMotorJobs.com\" \/>\n<meta property=\"og:description\" content=\"Volkswagen pr\u00e9voit introduire des mod\u00e8les hybrides en Am\u00e9rique du Nord - Benoit Charette - Annuel automobile - CanadaMotorJobs.com.\" \/>\n<meta property=\"og:url\" content=\"https:\/\/news.canadamotorjobs.com\/fr\/volkswagen-prevoit-introduire-des-modeles-hybrides-en-amerique-du-nord\/\" \/>\n<meta property=\"og:site_name\" content=\"CanadaMotorJobs.com\" \/>\n<meta property=\"article:publisher\" content=\"https:\/\/www.facebook.com\/canadamotorjobs\/\" \/>\n<meta property=\"article:published_time\" content=\"2025-01-29T19:24:28+00:00\" \/>\n<meta property=\"article:modified_time\" content=\"2025-01-29T19:29:33+00:00\" \/>\n<meta property=\"og:image\" content=\"https:\/\/news.canadamotorjobs.com\/wp-content\/uploads\/2025\/01\/Volkswagen-Atlas-2024-25.jpg\" \/>\n\t<meta property=\"og:image:width\" content=\"1200\" \/>\n\t<meta property=\"og:image:height\" content=\"800\" \/>\n\t<meta property=\"og:image:type\" content=\"image\/jpeg\" \/>\n<meta name=\"author\" content=\"Benoit Charette\" \/>\n<meta name=\"twitter:card\" content=\"summary_large_image\" \/>\n<meta name=\"twitter:creator\" content=\"@canadamotorjobs\" \/>\n<meta name=\"twitter:site\" content=\"@canadamotorjobs\" \/>\n<meta name=\"twitter:label1\" content=\"\u00c9crit par\" \/>\n\t<meta name=\"twitter:data1\" content=\"Benoit Charette\" \/>\n\t<meta name=\"twitter:label2\" content=\"Estimation du temps de lecture\" \/>\n\t<meta name=\"twitter:data2\" content=\"2 minutes\" \/>\n<!-- \/ Yoast SEO plugin. -->","yoast_head_json":{"title":"Volkswagen pr\u00e9voit introduire des mod\u00e8les hybrides en Am\u00e9rique du Nord - CanadaMotorJobs.com","description":"Volkswagen pr\u00e9voit introduire des mod\u00e8les hybrides en Am\u00e9rique du Nord - Benoit Charette - Annuel automobile - CanadaMotorJobs.com.","robots":{"index":"index","follow":"follow","max-snippet":"max-snippet:-1","max-image-preview":"max-image-preview:large","max-video-preview":"max-video-preview:-1"},"og_locale":"fr_CA","og_type":"article","og_title":"Volkswagen pr\u00e9voit introduire des mod\u00e8les hybrides en Am\u00e9rique du Nord - CanadaMotorJobs.com","og_description":"Volkswagen pr\u00e9voit introduire des mod\u00e8les hybrides en Am\u00e9rique du Nord - Benoit Charette - Annuel automobile - CanadaMotorJobs.com.","og_url":"https:\/\/news.canadamotorjobs.com\/fr\/volkswagen-prevoit-introduire-des-modeles-hybrides-en-amerique-du-nord\/","og_site_name":"CanadaMotorJobs.com","article_publisher":"https:\/\/www.facebook.com\/canadamotorjobs\/","article_published_time":"2025-01-29T19:24:28+00:00","article_modified_time":"2025-01-29T19:29:33+00:00","og_image":[{"width":1200,"height":800,"url":"https:\/\/news.canadamotorjobs.com\/wp-content\/uploads\/2025\/01\/Volkswagen-Atlas-2024-25.jpg","type":"image\/jpeg"}],"author":"Benoit Charette","twitter_card":"summary_large_image","twitter_creator":"@canadamotorjobs","twitter_site":"@canadamotorjobs","twitter_misc":{"\u00c9crit par":"Benoit Charette","Estimation du temps de lecture":"2 minutes"},"schema":{"@context":"https:\/\/schema.org","@graph":[{"@type":"Article","@id":"https:\/\/news.canadamotorjobs.com\/fr\/volkswagen-prevoit-introduire-des-modeles-hybrides-en-amerique-du-nord\/#article","isPartOf":{"@id":"https:\/\/news.canadamotorjobs.com\/fr\/volkswagen-prevoit-introduire-des-modeles-hybrides-en-amerique-du-nord\/"},"author":{"name":"Benoit Charette","@id":"https:\/\/news.canadamotorjobs.com\/#\/schema\/person\/51793d1f87d44011d7bcc2ed99269a90"},"headline":"Volkswagen pr\u00e9voit introduire des mod\u00e8les hybrides en Am\u00e9rique du Nord","datePublished":"2025-01-29T19:24:28+00:00","dateModified":"2025-01-29T19:29:33+00:00","mainEntityOfPage":{"@id":"https:\/\/news.canadamotorjobs.com\/fr\/volkswagen-prevoit-introduire-des-modeles-hybrides-en-amerique-du-nord\/"},"wordCount":470,"publisher":{"@id":"https:\/\/news.canadamotorjobs.com\/#organization"},"image":{"@id":"https:\/\/news.canadamotorjobs.com\/fr\/volkswagen-prevoit-introduire-des-modeles-hybrides-en-amerique-du-nord\/#primaryimage"},"thumbnailUrl":"https:\/\/news.canadamotorjobs.com\/wp-content\/uploads\/2025\/01\/Volkswagen-Atlas-2024-25.jpg","articleSection":["Annuel automobile"],"inLanguage":"fr-CA"},{"@type":"WebPage","@id":"https:\/\/news.canadamotorjobs.com\/fr\/volkswagen-prevoit-introduire-des-modeles-hybrides-en-amerique-du-nord\/","url":"https:\/\/news.canadamotorjobs.com\/fr\/volkswagen-prevoit-introduire-des-modeles-hybrides-en-amerique-du-nord\/","name":"Volkswagen pr\u00e9voit introduire des mod\u00e8les hybrides en Am\u00e9rique du Nord - CanadaMotorJobs.com","isPartOf":{"@id":"https:\/\/news.canadamotorjobs.com\/#website"},"primaryImageOfPage":{"@id":"https:\/\/news.canadamotorjobs.com\/fr\/volkswagen-prevoit-introduire-des-modeles-hybrides-en-amerique-du-nord\/#primaryimage"},"image":{"@id":"https:\/\/news.canadamotorjobs.com\/fr\/volkswagen-prevoit-introduire-des-modeles-hybrides-en-amerique-du-nord\/#primaryimage"},"thumbnailUrl":"https:\/\/news.canadamotorjobs.com\/wp-content\/uploads\/2025\/01\/Volkswagen-Atlas-2024-25.jpg","datePublished":"2025-01-29T19:24:28+00:00","dateModified":"2025-01-29T19:29:33+00:00","description":"Volkswagen pr\u00e9voit introduire des mod\u00e8les hybrides en Am\u00e9rique du Nord - Benoit Charette - Annuel automobile - CanadaMotorJobs.com.","breadcrumb":{"@id":"https:\/\/news.canadamotorjobs.com\/fr\/volkswagen-prevoit-introduire-des-modeles-hybrides-en-amerique-du-nord\/#breadcrumb"},"inLanguage":"fr-CA","potentialAction":[{"@type":"ReadAction","target":["https:\/\/news.canadamotorjobs.com\/fr\/volkswagen-prevoit-introduire-des-modeles-hybrides-en-amerique-du-nord\/"]}]},{"@type":"ImageObject","inLanguage":"fr-CA","@id":"https:\/\/news.canadamotorjobs.com\/fr\/volkswagen-prevoit-introduire-des-modeles-hybrides-en-amerique-du-nord\/#primaryimage","url":"https:\/\/news.canadamotorjobs.com\/wp-content\/uploads\/2025\/01\/Volkswagen-Atlas-2024-25.jpg","contentUrl":"https:\/\/news.canadamotorjobs.com\/wp-content\/uploads\/2025\/01\/Volkswagen-Atlas-2024-25.jpg","width":1200,"height":800},{"@type":"BreadcrumbList","@id":"https:\/\/news.canadamotorjobs.com\/fr\/volkswagen-prevoit-introduire-des-modeles-hybrides-en-amerique-du-nord\/#breadcrumb","itemListElement":[{"@type":"ListItem","position":1,"name":"Home","item":"https:\/\/news.canadamotorjobs.com\/fr\/blog\/"},{"@type":"ListItem","position":2,"name":"Volkswagen pr\u00e9voit introduire des mod\u00e8les hybrides en Am\u00e9rique du Nord"}]},{"@type":"WebSite","@id":"https:\/\/news.canadamotorjobs.com\/#website","url":"https:\/\/news.canadamotorjobs.com\/","name":"CanadaMotorJobs.com","description":"Automotive Jobs","publisher":{"@id":"https:\/\/news.canadamotorjobs.com\/#organization"},"potentialAction":[{"@type":"SearchAction","target":{"@type":"EntryPoint","urlTemplate":"https:\/\/news.canadamotorjobs.com\/?s={search_term_string}"},"query-input":"required name=search_term_string"}],"inLanguage":"fr-CA"},{"@type":"Organization","@id":"https:\/\/news.canadamotorjobs.com\/#organization","name":"Canada Motor Jobs","url":"https:\/\/news.canadamotorjobs.com\/","logo":{"@type":"ImageObject","inLanguage":"fr-CA","@id":"https:\/\/news.canadamotorjobs.com\/#\/schema\/logo\/image\/","url":"https:\/\/news.canadamotorjobs.com\/wp-content\/uploads\/2022\/10\/logo-canada-motor-jobs-1.png","contentUrl":"https:\/\/news.canadamotorjobs.com\/wp-content\/uploads\/2022\/10\/logo-canada-motor-jobs-1.png","width":800,"height":400,"caption":"Canada Motor Jobs"},"image":{"@id":"https:\/\/news.canadamotorjobs.com\/#\/schema\/logo\/image\/"},"sameAs":["https:\/\/www.facebook.com\/canadamotorjobs\/","https:\/\/x.com\/canadamotorjobs","https:\/\/www.instagram.com\/canadamotorjobs\/","https:\/\/www.linkedin.com\/company\/canadamotorjobs"]},{"@type":"Person","@id":"https:\/\/news.canadamotorjobs.com\/#\/schema\/person\/51793d1f87d44011d7bcc2ed99269a90","name":"Benoit Charette","image":{"@type":"ImageObject","inLanguage":"fr-CA","@id":"https:\/\/news.canadamotorjobs.com\/#\/schema\/person\/image\/","url":"https:\/\/secure.gravatar.com\/avatar\/45f3d2eebcccd909668d7ce7ea7267b6?s=96&d=mm&r=g","contentUrl":"https:\/\/secure.gravatar.com\/avatar\/45f3d2eebcccd909668d7ce7ea7267b6?s=96&d=mm&r=g","caption":"Benoit Charette"},"description":"Benoit Charette \/ Propri\u00e9taire et r\u00e9dacteur en chef Benoit Charette pratique le journalisme automobile depuis bient\u00f4t 30 ans. Il a fait ses classes au c\u00f4t\u00e9 de Daniel H\u00e9raud et au Carnet de route de 1992 \u00e0 2001. Il est fondateur, copropri\u00e9taire et r\u00e9dacteur en chef de L\u2019Annuel de l\u2019automobile, qu\u2019il publie depuis 2001. Il a anim\u00e9 les \u00e9missions RPM et RPM+ sur V et les L\u00e9gendes de la route sur Historia. \u00c0 la radio depuis 1986, il reprend l\u2019antenne cette ann\u00e9e sur les ondes de Cogeco et participe pour la deuxi\u00e8me ann\u00e9e \u00e0 l\u2019\u00e9mission Passion Auto sur RDS en plus de mettre en ligne le site Web officiel de L\u2019Annuel de l\u2019automobile sur annuelauto.ca.","sameAs":["https:\/\/annuelauto.ca\/"],"url":"https:\/\/news.canadamotorjobs.com\/fr\/author\/benoit-charette\/"}]}},"_links":{"self":[{"href":"https:\/\/news.canadamotorjobs.com\/fr\/wp-json\/wp\/v2\/posts\/191366"}],"collection":[{"href":"https:\/\/news.canadamotorjobs.com\/fr\/wp-json\/wp\/v2\/posts"}],"about":[{"href":"https:\/\/news.canadamotorjobs.com\/fr\/wp-json\/wp\/v2\/types\/post"}],"author":[{"embeddable":true,"href":"https:\/\/news.canadamotorjobs.com\/fr\/wp-json\/wp\/v2\/users\/8"}],"replies":[{"embeddable":true,"href":"https:\/\/news.canadamotorjobs.com\/fr\/wp-json\/wp\/v2\/comments?post=191366"}],"version-history":[{"count":3,"href":"https:\/\/news.canadamotorjobs.com\/fr\/wp-json\/wp\/v2\/posts\/191366\/revisions"}],"predecessor-version":[{"id":191397,"href":"https:\/\/news.canadamotorjobs.com\/fr\/wp-json\/wp\/v2\/posts\/191366\/revisions\/191397"}],"wp:featuredmedia":[{"embeddable":true,"href":"https:\/\/news.canadamotorjobs.com\/fr\/wp-json\/wp\/v2\/media\/191368"}],"wp:attachment":[{"href":"https:\/\/news.canadamotorjobs.com\/fr\/wp-json\/wp\/v2\/media?parent=191366"}],"wp:term":[{"taxonomy":"category","embeddable":true,"href":"https:\/\/news.canadamotorjobs.com\/fr\/wp-json\/wp\/v2\/categories?post=191366"},{"taxonomy":"post_tag","embeddable":true,"href":"https:\/\/news.canadamotorjobs.com\/fr\/wp-json\/wp\/v2\/tags?post=191366"}],"curies":[{"name":"wp","href":"https:\/\/api.w.org\/{rel}","templated":true}]}}