{"id":191338,"date":"2025-01-29T14:24:29","date_gmt":"2025-01-29T19:24:29","guid":{"rendered":"https:\/\/news.canadamotorjobs.com\/?p=191338"},"modified":"2025-01-29T14:29:19","modified_gmt":"2025-01-29T19:29:19","slug":"un-vus-electrique-en-2026-chez-mitsubishi","status":"publish","type":"post","link":"https:\/\/news.canadamotorjobs.com\/fr\/un-vus-electrique-en-2026-chez-mitsubishi\/","title":{"rendered":"Un VUS \u00e9lectrique en 2026 chez Mitsubishi"},"content":{"rendered":"<\/p>\n<p>On sait que Mitsubishi a un plan pour les cinq prochaines ann\u00e9es (Momentum 2030). Ce dernier doit nous faire voir l\u2019arriv\u00e9e d\u2019un nouveau mod\u00e8le par ann\u00e9e, qu\u2019il s\u2019agisse d\u2019un produit renouvel\u00e9 ou d\u2019une toute nouvelle proposition. En fait, au moins deux mod\u00e8les qui n\u2019existent pas sont attendus au cours de cette p\u00e9riode.<\/p>\n<p>Cette semaine, on apprend l\u2019identit\u00e9 du premier qui va nous parvenir, soit un petit VUS \u00e9lectrique en 2026. La compagnie a annonc\u00e9 le tout \u00e0 ses d\u00e9positaires dans le cadre de la r\u00e9union des concessionnaires am\u00e9ricains, qui s\u2019est tenue lors du dernier week-end du c\u00f4t\u00e9 de La Nouvelle-Orl\u00e9ans, en Louisiane. \u00a0<\/p>\n<p>Le produit en question sera fabriqu\u00e9 au Japon et va nous arriver en m\u00eame temps qu\u2019une variante hors route \u00e0 la garde au sol sur\u00e9lev\u00e9e du Outlander, soit lors de la deuxi\u00e8me moiti\u00e9 de l\u2019ann\u00e9e 2026.<\/p>\n<p>Les dirigeants de Mitsubishi n\u2019ont pas partag\u00e9 de d\u00e9tails \u00e0 propos du nouveau mod\u00e8le \u00e9lectrique lors de la r\u00e9union, mais une source a d\u00e9clar\u00e9 au site Automotive News que le mod\u00e8le sera un petit v\u00e9hicule utilitaire au style coup\u00e9, similaire au produit qui doit venir remplacer la LEAF chez Nissan.<\/p>\n<p><\/p>\n<figure><img decoding=\"async\" src=\"https:\/\/news.canadamotorjobs.com\/wp-content\/uploads\/2025\/01\/211129-00-002-5.jpg\" alt=\"Le concept Nissan Chillout\" \/><figcaption>Le concept Nissan Chillout | Auto123.com<\/figcaption><\/figure>\n<p>La proposition de Nissan est quant \u00e0 elle attendue \u00e0 la fin de l\u2019ann\u00e9e 2025. Elle profite de la m\u00eame structure que le VUS \u00e9lectrique Ariya. Pour avoir une id\u00e9e de son style, pensez au concept Chill-Out qui avait \u00e9t\u00e9 pr\u00e9sent\u00e9 par Nissan.<\/p>\n<p>Chez les concessionnaires de Mitsubishi, on se r\u00e9jouit bien s\u00fbr de cette nouvelle, car on souhaite avoir plus de mod\u00e8les \u00e0 proposer pour augmenter le volume de vente. La situation est peut-\u00eatre diff\u00e9rente du c\u00f4t\u00e9 am\u00e9ricain, alors qu\u2019on sait qu\u2019au Canada, la marque a une fois de plus battu son propre record de vente l\u2019ann\u00e9e derni\u00e8re, gr\u00e2ce entre autres \u00e0 une excellente performance de la version PHEV du VUS Outlander.<\/p>\n<p>Cependant, les concessionnaires ont perdu la Mirage ; ils souhaitent donc rapidement un mod\u00e8le pour venir la remplacer (pour le volume de ventes). Pour aider ses concessionnaires, Mitsubishi envisagerait de baisser les prix du RVR (Outlander Sport aux \u00c9tats-Unis) et aussi de proposer une version d\u2019entr\u00e9e de gamme moins ch\u00e8re.<\/p>\n<p>Ce qui sera aussi \u00e0 surveiller au cours des 18 prochains mois, ce sont les discussions concernant un partenariat entre Honda et Nissan. Mitsubishi (un des partenaires actuels de Nissan) a d\u00e9j\u00e0 mentionn\u00e9 qu\u2019elle ne ferait pas partie du nouveau groupe en tant que tel, mais qu\u2019elle continuerait \u00e0 collaborer.<\/p>\n<p><\/p>\n<p style=\"padding-top: 15px\">Contenu original de <a href=\"https:\/\/www.auto123.com\/fr\/actualites\/mitsubishi-vus-electrique-2026\/72333\/\">auto123<\/a>.<\/p>\n<p>Le texte <a rel=\"nofollow\" href=\"https:\/\/annuelauto.ca\/un-vus-electrique-en-2026-chez-mitsubishi\/\">Un VUS \u00e9lectrique en 2026 chez Mitsubishi<\/a> provient de <a rel=\"nofollow\" href=\"https:\/\/annuelauto.ca\">L&#8217;annuel de l&#8217;automobile &#8211; Actualit\u00e9 automobile<\/a><\/p>\n<p><\/p>\n","protected":false},"excerpt":{"rendered":"<p>On sait que Mitsubishi a un plan pour les cinq prochaines ann\u00e9es (Momentum 2030). Ce dernier doit nous faire voir l\u2019arriv\u00e9e d\u2019un nouveau mod\u00e8le par ann\u00e9e, qu\u2019il s\u2019agisse d\u2019un produit renouvel\u00e9 ou d\u2019une toute nouvelle proposition. En fait, au moins deux mod\u00e8les qui n\u2019existent pas sont attendus au cours de cette p\u00e9riode. Cette semaine, on [&hellip;]<\/p>\n","protected":false},"author":8,"featured_media":191340,"comment_status":"close","ping_status":"closed","sticky":false,"template":"","format":"standard","meta":{"_monsterinsights_skip_tracking":false,"_monsterinsights_sitenote_active":false,"_monsterinsights_sitenote_note":"","_monsterinsights_sitenote_category":0,"footnotes":""},"categories":[101],"tags":[],"yoast_head":"<!-- This site is optimized with the Yoast SEO plugin v23.2 - https:\/\/yoast.com\/wordpress\/plugins\/seo\/ -->\n<title>Un VUS \u00e9lectrique en 2026 chez Mitsubishi - CanadaMotorJobs.com<\/title>\n<meta name=\"description\" content=\"Un VUS \u00e9lectrique en 2026 chez Mitsubishi - Benoit Charette - Annuel automobile - CanadaMotorJobs.com.\" \/>\n<meta name=\"robots\" content=\"index, follow, max-snippet:-1, max-image-preview:large, max-video-preview:-1\" \/>\n<meta property=\"og:locale\" content=\"fr_CA\" \/>\n<meta property=\"og:type\" content=\"article\" \/>\n<meta property=\"og:title\" content=\"Un VUS \u00e9lectrique en 2026 chez Mitsubishi - CanadaMotorJobs.com\" \/>\n<meta property=\"og:description\" content=\"Un VUS \u00e9lectrique en 2026 chez Mitsubishi - Benoit Charette - Annuel automobile - CanadaMotorJobs.com.\" \/>\n<meta property=\"og:url\" content=\"https:\/\/news.canadamotorjobs.com\/fr\/un-vus-electrique-en-2026-chez-mitsubishi\/\" \/>\n<meta property=\"og:site_name\" content=\"CanadaMotorJobs.com\" \/>\n<meta property=\"article:publisher\" content=\"https:\/\/www.facebook.com\/canadamotorjobs\/\" \/>\n<meta property=\"article:published_time\" content=\"2025-01-29T19:24:29+00:00\" \/>\n<meta property=\"article:modified_time\" content=\"2025-01-29T19:29:19+00:00\" \/>\n<meta property=\"og:image\" content=\"https:\/\/news.canadamotorjobs.com\/wp-content\/uploads\/2025\/01\/211129-00-002.jpg\" \/>\n\t<meta property=\"og:image:width\" content=\"1200\" \/>\n\t<meta property=\"og:image:height\" content=\"675\" \/>\n\t<meta property=\"og:image:type\" content=\"image\/jpeg\" \/>\n<meta name=\"author\" content=\"Benoit Charette\" \/>\n<meta name=\"twitter:card\" content=\"summary_large_image\" \/>\n<meta name=\"twitter:creator\" content=\"@canadamotorjobs\" \/>\n<meta name=\"twitter:site\" content=\"@canadamotorjobs\" \/>\n<meta name=\"twitter:label1\" content=\"\u00c9crit par\" \/>\n\t<meta name=\"twitter:data1\" content=\"Benoit Charette\" \/>\n\t<meta name=\"twitter:label2\" content=\"Estimation du temps de lecture\" \/>\n\t<meta name=\"twitter:data2\" content=\"2 minutes\" \/>\n<!-- \/ Yoast SEO plugin. -->","yoast_head_json":{"title":"Un VUS \u00e9lectrique en 2026 chez Mitsubishi - CanadaMotorJobs.com","description":"Un VUS \u00e9lectrique en 2026 chez Mitsubishi - Benoit Charette - Annuel automobile - CanadaMotorJobs.com.","robots":{"index":"index","follow":"follow","max-snippet":"max-snippet:-1","max-image-preview":"max-image-preview:large","max-video-preview":"max-video-preview:-1"},"og_locale":"fr_CA","og_type":"article","og_title":"Un VUS \u00e9lectrique en 2026 chez Mitsubishi - CanadaMotorJobs.com","og_description":"Un VUS \u00e9lectrique en 2026 chez Mitsubishi - Benoit Charette - Annuel automobile - CanadaMotorJobs.com.","og_url":"https:\/\/news.canadamotorjobs.com\/fr\/un-vus-electrique-en-2026-chez-mitsubishi\/","og_site_name":"CanadaMotorJobs.com","article_publisher":"https:\/\/www.facebook.com\/canadamotorjobs\/","article_published_time":"2025-01-29T19:24:29+00:00","article_modified_time":"2025-01-29T19:29:19+00:00","og_image":[{"width":1200,"height":675,"url":"https:\/\/news.canadamotorjobs.com\/wp-content\/uploads\/2025\/01\/211129-00-002.jpg","type":"image\/jpeg"}],"author":"Benoit Charette","twitter_card":"summary_large_image","twitter_creator":"@canadamotorjobs","twitter_site":"@canadamotorjobs","twitter_misc":{"\u00c9crit par":"Benoit Charette","Estimation du temps de lecture":"2 minutes"},"schema":{"@context":"https:\/\/schema.org","@graph":[{"@type":"Article","@id":"https:\/\/news.canadamotorjobs.com\/fr\/un-vus-electrique-en-2026-chez-mitsubishi\/#article","isPartOf":{"@id":"https:\/\/news.canadamotorjobs.com\/fr\/un-vus-electrique-en-2026-chez-mitsubishi\/"},"author":{"name":"Benoit Charette","@id":"https:\/\/news.canadamotorjobs.com\/#\/schema\/person\/51793d1f87d44011d7bcc2ed99269a90"},"headline":"Un VUS \u00e9lectrique en 2026 chez Mitsubishi","datePublished":"2025-01-29T19:24:29+00:00","dateModified":"2025-01-29T19:29:19+00:00","mainEntityOfPage":{"@id":"https:\/\/news.canadamotorjobs.com\/fr\/un-vus-electrique-en-2026-chez-mitsubishi\/"},"wordCount":479,"publisher":{"@id":"https:\/\/news.canadamotorjobs.com\/#organization"},"image":{"@id":"https:\/\/news.canadamotorjobs.com\/fr\/un-vus-electrique-en-2026-chez-mitsubishi\/#primaryimage"},"thumbnailUrl":"https:\/\/news.canadamotorjobs.com\/wp-content\/uploads\/2025\/01\/211129-00-002.jpg","articleSection":["Annuel automobile"],"inLanguage":"fr-CA"},{"@type":"WebPage","@id":"https:\/\/news.canadamotorjobs.com\/fr\/un-vus-electrique-en-2026-chez-mitsubishi\/","url":"https:\/\/news.canadamotorjobs.com\/fr\/un-vus-electrique-en-2026-chez-mitsubishi\/","name":"Un VUS \u00e9lectrique en 2026 chez Mitsubishi - CanadaMotorJobs.com","isPartOf":{"@id":"https:\/\/news.canadamotorjobs.com\/#website"},"primaryImageOfPage":{"@id":"https:\/\/news.canadamotorjobs.com\/fr\/un-vus-electrique-en-2026-chez-mitsubishi\/#primaryimage"},"image":{"@id":"https:\/\/news.canadamotorjobs.com\/fr\/un-vus-electrique-en-2026-chez-mitsubishi\/#primaryimage"},"thumbnailUrl":"https:\/\/news.canadamotorjobs.com\/wp-content\/uploads\/2025\/01\/211129-00-002.jpg","datePublished":"2025-01-29T19:24:29+00:00","dateModified":"2025-01-29T19:29:19+00:00","description":"Un VUS \u00e9lectrique en 2026 chez Mitsubishi - Benoit Charette - Annuel automobile - CanadaMotorJobs.com.","breadcrumb":{"@id":"https:\/\/news.canadamotorjobs.com\/fr\/un-vus-electrique-en-2026-chez-mitsubishi\/#breadcrumb"},"inLanguage":"fr-CA","potentialAction":[{"@type":"ReadAction","target":["https:\/\/news.canadamotorjobs.com\/fr\/un-vus-electrique-en-2026-chez-mitsubishi\/"]}]},{"@type":"ImageObject","inLanguage":"fr-CA","@id":"https:\/\/news.canadamotorjobs.com\/fr\/un-vus-electrique-en-2026-chez-mitsubishi\/#primaryimage","url":"https:\/\/news.canadamotorjobs.com\/wp-content\/uploads\/2025\/01\/211129-00-002.jpg","contentUrl":"https:\/\/news.canadamotorjobs.com\/wp-content\/uploads\/2025\/01\/211129-00-002.jpg","width":1200,"height":675},{"@type":"BreadcrumbList","@id":"https:\/\/news.canadamotorjobs.com\/fr\/un-vus-electrique-en-2026-chez-mitsubishi\/#breadcrumb","itemListElement":[{"@type":"ListItem","position":1,"name":"Home","item":"https:\/\/news.canadamotorjobs.com\/fr\/blog\/"},{"@type":"ListItem","position":2,"name":"Un VUS \u00e9lectrique en 2026 chez Mitsubishi"}]},{"@type":"WebSite","@id":"https:\/\/news.canadamotorjobs.com\/#website","url":"https:\/\/news.canadamotorjobs.com\/","name":"CanadaMotorJobs.com","description":"Automotive Jobs","publisher":{"@id":"https:\/\/news.canadamotorjobs.com\/#organization"},"potentialAction":[{"@type":"SearchAction","target":{"@type":"EntryPoint","urlTemplate":"https:\/\/news.canadamotorjobs.com\/?s={search_term_string}"},"query-input":"required name=search_term_string"}],"inLanguage":"fr-CA"},{"@type":"Organization","@id":"https:\/\/news.canadamotorjobs.com\/#organization","name":"Canada Motor Jobs","url":"https:\/\/news.canadamotorjobs.com\/","logo":{"@type":"ImageObject","inLanguage":"fr-CA","@id":"https:\/\/news.canadamotorjobs.com\/#\/schema\/logo\/image\/","url":"https:\/\/news.canadamotorjobs.com\/wp-content\/uploads\/2022\/10\/logo-canada-motor-jobs-1.png","contentUrl":"https:\/\/news.canadamotorjobs.com\/wp-content\/uploads\/2022\/10\/logo-canada-motor-jobs-1.png","width":800,"height":400,"caption":"Canada Motor Jobs"},"image":{"@id":"https:\/\/news.canadamotorjobs.com\/#\/schema\/logo\/image\/"},"sameAs":["https:\/\/www.facebook.com\/canadamotorjobs\/","https:\/\/x.com\/canadamotorjobs","https:\/\/www.instagram.com\/canadamotorjobs\/","https:\/\/www.linkedin.com\/company\/canadamotorjobs"]},{"@type":"Person","@id":"https:\/\/news.canadamotorjobs.com\/#\/schema\/person\/51793d1f87d44011d7bcc2ed99269a90","name":"Benoit Charette","image":{"@type":"ImageObject","inLanguage":"fr-CA","@id":"https:\/\/news.canadamotorjobs.com\/#\/schema\/person\/image\/","url":"https:\/\/secure.gravatar.com\/avatar\/45f3d2eebcccd909668d7ce7ea7267b6?s=96&d=mm&r=g","contentUrl":"https:\/\/secure.gravatar.com\/avatar\/45f3d2eebcccd909668d7ce7ea7267b6?s=96&d=mm&r=g","caption":"Benoit Charette"},"description":"Benoit Charette \/ Propri\u00e9taire et r\u00e9dacteur en chef Benoit Charette pratique le journalisme automobile depuis bient\u00f4t 30 ans. Il a fait ses classes au c\u00f4t\u00e9 de Daniel H\u00e9raud et au Carnet de route de 1992 \u00e0 2001. Il est fondateur, copropri\u00e9taire et r\u00e9dacteur en chef de L\u2019Annuel de l\u2019automobile, qu\u2019il publie depuis 2001. Il a anim\u00e9 les \u00e9missions RPM et RPM+ sur V et les L\u00e9gendes de la route sur Historia. \u00c0 la radio depuis 1986, il reprend l\u2019antenne cette ann\u00e9e sur les ondes de Cogeco et participe pour la deuxi\u00e8me ann\u00e9e \u00e0 l\u2019\u00e9mission Passion Auto sur RDS en plus de mettre en ligne le site Web officiel de L\u2019Annuel de l\u2019automobile sur annuelauto.ca.","sameAs":["https:\/\/annuelauto.ca\/"],"url":"https:\/\/news.canadamotorjobs.com\/fr\/author\/benoit-charette\/"}]}},"_links":{"self":[{"href":"https:\/\/news.canadamotorjobs.com\/fr\/wp-json\/wp\/v2\/posts\/191338"}],"collection":[{"href":"https:\/\/news.canadamotorjobs.com\/fr\/wp-json\/wp\/v2\/posts"}],"about":[{"href":"https:\/\/news.canadamotorjobs.com\/fr\/wp-json\/wp\/v2\/types\/post"}],"author":[{"embeddable":true,"href":"https:\/\/news.canadamotorjobs.com\/fr\/wp-json\/wp\/v2\/users\/8"}],"replies":[{"embeddable":true,"href":"https:\/\/news.canadamotorjobs.com\/fr\/wp-json\/wp\/v2\/comments?post=191338"}],"version-history":[{"count":3,"href":"https:\/\/news.canadamotorjobs.com\/fr\/wp-json\/wp\/v2\/posts\/191338\/revisions"}],"predecessor-version":[{"id":191365,"href":"https:\/\/news.canadamotorjobs.com\/fr\/wp-json\/wp\/v2\/posts\/191338\/revisions\/191365"}],"wp:featuredmedia":[{"embeddable":true,"href":"https:\/\/news.canadamotorjobs.com\/fr\/wp-json\/wp\/v2\/media\/191340"}],"wp:attachment":[{"href":"https:\/\/news.canadamotorjobs.com\/fr\/wp-json\/wp\/v2\/media?parent=191338"}],"wp:term":[{"taxonomy":"category","embeddable":true,"href":"https:\/\/news.canadamotorjobs.com\/fr\/wp-json\/wp\/v2\/categories?post=191338"},{"taxonomy":"post_tag","embeddable":true,"href":"https:\/\/news.canadamotorjobs.com\/fr\/wp-json\/wp\/v2\/tags?post=191338"}],"curies":[{"name":"wp","href":"https:\/\/api.w.org\/{rel}","templated":true}]}}