{"id":191307,"date":"2025-01-29T09:12:49","date_gmt":"2025-01-29T14:12:49","guid":{"rendered":"https:\/\/news.canadamotorjobs.com\/?p=191307"},"modified":"2025-01-29T09:14:08","modified_gmt":"2025-01-29T14:14:08","slug":"honda-envisage-un-vehicule-electrique-a-30-000-usd","status":"publish","type":"post","link":"https:\/\/news.canadamotorjobs.com\/fr\/honda-envisage-un-vehicule-electrique-a-30-000-usd\/","title":{"rendered":"Honda envisage un v\u00e9hicule \u00e9lectrique \u00e0 30\u00a0000 $ USD"},"content":{"rendered":"<\/p>\n<p>Honda acc\u00e9l\u00e8re son virage \u00e9lectrique et pourrait proposer <strong>un v\u00e9hicule \u00e9lectrique sous la barre des 30 000 $<\/strong> en Am\u00e9rique du Nord. Une strat\u00e9gie prometteuse pour rendre l\u2019\u00e9lectromobilit\u00e9 accessible \u00e0 tous.<\/p>\n<h3>Un V\u00c9 abordable produit en Am\u00e9rique du Nord<\/h3>\n<p>\nD\u2019apr\u00e8s <em>Nikkei<\/em>, Honda pr\u00e9voit de <strong>fabriquer ce mod\u00e8le aux \u00c9tats-Unis<\/strong>, probablement dans son nouveau p\u00f4le de production de v\u00e9hicules \u00e9lectriques en <strong>Ohio<\/strong>. Cette implantation lui permettrait de <strong>b\u00e9n\u00e9ficier des cr\u00e9dits d\u2019imp\u00f4t f\u00e9d\u00e9raux<\/strong> et d\u2019\u00e9chapper aux taxes d\u2019importation qui pourraient \u00eatre revues \u00e0 la hausse. Gr\u00e2ce \u00e0 ces avantages, son prix effectif pourrait avoisiner <strong>les 25 000 $ USD<\/strong> apr\u00e8s subventions.<\/p>\n<h3>Un projet en phase avec la demande<\/h3>\n<p>\nAlors que le march\u00e9 am\u00e9ricain manque cruellement de V\u00c9S<strong> abordables<\/strong>, Honda pourrait tirer son \u00e9pingle du jeu en proposant un mod\u00e8le accessible au grand public. Bien que la marque n\u2019ait pas encore confirm\u00e9 sa commercialisation, Andrew Quilling, responsable des relations publiques de Honda USA, a indiqu\u00e9 que la <strong>s\u00e9rie Honda 0 couvrira toutes les gammes de prix \u00e0 l\u2019\u00e9chelle mondiale<\/strong>.<\/p>\n<h3>Une production pr\u00e9vue d\u00e8s 2026<\/h3>\n<p>\nHonda mise sur une production rapide pour r\u00e9pondre \u00e0 la demande croissante. Le VE abordable pourrait \u00eatre assembl\u00e9 :<\/p>\n<ul><\/p>\n<li><strong>En Ohio<\/strong>, o\u00f9 Honda construit d\u00e9j\u00e0 ses futurs v\u00e9hicules \u00e9lectriques, notamment l\u2019<strong>Acura RSX \u00e9lectrique<\/strong>.<\/li>\n<p><\/p>\n<li><strong>Au Canada<\/strong>, dans une usine d\u00e9di\u00e9e aux V\u00c9S en Ontario, pr\u00e9vue pour 2028, bien que cette date ne co\u00efncide pas avec le calendrier de production du mod\u00e8le \u00e9conomique.<\/li>\n<p>\n<\/ul>\n<p><\/p>\n<h3>Un tournant technologique et design<\/h3>\n<p>\nCe mod\u00e8le pourrait s\u2019inspirer des concepts <strong>Honda 0 Saloon et VUS<\/strong>, d\u00e9voil\u00e9s au CES, et int\u00e9grer les avanc\u00e9es de la marque :<\/p>\n<ul><\/p>\n<li><strong>All\u00e8gement de 100 kg par rapport aux pr\u00e9c\u00e9dents EV Honda<\/strong>, favorisant l\u2019autonomie et la performance.<\/li>\n<p><\/p>\n<li><strong>A\u00e9rodynamisme am\u00e9lior\u00e9 et batteries optimis\u00e9es<\/strong>, offrant plus de <strong>482 km d\u2019autonomie<\/strong>.<\/li>\n<p><\/p>\n<li><strong>Un design plus audacieux et moderne<\/strong>, avec une touche de plaisir de conduite.<\/li>\n<p>\n<\/ul>\n<p><\/p>\n<h3>Un avenir prometteur pour l\u2019\u00e9lectrique chez Honda<\/h3>\n<p>\nHonda a longtemps \u00e9t\u00e9 en retrait sur le march\u00e9 des v\u00e9hicules \u00e9lectriques, mais ce projet pourrait <strong>changer la donne<\/strong>. Avec un EV <strong>concurrent direct du Chevrolet Bolt EUV et de la Tesla Model 2<\/strong>, la marque a toutes les cartes en main pour s\u00e9duire une client\u00e8le en qu\u00eate d\u2019une alternative \u00e9conomique et fiable. Honda devrait d\u00e9voiler un premier concept d\u00e8s <strong>cette ann\u00e9e<\/strong>, avant un lancement pr\u00e9vu en <strong>2026<\/strong>. Une chose est s\u00fbre : un <strong>EV Honda accessible et con\u00e7u localement pourrait bien \u00eatre un succ\u00e8s retentissant<\/strong>.<\/p>\n<p>Avec des renseignements d&#8217;inside EV&#8217;s<\/p>\n<p><strong>\u00a0<\/strong><\/p>\n<p>\u00a0<\/p>\n<p>Le texte <a rel=\"nofollow\" href=\"https:\/\/annuelauto.ca\/honda-ev-abordable-amerique-2026\/\">Honda envisage un v\u00e9hicule \u00e9lectrique \u00e0 30\u00a0000 $ USD<\/a> provient de <a rel=\"nofollow\" href=\"https:\/\/annuelauto.ca\">L&#8217;annuel de l&#8217;automobile &#8211; Actualit\u00e9 automobile<\/a><\/p>\n<p><\/p>\n","protected":false},"excerpt":{"rendered":"<p>Honda acc\u00e9l\u00e8re son virage \u00e9lectrique et pourrait proposer un v\u00e9hicule \u00e9lectrique sous la barre des 30 000 $ en Am\u00e9rique du Nord. Une strat\u00e9gie prometteuse pour rendre l\u2019\u00e9lectromobilit\u00e9 accessible \u00e0 tous. Un V\u00c9 abordable produit en Am\u00e9rique du Nord D\u2019apr\u00e8s Nikkei, Honda pr\u00e9voit de fabriquer ce mod\u00e8le aux \u00c9tats-Unis, probablement dans son nouveau p\u00f4le de [&hellip;]<\/p>\n","protected":false},"author":8,"featured_media":191309,"comment_status":"close","ping_status":"closed","sticky":false,"template":"","format":"standard","meta":{"_monsterinsights_skip_tracking":false,"_monsterinsights_sitenote_active":false,"_monsterinsights_sitenote_note":"","_monsterinsights_sitenote_category":0,"footnotes":""},"categories":[101],"tags":[],"yoast_head":"<!-- This site is optimized with the Yoast SEO plugin v23.2 - https:\/\/yoast.com\/wordpress\/plugins\/seo\/ -->\n<title>Honda envisage un v\u00e9hicule \u00e9lectrique \u00e0 30\u00a0000 $ USD - CanadaMotorJobs.com<\/title>\n<meta name=\"description\" content=\"Honda envisage un v\u00e9hicule \u00e9lectrique \u00e0 30\u00a0000 $ USD - Benoit Charette - Annuel automobile - CanadaMotorJobs.com.\" \/>\n<meta name=\"robots\" content=\"index, follow, max-snippet:-1, max-image-preview:large, max-video-preview:-1\" \/>\n<meta property=\"og:locale\" content=\"fr_CA\" \/>\n<meta property=\"og:type\" content=\"article\" \/>\n<meta property=\"og:title\" content=\"Honda envisage un v\u00e9hicule \u00e9lectrique \u00e0 30\u00a0000 $ USD - CanadaMotorJobs.com\" \/>\n<meta property=\"og:description\" content=\"Honda envisage un v\u00e9hicule \u00e9lectrique \u00e0 30\u00a0000 $ USD - Benoit Charette - Annuel automobile - CanadaMotorJobs.com.\" \/>\n<meta property=\"og:url\" content=\"https:\/\/news.canadamotorjobs.com\/fr\/honda-envisage-un-vehicule-electrique-a-30-000-usd\/\" \/>\n<meta property=\"og:site_name\" content=\"CanadaMotorJobs.com\" \/>\n<meta property=\"article:publisher\" content=\"https:\/\/www.facebook.com\/canadamotorjobs\/\" \/>\n<meta property=\"article:published_time\" content=\"2025-01-29T14:12:49+00:00\" \/>\n<meta property=\"article:modified_time\" content=\"2025-01-29T14:14:08+00:00\" \/>\n<meta property=\"og:image\" content=\"https:\/\/news.canadamotorjobs.com\/wp-content\/uploads\/2025\/01\/honda-logo.png\" \/>\n\t<meta property=\"og:image:width\" content=\"2126\" \/>\n\t<meta property=\"og:image:height\" content=\"1431\" \/>\n\t<meta property=\"og:image:type\" content=\"image\/png\" \/>\n<meta name=\"author\" content=\"Benoit Charette\" \/>\n<meta name=\"twitter:card\" content=\"summary_large_image\" \/>\n<meta name=\"twitter:creator\" content=\"@canadamotorjobs\" \/>\n<meta name=\"twitter:site\" content=\"@canadamotorjobs\" \/>\n<meta name=\"twitter:label1\" content=\"\u00c9crit par\" \/>\n\t<meta name=\"twitter:data1\" content=\"Benoit Charette\" \/>\n\t<meta name=\"twitter:label2\" content=\"Estimation du temps de lecture\" \/>\n\t<meta name=\"twitter:data2\" content=\"2 minutes\" \/>\n<!-- \/ Yoast SEO plugin. -->","yoast_head_json":{"title":"Honda envisage un v\u00e9hicule \u00e9lectrique \u00e0 30\u00a0000 $ USD - CanadaMotorJobs.com","description":"Honda envisage un v\u00e9hicule \u00e9lectrique \u00e0 30\u00a0000 $ USD - Benoit Charette - Annuel automobile - CanadaMotorJobs.com.","robots":{"index":"index","follow":"follow","max-snippet":"max-snippet:-1","max-image-preview":"max-image-preview:large","max-video-preview":"max-video-preview:-1"},"og_locale":"fr_CA","og_type":"article","og_title":"Honda envisage un v\u00e9hicule \u00e9lectrique \u00e0 30\u00a0000 $ USD - CanadaMotorJobs.com","og_description":"Honda envisage un v\u00e9hicule \u00e9lectrique \u00e0 30\u00a0000 $ USD - Benoit Charette - Annuel automobile - CanadaMotorJobs.com.","og_url":"https:\/\/news.canadamotorjobs.com\/fr\/honda-envisage-un-vehicule-electrique-a-30-000-usd\/","og_site_name":"CanadaMotorJobs.com","article_publisher":"https:\/\/www.facebook.com\/canadamotorjobs\/","article_published_time":"2025-01-29T14:12:49+00:00","article_modified_time":"2025-01-29T14:14:08+00:00","og_image":[{"width":2126,"height":1431,"url":"https:\/\/news.canadamotorjobs.com\/wp-content\/uploads\/2025\/01\/honda-logo.png","type":"image\/png"}],"author":"Benoit Charette","twitter_card":"summary_large_image","twitter_creator":"@canadamotorjobs","twitter_site":"@canadamotorjobs","twitter_misc":{"\u00c9crit par":"Benoit Charette","Estimation du temps de lecture":"2 minutes"},"schema":{"@context":"https:\/\/schema.org","@graph":[{"@type":"Article","@id":"https:\/\/news.canadamotorjobs.com\/fr\/honda-envisage-un-vehicule-electrique-a-30-000-usd\/#article","isPartOf":{"@id":"https:\/\/news.canadamotorjobs.com\/fr\/honda-envisage-un-vehicule-electrique-a-30-000-usd\/"},"author":{"name":"Benoit Charette","@id":"https:\/\/news.canadamotorjobs.com\/#\/schema\/person\/51793d1f87d44011d7bcc2ed99269a90"},"headline":"Honda envisage un v\u00e9hicule \u00e9lectrique \u00e0 30\u00a0000 $ USD","datePublished":"2025-01-29T14:12:49+00:00","dateModified":"2025-01-29T14:14:08+00:00","mainEntityOfPage":{"@id":"https:\/\/news.canadamotorjobs.com\/fr\/honda-envisage-un-vehicule-electrique-a-30-000-usd\/"},"wordCount":471,"publisher":{"@id":"https:\/\/news.canadamotorjobs.com\/#organization"},"image":{"@id":"https:\/\/news.canadamotorjobs.com\/fr\/honda-envisage-un-vehicule-electrique-a-30-000-usd\/#primaryimage"},"thumbnailUrl":"https:\/\/news.canadamotorjobs.com\/wp-content\/uploads\/2025\/01\/honda-logo.png","articleSection":["Annuel automobile"],"inLanguage":"fr-CA"},{"@type":"WebPage","@id":"https:\/\/news.canadamotorjobs.com\/fr\/honda-envisage-un-vehicule-electrique-a-30-000-usd\/","url":"https:\/\/news.canadamotorjobs.com\/fr\/honda-envisage-un-vehicule-electrique-a-30-000-usd\/","name":"Honda envisage un v\u00e9hicule \u00e9lectrique \u00e0 30\u00a0000 $ USD - CanadaMotorJobs.com","isPartOf":{"@id":"https:\/\/news.canadamotorjobs.com\/#website"},"primaryImageOfPage":{"@id":"https:\/\/news.canadamotorjobs.com\/fr\/honda-envisage-un-vehicule-electrique-a-30-000-usd\/#primaryimage"},"image":{"@id":"https:\/\/news.canadamotorjobs.com\/fr\/honda-envisage-un-vehicule-electrique-a-30-000-usd\/#primaryimage"},"thumbnailUrl":"https:\/\/news.canadamotorjobs.com\/wp-content\/uploads\/2025\/01\/honda-logo.png","datePublished":"2025-01-29T14:12:49+00:00","dateModified":"2025-01-29T14:14:08+00:00","description":"Honda envisage un v\u00e9hicule \u00e9lectrique \u00e0 30\u00a0000 $ USD - Benoit Charette - Annuel automobile - CanadaMotorJobs.com.","breadcrumb":{"@id":"https:\/\/news.canadamotorjobs.com\/fr\/honda-envisage-un-vehicule-electrique-a-30-000-usd\/#breadcrumb"},"inLanguage":"fr-CA","potentialAction":[{"@type":"ReadAction","target":["https:\/\/news.canadamotorjobs.com\/fr\/honda-envisage-un-vehicule-electrique-a-30-000-usd\/"]}]},{"@type":"ImageObject","inLanguage":"fr-CA","@id":"https:\/\/news.canadamotorjobs.com\/fr\/honda-envisage-un-vehicule-electrique-a-30-000-usd\/#primaryimage","url":"https:\/\/news.canadamotorjobs.com\/wp-content\/uploads\/2025\/01\/honda-logo.png","contentUrl":"https:\/\/news.canadamotorjobs.com\/wp-content\/uploads\/2025\/01\/honda-logo.png","width":2126,"height":1431},{"@type":"BreadcrumbList","@id":"https:\/\/news.canadamotorjobs.com\/fr\/honda-envisage-un-vehicule-electrique-a-30-000-usd\/#breadcrumb","itemListElement":[{"@type":"ListItem","position":1,"name":"Home","item":"https:\/\/news.canadamotorjobs.com\/fr\/blog\/"},{"@type":"ListItem","position":2,"name":"Honda envisage un v\u00e9hicule \u00e9lectrique \u00e0 30\u00a0000 $ USD"}]},{"@type":"WebSite","@id":"https:\/\/news.canadamotorjobs.com\/#website","url":"https:\/\/news.canadamotorjobs.com\/","name":"CanadaMotorJobs.com","description":"Automotive Jobs","publisher":{"@id":"https:\/\/news.canadamotorjobs.com\/#organization"},"potentialAction":[{"@type":"SearchAction","target":{"@type":"EntryPoint","urlTemplate":"https:\/\/news.canadamotorjobs.com\/?s={search_term_string}"},"query-input":"required name=search_term_string"}],"inLanguage":"fr-CA"},{"@type":"Organization","@id":"https:\/\/news.canadamotorjobs.com\/#organization","name":"Canada Motor Jobs","url":"https:\/\/news.canadamotorjobs.com\/","logo":{"@type":"ImageObject","inLanguage":"fr-CA","@id":"https:\/\/news.canadamotorjobs.com\/#\/schema\/logo\/image\/","url":"https:\/\/news.canadamotorjobs.com\/wp-content\/uploads\/2022\/10\/logo-canada-motor-jobs-1.png","contentUrl":"https:\/\/news.canadamotorjobs.com\/wp-content\/uploads\/2022\/10\/logo-canada-motor-jobs-1.png","width":800,"height":400,"caption":"Canada Motor Jobs"},"image":{"@id":"https:\/\/news.canadamotorjobs.com\/#\/schema\/logo\/image\/"},"sameAs":["https:\/\/www.facebook.com\/canadamotorjobs\/","https:\/\/x.com\/canadamotorjobs","https:\/\/www.instagram.com\/canadamotorjobs\/","https:\/\/www.linkedin.com\/company\/canadamotorjobs"]},{"@type":"Person","@id":"https:\/\/news.canadamotorjobs.com\/#\/schema\/person\/51793d1f87d44011d7bcc2ed99269a90","name":"Benoit Charette","image":{"@type":"ImageObject","inLanguage":"fr-CA","@id":"https:\/\/news.canadamotorjobs.com\/#\/schema\/person\/image\/","url":"https:\/\/secure.gravatar.com\/avatar\/45f3d2eebcccd909668d7ce7ea7267b6?s=96&d=mm&r=g","contentUrl":"https:\/\/secure.gravatar.com\/avatar\/45f3d2eebcccd909668d7ce7ea7267b6?s=96&d=mm&r=g","caption":"Benoit Charette"},"description":"Benoit Charette \/ Propri\u00e9taire et r\u00e9dacteur en chef Benoit Charette pratique le journalisme automobile depuis bient\u00f4t 30 ans. Il a fait ses classes au c\u00f4t\u00e9 de Daniel H\u00e9raud et au Carnet de route de 1992 \u00e0 2001. Il est fondateur, copropri\u00e9taire et r\u00e9dacteur en chef de L\u2019Annuel de l\u2019automobile, qu\u2019il publie depuis 2001. Il a anim\u00e9 les \u00e9missions RPM et RPM+ sur V et les L\u00e9gendes de la route sur Historia. \u00c0 la radio depuis 1986, il reprend l\u2019antenne cette ann\u00e9e sur les ondes de Cogeco et participe pour la deuxi\u00e8me ann\u00e9e \u00e0 l\u2019\u00e9mission Passion Auto sur RDS en plus de mettre en ligne le site Web officiel de L\u2019Annuel de l\u2019automobile sur annuelauto.ca.","sameAs":["https:\/\/annuelauto.ca\/"],"url":"https:\/\/news.canadamotorjobs.com\/fr\/author\/benoit-charette\/"}]}},"_links":{"self":[{"href":"https:\/\/news.canadamotorjobs.com\/fr\/wp-json\/wp\/v2\/posts\/191307"}],"collection":[{"href":"https:\/\/news.canadamotorjobs.com\/fr\/wp-json\/wp\/v2\/posts"}],"about":[{"href":"https:\/\/news.canadamotorjobs.com\/fr\/wp-json\/wp\/v2\/types\/post"}],"author":[{"embeddable":true,"href":"https:\/\/news.canadamotorjobs.com\/fr\/wp-json\/wp\/v2\/users\/8"}],"replies":[{"embeddable":true,"href":"https:\/\/news.canadamotorjobs.com\/fr\/wp-json\/wp\/v2\/comments?post=191307"}],"version-history":[{"count":2,"href":"https:\/\/news.canadamotorjobs.com\/fr\/wp-json\/wp\/v2\/posts\/191307\/revisions"}],"predecessor-version":[{"id":191311,"href":"https:\/\/news.canadamotorjobs.com\/fr\/wp-json\/wp\/v2\/posts\/191307\/revisions\/191311"}],"wp:featuredmedia":[{"embeddable":true,"href":"https:\/\/news.canadamotorjobs.com\/fr\/wp-json\/wp\/v2\/media\/191309"}],"wp:attachment":[{"href":"https:\/\/news.canadamotorjobs.com\/fr\/wp-json\/wp\/v2\/media?parent=191307"}],"wp:term":[{"taxonomy":"category","embeddable":true,"href":"https:\/\/news.canadamotorjobs.com\/fr\/wp-json\/wp\/v2\/categories?post=191307"},{"taxonomy":"post_tag","embeddable":true,"href":"https:\/\/news.canadamotorjobs.com\/fr\/wp-json\/wp\/v2\/tags?post=191307"}],"curies":[{"name":"wp","href":"https:\/\/api.w.org\/{rel}","templated":true}]}}