{"id":191288,"date":"2025-01-29T08:38:55","date_gmt":"2025-01-29T13:38:55","guid":{"rendered":"https:\/\/news.canadamotorjobs.com\/?p=191288"},"modified":"2025-01-29T08:44:10","modified_gmt":"2025-01-29T13:44:10","slug":"volkswagen-abandonne-lid-7-pour-le-canada-et-les-etats-unis","status":"publish","type":"post","link":"https:\/\/news.canadamotorjobs.com\/fr\/volkswagen-abandonne-lid-7-pour-le-canada-et-les-etats-unis\/","title":{"rendered":"Volkswagen abandonne l\u2019ID.7 pour le Canada et les \u00c9tats-Unis"},"content":{"rendered":"<\/p>\n<p>Volkswagen a officiellement <strong>renonc\u00e9 au lancement de la berline \u00e9lectrique ID.7 en Am\u00e9rique du Nord<\/strong>. Initialement pr\u00e9vue pour 2024, puis report\u00e9e \u00e0 2025, l\u2019ID.7 ne sera finalement pas commercialis\u00e9e sur ce march\u00e9.<\/p>\n<p>Un projet avort\u00e9 face \u00e0 un march\u00e9 difficile<\/p>\n<p>Lors de son d\u00e9voilement au printemps 2023 \u00e0 New York, l\u2019ID.7 promettait <strong>282 chevaux et une autonomie EPA de plus de 480 km<\/strong>. Mais d\u00e8s mai 2024, Volkswagen avait d\u00e9j\u00e0 indiqu\u00e9 vouloir <strong>adapter ses offres aux r\u00e9alit\u00e9s du march\u00e9<\/strong>. Aujourd\u2019hui, un porte-parole de Volkswagen a confirm\u00e9 \u00e0 <em>Automotive News<\/em> que l\u2019ID.7 ne verra <strong>finalement jamais le jour aux \u00c9tats-Unis ni au Canada<\/strong>, \u00e9voquant un <strong>&#8220;climat difficile pour les v\u00e9hicules \u00e9lectriques&#8221;<\/strong>, marqu\u00e9 par une adoption plus lente que pr\u00e9vu.<\/p>\n<h3>Une berline \u00e9lectrique vou\u00e9e \u00e0 l\u2019\u00e9chec ?<\/h3>\n<p>\nLa d\u00e9cision de Volkswagen s\u2019explique aussi par des <strong>facteurs \u00e9conomiques et strat\u00e9giques<\/strong> :<\/p>\n<ul><\/p>\n<li><strong>Baisse de popularit\u00e9 des berlines<\/strong> en Am\u00e9rique du Nord au profit des VUS et des camionnettes.<\/li>\n<p><\/p>\n<li><strong>Un prix potentiellement \u00e9lev\u00e9<\/strong>, la pla\u00e7ant au sommet de la gamme ID, probablement plus co\u00fbteuse que l\u2019ID. Buzz.<\/li>\n<p><\/p>\n<li><strong>Un ralentissement global des ventes de v\u00e9hicules \u00e9lectriques<\/strong>, notamment en raison du retrait progressif des subventions et des infrastructures de recharge encore limit\u00e9es.<\/li>\n<p>\n<\/ul>\n<p><\/p>\n<h3>Volkswagen mise toujours sur l\u2019\u00e9lectrique<\/h3>\n<p>\nMalgr\u00e9 cet abandon, Volkswagen r\u00e9affirme son engagement dans l\u2019\u00e9lectrique. <strong>&#8220;Les v\u00e9hicules \u00e9lectriques restent au c\u0153ur de notre strat\u00e9gie \u00e0 long terme&#8221;<\/strong>, a pr\u00e9cis\u00e9 le constructeur, qui pr\u00e9voit de nouveaux mod\u00e8les pour le march\u00e9 nord-am\u00e9ricain.<\/p>\n<h3>Conclusion<\/h3>\n<p>\nL\u2019<strong>ID.7 devient un mod\u00e8le exclusif \u00e0 l\u2019Europe et \u00e0 d\u2019autres march\u00e9s<\/strong>, confirmant que Volkswagen mise davantage sur les VUS \u00e9lectriques en Am\u00e9rique du Nord. Ce retrait souligne <strong>les d\u00e9fis croissants du march\u00e9 des VE<\/strong> et la n\u00e9cessit\u00e9 pour les constructeurs de s\u2019adapter rapidement aux attentes des consommateurs.<\/p>\n<p>Avec des renseignements de Carscoops<\/p>\n<p><strong>\u00a0<\/strong><\/p>\n<p>Le texte <a rel=\"nofollow\" href=\"https:\/\/annuelauto.ca\/volkswagen-abandonne-id7-amerique-nord\/\">Volkswagen abandonne l\u2019ID.7 pour le Canada et les \u00c9tats-Unis<\/a> provient de <a rel=\"nofollow\" href=\"https:\/\/annuelauto.ca\">L&#8217;annuel de l&#8217;automobile &#8211; Actualit\u00e9 automobile<\/a><\/p>\n<p><\/p>\n","protected":false},"excerpt":{"rendered":"<p>Volkswagen a officiellement renonc\u00e9 au lancement de la berline \u00e9lectrique ID.7 en Am\u00e9rique du Nord. Initialement pr\u00e9vue pour 2024, puis report\u00e9e \u00e0 2025, l\u2019ID.7 ne sera finalement pas commercialis\u00e9e sur ce march\u00e9. Un projet avort\u00e9 face \u00e0 un march\u00e9 difficile Lors de son d\u00e9voilement au printemps 2023 \u00e0 New York, l\u2019ID.7 promettait 282 chevaux et [&hellip;]<\/p>\n","protected":false},"author":8,"featured_media":191290,"comment_status":"close","ping_status":"closed","sticky":false,"template":"","format":"standard","meta":{"_monsterinsights_skip_tracking":false,"_monsterinsights_sitenote_active":false,"_monsterinsights_sitenote_note":"","_monsterinsights_sitenote_category":0,"footnotes":""},"categories":[101],"tags":[],"yoast_head":"<!-- This site is optimized with the Yoast SEO plugin v23.2 - https:\/\/yoast.com\/wordpress\/plugins\/seo\/ -->\n<title>Volkswagen abandonne l\u2019ID.7 pour le Canada et les \u00c9tats-Unis - CanadaMotorJobs.com<\/title>\n<meta name=\"description\" content=\"Volkswagen abandonne l\u2019ID.7 pour le Canada et les \u00c9tats-Unis - Benoit Charette - Annuel automobile - CanadaMotorJobs.com.\" \/>\n<meta name=\"robots\" content=\"index, follow, max-snippet:-1, max-image-preview:large, max-video-preview:-1\" \/>\n<meta property=\"og:locale\" content=\"fr_CA\" \/>\n<meta property=\"og:type\" content=\"article\" \/>\n<meta property=\"og:title\" content=\"Volkswagen abandonne l\u2019ID.7 pour le Canada et les \u00c9tats-Unis - CanadaMotorJobs.com\" \/>\n<meta property=\"og:description\" content=\"Volkswagen abandonne l\u2019ID.7 pour le Canada et les \u00c9tats-Unis - Benoit Charette - Annuel automobile - CanadaMotorJobs.com.\" \/>\n<meta property=\"og:url\" content=\"https:\/\/news.canadamotorjobs.com\/fr\/volkswagen-abandonne-lid-7-pour-le-canada-et-les-etats-unis\/\" \/>\n<meta property=\"og:site_name\" content=\"CanadaMotorJobs.com\" \/>\n<meta property=\"article:publisher\" content=\"https:\/\/www.facebook.com\/canadamotorjobs\/\" \/>\n<meta property=\"article:published_time\" content=\"2025-01-29T13:38:55+00:00\" \/>\n<meta property=\"article:modified_time\" content=\"2025-01-29T13:44:10+00:00\" \/>\n<meta property=\"og:image\" content=\"https:\/\/news.canadamotorjobs.com\/wp-content\/uploads\/2025\/01\/Essai-Volkswagen-VW-ID7-12-1024x576-1.png\" \/>\n\t<meta property=\"og:image:width\" content=\"1024\" \/>\n\t<meta property=\"og:image:height\" content=\"576\" \/>\n\t<meta property=\"og:image:type\" content=\"image\/png\" \/>\n<meta name=\"author\" content=\"Benoit Charette\" \/>\n<meta name=\"twitter:card\" content=\"summary_large_image\" \/>\n<meta name=\"twitter:creator\" content=\"@canadamotorjobs\" \/>\n<meta name=\"twitter:site\" content=\"@canadamotorjobs\" \/>\n<meta name=\"twitter:label1\" content=\"\u00c9crit par\" \/>\n\t<meta name=\"twitter:data1\" content=\"Benoit Charette\" \/>\n\t<meta name=\"twitter:label2\" content=\"Estimation du temps de lecture\" \/>\n\t<meta name=\"twitter:data2\" content=\"2 minutes\" \/>\n<!-- \/ Yoast SEO plugin. -->","yoast_head_json":{"title":"Volkswagen abandonne l\u2019ID.7 pour le Canada et les \u00c9tats-Unis - CanadaMotorJobs.com","description":"Volkswagen abandonne l\u2019ID.7 pour le Canada et les \u00c9tats-Unis - Benoit Charette - Annuel automobile - CanadaMotorJobs.com.","robots":{"index":"index","follow":"follow","max-snippet":"max-snippet:-1","max-image-preview":"max-image-preview:large","max-video-preview":"max-video-preview:-1"},"og_locale":"fr_CA","og_type":"article","og_title":"Volkswagen abandonne l\u2019ID.7 pour le Canada et les \u00c9tats-Unis - CanadaMotorJobs.com","og_description":"Volkswagen abandonne l\u2019ID.7 pour le Canada et les \u00c9tats-Unis - Benoit Charette - Annuel automobile - CanadaMotorJobs.com.","og_url":"https:\/\/news.canadamotorjobs.com\/fr\/volkswagen-abandonne-lid-7-pour-le-canada-et-les-etats-unis\/","og_site_name":"CanadaMotorJobs.com","article_publisher":"https:\/\/www.facebook.com\/canadamotorjobs\/","article_published_time":"2025-01-29T13:38:55+00:00","article_modified_time":"2025-01-29T13:44:10+00:00","og_image":[{"width":1024,"height":576,"url":"https:\/\/news.canadamotorjobs.com\/wp-content\/uploads\/2025\/01\/Essai-Volkswagen-VW-ID7-12-1024x576-1.png","type":"image\/png"}],"author":"Benoit Charette","twitter_card":"summary_large_image","twitter_creator":"@canadamotorjobs","twitter_site":"@canadamotorjobs","twitter_misc":{"\u00c9crit par":"Benoit Charette","Estimation du temps de lecture":"2 minutes"},"schema":{"@context":"https:\/\/schema.org","@graph":[{"@type":"Article","@id":"https:\/\/news.canadamotorjobs.com\/fr\/volkswagen-abandonne-lid-7-pour-le-canada-et-les-etats-unis\/#article","isPartOf":{"@id":"https:\/\/news.canadamotorjobs.com\/fr\/volkswagen-abandonne-lid-7-pour-le-canada-et-les-etats-unis\/"},"author":{"name":"Benoit Charette","@id":"https:\/\/news.canadamotorjobs.com\/#\/schema\/person\/51793d1f87d44011d7bcc2ed99269a90"},"headline":"Volkswagen abandonne l\u2019ID.7 pour le Canada et les \u00c9tats-Unis","datePublished":"2025-01-29T13:38:55+00:00","dateModified":"2025-01-29T13:44:10+00:00","mainEntityOfPage":{"@id":"https:\/\/news.canadamotorjobs.com\/fr\/volkswagen-abandonne-lid-7-pour-le-canada-et-les-etats-unis\/"},"wordCount":348,"publisher":{"@id":"https:\/\/news.canadamotorjobs.com\/#organization"},"image":{"@id":"https:\/\/news.canadamotorjobs.com\/fr\/volkswagen-abandonne-lid-7-pour-le-canada-et-les-etats-unis\/#primaryimage"},"thumbnailUrl":"https:\/\/news.canadamotorjobs.com\/wp-content\/uploads\/2025\/01\/Essai-Volkswagen-VW-ID7-12-1024x576-1.png","articleSection":["Annuel automobile"],"inLanguage":"fr-CA"},{"@type":"WebPage","@id":"https:\/\/news.canadamotorjobs.com\/fr\/volkswagen-abandonne-lid-7-pour-le-canada-et-les-etats-unis\/","url":"https:\/\/news.canadamotorjobs.com\/fr\/volkswagen-abandonne-lid-7-pour-le-canada-et-les-etats-unis\/","name":"Volkswagen abandonne l\u2019ID.7 pour le Canada et les \u00c9tats-Unis - CanadaMotorJobs.com","isPartOf":{"@id":"https:\/\/news.canadamotorjobs.com\/#website"},"primaryImageOfPage":{"@id":"https:\/\/news.canadamotorjobs.com\/fr\/volkswagen-abandonne-lid-7-pour-le-canada-et-les-etats-unis\/#primaryimage"},"image":{"@id":"https:\/\/news.canadamotorjobs.com\/fr\/volkswagen-abandonne-lid-7-pour-le-canada-et-les-etats-unis\/#primaryimage"},"thumbnailUrl":"https:\/\/news.canadamotorjobs.com\/wp-content\/uploads\/2025\/01\/Essai-Volkswagen-VW-ID7-12-1024x576-1.png","datePublished":"2025-01-29T13:38:55+00:00","dateModified":"2025-01-29T13:44:10+00:00","description":"Volkswagen abandonne l\u2019ID.7 pour le Canada et les \u00c9tats-Unis - Benoit Charette - Annuel automobile - CanadaMotorJobs.com.","breadcrumb":{"@id":"https:\/\/news.canadamotorjobs.com\/fr\/volkswagen-abandonne-lid-7-pour-le-canada-et-les-etats-unis\/#breadcrumb"},"inLanguage":"fr-CA","potentialAction":[{"@type":"ReadAction","target":["https:\/\/news.canadamotorjobs.com\/fr\/volkswagen-abandonne-lid-7-pour-le-canada-et-les-etats-unis\/"]}]},{"@type":"ImageObject","inLanguage":"fr-CA","@id":"https:\/\/news.canadamotorjobs.com\/fr\/volkswagen-abandonne-lid-7-pour-le-canada-et-les-etats-unis\/#primaryimage","url":"https:\/\/news.canadamotorjobs.com\/wp-content\/uploads\/2025\/01\/Essai-Volkswagen-VW-ID7-12-1024x576-1.png","contentUrl":"https:\/\/news.canadamotorjobs.com\/wp-content\/uploads\/2025\/01\/Essai-Volkswagen-VW-ID7-12-1024x576-1.png","width":1024,"height":576},{"@type":"BreadcrumbList","@id":"https:\/\/news.canadamotorjobs.com\/fr\/volkswagen-abandonne-lid-7-pour-le-canada-et-les-etats-unis\/#breadcrumb","itemListElement":[{"@type":"ListItem","position":1,"name":"Home","item":"https:\/\/news.canadamotorjobs.com\/fr\/blog\/"},{"@type":"ListItem","position":2,"name":"Volkswagen abandonne l\u2019ID.7 pour le Canada et les \u00c9tats-Unis"}]},{"@type":"WebSite","@id":"https:\/\/news.canadamotorjobs.com\/#website","url":"https:\/\/news.canadamotorjobs.com\/","name":"CanadaMotorJobs.com","description":"Automotive Jobs","publisher":{"@id":"https:\/\/news.canadamotorjobs.com\/#organization"},"potentialAction":[{"@type":"SearchAction","target":{"@type":"EntryPoint","urlTemplate":"https:\/\/news.canadamotorjobs.com\/?s={search_term_string}"},"query-input":"required name=search_term_string"}],"inLanguage":"fr-CA"},{"@type":"Organization","@id":"https:\/\/news.canadamotorjobs.com\/#organization","name":"Canada Motor Jobs","url":"https:\/\/news.canadamotorjobs.com\/","logo":{"@type":"ImageObject","inLanguage":"fr-CA","@id":"https:\/\/news.canadamotorjobs.com\/#\/schema\/logo\/image\/","url":"https:\/\/news.canadamotorjobs.com\/wp-content\/uploads\/2022\/10\/logo-canada-motor-jobs-1.png","contentUrl":"https:\/\/news.canadamotorjobs.com\/wp-content\/uploads\/2022\/10\/logo-canada-motor-jobs-1.png","width":800,"height":400,"caption":"Canada Motor Jobs"},"image":{"@id":"https:\/\/news.canadamotorjobs.com\/#\/schema\/logo\/image\/"},"sameAs":["https:\/\/www.facebook.com\/canadamotorjobs\/","https:\/\/x.com\/canadamotorjobs","https:\/\/www.instagram.com\/canadamotorjobs\/","https:\/\/www.linkedin.com\/company\/canadamotorjobs"]},{"@type":"Person","@id":"https:\/\/news.canadamotorjobs.com\/#\/schema\/person\/51793d1f87d44011d7bcc2ed99269a90","name":"Benoit Charette","image":{"@type":"ImageObject","inLanguage":"fr-CA","@id":"https:\/\/news.canadamotorjobs.com\/#\/schema\/person\/image\/","url":"https:\/\/secure.gravatar.com\/avatar\/45f3d2eebcccd909668d7ce7ea7267b6?s=96&d=mm&r=g","contentUrl":"https:\/\/secure.gravatar.com\/avatar\/45f3d2eebcccd909668d7ce7ea7267b6?s=96&d=mm&r=g","caption":"Benoit Charette"},"description":"Benoit Charette \/ Propri\u00e9taire et r\u00e9dacteur en chef Benoit Charette pratique le journalisme automobile depuis bient\u00f4t 30 ans. Il a fait ses classes au c\u00f4t\u00e9 de Daniel H\u00e9raud et au Carnet de route de 1992 \u00e0 2001. Il est fondateur, copropri\u00e9taire et r\u00e9dacteur en chef de L\u2019Annuel de l\u2019automobile, qu\u2019il publie depuis 2001. Il a anim\u00e9 les \u00e9missions RPM et RPM+ sur V et les L\u00e9gendes de la route sur Historia. \u00c0 la radio depuis 1986, il reprend l\u2019antenne cette ann\u00e9e sur les ondes de Cogeco et participe pour la deuxi\u00e8me ann\u00e9e \u00e0 l\u2019\u00e9mission Passion Auto sur RDS en plus de mettre en ligne le site Web officiel de L\u2019Annuel de l\u2019automobile sur annuelauto.ca.","sameAs":["https:\/\/annuelauto.ca\/"],"url":"https:\/\/news.canadamotorjobs.com\/fr\/author\/benoit-charette\/"}]}},"_links":{"self":[{"href":"https:\/\/news.canadamotorjobs.com\/fr\/wp-json\/wp\/v2\/posts\/191288"}],"collection":[{"href":"https:\/\/news.canadamotorjobs.com\/fr\/wp-json\/wp\/v2\/posts"}],"about":[{"href":"https:\/\/news.canadamotorjobs.com\/fr\/wp-json\/wp\/v2\/types\/post"}],"author":[{"embeddable":true,"href":"https:\/\/news.canadamotorjobs.com\/fr\/wp-json\/wp\/v2\/users\/8"}],"replies":[{"embeddable":true,"href":"https:\/\/news.canadamotorjobs.com\/fr\/wp-json\/wp\/v2\/comments?post=191288"}],"version-history":[{"count":2,"href":"https:\/\/news.canadamotorjobs.com\/fr\/wp-json\/wp\/v2\/posts\/191288\/revisions"}],"predecessor-version":[{"id":191292,"href":"https:\/\/news.canadamotorjobs.com\/fr\/wp-json\/wp\/v2\/posts\/191288\/revisions\/191292"}],"wp:featuredmedia":[{"embeddable":true,"href":"https:\/\/news.canadamotorjobs.com\/fr\/wp-json\/wp\/v2\/media\/191290"}],"wp:attachment":[{"href":"https:\/\/news.canadamotorjobs.com\/fr\/wp-json\/wp\/v2\/media?parent=191288"}],"wp:term":[{"taxonomy":"category","embeddable":true,"href":"https:\/\/news.canadamotorjobs.com\/fr\/wp-json\/wp\/v2\/categories?post=191288"},{"taxonomy":"post_tag","embeddable":true,"href":"https:\/\/news.canadamotorjobs.com\/fr\/wp-json\/wp\/v2\/tags?post=191288"}],"curies":[{"name":"wp","href":"https:\/\/api.w.org\/{rel}","templated":true}]}}