{"id":191242,"date":"2025-01-29T07:55:57","date_gmt":"2025-01-29T12:55:57","guid":{"rendered":"https:\/\/news.canadamotorjobs.com\/?p=191242"},"modified":"2025-01-29T08:00:10","modified_gmt":"2025-01-29T13:00:10","slug":"bmw-presente-un-ix-retouche-pour-2026","status":"publish","type":"post","link":"https:\/\/news.canadamotorjobs.com\/fr\/bmw-presente-un-ix-retouche-pour-2026\/","title":{"rendered":"BMW pr\u00e9sente un iX retouch\u00e9 pour 2026"},"content":{"rendered":"<\/p>\n<p>En octobre dernier, nous \u00e9tions du c\u00f4t\u00e9 de Spartanburg, en Caroline du Sud, l\u00e0 o\u00f9 BMW est bien install\u00e9e. Nous participions \u00e0 une s\u00e9rie d\u2019essais et une journ\u00e9e avait \u00e9t\u00e9 r\u00e9serv\u00e9e \u00e0 nous pr\u00e9senter diff\u00e9rentes technologies, ainsi que certains v\u00e9hicules profitant de mises \u00e0 niveau.<\/p>\n<p>C\u2019\u00e9tait le cas du VUS \u00e9lectrique iX qu\u2019on nous avait alors montr\u00e9. Le tout \u00e9tait sous embargo jusqu\u2019\u00e0 hier soir. Voici donc ce qui change avec le BMW iX\u00a02026.<\/p>\n<h3>La gamme<\/h3>\n<p>\nLa premi\u00e8re chose \u00e0 savoir, c\u2019est que l\u2019identit\u00e9 des mod\u00e8les de la gamme a \u00e9t\u00e9 revue. Nous avions droit aux propositions xDrive\u00a040, xDrive\u00a050, ainsi que M60 xDrive. La nouvelle famille va toujours compter trois mod\u00e8les au Canada. La version de base va cependant prendre le nom de xDrive45 et sera offerte \u00e0 88\u2009900\u00a0$. La variante de milieu de gamme va d\u00e9sormais porter l\u2019appellation\u00a0xDrive60, et s\u2019accompagner d\u2019une facture de 94\u2009900\u00a0$. Enfin, la livr\u00e9e plus performante et plus haut de gamme maintenant nomm\u00e9e M70 xDrive sera vendue 129\u2009000\u00a0$.<\/p>\n<p>Dans les deux derniers cas, on parle de baisses de prix importantes. L\u2019iX xDrive\u00a050 se vendait pr\u00e8s de 102\u2009000\u00a0$, alors que le mod\u00e8le\u00a0M60 xDrive s\u2019affichait \u00e0 pr\u00e8s de 139\u2009000\u00a0$.<\/p>\n<p>Pour l\u2019iX\u00a0xDrive45, la puissance sera \u00e0 402 chevaux, l\u2019autonomie \u00e0 502\u00a0km. L\u2019iX\u00a0xDrive60 va proposer 536\u00a0chevaux et une autonomie de 547\u00a0km. Avec le mod\u00e8le iX\u00a0M70 xDrive, qui va se laisser reconna\u00eetre avec des \u00e9l\u00e9ments de design emprunt\u00e9s \u00e0 la signature M, la puissance sera de 650\u00a0forces, la libert\u00e9 de 486\u00a0km. Notez que les tests ont \u00e9t\u00e9 r\u00e9alis\u00e9s par BMW, selon les normes de l\u2019EPA (Environmental Protection Agency) am\u00e9ricaine. Le tout sera \u00e0 confirmer.<\/p>\n<p>La variante\u00a0xDrive45 profite d\u2019une batterie ayant une capacit\u00e9 utilisable de 100,1\u00a0kWh. On parle de 113,4\u00a0kWh et 112,8\u00a0kWh pour les deux autres mod\u00e8les, dans l\u2019ordre.<\/p>\n<h3>Le style<\/h3>\n<p>\nBMW a retouch\u00e9 son iX de fa\u00e7on subtile, surtout en \u00e9purant les lignes. La calandre profite d\u2019un cadre qui a \u00e9t\u00e9 redessin\u00e9 et qui propose un nouveau design de lignes \u00e0 la fois verticales et diagonales. Elle peut \u00eatre \u00e9clair\u00e9e en option avec les deux premiers mod\u00e8les, alors que la chose est de s\u00e9rie avec la version plus haut de gamme.<\/p>\n<p>Les phares ont \u00e9galement \u00e9t\u00e9 redessin\u00e9s avec des traits verticaux pour les phares de jour et les clignotants.<\/p>\n<p>\u00c0 l\u2019arri\u00e8re, d\u2019autres petits changements, tous en discr\u00e9tion. Le hayon s\u2019\u00e9tend sur toute la partie arri\u00e8re, sans rupture. La jupe arri\u00e8re a \u00e9t\u00e9 redessin\u00e9e et inclut un diffuseur int\u00e9gr\u00e9 avec la variante\u00a0M70 xDrive, un \u00e9l\u00e9ment en lien avec l\u2019approche M Sport qui est optionnelle avec les autres variantes.<\/p>\n<p>Pour les roues, vous allez trouver des jantes en alliage de 20 \u00e0 22\u00a0pouces, selon le mod\u00e8le. Leur design a \u00e9t\u00e9 retravaill\u00e9 pour \u00eatre plus a\u00e9rodynamique. On nous expliquait sur place que cela pouvait se traduire par un gain de 2\u00a0% \u00e0 4\u00a0% de l\u2019autonomie.<\/p>\n<p>De nouvelles couleurs sont aussi au menu.<\/p>\n<h3>\u00c0 bord<\/h3>\n<p>\n\u00c0 l\u2019int\u00e9rieur, on ne sera pas d\u00e9pays\u00e9 non plus. On trouve de nouveaux si\u00e8ges multifonctions M qui proposent un meilleur soutien lat\u00e9ral. Leur design se laisse admirer. Un des r\u00e9glages qu\u2019ils proposent concerne la largeur du dossier. Int\u00e9ressant. Un contour plus prononc\u00e9 au niveau des cuisses et des \u00e9paules est aussi au menu. Ces si\u00e8ges sont une option avec le groupe M Sport pour les deux premiers mod\u00e8les, mais ils sont servis de s\u00e9rie avec la variante\u00a070.<\/p>\n<p>Ce groupe M Sport propose \u00e9galement un volant en cuir M, un tableau de bord bicolore, une sellerie de cuir, des accents en argent fonc\u00e9 et un p\u00e9dalier M.<\/p>\n<p>De nouvelles surfaces sont aussi de la partie, et les diff\u00e9rentes combinaisons d\u2019un mod\u00e8le \u00e0 l\u2019autre sont nombreuses\u2009; des heures de plaisir avec l\u2019outil de configuration du mod\u00e8le<\/p>\n<h3>Autres changements<\/h3>\n<p>\nLe BMW iX\u00a02026 profite de plusieurs autres changements, que ce soit des ajustements de ch\u00e2ssis et de suspension, de nouvelles technologies pour la livr\u00e9e de la puissance, la capacit\u00e9 de recharge ou la r\u00e9cup\u00e9ration d\u2019\u00e9nergie, ou encore avec l\u2019introduction d\u2019une nouvelle pompe \u00e0 chaleur plus efficace. Et c\u2019est sans compter la s\u00e9curit\u00e9 et les aides \u00e0 la conduite, des \u00e9l\u00e9ments qui ont \u00e9t\u00e9 revus et optimis\u00e9s, tout comme la connectivit\u00e9.<\/p>\n<p>Le communiqu\u00e9 de presse relatant les changements apport\u00e9s au mod\u00e8le a les allures d\u2019un roman.<\/p>\n<p>Nous aurons l\u2019occasion de revenir sur le iX\u00a02026 une fois que nous aurons eu l\u2019occasion d\u2019en faire l\u2019essai.<\/p>\n<p>\u00a0<\/p>\n<p>\u00a0<\/p>\n<p>\u00a0<\/p>\n<p>\u00a0<\/p>\n<p>\u00a0<\/p>\n<p>Le texte <a rel=\"nofollow\" href=\"https:\/\/annuelauto.ca\/bmw-presente-un-ix-retouche-pour-2026\/\">BMW pr\u00e9sente un iX retouch\u00e9 pour 2026<\/a> provient de <a rel=\"nofollow\" href=\"https:\/\/annuelauto.ca\">L&#8217;annuel de l&#8217;automobile &#8211; Actualit\u00e9 automobile<\/a><\/p>\n<p><\/p>\n","protected":false},"excerpt":{"rendered":"<p>En octobre dernier, nous \u00e9tions du c\u00f4t\u00e9 de Spartanburg, en Caroline du Sud, l\u00e0 o\u00f9 BMW est bien install\u00e9e. Nous participions \u00e0 une s\u00e9rie d\u2019essais et une journ\u00e9e avait \u00e9t\u00e9 r\u00e9serv\u00e9e \u00e0 nous pr\u00e9senter diff\u00e9rentes technologies, ainsi que certains v\u00e9hicules profitant de mises \u00e0 niveau. C\u2019\u00e9tait le cas du VUS \u00e9lectrique iX qu\u2019on nous avait [&hellip;]<\/p>\n","protected":false},"author":8,"featured_media":191244,"comment_status":"close","ping_status":"closed","sticky":false,"template":"","format":"standard","meta":{"_monsterinsights_skip_tracking":false,"_monsterinsights_sitenote_active":false,"_monsterinsights_sitenote_note":"","_monsterinsights_sitenote_category":0,"footnotes":""},"categories":[101],"tags":[],"yoast_head":"<!-- This site is optimized with the Yoast SEO plugin v23.2 - https:\/\/yoast.com\/wordpress\/plugins\/seo\/ -->\n<title>BMW pr\u00e9sente un iX retouch\u00e9 pour 2026 - CanadaMotorJobs.com<\/title>\n<meta name=\"description\" content=\"BMW pr\u00e9sente un iX retouch\u00e9 pour 2026 - Benoit Charette - Annuel automobile - CanadaMotorJobs.com.\" \/>\n<meta name=\"robots\" content=\"index, follow, max-snippet:-1, max-image-preview:large, max-video-preview:-1\" \/>\n<meta property=\"og:locale\" content=\"fr_CA\" \/>\n<meta property=\"og:type\" content=\"article\" \/>\n<meta property=\"og:title\" content=\"BMW pr\u00e9sente un iX retouch\u00e9 pour 2026 - CanadaMotorJobs.com\" \/>\n<meta property=\"og:description\" content=\"BMW pr\u00e9sente un iX retouch\u00e9 pour 2026 - Benoit Charette - Annuel automobile - CanadaMotorJobs.com.\" \/>\n<meta property=\"og:url\" content=\"https:\/\/news.canadamotorjobs.com\/fr\/bmw-presente-un-ix-retouche-pour-2026\/\" \/>\n<meta property=\"og:site_name\" content=\"CanadaMotorJobs.com\" \/>\n<meta property=\"article:publisher\" content=\"https:\/\/www.facebook.com\/canadamotorjobs\/\" \/>\n<meta property=\"article:published_time\" content=\"2025-01-29T12:55:57+00:00\" \/>\n<meta property=\"article:modified_time\" content=\"2025-01-29T13:00:10+00:00\" \/>\n<meta property=\"og:image\" content=\"https:\/\/news.canadamotorjobs.com\/wp-content\/uploads\/2025\/01\/P90585144_highRes_the-new-bmw-ix-xdriv.jpg\" \/>\n\t<meta property=\"og:image:width\" content=\"1350\" \/>\n\t<meta property=\"og:image:height\" content=\"900\" \/>\n\t<meta property=\"og:image:type\" content=\"image\/jpeg\" \/>\n<meta name=\"author\" content=\"Benoit Charette\" \/>\n<meta name=\"twitter:card\" content=\"summary_large_image\" \/>\n<meta name=\"twitter:creator\" content=\"@canadamotorjobs\" \/>\n<meta name=\"twitter:site\" content=\"@canadamotorjobs\" \/>\n<meta name=\"twitter:label1\" content=\"\u00c9crit par\" \/>\n\t<meta name=\"twitter:data1\" content=\"Benoit Charette\" \/>\n\t<meta name=\"twitter:label2\" content=\"Estimation du temps de lecture\" \/>\n\t<meta name=\"twitter:data2\" content=\"4 minutes\" \/>\n<!-- \/ Yoast SEO plugin. -->","yoast_head_json":{"title":"BMW pr\u00e9sente un iX retouch\u00e9 pour 2026 - CanadaMotorJobs.com","description":"BMW pr\u00e9sente un iX retouch\u00e9 pour 2026 - Benoit Charette - Annuel automobile - CanadaMotorJobs.com.","robots":{"index":"index","follow":"follow","max-snippet":"max-snippet:-1","max-image-preview":"max-image-preview:large","max-video-preview":"max-video-preview:-1"},"og_locale":"fr_CA","og_type":"article","og_title":"BMW pr\u00e9sente un iX retouch\u00e9 pour 2026 - CanadaMotorJobs.com","og_description":"BMW pr\u00e9sente un iX retouch\u00e9 pour 2026 - Benoit Charette - Annuel automobile - CanadaMotorJobs.com.","og_url":"https:\/\/news.canadamotorjobs.com\/fr\/bmw-presente-un-ix-retouche-pour-2026\/","og_site_name":"CanadaMotorJobs.com","article_publisher":"https:\/\/www.facebook.com\/canadamotorjobs\/","article_published_time":"2025-01-29T12:55:57+00:00","article_modified_time":"2025-01-29T13:00:10+00:00","og_image":[{"width":1350,"height":900,"url":"https:\/\/news.canadamotorjobs.com\/wp-content\/uploads\/2025\/01\/P90585144_highRes_the-new-bmw-ix-xdriv.jpg","type":"image\/jpeg"}],"author":"Benoit Charette","twitter_card":"summary_large_image","twitter_creator":"@canadamotorjobs","twitter_site":"@canadamotorjobs","twitter_misc":{"\u00c9crit par":"Benoit Charette","Estimation du temps de lecture":"4 minutes"},"schema":{"@context":"https:\/\/schema.org","@graph":[{"@type":"Article","@id":"https:\/\/news.canadamotorjobs.com\/fr\/bmw-presente-un-ix-retouche-pour-2026\/#article","isPartOf":{"@id":"https:\/\/news.canadamotorjobs.com\/fr\/bmw-presente-un-ix-retouche-pour-2026\/"},"author":{"name":"Benoit Charette","@id":"https:\/\/news.canadamotorjobs.com\/#\/schema\/person\/51793d1f87d44011d7bcc2ed99269a90"},"headline":"BMW pr\u00e9sente un iX retouch\u00e9 pour 2026","datePublished":"2025-01-29T12:55:57+00:00","dateModified":"2025-01-29T13:00:10+00:00","mainEntityOfPage":{"@id":"https:\/\/news.canadamotorjobs.com\/fr\/bmw-presente-un-ix-retouche-pour-2026\/"},"wordCount":812,"publisher":{"@id":"https:\/\/news.canadamotorjobs.com\/#organization"},"image":{"@id":"https:\/\/news.canadamotorjobs.com\/fr\/bmw-presente-un-ix-retouche-pour-2026\/#primaryimage"},"thumbnailUrl":"https:\/\/news.canadamotorjobs.com\/wp-content\/uploads\/2025\/01\/P90585144_highRes_the-new-bmw-ix-xdriv.jpg","articleSection":["Annuel automobile"],"inLanguage":"fr-CA"},{"@type":"WebPage","@id":"https:\/\/news.canadamotorjobs.com\/fr\/bmw-presente-un-ix-retouche-pour-2026\/","url":"https:\/\/news.canadamotorjobs.com\/fr\/bmw-presente-un-ix-retouche-pour-2026\/","name":"BMW pr\u00e9sente un iX retouch\u00e9 pour 2026 - CanadaMotorJobs.com","isPartOf":{"@id":"https:\/\/news.canadamotorjobs.com\/#website"},"primaryImageOfPage":{"@id":"https:\/\/news.canadamotorjobs.com\/fr\/bmw-presente-un-ix-retouche-pour-2026\/#primaryimage"},"image":{"@id":"https:\/\/news.canadamotorjobs.com\/fr\/bmw-presente-un-ix-retouche-pour-2026\/#primaryimage"},"thumbnailUrl":"https:\/\/news.canadamotorjobs.com\/wp-content\/uploads\/2025\/01\/P90585144_highRes_the-new-bmw-ix-xdriv.jpg","datePublished":"2025-01-29T12:55:57+00:00","dateModified":"2025-01-29T13:00:10+00:00","description":"BMW pr\u00e9sente un iX retouch\u00e9 pour 2026 - Benoit Charette - Annuel automobile - CanadaMotorJobs.com.","breadcrumb":{"@id":"https:\/\/news.canadamotorjobs.com\/fr\/bmw-presente-un-ix-retouche-pour-2026\/#breadcrumb"},"inLanguage":"fr-CA","potentialAction":[{"@type":"ReadAction","target":["https:\/\/news.canadamotorjobs.com\/fr\/bmw-presente-un-ix-retouche-pour-2026\/"]}]},{"@type":"ImageObject","inLanguage":"fr-CA","@id":"https:\/\/news.canadamotorjobs.com\/fr\/bmw-presente-un-ix-retouche-pour-2026\/#primaryimage","url":"https:\/\/news.canadamotorjobs.com\/wp-content\/uploads\/2025\/01\/P90585144_highRes_the-new-bmw-ix-xdriv.jpg","contentUrl":"https:\/\/news.canadamotorjobs.com\/wp-content\/uploads\/2025\/01\/P90585144_highRes_the-new-bmw-ix-xdriv.jpg","width":1350,"height":900},{"@type":"BreadcrumbList","@id":"https:\/\/news.canadamotorjobs.com\/fr\/bmw-presente-un-ix-retouche-pour-2026\/#breadcrumb","itemListElement":[{"@type":"ListItem","position":1,"name":"Home","item":"https:\/\/news.canadamotorjobs.com\/fr\/blog\/"},{"@type":"ListItem","position":2,"name":"BMW pr\u00e9sente un iX retouch\u00e9 pour 2026"}]},{"@type":"WebSite","@id":"https:\/\/news.canadamotorjobs.com\/#website","url":"https:\/\/news.canadamotorjobs.com\/","name":"CanadaMotorJobs.com","description":"Automotive Jobs","publisher":{"@id":"https:\/\/news.canadamotorjobs.com\/#organization"},"potentialAction":[{"@type":"SearchAction","target":{"@type":"EntryPoint","urlTemplate":"https:\/\/news.canadamotorjobs.com\/?s={search_term_string}"},"query-input":"required name=search_term_string"}],"inLanguage":"fr-CA"},{"@type":"Organization","@id":"https:\/\/news.canadamotorjobs.com\/#organization","name":"Canada Motor Jobs","url":"https:\/\/news.canadamotorjobs.com\/","logo":{"@type":"ImageObject","inLanguage":"fr-CA","@id":"https:\/\/news.canadamotorjobs.com\/#\/schema\/logo\/image\/","url":"https:\/\/news.canadamotorjobs.com\/wp-content\/uploads\/2022\/10\/logo-canada-motor-jobs-1.png","contentUrl":"https:\/\/news.canadamotorjobs.com\/wp-content\/uploads\/2022\/10\/logo-canada-motor-jobs-1.png","width":800,"height":400,"caption":"Canada Motor Jobs"},"image":{"@id":"https:\/\/news.canadamotorjobs.com\/#\/schema\/logo\/image\/"},"sameAs":["https:\/\/www.facebook.com\/canadamotorjobs\/","https:\/\/x.com\/canadamotorjobs","https:\/\/www.instagram.com\/canadamotorjobs\/","https:\/\/www.linkedin.com\/company\/canadamotorjobs"]},{"@type":"Person","@id":"https:\/\/news.canadamotorjobs.com\/#\/schema\/person\/51793d1f87d44011d7bcc2ed99269a90","name":"Benoit Charette","image":{"@type":"ImageObject","inLanguage":"fr-CA","@id":"https:\/\/news.canadamotorjobs.com\/#\/schema\/person\/image\/","url":"https:\/\/secure.gravatar.com\/avatar\/45f3d2eebcccd909668d7ce7ea7267b6?s=96&d=mm&r=g","contentUrl":"https:\/\/secure.gravatar.com\/avatar\/45f3d2eebcccd909668d7ce7ea7267b6?s=96&d=mm&r=g","caption":"Benoit Charette"},"description":"Benoit Charette \/ Propri\u00e9taire et r\u00e9dacteur en chef Benoit Charette pratique le journalisme automobile depuis bient\u00f4t 30 ans. Il a fait ses classes au c\u00f4t\u00e9 de Daniel H\u00e9raud et au Carnet de route de 1992 \u00e0 2001. Il est fondateur, copropri\u00e9taire et r\u00e9dacteur en chef de L\u2019Annuel de l\u2019automobile, qu\u2019il publie depuis 2001. Il a anim\u00e9 les \u00e9missions RPM et RPM+ sur V et les L\u00e9gendes de la route sur Historia. \u00c0 la radio depuis 1986, il reprend l\u2019antenne cette ann\u00e9e sur les ondes de Cogeco et participe pour la deuxi\u00e8me ann\u00e9e \u00e0 l\u2019\u00e9mission Passion Auto sur RDS en plus de mettre en ligne le site Web officiel de L\u2019Annuel de l\u2019automobile sur annuelauto.ca.","sameAs":["https:\/\/annuelauto.ca\/"],"url":"https:\/\/news.canadamotorjobs.com\/fr\/author\/benoit-charette\/"}]}},"_links":{"self":[{"href":"https:\/\/news.canadamotorjobs.com\/fr\/wp-json\/wp\/v2\/posts\/191242"}],"collection":[{"href":"https:\/\/news.canadamotorjobs.com\/fr\/wp-json\/wp\/v2\/posts"}],"about":[{"href":"https:\/\/news.canadamotorjobs.com\/fr\/wp-json\/wp\/v2\/types\/post"}],"author":[{"embeddable":true,"href":"https:\/\/news.canadamotorjobs.com\/fr\/wp-json\/wp\/v2\/users\/8"}],"replies":[{"embeddable":true,"href":"https:\/\/news.canadamotorjobs.com\/fr\/wp-json\/wp\/v2\/comments?post=191242"}],"version-history":[{"count":2,"href":"https:\/\/news.canadamotorjobs.com\/fr\/wp-json\/wp\/v2\/posts\/191242\/revisions"}],"predecessor-version":[{"id":191246,"href":"https:\/\/news.canadamotorjobs.com\/fr\/wp-json\/wp\/v2\/posts\/191242\/revisions\/191246"}],"wp:featuredmedia":[{"embeddable":true,"href":"https:\/\/news.canadamotorjobs.com\/fr\/wp-json\/wp\/v2\/media\/191244"}],"wp:attachment":[{"href":"https:\/\/news.canadamotorjobs.com\/fr\/wp-json\/wp\/v2\/media?parent=191242"}],"wp:term":[{"taxonomy":"category","embeddable":true,"href":"https:\/\/news.canadamotorjobs.com\/fr\/wp-json\/wp\/v2\/categories?post=191242"},{"taxonomy":"post_tag","embeddable":true,"href":"https:\/\/news.canadamotorjobs.com\/fr\/wp-json\/wp\/v2\/tags?post=191242"}],"curies":[{"name":"wp","href":"https:\/\/api.w.org\/{rel}","templated":true}]}}