{"id":191214,"date":"2025-01-29T02:24:24","date_gmt":"2025-01-29T07:24:24","guid":{"rendered":"https:\/\/news.canadamotorjobs.com\/?p=191214"},"modified":"2025-01-29T02:30:58","modified_gmt":"2025-01-29T07:30:58","slug":"discussions-entre-volkswagen-et-ses-partenaires-chinois-pour-un-investissement-dans-ses-usines-allemandes","status":"publish","type":"post","link":"https:\/\/news.canadamotorjobs.com\/fr\/discussions-entre-volkswagen-et-ses-partenaires-chinois-pour-un-investissement-dans-ses-usines-allemandes\/","title":{"rendered":"Discussions entre Volkswagen et ses partenaires chinois pour un investissement dans ses usines allemandes"},"content":{"rendered":"<\/p>\n<p>Volkswagen a confirm\u00e9 avoir entam\u00e9 des discussions avec ses partenaires chinois concernant un potentiel investissement dans ses usines en Allemagne. Oliver Blume, le chef de la direction du groupe Volkswagen a d\u00e9clar\u00e9 lors d\u2019une conf\u00e9rence \u00e0 Berlin le 28 janvier dernier qu\u2019il s\u2019agissait de \u00ab conversations sans d\u00e9cisions concr\u00e8tes \u00bb, tout en accueillant favorablement les investissements \u00e9trangers en Europe.<\/p>\n<p><strong>Usines de Dresde et d\u2019Osnabr\u00fcck dans les discussions<\/strong><\/p>\n<p>Volkswagen explore actuellement des solutions de rechange pour ses usines de Dresde et d\u2019Osnabr\u00fcck dans le cadre d\u2019une strat\u00e9gie de r\u00e9duction des co\u00fbts et de restructuration.<\/p>\n<p>L\u2019usine de Dresde, qui emploie 340 personnes et produit la compacte \u00e9lectrique ID.3, cessera sa production en 2027.<\/p>\n<p><\/p>\n<figure><img decoding=\"async\" src=\"https:\/\/news.canadamotorjobs.com\/wp-content\/uploads\/2025\/01\/volkswagen-Osnabruck-plant-001-5.jpg\" alt=\"L&#039;usine Osnabruck de Volkswagen\" \/><figcaption>L&#8217;usine Osnabruck de Volkswagen | Auto123.com<\/figcaption><\/figure>\n<p>Concernant Osnabr\u00fcck, des sources internes ont r\u00e9v\u00e9l\u00e9 que Volkswagen pourrait envisager une vente \u00e0 un investisseur chinois, une option jug\u00e9e plus rentable que la fermeture.<\/p>\n<p><strong>Les partenaires chinois et leur int\u00e9r\u00eat pour l\u2019Europe<\/strong><\/p>\n<p>Volkswagen collabore \u00e9troitement avec trois partenaires en Chine, soit SAIC, FAW et JAC, en plus de sa participation dans la jeune pousse Xpeng. Actuellement, aucun de ces acteurs n\u2019a de capacit\u00e9 de production en Europe.<\/p>\n<p>Cependant, l\u2019int\u00e9r\u00eat des constructeurs chinois pour les usines allemandes pourrait leur permettre d\u2019\u00e9viter les droits de douane de l\u2019Union europ\u00e9enne sur les importations de v\u00e9hicules \u00e9lectriques fabriqu\u00e9s en Chine.<\/p>\n<p>Stephan Soldanski, repr\u00e9sentant syndical d\u2019Osnabr\u00fcck, a d\u00e9clar\u00e9 que les travailleurs accepteraient de produire pour les partenaires chinois, mais uniquement sous le logo et les normes de Volkswagen.<\/p>\n<p><strong>Une d\u00e9cision strat\u00e9gique et politique<\/strong><\/p>\n<p>Volkswagen, symbole de la puissance industrielle allemande, est confront\u00e9 \u00e0 une baisse mondiale de la demande et \u00e0 des d\u00e9fis li\u00e9s \u00e0 la transition \u00e9cologique.<\/p>\n<p>La vente potentielle des usines allemandes \u00e0 des investisseurs chinois pourrait rapporter entre 100 et 300 millions d\u2019euros par site, selon un banquier proche du dossier. Cette initiative, qui est strat\u00e9gique pour Volkswagen, pourrait devenir un enjeu politique d\u00e9licat.<\/p>\n<p>Les investissements chinois en Allemagne, couvrant des secteurs tels que les t\u00e9l\u00e9communications et la robotique, pourraient d\u00e9sormais inclure l\u2019automobile, augmentant ainsi la pression sur les constructeurs europ\u00e9ens d\u00e9j\u00e0 en lutte pour rester comp\u00e9titifs face \u00e0 l\u2019essor des v\u00e9hicules \u00e9lectriques chinois.<\/p>\n<p><\/p>\n<p style=\"padding-top: 15px\">Contenu original de <a href=\"https:\/\/www.auto123.com\/fr\/actualites\/volkswagen-investissement-usines-allemandes\/72332\/\">auto123<\/a>.<\/p>\n<p>Le texte <a rel=\"nofollow\" href=\"https:\/\/annuelauto.ca\/discussions-entre-volkswagen-et-ses-partenaires-chinois-pour-un-investissement-dans-ses-usines-allemandes\/\">Discussions entre Volkswagen et ses partenaires chinois pour un investissement dans ses usines allemandes<\/a> provient de <a rel=\"nofollow\" href=\"https:\/\/annuelauto.ca\">L&#8217;annuel de l&#8217;automobile &#8211; Actualit\u00e9 automobile<\/a><\/p>\n<p><\/p>\n","protected":false},"excerpt":{"rendered":"<p>Volkswagen a confirm\u00e9 avoir entam\u00e9 des discussions avec ses partenaires chinois concernant un potentiel investissement dans ses usines en Allemagne. Oliver Blume, le chef de la direction du groupe Volkswagen a d\u00e9clar\u00e9 lors d\u2019une conf\u00e9rence \u00e0 Berlin le 28 janvier dernier qu\u2019il s\u2019agissait de \u00ab conversations sans d\u00e9cisions concr\u00e8tes \u00bb, tout en accueillant favorablement les [&hellip;]<\/p>\n","protected":false},"author":8,"featured_media":191216,"comment_status":"close","ping_status":"closed","sticky":false,"template":"","format":"standard","meta":{"_monsterinsights_skip_tracking":false,"_monsterinsights_sitenote_active":false,"_monsterinsights_sitenote_note":"","_monsterinsights_sitenote_category":0,"footnotes":""},"categories":[101],"tags":[],"yoast_head":"<!-- This site is optimized with the Yoast SEO plugin v23.2 - https:\/\/yoast.com\/wordpress\/plugins\/seo\/ -->\n<title>Discussions entre Volkswagen et ses partenaires chinois pour un investissement dans ses usines allemandes - CanadaMotorJobs.com<\/title>\n<meta name=\"description\" content=\"Discussions entre Volkswagen et ses partenaires chinois pour un investissement dans ses usines allemandes - Benoit Charette - Annuel automobile - CanadaMotorJobs.com.\" \/>\n<meta name=\"robots\" content=\"index, follow, max-snippet:-1, max-image-preview:large, max-video-preview:-1\" \/>\n<meta property=\"og:locale\" content=\"fr_CA\" \/>\n<meta property=\"og:type\" content=\"article\" \/>\n<meta property=\"og:title\" content=\"Discussions entre Volkswagen et ses partenaires chinois pour un investissement dans ses usines allemandes - CanadaMotorJobs.com\" \/>\n<meta property=\"og:description\" content=\"Discussions entre Volkswagen et ses partenaires chinois pour un investissement dans ses usines allemandes - Benoit Charette - Annuel automobile - CanadaMotorJobs.com.\" \/>\n<meta property=\"og:url\" content=\"https:\/\/news.canadamotorjobs.com\/fr\/discussions-entre-volkswagen-et-ses-partenaires-chinois-pour-un-investissement-dans-ses-usines-allemandes\/\" \/>\n<meta property=\"og:site_name\" content=\"CanadaMotorJobs.com\" \/>\n<meta property=\"article:publisher\" content=\"https:\/\/www.facebook.com\/canadamotorjobs\/\" \/>\n<meta property=\"article:published_time\" content=\"2025-01-29T07:24:24+00:00\" \/>\n<meta property=\"article:modified_time\" content=\"2025-01-29T07:30:58+00:00\" \/>\n<meta property=\"og:image\" content=\"https:\/\/news.canadamotorjobs.com\/wp-content\/uploads\/2025\/01\/volkswagen-Osnabruck-plant-001.jpg\" \/>\n\t<meta property=\"og:image:width\" content=\"1200\" \/>\n\t<meta property=\"og:image:height\" content=\"800\" \/>\n\t<meta property=\"og:image:type\" content=\"image\/jpeg\" \/>\n<meta name=\"author\" content=\"Benoit Charette\" \/>\n<meta name=\"twitter:card\" content=\"summary_large_image\" \/>\n<meta name=\"twitter:creator\" content=\"@canadamotorjobs\" \/>\n<meta name=\"twitter:site\" content=\"@canadamotorjobs\" \/>\n<meta name=\"twitter:label1\" content=\"\u00c9crit par\" \/>\n\t<meta name=\"twitter:data1\" content=\"Benoit Charette\" \/>\n\t<meta name=\"twitter:label2\" content=\"Estimation du temps de lecture\" \/>\n\t<meta name=\"twitter:data2\" content=\"2 minutes\" \/>\n<!-- \/ Yoast SEO plugin. -->","yoast_head_json":{"title":"Discussions entre Volkswagen et ses partenaires chinois pour un investissement dans ses usines allemandes - CanadaMotorJobs.com","description":"Discussions entre Volkswagen et ses partenaires chinois pour un investissement dans ses usines allemandes - Benoit Charette - Annuel automobile - CanadaMotorJobs.com.","robots":{"index":"index","follow":"follow","max-snippet":"max-snippet:-1","max-image-preview":"max-image-preview:large","max-video-preview":"max-video-preview:-1"},"og_locale":"fr_CA","og_type":"article","og_title":"Discussions entre Volkswagen et ses partenaires chinois pour un investissement dans ses usines allemandes - CanadaMotorJobs.com","og_description":"Discussions entre Volkswagen et ses partenaires chinois pour un investissement dans ses usines allemandes - Benoit Charette - Annuel automobile - CanadaMotorJobs.com.","og_url":"https:\/\/news.canadamotorjobs.com\/fr\/discussions-entre-volkswagen-et-ses-partenaires-chinois-pour-un-investissement-dans-ses-usines-allemandes\/","og_site_name":"CanadaMotorJobs.com","article_publisher":"https:\/\/www.facebook.com\/canadamotorjobs\/","article_published_time":"2025-01-29T07:24:24+00:00","article_modified_time":"2025-01-29T07:30:58+00:00","og_image":[{"width":1200,"height":800,"url":"https:\/\/news.canadamotorjobs.com\/wp-content\/uploads\/2025\/01\/volkswagen-Osnabruck-plant-001.jpg","type":"image\/jpeg"}],"author":"Benoit Charette","twitter_card":"summary_large_image","twitter_creator":"@canadamotorjobs","twitter_site":"@canadamotorjobs","twitter_misc":{"\u00c9crit par":"Benoit Charette","Estimation du temps de lecture":"2 minutes"},"schema":{"@context":"https:\/\/schema.org","@graph":[{"@type":"Article","@id":"https:\/\/news.canadamotorjobs.com\/fr\/discussions-entre-volkswagen-et-ses-partenaires-chinois-pour-un-investissement-dans-ses-usines-allemandes\/#article","isPartOf":{"@id":"https:\/\/news.canadamotorjobs.com\/fr\/discussions-entre-volkswagen-et-ses-partenaires-chinois-pour-un-investissement-dans-ses-usines-allemandes\/"},"author":{"name":"Benoit Charette","@id":"https:\/\/news.canadamotorjobs.com\/#\/schema\/person\/51793d1f87d44011d7bcc2ed99269a90"},"headline":"Discussions entre Volkswagen et ses partenaires chinois pour un investissement dans ses usines allemandes","datePublished":"2025-01-29T07:24:24+00:00","dateModified":"2025-01-29T07:30:58+00:00","mainEntityOfPage":{"@id":"https:\/\/news.canadamotorjobs.com\/fr\/discussions-entre-volkswagen-et-ses-partenaires-chinois-pour-un-investissement-dans-ses-usines-allemandes\/"},"wordCount":433,"publisher":{"@id":"https:\/\/news.canadamotorjobs.com\/#organization"},"image":{"@id":"https:\/\/news.canadamotorjobs.com\/fr\/discussions-entre-volkswagen-et-ses-partenaires-chinois-pour-un-investissement-dans-ses-usines-allemandes\/#primaryimage"},"thumbnailUrl":"https:\/\/news.canadamotorjobs.com\/wp-content\/uploads\/2025\/01\/volkswagen-Osnabruck-plant-001.jpg","articleSection":["Annuel automobile"],"inLanguage":"fr-CA"},{"@type":"WebPage","@id":"https:\/\/news.canadamotorjobs.com\/fr\/discussions-entre-volkswagen-et-ses-partenaires-chinois-pour-un-investissement-dans-ses-usines-allemandes\/","url":"https:\/\/news.canadamotorjobs.com\/fr\/discussions-entre-volkswagen-et-ses-partenaires-chinois-pour-un-investissement-dans-ses-usines-allemandes\/","name":"Discussions entre Volkswagen et ses partenaires chinois pour un investissement dans ses usines allemandes - CanadaMotorJobs.com","isPartOf":{"@id":"https:\/\/news.canadamotorjobs.com\/#website"},"primaryImageOfPage":{"@id":"https:\/\/news.canadamotorjobs.com\/fr\/discussions-entre-volkswagen-et-ses-partenaires-chinois-pour-un-investissement-dans-ses-usines-allemandes\/#primaryimage"},"image":{"@id":"https:\/\/news.canadamotorjobs.com\/fr\/discussions-entre-volkswagen-et-ses-partenaires-chinois-pour-un-investissement-dans-ses-usines-allemandes\/#primaryimage"},"thumbnailUrl":"https:\/\/news.canadamotorjobs.com\/wp-content\/uploads\/2025\/01\/volkswagen-Osnabruck-plant-001.jpg","datePublished":"2025-01-29T07:24:24+00:00","dateModified":"2025-01-29T07:30:58+00:00","description":"Discussions entre Volkswagen et ses partenaires chinois pour un investissement dans ses usines allemandes - Benoit Charette - Annuel automobile - CanadaMotorJobs.com.","breadcrumb":{"@id":"https:\/\/news.canadamotorjobs.com\/fr\/discussions-entre-volkswagen-et-ses-partenaires-chinois-pour-un-investissement-dans-ses-usines-allemandes\/#breadcrumb"},"inLanguage":"fr-CA","potentialAction":[{"@type":"ReadAction","target":["https:\/\/news.canadamotorjobs.com\/fr\/discussions-entre-volkswagen-et-ses-partenaires-chinois-pour-un-investissement-dans-ses-usines-allemandes\/"]}]},{"@type":"ImageObject","inLanguage":"fr-CA","@id":"https:\/\/news.canadamotorjobs.com\/fr\/discussions-entre-volkswagen-et-ses-partenaires-chinois-pour-un-investissement-dans-ses-usines-allemandes\/#primaryimage","url":"https:\/\/news.canadamotorjobs.com\/wp-content\/uploads\/2025\/01\/volkswagen-Osnabruck-plant-001.jpg","contentUrl":"https:\/\/news.canadamotorjobs.com\/wp-content\/uploads\/2025\/01\/volkswagen-Osnabruck-plant-001.jpg","width":1200,"height":800},{"@type":"BreadcrumbList","@id":"https:\/\/news.canadamotorjobs.com\/fr\/discussions-entre-volkswagen-et-ses-partenaires-chinois-pour-un-investissement-dans-ses-usines-allemandes\/#breadcrumb","itemListElement":[{"@type":"ListItem","position":1,"name":"Home","item":"https:\/\/news.canadamotorjobs.com\/fr\/blog\/"},{"@type":"ListItem","position":2,"name":"Discussions entre Volkswagen et ses partenaires chinois pour un investissement dans ses usines allemandes"}]},{"@type":"WebSite","@id":"https:\/\/news.canadamotorjobs.com\/#website","url":"https:\/\/news.canadamotorjobs.com\/","name":"CanadaMotorJobs.com","description":"Automotive Jobs","publisher":{"@id":"https:\/\/news.canadamotorjobs.com\/#organization"},"potentialAction":[{"@type":"SearchAction","target":{"@type":"EntryPoint","urlTemplate":"https:\/\/news.canadamotorjobs.com\/?s={search_term_string}"},"query-input":"required name=search_term_string"}],"inLanguage":"fr-CA"},{"@type":"Organization","@id":"https:\/\/news.canadamotorjobs.com\/#organization","name":"Canada Motor Jobs","url":"https:\/\/news.canadamotorjobs.com\/","logo":{"@type":"ImageObject","inLanguage":"fr-CA","@id":"https:\/\/news.canadamotorjobs.com\/#\/schema\/logo\/image\/","url":"https:\/\/news.canadamotorjobs.com\/wp-content\/uploads\/2022\/10\/logo-canada-motor-jobs-1.png","contentUrl":"https:\/\/news.canadamotorjobs.com\/wp-content\/uploads\/2022\/10\/logo-canada-motor-jobs-1.png","width":800,"height":400,"caption":"Canada Motor Jobs"},"image":{"@id":"https:\/\/news.canadamotorjobs.com\/#\/schema\/logo\/image\/"},"sameAs":["https:\/\/www.facebook.com\/canadamotorjobs\/","https:\/\/x.com\/canadamotorjobs","https:\/\/www.instagram.com\/canadamotorjobs\/","https:\/\/www.linkedin.com\/company\/canadamotorjobs"]},{"@type":"Person","@id":"https:\/\/news.canadamotorjobs.com\/#\/schema\/person\/51793d1f87d44011d7bcc2ed99269a90","name":"Benoit Charette","image":{"@type":"ImageObject","inLanguage":"fr-CA","@id":"https:\/\/news.canadamotorjobs.com\/#\/schema\/person\/image\/","url":"https:\/\/secure.gravatar.com\/avatar\/45f3d2eebcccd909668d7ce7ea7267b6?s=96&d=mm&r=g","contentUrl":"https:\/\/secure.gravatar.com\/avatar\/45f3d2eebcccd909668d7ce7ea7267b6?s=96&d=mm&r=g","caption":"Benoit Charette"},"description":"Benoit Charette \/ Propri\u00e9taire et r\u00e9dacteur en chef Benoit Charette pratique le journalisme automobile depuis bient\u00f4t 30 ans. Il a fait ses classes au c\u00f4t\u00e9 de Daniel H\u00e9raud et au Carnet de route de 1992 \u00e0 2001. Il est fondateur, copropri\u00e9taire et r\u00e9dacteur en chef de L\u2019Annuel de l\u2019automobile, qu\u2019il publie depuis 2001. Il a anim\u00e9 les \u00e9missions RPM et RPM+ sur V et les L\u00e9gendes de la route sur Historia. \u00c0 la radio depuis 1986, il reprend l\u2019antenne cette ann\u00e9e sur les ondes de Cogeco et participe pour la deuxi\u00e8me ann\u00e9e \u00e0 l\u2019\u00e9mission Passion Auto sur RDS en plus de mettre en ligne le site Web officiel de L\u2019Annuel de l\u2019automobile sur annuelauto.ca.","sameAs":["https:\/\/annuelauto.ca\/"],"url":"https:\/\/news.canadamotorjobs.com\/fr\/author\/benoit-charette\/"}]}},"_links":{"self":[{"href":"https:\/\/news.canadamotorjobs.com\/fr\/wp-json\/wp\/v2\/posts\/191214"}],"collection":[{"href":"https:\/\/news.canadamotorjobs.com\/fr\/wp-json\/wp\/v2\/posts"}],"about":[{"href":"https:\/\/news.canadamotorjobs.com\/fr\/wp-json\/wp\/v2\/types\/post"}],"author":[{"embeddable":true,"href":"https:\/\/news.canadamotorjobs.com\/fr\/wp-json\/wp\/v2\/users\/8"}],"replies":[{"embeddable":true,"href":"https:\/\/news.canadamotorjobs.com\/fr\/wp-json\/wp\/v2\/comments?post=191214"}],"version-history":[{"count":3,"href":"https:\/\/news.canadamotorjobs.com\/fr\/wp-json\/wp\/v2\/posts\/191214\/revisions"}],"predecessor-version":[{"id":191241,"href":"https:\/\/news.canadamotorjobs.com\/fr\/wp-json\/wp\/v2\/posts\/191214\/revisions\/191241"}],"wp:featuredmedia":[{"embeddable":true,"href":"https:\/\/news.canadamotorjobs.com\/fr\/wp-json\/wp\/v2\/media\/191216"}],"wp:attachment":[{"href":"https:\/\/news.canadamotorjobs.com\/fr\/wp-json\/wp\/v2\/media?parent=191214"}],"wp:term":[{"taxonomy":"category","embeddable":true,"href":"https:\/\/news.canadamotorjobs.com\/fr\/wp-json\/wp\/v2\/categories?post=191214"},{"taxonomy":"post_tag","embeddable":true,"href":"https:\/\/news.canadamotorjobs.com\/fr\/wp-json\/wp\/v2\/tags?post=191214"}],"curies":[{"name":"wp","href":"https:\/\/api.w.org\/{rel}","templated":true}]}}