{"id":191186,"date":"2025-01-29T02:24:24","date_gmt":"2025-01-29T07:24:24","guid":{"rendered":"https:\/\/news.canadamotorjobs.com\/?p=191186"},"modified":"2025-01-29T02:30:46","modified_gmt":"2025-01-29T07:30:46","slug":"cest-termine-pour-les-infiniti-qx50-et-qx55","status":"publish","type":"post","link":"https:\/\/news.canadamotorjobs.com\/fr\/cest-termine-pour-les-infiniti-qx50-et-qx55\/","title":{"rendered":"C\u2019est termin\u00e9 pour les Infiniti QX50 et QX55"},"content":{"rendered":"<\/p>\n<p>La nouvelle qui suit n\u2019a surpris personne ; l\u2019ann\u00e9e 2025 sera la derni\u00e8re pour les VUS QX50 et QX55 d\u2019Infiniti. Les deux mod\u00e8les voient leurs ventes baisser de fa\u00e7on importante de fa\u00e7on r\u00e9guli\u00e8re, si bien qu\u2019une d\u00e9cision devait \u00eatre prise.<\/p>\n<p>Et de mani\u00e8re g\u00e9n\u00e9rale, \u00e7a ne va pas super bien pour la marque de luxe de Nissan. En 2025, la division a vu ses ventes reculer de 10,2 % aux \u00c9tats-Unis. Le QX50 a \u00e9t\u00e9 le deuxi\u00e8me meilleur vendeur de la marque, avec 10 722 unit\u00e9s. Cependant, il arrive en fin de carri\u00e8re et la d\u00e9cision a \u00e9t\u00e9 prise de ne pas se lancer dans la conception d\u2019une nouvelle g\u00e9n\u00e9ration.<\/p>\n<p>La cuv\u00e9e actuelle a \u00e9t\u00e9 lanc\u00e9e en 2018, pour l\u2019ann\u00e9e 2019.<\/p>\n<p>Les concessionnaires ont \u00e9t\u00e9 inform\u00e9s de la fin de la production, qui est pr\u00e9vue pour d\u00e9cembre 2025 pour les deux mod\u00e8les.<\/p>\n<p><\/p>\n<figure><img decoding=\"async\" src=\"https:\/\/news.canadamotorjobs.com\/wp-content\/uploads\/2025\/01\/infiniti-qx50-2022-5.jpg\" alt=\"L&#039;Infiniti QX50\" \/><figcaption>L&#8217;Infiniti QX50 | Auto123.com<\/figcaption><\/figure>\n<p><strong>L\u2019offre Infiniti<\/strong><\/p>\n<p>On se rappellera que la berline Q50 et au coup\u00e9 Q60 ont aussi quitt\u00e9 la gamme. En revanche, un QX60 retouch\u00e9 est attendu, tout comme un QX65, qui se voudra une version au style plus sportif.<\/p>\n<p>Selon le site Automotive News, le responsable de la planification de produits chez Infiniti, Ponz Pandikuthira, a d\u00e9clar\u00e9 que les changements pr\u00e9vus s\u2019inscrivent dans un plan visant \u00e0 faire monter en grade Infiniti dans l\u2019univers du produit de luxe.<\/p>\n<p>Le dirigeant est conscient que la compagnie va perdre une client\u00e8le \u00e0 la recherche de v\u00e9hicules luxueux plus abordables, mais le plan est de vendre des mod\u00e8les qui rapportent plus, ce qui permettrait \u00e0 la compagnie de retrouver la rentabilit\u00e9.<\/p>\n<p>Ce qui sera \u00e0 surveiller, ce sont les pourparlers entre Nissan et Honda. Est-ce que la famille Infiniti pourrait profiter du travail qui se fait chez Acura, ne serait-ce que pour offrir une gamme plus diversifi\u00e9e ?<\/p>\n<p>Ce qui est certain, c\u2019est que des d\u00e9cisions devront \u00eatre prises chez Infiniti, et que la marque n\u2019a plus le droit \u00e0 l\u2019erreur. Sa survie en d\u00e9pend.<\/p>\n<p><\/p>\n<p style=\"padding-top: 15px\">Contenu original de <a href=\"https:\/\/www.auto123.com\/fr\/actualites\/infiniti-qx50-qx55-fin-production\/72329\/\">auto123<\/a>.<\/p>\n<p>Le texte <a rel=\"nofollow\" href=\"https:\/\/annuelauto.ca\/cest-termine-pour-les-infiniti-qx50-et-qx55\/\">C\u2019est termin\u00e9 pour les Infiniti QX50 et QX55<\/a> provient de <a rel=\"nofollow\" href=\"https:\/\/annuelauto.ca\">L&#8217;annuel de l&#8217;automobile &#8211; Actualit\u00e9 automobile<\/a><\/p>\n<p><\/p>\n","protected":false},"excerpt":{"rendered":"<p>La nouvelle qui suit n\u2019a surpris personne ; l\u2019ann\u00e9e 2025 sera la derni\u00e8re pour les VUS QX50 et QX55 d\u2019Infiniti. Les deux mod\u00e8les voient leurs ventes baisser de fa\u00e7on importante de fa\u00e7on r\u00e9guli\u00e8re, si bien qu\u2019une d\u00e9cision devait \u00eatre prise. Et de mani\u00e8re g\u00e9n\u00e9rale, \u00e7a ne va pas super bien pour la marque de luxe [&hellip;]<\/p>\n","protected":false},"author":8,"featured_media":191188,"comment_status":"close","ping_status":"closed","sticky":false,"template":"","format":"standard","meta":{"_monsterinsights_skip_tracking":false,"_monsterinsights_sitenote_active":false,"_monsterinsights_sitenote_note":"","_monsterinsights_sitenote_category":0,"footnotes":""},"categories":[101],"tags":[],"yoast_head":"<!-- This site is optimized with the Yoast SEO plugin v23.2 - https:\/\/yoast.com\/wordpress\/plugins\/seo\/ -->\n<title>C\u2019est termin\u00e9 pour les Infiniti QX50 et QX55 - CanadaMotorJobs.com<\/title>\n<meta name=\"description\" content=\"C\u2019est termin\u00e9 pour les Infiniti QX50 et QX55 - Benoit Charette - Annuel automobile - CanadaMotorJobs.com.\" \/>\n<meta name=\"robots\" content=\"index, follow, max-snippet:-1, max-image-preview:large, max-video-preview:-1\" \/>\n<meta property=\"og:locale\" content=\"fr_CA\" \/>\n<meta property=\"og:type\" content=\"article\" \/>\n<meta property=\"og:title\" content=\"C\u2019est termin\u00e9 pour les Infiniti QX50 et QX55 - CanadaMotorJobs.com\" \/>\n<meta property=\"og:description\" content=\"C\u2019est termin\u00e9 pour les Infiniti QX50 et QX55 - Benoit Charette - Annuel automobile - CanadaMotorJobs.com.\" \/>\n<meta property=\"og:url\" content=\"https:\/\/news.canadamotorjobs.com\/fr\/cest-termine-pour-les-infiniti-qx50-et-qx55\/\" \/>\n<meta property=\"og:site_name\" content=\"CanadaMotorJobs.com\" \/>\n<meta property=\"article:publisher\" content=\"https:\/\/www.facebook.com\/canadamotorjobs\/\" \/>\n<meta property=\"article:published_time\" content=\"2025-01-29T07:24:24+00:00\" \/>\n<meta property=\"article:modified_time\" content=\"2025-01-29T07:30:46+00:00\" \/>\n<meta property=\"og:image\" content=\"https:\/\/news.canadamotorjobs.com\/wp-content\/uploads\/2025\/01\/infiniti-qx50-2022.jpg\" \/>\n\t<meta property=\"og:image:width\" content=\"1200\" \/>\n\t<meta property=\"og:image:height\" content=\"800\" \/>\n\t<meta property=\"og:image:type\" content=\"image\/jpeg\" \/>\n<meta name=\"author\" content=\"Benoit Charette\" \/>\n<meta name=\"twitter:card\" content=\"summary_large_image\" \/>\n<meta name=\"twitter:creator\" content=\"@canadamotorjobs\" \/>\n<meta name=\"twitter:site\" content=\"@canadamotorjobs\" \/>\n<meta name=\"twitter:label1\" content=\"\u00c9crit par\" \/>\n\t<meta name=\"twitter:data1\" content=\"Benoit Charette\" \/>\n\t<meta name=\"twitter:label2\" content=\"Estimation du temps de lecture\" \/>\n\t<meta name=\"twitter:data2\" content=\"2 minutes\" \/>\n<!-- \/ Yoast SEO plugin. -->","yoast_head_json":{"title":"C\u2019est termin\u00e9 pour les Infiniti QX50 et QX55 - CanadaMotorJobs.com","description":"C\u2019est termin\u00e9 pour les Infiniti QX50 et QX55 - Benoit Charette - Annuel automobile - CanadaMotorJobs.com.","robots":{"index":"index","follow":"follow","max-snippet":"max-snippet:-1","max-image-preview":"max-image-preview:large","max-video-preview":"max-video-preview:-1"},"og_locale":"fr_CA","og_type":"article","og_title":"C\u2019est termin\u00e9 pour les Infiniti QX50 et QX55 - CanadaMotorJobs.com","og_description":"C\u2019est termin\u00e9 pour les Infiniti QX50 et QX55 - Benoit Charette - Annuel automobile - CanadaMotorJobs.com.","og_url":"https:\/\/news.canadamotorjobs.com\/fr\/cest-termine-pour-les-infiniti-qx50-et-qx55\/","og_site_name":"CanadaMotorJobs.com","article_publisher":"https:\/\/www.facebook.com\/canadamotorjobs\/","article_published_time":"2025-01-29T07:24:24+00:00","article_modified_time":"2025-01-29T07:30:46+00:00","og_image":[{"width":1200,"height":800,"url":"https:\/\/news.canadamotorjobs.com\/wp-content\/uploads\/2025\/01\/infiniti-qx50-2022.jpg","type":"image\/jpeg"}],"author":"Benoit Charette","twitter_card":"summary_large_image","twitter_creator":"@canadamotorjobs","twitter_site":"@canadamotorjobs","twitter_misc":{"\u00c9crit par":"Benoit Charette","Estimation du temps de lecture":"2 minutes"},"schema":{"@context":"https:\/\/schema.org","@graph":[{"@type":"Article","@id":"https:\/\/news.canadamotorjobs.com\/fr\/cest-termine-pour-les-infiniti-qx50-et-qx55\/#article","isPartOf":{"@id":"https:\/\/news.canadamotorjobs.com\/fr\/cest-termine-pour-les-infiniti-qx50-et-qx55\/"},"author":{"name":"Benoit Charette","@id":"https:\/\/news.canadamotorjobs.com\/#\/schema\/person\/51793d1f87d44011d7bcc2ed99269a90"},"headline":"C\u2019est termin\u00e9 pour les Infiniti QX50 et QX55","datePublished":"2025-01-29T07:24:24+00:00","dateModified":"2025-01-29T07:30:46+00:00","mainEntityOfPage":{"@id":"https:\/\/news.canadamotorjobs.com\/fr\/cest-termine-pour-les-infiniti-qx50-et-qx55\/"},"wordCount":390,"publisher":{"@id":"https:\/\/news.canadamotorjobs.com\/#organization"},"image":{"@id":"https:\/\/news.canadamotorjobs.com\/fr\/cest-termine-pour-les-infiniti-qx50-et-qx55\/#primaryimage"},"thumbnailUrl":"https:\/\/news.canadamotorjobs.com\/wp-content\/uploads\/2025\/01\/infiniti-qx50-2022.jpg","articleSection":["Annuel automobile"],"inLanguage":"fr-CA"},{"@type":"WebPage","@id":"https:\/\/news.canadamotorjobs.com\/fr\/cest-termine-pour-les-infiniti-qx50-et-qx55\/","url":"https:\/\/news.canadamotorjobs.com\/fr\/cest-termine-pour-les-infiniti-qx50-et-qx55\/","name":"C\u2019est termin\u00e9 pour les Infiniti QX50 et QX55 - CanadaMotorJobs.com","isPartOf":{"@id":"https:\/\/news.canadamotorjobs.com\/#website"},"primaryImageOfPage":{"@id":"https:\/\/news.canadamotorjobs.com\/fr\/cest-termine-pour-les-infiniti-qx50-et-qx55\/#primaryimage"},"image":{"@id":"https:\/\/news.canadamotorjobs.com\/fr\/cest-termine-pour-les-infiniti-qx50-et-qx55\/#primaryimage"},"thumbnailUrl":"https:\/\/news.canadamotorjobs.com\/wp-content\/uploads\/2025\/01\/infiniti-qx50-2022.jpg","datePublished":"2025-01-29T07:24:24+00:00","dateModified":"2025-01-29T07:30:46+00:00","description":"C\u2019est termin\u00e9 pour les Infiniti QX50 et QX55 - Benoit Charette - Annuel automobile - CanadaMotorJobs.com.","breadcrumb":{"@id":"https:\/\/news.canadamotorjobs.com\/fr\/cest-termine-pour-les-infiniti-qx50-et-qx55\/#breadcrumb"},"inLanguage":"fr-CA","potentialAction":[{"@type":"ReadAction","target":["https:\/\/news.canadamotorjobs.com\/fr\/cest-termine-pour-les-infiniti-qx50-et-qx55\/"]}]},{"@type":"ImageObject","inLanguage":"fr-CA","@id":"https:\/\/news.canadamotorjobs.com\/fr\/cest-termine-pour-les-infiniti-qx50-et-qx55\/#primaryimage","url":"https:\/\/news.canadamotorjobs.com\/wp-content\/uploads\/2025\/01\/infiniti-qx50-2022.jpg","contentUrl":"https:\/\/news.canadamotorjobs.com\/wp-content\/uploads\/2025\/01\/infiniti-qx50-2022.jpg","width":1200,"height":800},{"@type":"BreadcrumbList","@id":"https:\/\/news.canadamotorjobs.com\/fr\/cest-termine-pour-les-infiniti-qx50-et-qx55\/#breadcrumb","itemListElement":[{"@type":"ListItem","position":1,"name":"Home","item":"https:\/\/news.canadamotorjobs.com\/fr\/blog\/"},{"@type":"ListItem","position":2,"name":"C\u2019est termin\u00e9 pour les Infiniti QX50 et QX55"}]},{"@type":"WebSite","@id":"https:\/\/news.canadamotorjobs.com\/#website","url":"https:\/\/news.canadamotorjobs.com\/","name":"CanadaMotorJobs.com","description":"Automotive Jobs","publisher":{"@id":"https:\/\/news.canadamotorjobs.com\/#organization"},"potentialAction":[{"@type":"SearchAction","target":{"@type":"EntryPoint","urlTemplate":"https:\/\/news.canadamotorjobs.com\/?s={search_term_string}"},"query-input":"required name=search_term_string"}],"inLanguage":"fr-CA"},{"@type":"Organization","@id":"https:\/\/news.canadamotorjobs.com\/#organization","name":"Canada Motor Jobs","url":"https:\/\/news.canadamotorjobs.com\/","logo":{"@type":"ImageObject","inLanguage":"fr-CA","@id":"https:\/\/news.canadamotorjobs.com\/#\/schema\/logo\/image\/","url":"https:\/\/news.canadamotorjobs.com\/wp-content\/uploads\/2022\/10\/logo-canada-motor-jobs-1.png","contentUrl":"https:\/\/news.canadamotorjobs.com\/wp-content\/uploads\/2022\/10\/logo-canada-motor-jobs-1.png","width":800,"height":400,"caption":"Canada Motor Jobs"},"image":{"@id":"https:\/\/news.canadamotorjobs.com\/#\/schema\/logo\/image\/"},"sameAs":["https:\/\/www.facebook.com\/canadamotorjobs\/","https:\/\/x.com\/canadamotorjobs","https:\/\/www.instagram.com\/canadamotorjobs\/","https:\/\/www.linkedin.com\/company\/canadamotorjobs"]},{"@type":"Person","@id":"https:\/\/news.canadamotorjobs.com\/#\/schema\/person\/51793d1f87d44011d7bcc2ed99269a90","name":"Benoit Charette","image":{"@type":"ImageObject","inLanguage":"fr-CA","@id":"https:\/\/news.canadamotorjobs.com\/#\/schema\/person\/image\/","url":"https:\/\/secure.gravatar.com\/avatar\/45f3d2eebcccd909668d7ce7ea7267b6?s=96&d=mm&r=g","contentUrl":"https:\/\/secure.gravatar.com\/avatar\/45f3d2eebcccd909668d7ce7ea7267b6?s=96&d=mm&r=g","caption":"Benoit Charette"},"description":"Benoit Charette \/ Propri\u00e9taire et r\u00e9dacteur en chef Benoit Charette pratique le journalisme automobile depuis bient\u00f4t 30 ans. Il a fait ses classes au c\u00f4t\u00e9 de Daniel H\u00e9raud et au Carnet de route de 1992 \u00e0 2001. Il est fondateur, copropri\u00e9taire et r\u00e9dacteur en chef de L\u2019Annuel de l\u2019automobile, qu\u2019il publie depuis 2001. Il a anim\u00e9 les \u00e9missions RPM et RPM+ sur V et les L\u00e9gendes de la route sur Historia. \u00c0 la radio depuis 1986, il reprend l\u2019antenne cette ann\u00e9e sur les ondes de Cogeco et participe pour la deuxi\u00e8me ann\u00e9e \u00e0 l\u2019\u00e9mission Passion Auto sur RDS en plus de mettre en ligne le site Web officiel de L\u2019Annuel de l\u2019automobile sur annuelauto.ca.","sameAs":["https:\/\/annuelauto.ca\/"],"url":"https:\/\/news.canadamotorjobs.com\/fr\/author\/benoit-charette\/"}]}},"_links":{"self":[{"href":"https:\/\/news.canadamotorjobs.com\/fr\/wp-json\/wp\/v2\/posts\/191186"}],"collection":[{"href":"https:\/\/news.canadamotorjobs.com\/fr\/wp-json\/wp\/v2\/posts"}],"about":[{"href":"https:\/\/news.canadamotorjobs.com\/fr\/wp-json\/wp\/v2\/types\/post"}],"author":[{"embeddable":true,"href":"https:\/\/news.canadamotorjobs.com\/fr\/wp-json\/wp\/v2\/users\/8"}],"replies":[{"embeddable":true,"href":"https:\/\/news.canadamotorjobs.com\/fr\/wp-json\/wp\/v2\/comments?post=191186"}],"version-history":[{"count":3,"href":"https:\/\/news.canadamotorjobs.com\/fr\/wp-json\/wp\/v2\/posts\/191186\/revisions"}],"predecessor-version":[{"id":191213,"href":"https:\/\/news.canadamotorjobs.com\/fr\/wp-json\/wp\/v2\/posts\/191186\/revisions\/191213"}],"wp:featuredmedia":[{"embeddable":true,"href":"https:\/\/news.canadamotorjobs.com\/fr\/wp-json\/wp\/v2\/media\/191188"}],"wp:attachment":[{"href":"https:\/\/news.canadamotorjobs.com\/fr\/wp-json\/wp\/v2\/media?parent=191186"}],"wp:term":[{"taxonomy":"category","embeddable":true,"href":"https:\/\/news.canadamotorjobs.com\/fr\/wp-json\/wp\/v2\/categories?post=191186"},{"taxonomy":"post_tag","embeddable":true,"href":"https:\/\/news.canadamotorjobs.com\/fr\/wp-json\/wp\/v2\/tags?post=191186"}],"curies":[{"name":"wp","href":"https:\/\/api.w.org\/{rel}","templated":true}]}}